{"id":67954,"date":"2020-09-07T00:00:00","date_gmt":"2020-09-06T22:00:00","guid":{"rendered":"https:\/\/www.gossip.it\/senza-categoria\/gemma-galgani-lifting-viso-prima-dopo\/"},"modified":"2020-09-07T00:00:00","modified_gmt":"2020-09-06T22:00:00","slug":"gemma-galgani-lifting-viso-prima-dopo","status":"publish","type":"post","link":"https:\/\/www.gossip.it\/news\/gemma-galgani-lifting-viso-prima-dopo\/","title":{"rendered":"Gemma Galgani torna in tv dopo il lifting: foto prima e dopo"},"content":{"rendered":"<p><strong><a href=\"\/vip\/gemma-galgani \/\">Gemma Galgani <\/a><\/strong>inizia la nuova stagione di <em><strong>Uomini e Donne<\/strong><\/em> con un nuovo volto. La dama, 70 anni, a luglio si \u00e8 regalata un lifting al viso. <em>''Volevo dedicare attenzioni a me stessa<\/em> -\u00a0 ha confessato Gemma -<em> perch\u00e9 la mia et\u00e0 anagrafica non corrisponde al mio temperamento. Quindi con questo intervento ho fatto in modo che le due cose si avvicinassero\u201d<\/em>.<\/p>\n<figure class=\"caption\"><img decoding=\"async\" alt=\"\" width=\"640\" height=\"364\" src=\"https:\/\/files.gossip.it\/immagini_news\/2020\/09\/1599485637_gemma_1.jpg\" \/><figcaption>Gemma Galgani\u00a0inizia la nuova stagione di\u00a0Uomini e Donne\u00a0con un nuovo volto<\/figcaption><\/figure>\n<p><strong><a href=\"\/vip\/maria-de filippi \/\">Maria De Filippi <\/a><\/strong>ha mostrato tutti gli step dell'intervento effettuato nella clinica <strong>Ars Medica<\/strong> dal <strong>Dott. Marco Gasparotti<\/strong>. Dai consulti alla decisione di fare il lifting. Gemma ha vissuto con ansia mista a gioia le settimane prima dell'intervento fino al <strong>risultato finale<\/strong>. Il pubblico e i telespetattori possono vedere il cambiamento solo quando Gemma entra nel nuovo studio di <em><strong>U&D<\/strong><\/em>. La Galgani affronta la nuova passerella voluta dalla De Filippi sulle note della sua canzone preferita<em><strong> ''Sei la mia donna'' <\/strong><\/em>cantata da <strong><a href=\"\/vip\/andrea-bocelli\/\">Andrea Bocelli<\/a><\/strong>. Il nuovo viso di Gemma conquista il pubblico, ma non <strong><a href=\"\/vip\/tina-cipollari\/\">Tina Cipollari<\/a> <\/strong>che commenta cos\u00ec:\u00a0<em>\u201cSi dovrebbe vergognare. Ora si \u00e8 fatta un lifting perch\u00e9 vuole stare con un ragazzo pi\u00f9 giovane. Lei che \u00e8 sempre stata contraria alla chirurgia estetica\u2026 lo ha fatto per il 25enne\u2026\u201d<\/em>. Tina si riferisce alla recente frequentazione di Gemma con\u00a0<strong><a href=\"\/vip\/-nicola vivarelli\/\">Nicola Vivarelli<\/a><\/strong>, una storia che non \u00e8 decollata.<em> \u201cE\u2019 vero che prima ero contraria alla chirurgia estetica, ma le cose cambiano<\/em> - ha ribadito la Galgani spiegando - <em>la mia paura pi\u00f9 grande era quella di cambiare la morfologia del mio viso, invece il professore \u00e8 stato bravissimo\u201d<\/em>.\u00a0<\/p>\n<div class=\"video_integrato\" data-videoid=\"7110\" data-autostart=\"true\">\u00a0<\/div>\n<figure class=\"caption\"><img decoding=\"async\" alt=\"\" width=\"640\" height=\"364\" src=\"https:\/\/files.gossip.it\/immagini_news\/2020\/09\/1599485657_gemma_2.jpg\" \/><figcaption>Maria De Filippi\u00a0ha mostrato tutti gli step dell'intervento effettuato nella clinica\u00a0<\/figcaption><\/figure>\n<figure class=\"caption\"><img decoding=\"async\" alt=\"\" width=\"640\" height=\"367\" src=\"https:\/\/files.gossip.it\/immagini_news\/2020\/09\/1599485679_gemma_3.jpg\" \/><figcaption>Dai consulti alla decisione di fare il lifting. Gemma ha vissuto tutto con ansia mista a gioia<\/figcaption><\/figure>\n<figure class=\"caption\"><img decoding=\"async\" alt=\"\" width=\"640\" height=\"367\" src=\"https:\/\/files.gossip.it\/immagini_news\/2020\/09\/1599485716_gemma_4.jpg\" \/><figcaption>Il pubblico e i telespetattori possono vedere il cambiamento quando Gemma entra nel nuovo studio\u00a0<\/figcaption><\/figure>\n<figure class=\"caption\"><img decoding=\"async\" alt=\"\" width=\"640\" height=\"363\" src=\"https:\/\/files.gossip.it\/immagini_news\/2020\/09\/1599485752_gemma_5.jpg\" \/><figcaption>Il nuovo viso di Gemma conquista il pubblico e Gianni Sperti, ma non\u00a0Tina Cipollari<\/figcaption><\/figure>\n<p><strong><a href=\"\/vip\/gianni-sperti \/\">Gianni Sperti <\/a><\/strong>invece spende belle parole:<em> \u201cTi faccio i miei complimenti, temevo di vederti completamente cambiata, invece \u00e8 sempre il tuo viso ma sembri pi\u00f9 giovane\u201d.<\/em><\/p>\n<p>\u00a0<\/p>\n","protected":false},"excerpt":{"rendered":"<p>Gemma Galgani inizia la nuova stagione di Uomini e Donne con un nuovo volto. La dama, 70 anni, a luglio si \u00e8 regalata un lifting al viso. ''Volevo dedicare attenzioni a me stessa -\u00a0 ha confessato Gemma - perch\u00e9 la mia et\u00e0 anagrafica non corrisponde al mio temperamento. Quindi con questo intervento ho fatto in [&hellip;]<\/p>\n","protected":false},"author":1,"featured_media":124000,"comment_status":"closed","ping_status":"closed","sticky":false,"template":"","format":"standard","meta":{"footnotes":""},"categories":[54],"tags":[61090,8350,7080,61092,10983,12156,61091,4977],"vip":[858,1764],"class_list":["post-67954","post","type-post","status-publish","format-standard","has-post-thumbnail","hentry","category-news","tag-ars-medica","tag-clinica","tag-collo","tag-gasparotti","tag-gemma-galgani","tag-lifting","tag-porfessore","tag-viso","vip-gianni_sperti","vip-tina_cipollari"],"yoast_head":"<title>Gemma Galgani torna in tv dopo il lifting: foto prima e dopo - Gossip.it | News sul Gossip e VIP<\/title>\n<meta name=\"description\" content=\"Gemma Galgani inizia la nuova stagione di Uomini e Donne con un nuovo volto. La dama, 70 anni, a luglio si \u00e8 regalata un lifting al viso. &#039;&#039;Volevo\" \/>\n<meta name=\"robots\" content=\"index, follow, max-snippet:-1, max-image-preview:large, max-video-preview:-1\" \/>\n<link rel=\"canonical\" href=\"https:\/\/www.gossip.it\/news\/gemma-galgani-lifting-viso-prima-dopo\/\" \/>\n<meta property=\"og:locale\" content=\"it_IT\" \/>\n<meta property=\"og:type\" content=\"article\" \/>\n<meta property=\"og:title\" content=\"Gemma Galgani torna in tv dopo il lifting: foto prima e dopo - Gossip.it | News sul Gossip e VIP\" \/>\n<meta property=\"og:description\" content=\"Gemma Galgani inizia la nuova stagione di Uomini e Donne con un nuovo volto. La dama, 70 anni, a luglio si \u00e8 regalata un lifting al viso. &#039;&#039;Volevo\" \/>\n<meta property=\"og:url\" content=\"https:\/\/www.gossip.it\/news\/gemma-galgani-lifting-viso-prima-dopo\/\" \/>\n<meta property=\"og:site_name\" content=\"Gossip.it | News sul Gossip e VIP\" \/>\n<meta property=\"article:publisher\" content=\"https:\/\/www.facebook.com\/GossipIT\" \/>\n<meta property=\"article:published_time\" content=\"2020-09-06T22:00:00+00:00\" \/>\n<meta property=\"og:image\" content=\"https:\/\/files.gossip.it\/immagini_news\/2020\/09\/1599485637_gemma_1.jpg\" \/>\n<meta name=\"author\" content=\"La Redazione\" \/>\n<meta name=\"twitter:card\" content=\"summary_large_image\" \/>\n<meta name=\"twitter:image\" content=\"https:\/\/files.gossip.it\/immagini_news\/2020\/09\/1599485637_gemma_1.jpg\" \/>\n<meta name=\"twitter:creator\" content=\"@gossinews_it\" \/>\n<meta name=\"twitter:site\" content=\"@gossinews_it\" \/>\n<meta name=\"twitter:label1\" content=\"Scritto da\" \/>\n\t<meta name=\"twitter:data1\" content=\"La Redazione\" \/>\n\t<meta name=\"twitter:label2\" content=\"Tempo di lettura stimato\" \/>\n\t<meta name=\"twitter:data2\" content=\"2 minuti\" \/>","yoast_head_json":{"title":"Gemma Galgani torna in tv dopo il lifting: foto prima e dopo - Gossip.it | News sul Gossip e VIP","description":"Gemma Galgani inizia la nuova stagione di Uomini e Donne con un nuovo volto. La dama, 70 anni, a luglio si \u00e8 regalata un lifting al viso. ''Volevo","robots":{"index":"index","follow":"follow","max-snippet":"max-snippet:-1","max-image-preview":"max-image-preview:large","max-video-preview":"max-video-preview:-1"},"canonical":"https:\/\/www.gossip.it\/news\/gemma-galgani-lifting-viso-prima-dopo\/","og_locale":"it_IT","og_type":"article","og_title":"Gemma Galgani torna in tv dopo il lifting: foto prima e dopo - Gossip.it | News sul Gossip e VIP","og_description":"Gemma Galgani inizia la nuova stagione di Uomini e Donne con un nuovo volto. La dama, 70 anni, a luglio si \u00e8 regalata un lifting al viso. ''Volevo","og_url":"https:\/\/www.gossip.it\/news\/gemma-galgani-lifting-viso-prima-dopo\/","og_site_name":"Gossip.it | News sul Gossip e VIP","article_publisher":"https:\/\/www.facebook.com\/GossipIT","article_published_time":"2020-09-06T22:00:00+00:00","og_image":[{"url":"https:\/\/files.gossip.it\/immagini_news\/2020\/09\/1599485637_gemma_1.jpg"}],"author":"La Redazione","twitter_card":"summary_large_image","twitter_image":"https:\/\/files.gossip.it\/immagini_news\/2020\/09\/1599485637_gemma_1.jpg","twitter_creator":"@gossinews_it","twitter_site":"@gossinews_it","twitter_misc":{"Scritto da":"La Redazione","Tempo di lettura stimato":"2 minuti"},"schema":{"@context":"https:\/\/schema.org","@graph":[{"@type":"Article","@id":"https:\/\/www.gossip.it\/news\/gemma-galgani-lifting-viso-prima-dopo\/#article","isPartOf":{"@id":"https:\/\/www.gossip.it\/news\/gemma-galgani-lifting-viso-prima-dopo\/"},"author":{"name":"La Redazione","@id":"https:\/\/www.gossip.it\/#\/schema\/person\/488896f75158bff1cc83c6c39d141110"},"headline":"Gemma Galgani torna in tv dopo il lifting: foto prima e dopo","datePublished":"2020-09-06T22:00:00+00:00","dateModified":"2020-09-06T22:00:00+00:00","mainEntityOfPage":{"@id":"https:\/\/www.gossip.it\/news\/gemma-galgani-lifting-viso-prima-dopo\/"},"wordCount":358,"publisher":{"@id":"https:\/\/www.gossip.it\/#organization"},"image":{"@id":"https:\/\/www.gossip.it\/news\/gemma-galgani-lifting-viso-prima-dopo\/#primaryimage"},"thumbnailUrl":"https:\/\/files.gossip.it\/immagini_news\/2020\/09\/1599485637_gemma_1.jpg","keywords":["ars medica","clinica","collo","gasparotti","gemma galgani","lifting","porfessore","viso"],"articleSection":["News"],"inLanguage":"it-IT"},{"@type":"WebPage","@id":"https:\/\/www.gossip.it\/news\/gemma-galgani-lifting-viso-prima-dopo\/","url":"https:\/\/www.gossip.it\/news\/gemma-galgani-lifting-viso-prima-dopo\/","name":"Gemma Galgani torna in tv dopo il lifting: foto prima e dopo - Gossip.it | News sul Gossip e VIP","isPartOf":{"@id":"https:\/\/www.gossip.it\/#website"},"primaryImageOfPage":{"@id":"https:\/\/www.gossip.it\/news\/gemma-galgani-lifting-viso-prima-dopo\/#primaryimage"},"image":{"@id":"https:\/\/www.gossip.it\/news\/gemma-galgani-lifting-viso-prima-dopo\/#primaryimage"},"thumbnailUrl":"https:\/\/files.gossip.it\/immagini_news\/2020\/09\/1599485637_gemma_1.jpg","datePublished":"2020-09-06T22:00:00+00:00","dateModified":"2020-09-06T22:00:00+00:00","description":"Gemma Galgani inizia la nuova stagione di Uomini e Donne con un nuovo volto. La dama, 70 anni, a luglio si \u00e8 regalata un lifting al viso. ''Volevo","breadcrumb":{"@id":"https:\/\/www.gossip.it\/news\/gemma-galgani-lifting-viso-prima-dopo\/#breadcrumb"},"inLanguage":"it-IT","potentialAction":[{"@type":"ReadAction","target":["https:\/\/www.gossip.it\/news\/gemma-galgani-lifting-viso-prima-dopo\/"]}]},{"@type":"ImageObject","inLanguage":"it-IT","@id":"https:\/\/www.gossip.it\/news\/gemma-galgani-lifting-viso-prima-dopo\/#primaryimage","url":"https:\/\/files.gossip.it\/immagini_news\/2020\/09\/1599485637_gemma_1.jpg","contentUrl":"https:\/\/files.gossip.it\/immagini_news\/2020\/09\/1599485637_gemma_1.jpg"},{"@type":"BreadcrumbList","@id":"https:\/\/www.gossip.it\/news\/gemma-galgani-lifting-viso-prima-dopo\/#breadcrumb","itemListElement":[{"@type":"ListItem","position":1,"name":"Home","item":"https:\/\/www.gossip.it\/"},{"@type":"ListItem","position":2,"name":"Gemma Galgani torna in tv dopo il lifting: foto prima e dopo"}]},{"@type":"WebSite","@id":"https:\/\/www.gossip.it\/#website","url":"https:\/\/www.gossip.it\/","name":"Gossip and VIP News","description":"Quotidiano di cronaca rosa, costume e societ\u00e0","publisher":{"@id":"https:\/\/www.gossip.it\/#organization"},"alternateName":"Gossip and VIP News","potentialAction":[{"@type":"SearchAction","target":{"@type":"EntryPoint","urlTemplate":"https:\/\/www.gossip.it\/?s={search_term_string}"},"query-input":{"@type":"PropertyValueSpecification","valueRequired":true,"valueName":"search_term_string"}}],"inLanguage":"it-IT"},{"@type":"Organization","@id":"https:\/\/www.gossip.it\/#organization","name":"Gossip and VIP News","alternateName":"Gossip News","url":"https:\/\/www.gossip.it\/","logo":{"@type":"ImageObject","inLanguage":"it-IT","@id":"https:\/\/www.gossip.it\/#\/schema\/logo\/image\/","url":"https:\/\/www.gossip.it\/wp-content\/uploads\/2022\/04\/cropped-corna-alta-tiny.png","contentUrl":"https:\/\/www.gossip.it\/wp-content\/uploads\/2022\/04\/cropped-corna-alta-tiny.png","width":512,"height":512,"caption":"Gossip and VIP News"},"image":{"@id":"https:\/\/www.gossip.it\/#\/schema\/logo\/image\/"},"sameAs":["https:\/\/www.facebook.com\/GossipIT","https:\/\/x.com\/gossinews_it","https:\/\/instagram.com\/gossip_it"]},{"@type":"Person","@id":"https:\/\/www.gossip.it\/#\/schema\/person\/488896f75158bff1cc83c6c39d141110","name":"La Redazione","image":{"@type":"ImageObject","inLanguage":"it-IT","@id":"https:\/\/www.gossip.it\/#\/schema\/person\/image\/","url":"https:\/\/secure.gravatar.com\/avatar\/5a5f5c6fa3e6700e4249abdad0263a1e94e927d9e0499b1cb09c1cd29c044d80?s=96&d=mm&r=g","contentUrl":"https:\/\/secure.gravatar.com\/avatar\/5a5f5c6fa3e6700e4249abdad0263a1e94e927d9e0499b1cb09c1cd29c044d80?s=96&d=mm&r=g","caption":"La Redazione"},"sameAs":["https:\/\/www.gossip.it"]}]}},"amp_enabled":true,"_links":{"self":[{"href":"https:\/\/www.gossip.it\/api\/wp\/v2\/posts\/67954","targetHints":{"allow":["GET"]}}],"collection":[{"href":"https:\/\/www.gossip.it\/api\/wp\/v2\/posts"}],"about":[{"href":"https:\/\/www.gossip.it\/api\/wp\/v2\/types\/post"}],"author":[{"embeddable":true,"href":"https:\/\/www.gossip.it\/api\/wp\/v2\/users\/1"}],"replies":[{"embeddable":true,"href":"https:\/\/www.gossip.it\/api\/wp\/v2\/comments?post=67954"}],"version-history":[{"count":0,"href":"https:\/\/www.gossip.it\/api\/wp\/v2\/posts\/67954\/revisions"}],"wp:featuredmedia":[{"embeddable":true,"href":"https:\/\/www.gossip.it\/api\/wp\/v2\/media\/124000"}],"wp:attachment":[{"href":"https:\/\/www.gossip.it\/api\/wp\/v2\/media?parent=67954"}],"wp:term":[{"taxonomy":"category","embeddable":true,"href":"https:\/\/www.gossip.it\/api\/wp\/v2\/categories?post=67954"},{"taxonomy":"post_tag","embeddable":true,"href":"https:\/\/www.gossip.it\/api\/wp\/v2\/tags?post=67954"},{"taxonomy":"vip","embeddable":true,"href":"https:\/\/www.gossip.it\/api\/wp\/v2\/vip?post=67954"}],"curies":[{"name":"wp","href":"https:\/\/api.w.org\/{rel}","templated":true}]}}