{"id":67987,"date":"2020-09-11T00:00:00","date_gmt":"2020-09-10T22:00:00","guid":{"rendered":"https:\/\/www.gossip.it\/senza-categoria\/anronella-elia-taglia-14-anni-zara\/"},"modified":"2020-09-11T00:00:00","modified_gmt":"2020-09-10T22:00:00","slug":"anronella-elia-taglia-14-anni-zara","status":"publish","type":"post","link":"https:\/\/www.gossip.it\/news\/anronella-elia-taglia-14-anni-zara\/","title":{"rendered":"Antonella Elia magrissima: 'Entro nella taglia 14 anni di Zara'. Ecco il suo segreto"},"content":{"rendered":"<p><a href=\"\/vip\/antonella-elia\/\">Antonella Elia<\/a> alla vigilia del suo debutto da opinionista al <em>Grande Fratello Vip<\/em>, in onda dal 14 settembre su Canale 5, entusiasta del momento d\u2019oro che vive, a <em>Gente<\/em> spiega come fa a restare a 56 anni in forma top. E\u2019 magrissima. Al settimanale svela:<em> \u201cEntro nella <strong>taglia<\/strong> <strong>14 anni <\/strong>di <strong>Zara<\/strong>\u201d.<\/em><\/p>\n<figure class=\"caption\"><img decoding=\"async\" alt=\"Antonella Elia magrissima: 'Entro nella taglia 14 anni di Zara'. Ecco il suo segreto\" width=\"640\" height=\"694\" src=\"https:\/\/files.gossip.it\/immagini_news\/2020\/09\/1599822833_elia_1.jpg\" \/><figcaption>Antonella Elia magrissima: 'Entro nella taglia 14 anni di Zara'. Ecco il suo segreto<\/figcaption><\/figure>\n<p>Ama mangiare bene e sano. <strong>Antonella Elia<\/strong> rivela: <em>\u201cSono una salutista convinta: non bevo, non fumo, non uso farmaci e sono perennemente a dieta anche se ho sempre una fame da lupi. Faccio molto sport, anche estremo, e seguo una dieta proteica e senza grassi. E non ho mai fatto ritocchi, giuro. Riesco a entrare anche nella <strong>taglia 14 anni <\/strong>di <strong>Zara<\/strong>. Ma vesto una 40-42\u201d.<\/em><\/p>\n<p>Fisico da ragazzina e la voglia di vivere finalmente senza alcun rimpianto. <strong>Antonella Elia<\/strong> su <a href=\"\/vip\/pietro-delle piane\/\">Pietro Delle Piane<\/a>, con cui dopo <em>Temptation Island <\/em>sembrava aver fatto pace, per poi tornare sui suoi passi subito dopo, chiarisce: \u201c<em>Non \u00e8 cambiato molto rispetto a quello che gi\u00e0 sapete. La pausa di riflessione continua. Ci siamo rivisti, s\u00ec. Ma io ho ancora bisogno di tempo per capire, scavare e riflettere. Devo imparare a non lasciarmi ferire dalle parole e dai gesti di chi mi circonda. Non posso snaturarmi e diventare insensibile ma almeno voglio imparare a difendermi e a guardare le cose nella giusta prospettiva\u201d.<\/em><\/p>\n<figure class=\"caption\"><img decoding=\"async\" alt=\"\" width=\"640\" height=\"800\" src=\"https:\/\/files.gossip.it\/immagini_news\/2020\/09\/1599822868_elia_2.jpg\" \/><figcaption>La bionda 56enne spiega come fa a restare sempre in formissima<\/figcaption><\/figure>\n<p>Guardando al passato, sottolinea: <em>\u201cPenso di avere avuto tutto quello che ho meritato e lo dico in senso buono. Un tempo mi dispiaceva non aver avuto figli e non aver costruito una famiglia. Oggi, dopo aver incontrato tante donne con una storia simile alla mia, posso dire che questa mancanza \u00e8 diventata un dono. Si pu\u00f2 essere felici e fiere lo stesso\u201d.<\/em><\/p>\n<p>Sulle nozze mai arrivate. precisa: <em>\u201cNon ho mai voluto rinunciare alla mia libert\u00e0 e gli uomini Cher ho incontrato in passato mi hanno annoiato quasi subito\u201d.<\/em> Ora \u00e8 piena di gioia, il suo motto attuale recita: <em>\u201cForza resisti. Tutto questo \u00e8 un miracolo\u201d.<\/em><\/p>\n<p>\u00a0<\/p>\n<p>\u00a0<\/p>\n","protected":false},"excerpt":{"rendered":"<p>Antonella Elia alla vigilia del suo debutto da opinionista al Grande Fratello Vip, in onda dal 14 settembre su Canale 5, entusiasta del momento d\u2019oro che vive, a Gente spiega come fa a restare a 56 anni in forma top. E\u2019 magrissima. Al settimanale svela: \u201cEntro nella taglia 14 anni di Zara\u201d. Antonella Elia magrissima: [&hellip;]<\/p>\n","protected":false},"author":1,"featured_media":124033,"comment_status":"closed","ping_status":"closed","sticky":false,"template":"","format":"standard","meta":{"footnotes":""},"categories":[54],"tags":[2102,3066,3333,2126,1875,2103,9976,6274,13232,3430,1967,61106],"vip":[347],"class_list":["post-67987","post","type-post","status-publish","format-standard","has-post-thumbnail","hentry","category-news","tag-dichiarazioni","tag-forma","tag-gente","tag-gf-vip","tag-grande-fratello-vip","tag-intervista","tag-magra","tag-opinionista","tag-pietro-delle-piane","tag-segreto","tag-showgirl","tag-taglia-14-anni-zara","vip-antonella_elia"],"yoast_head":"<title>Antonella Elia magrissima: &#039;Entro nella taglia 14 anni di Zara&#039;. Ecco il suo segreto - Gossip.it | News sul Gossip e VIP<\/title>\n<meta name=\"description\" content=\"Antonella Elia alla vigilia del suo debutto da opinionista al Grande Fratello Vip, in onda dal 14 settembre su Canale 5, entusiasta del momento d\u2019oro che\" \/>\n<meta name=\"robots\" content=\"index, follow, max-snippet:-1, max-image-preview:large, max-video-preview:-1\" \/>\n<link rel=\"canonical\" href=\"https:\/\/www.gossip.it\/news\/anronella-elia-taglia-14-anni-zara\/\" \/>\n<meta property=\"og:locale\" content=\"it_IT\" \/>\n<meta property=\"og:type\" content=\"article\" \/>\n<meta property=\"og:title\" content=\"Antonella Elia magrissima: &#039;Entro nella taglia 14 anni di Zara&#039;. Ecco il suo segreto - Gossip.it | News sul Gossip e VIP\" \/>\n<meta property=\"og:description\" content=\"Antonella Elia alla vigilia del suo debutto da opinionista al Grande Fratello Vip, in onda dal 14 settembre su Canale 5, entusiasta del momento d\u2019oro che\" \/>\n<meta property=\"og:url\" content=\"https:\/\/www.gossip.it\/news\/anronella-elia-taglia-14-anni-zara\/\" \/>\n<meta property=\"og:site_name\" content=\"Gossip.it | News sul Gossip e VIP\" \/>\n<meta property=\"article:publisher\" content=\"https:\/\/www.facebook.com\/GossipIT\" \/>\n<meta property=\"article:published_time\" content=\"2020-09-10T22:00:00+00:00\" \/>\n<meta property=\"og:image\" content=\"https:\/\/files.gossip.it\/immagini_news\/2020\/09\/1599822833_elia_1.jpg\" \/>\n<meta name=\"author\" content=\"La Redazione\" \/>\n<meta name=\"twitter:card\" content=\"summary_large_image\" \/>\n<meta name=\"twitter:image\" content=\"https:\/\/files.gossip.it\/immagini_news\/2020\/09\/1599822833_elia_1.jpg\" \/>\n<meta name=\"twitter:creator\" content=\"@gossinews_it\" \/>\n<meta name=\"twitter:site\" content=\"@gossinews_it\" \/>\n<meta name=\"twitter:label1\" content=\"Scritto da\" \/>\n\t<meta name=\"twitter:data1\" content=\"Annamaria Capozzi\" \/>\n\t<meta name=\"twitter:label2\" content=\"Tempo di lettura stimato\" \/>\n\t<meta name=\"twitter:data2\" content=\"2 minuti\" \/>","yoast_head_json":{"title":"Antonella Elia magrissima: 'Entro nella taglia 14 anni di Zara'. Ecco il suo segreto - Gossip.it | News sul Gossip e VIP","description":"Antonella Elia alla vigilia del suo debutto da opinionista al Grande Fratello Vip, in onda dal 14 settembre su Canale 5, entusiasta del momento d\u2019oro che","robots":{"index":"index","follow":"follow","max-snippet":"max-snippet:-1","max-image-preview":"max-image-preview:large","max-video-preview":"max-video-preview:-1"},"canonical":"https:\/\/www.gossip.it\/news\/anronella-elia-taglia-14-anni-zara\/","og_locale":"it_IT","og_type":"article","og_title":"Antonella Elia magrissima: 'Entro nella taglia 14 anni di Zara'. Ecco il suo segreto - Gossip.it | News sul Gossip e VIP","og_description":"Antonella Elia alla vigilia del suo debutto da opinionista al Grande Fratello Vip, in onda dal 14 settembre su Canale 5, entusiasta del momento d\u2019oro che","og_url":"https:\/\/www.gossip.it\/news\/anronella-elia-taglia-14-anni-zara\/","og_site_name":"Gossip.it | News sul Gossip e VIP","article_publisher":"https:\/\/www.facebook.com\/GossipIT","article_published_time":"2020-09-10T22:00:00+00:00","og_image":[{"url":"https:\/\/files.gossip.it\/immagini_news\/2020\/09\/1599822833_elia_1.jpg"}],"author":"La Redazione","twitter_card":"summary_large_image","twitter_image":"https:\/\/files.gossip.it\/immagini_news\/2020\/09\/1599822833_elia_1.jpg","twitter_creator":"@gossinews_it","twitter_site":"@gossinews_it","twitter_misc":{"Scritto da":"Annamaria Capozzi","Tempo di lettura stimato":"2 minuti"},"schema":{"@context":"https:\/\/schema.org","@graph":[{"@type":"Article","@id":"https:\/\/www.gossip.it\/news\/anronella-elia-taglia-14-anni-zara\/#article","isPartOf":{"@id":"https:\/\/www.gossip.it\/news\/anronella-elia-taglia-14-anni-zara\/"},"author":{"name":"La Redazione","@id":"https:\/\/www.gossip.it\/#\/schema\/person\/488896f75158bff1cc83c6c39d141110"},"headline":"Antonella Elia magrissima: 'Entro nella taglia 14 anni di Zara'. Ecco il suo segreto","datePublished":"2020-09-10T22:00:00+00:00","dateModified":"2020-09-10T22:00:00+00:00","mainEntityOfPage":{"@id":"https:\/\/www.gossip.it\/news\/anronella-elia-taglia-14-anni-zara\/"},"wordCount":354,"publisher":{"@id":"https:\/\/www.gossip.it\/#organization"},"image":{"@id":"https:\/\/www.gossip.it\/news\/anronella-elia-taglia-14-anni-zara\/#primaryimage"},"thumbnailUrl":"https:\/\/files.gossip.it\/immagini_news\/2020\/09\/1599822833_elia_1.jpg","keywords":["dichiarazioni","forma","gente","gf vip","grande fratello vip","intervista","magra","opinionista","pietro delle piane","segreto","showgirl","taglia 14 anni zara"],"articleSection":["News"],"inLanguage":"it-IT"},{"@type":"WebPage","@id":"https:\/\/www.gossip.it\/news\/anronella-elia-taglia-14-anni-zara\/","url":"https:\/\/www.gossip.it\/news\/anronella-elia-taglia-14-anni-zara\/","name":"Antonella Elia magrissima: 'Entro nella taglia 14 anni di Zara'. Ecco il suo segreto - Gossip.it | News sul Gossip e VIP","isPartOf":{"@id":"https:\/\/www.gossip.it\/#website"},"primaryImageOfPage":{"@id":"https:\/\/www.gossip.it\/news\/anronella-elia-taglia-14-anni-zara\/#primaryimage"},"image":{"@id":"https:\/\/www.gossip.it\/news\/anronella-elia-taglia-14-anni-zara\/#primaryimage"},"thumbnailUrl":"https:\/\/files.gossip.it\/immagini_news\/2020\/09\/1599822833_elia_1.jpg","datePublished":"2020-09-10T22:00:00+00:00","dateModified":"2020-09-10T22:00:00+00:00","description":"Antonella Elia alla vigilia del suo debutto da opinionista al Grande Fratello Vip, in onda dal 14 settembre su Canale 5, entusiasta del momento d\u2019oro che","breadcrumb":{"@id":"https:\/\/www.gossip.it\/news\/anronella-elia-taglia-14-anni-zara\/#breadcrumb"},"inLanguage":"it-IT","potentialAction":[{"@type":"ReadAction","target":["https:\/\/www.gossip.it\/news\/anronella-elia-taglia-14-anni-zara\/"]}]},{"@type":"ImageObject","inLanguage":"it-IT","@id":"https:\/\/www.gossip.it\/news\/anronella-elia-taglia-14-anni-zara\/#primaryimage","url":"https:\/\/files.gossip.it\/immagini_news\/2020\/09\/1599822833_elia_1.jpg","contentUrl":"https:\/\/files.gossip.it\/immagini_news\/2020\/09\/1599822833_elia_1.jpg"},{"@type":"BreadcrumbList","@id":"https:\/\/www.gossip.it\/news\/anronella-elia-taglia-14-anni-zara\/#breadcrumb","itemListElement":[{"@type":"ListItem","position":1,"name":"Home","item":"https:\/\/www.gossip.it\/"},{"@type":"ListItem","position":2,"name":"Antonella Elia magrissima: 'Entro nella taglia 14 anni di Zara'. Ecco il suo segreto"}]},{"@type":"WebSite","@id":"https:\/\/www.gossip.it\/#website","url":"https:\/\/www.gossip.it\/","name":"Gossip and VIP News","description":"Quotidiano di cronaca rosa, costume e societ\u00e0","publisher":{"@id":"https:\/\/www.gossip.it\/#organization"},"alternateName":"Gossip and VIP News","potentialAction":[{"@type":"SearchAction","target":{"@type":"EntryPoint","urlTemplate":"https:\/\/www.gossip.it\/?s={search_term_string}"},"query-input":{"@type":"PropertyValueSpecification","valueRequired":true,"valueName":"search_term_string"}}],"inLanguage":"it-IT"},{"@type":"Organization","@id":"https:\/\/www.gossip.it\/#organization","name":"Gossip and VIP News","alternateName":"Gossip News","url":"https:\/\/www.gossip.it\/","logo":{"@type":"ImageObject","inLanguage":"it-IT","@id":"https:\/\/www.gossip.it\/#\/schema\/logo\/image\/","url":"https:\/\/www.gossip.it\/wp-content\/uploads\/2022\/04\/cropped-corna-alta-tiny.png","contentUrl":"https:\/\/www.gossip.it\/wp-content\/uploads\/2022\/04\/cropped-corna-alta-tiny.png","width":512,"height":512,"caption":"Gossip and VIP News"},"image":{"@id":"https:\/\/www.gossip.it\/#\/schema\/logo\/image\/"},"sameAs":["https:\/\/www.facebook.com\/GossipIT","https:\/\/x.com\/gossinews_it","https:\/\/instagram.com\/gossip_it"]},{"@type":"Person","@id":"https:\/\/www.gossip.it\/#\/schema\/person\/488896f75158bff1cc83c6c39d141110","name":"La Redazione","image":{"@type":"ImageObject","inLanguage":"it-IT","@id":"https:\/\/www.gossip.it\/#\/schema\/person\/image\/","url":"https:\/\/secure.gravatar.com\/avatar\/5a5f5c6fa3e6700e4249abdad0263a1e94e927d9e0499b1cb09c1cd29c044d80?s=96&d=mm&r=g","contentUrl":"https:\/\/secure.gravatar.com\/avatar\/5a5f5c6fa3e6700e4249abdad0263a1e94e927d9e0499b1cb09c1cd29c044d80?s=96&d=mm&r=g","caption":"La Redazione"},"sameAs":["https:\/\/www.gossip.it"]}]}},"amp_enabled":true,"_links":{"self":[{"href":"https:\/\/www.gossip.it\/api\/wp\/v2\/posts\/67987","targetHints":{"allow":["GET"]}}],"collection":[{"href":"https:\/\/www.gossip.it\/api\/wp\/v2\/posts"}],"about":[{"href":"https:\/\/www.gossip.it\/api\/wp\/v2\/types\/post"}],"author":[{"embeddable":true,"href":"https:\/\/www.gossip.it\/api\/wp\/v2\/users\/1"}],"replies":[{"embeddable":true,"href":"https:\/\/www.gossip.it\/api\/wp\/v2\/comments?post=67987"}],"version-history":[{"count":0,"href":"https:\/\/www.gossip.it\/api\/wp\/v2\/posts\/67987\/revisions"}],"wp:featuredmedia":[{"embeddable":true,"href":"https:\/\/www.gossip.it\/api\/wp\/v2\/media\/124033"}],"wp:attachment":[{"href":"https:\/\/www.gossip.it\/api\/wp\/v2\/media?parent=67987"}],"wp:term":[{"taxonomy":"category","embeddable":true,"href":"https:\/\/www.gossip.it\/api\/wp\/v2\/categories?post=67987"},{"taxonomy":"post_tag","embeddable":true,"href":"https:\/\/www.gossip.it\/api\/wp\/v2\/tags?post=67987"},{"taxonomy":"vip","embeddable":true,"href":"https:\/\/www.gossip.it\/api\/wp\/v2\/vip?post=67987"}],"curies":[{"name":"wp","href":"https:\/\/api.w.org\/{rel}","templated":true}]}}