{"id":68020,"date":"2020-09-16T00:00:00","date_gmt":"2020-09-15T22:00:00","guid":{"rendered":"https:\/\/www.gossip.it\/senza-categoria\/eleonora-daniele-foto-appena-sveglia-figlia-braccio\/"},"modified":"2020-09-16T00:00:00","modified_gmt":"2020-09-15T22:00:00","slug":"eleonora-daniele-foto-appena-sveglia-figlia-braccio","status":"publish","type":"post","link":"https:\/\/www.gossip.it\/news\/eleonora-daniele-foto-appena-sveglia-figlia-braccio\/","title":{"rendered":"Eleonora Daniele, foto appena sveglia con la figlia in braccio"},"content":{"rendered":"<p><a href=\"\/vip\/eleonora-daniele\/\">Eleonora Daniele<\/a> ha condiviso una <strong>foto<\/strong> insieme alla <strong>figlia neonata<\/strong> sul social. La conduttrice \u00e8 diventata <strong>mamma<\/strong> lo scorso 25 maggio e non potrebbe davvero volere niente di pi\u00f9 dalla vita. Erano anni che pensava alla possibilit\u00e0 di mettere al mondo un figlio e dopo le nozze con Giulio Tassoni, celebrate nel settembre dello scorso anno, in primavera ha realizzato il suo <strong>desiderio<\/strong>. Ora la sua vita gira attorno alla piccola <strong>Carlotta<\/strong> (senza rinunciare ovviamente al lavoro). Su Instagram ha postato uno scatto realizzato di prima mattina, in cui appare in camera da letto con la bimba in braccio e gli occhi sognanti. <em>\u201cSvegliarsi cos\u00ec la mattina diventa un <strong>paradiso<\/strong>. Carlotta, amore mio\u201d<\/em>, ha scritto.<\/p>\n<figure class=\"caption\"><img decoding=\"async\" alt=\"Eleonora Daniele, 44 anni, appena sveglia con la figlia Carlotta, 3 mesi, in braccio\" width=\"640\" height=\"724\" src=\"https:\/\/files.gossip.it\/immagini_news\/2020\/09\/1600264757_eleonora_daniele.jpg\" \/><figcaption>Eleonora Daniele, 44 anni, appena sveglia con la figlia Carlotta, 3 mesi, in braccio<\/figcaption><\/figure>\n<p>La 44enne, volto di <em>\u2018Storie Italiane\u2019<\/em> (in onda tutte le mattine su Raiuno), recentemente ha spiegato come si \u00e8 organizzata per la <strong>ripresa televisiva<\/strong>. Da pochi giorni ha infatti ricominciato ad andare in onda <strong>in diretta<\/strong> quotidianamente, per la prima volta dopo l\u2019arrivo della cicogna.<em> \u201cMi sarebbe piaciuto avere accanto la mia <strong>mamma<\/strong>, ma lei vive a Padova. Allatto Carlotta ogni tre ore, per fortuna gli <strong>studi<\/strong> Rai sono a <strong>pochi minuti<\/strong> da casa mia: per cui, appena finito il programma, torner\u00f2 a casa per dare la <strong>poppata<\/strong> alla mia bambina\u201d<\/em>, ha fatto sapere.<\/p>\n<p><em>\u201cNon mi sentirei tranquilla a lasciarla in<strong> camerino<\/strong> visto il periodo che stiamo vivendo. E poi ci sono regole ferree di sicurezza per entrare in <strong>Rai<\/strong>, sarebbe un problema portare una bambina cos\u00ec piccola: Carlotta star\u00e0 benissimo a casa nostra\u201d<\/em>, ha concluso in un\u2019intervista rilasciata a \u2018Di Pi\u00f9\u2019.<\/p>\n<p>\u00a0<\/p>\n","protected":false},"excerpt":{"rendered":"<p>Eleonora Daniele ha condiviso una foto insieme alla figlia neonata sul social. La conduttrice \u00e8 diventata mamma lo scorso 25 maggio e non potrebbe davvero volere niente di pi\u00f9 dalla vita. Erano anni che pensava alla possibilit\u00e0 di mettere al mondo un figlio e dopo le nozze con Giulio Tassoni, celebrate nel settembre dello scorso [&hellip;]<\/p>\n","protected":false},"author":1,"featured_media":124066,"comment_status":"closed","ping_status":"closed","sticky":false,"template":"","format":"standard","meta":{"footnotes":""},"categories":[54],"tags":[],"vip":[634],"class_list":["post-68020","post","type-post","status-publish","format-standard","has-post-thumbnail","hentry","category-news","vip-eleonora_daniele"],"yoast_head":"<title>Eleonora Daniele, foto appena sveglia con la figlia in braccio - Gossip.it | News sul Gossip e VIP<\/title>\n<meta name=\"description\" content=\"Eleonora Daniele ha condiviso una foto insieme alla figlia neonata sul social. La conduttrice \u00e8 diventata mamma lo scorso 25 maggio e non potrebbe davvero\" \/>\n<meta name=\"robots\" content=\"index, follow, max-snippet:-1, max-image-preview:large, max-video-preview:-1\" \/>\n<link rel=\"canonical\" href=\"https:\/\/www.gossip.it\/news\/eleonora-daniele-foto-appena-sveglia-figlia-braccio\/\" \/>\n<meta property=\"og:locale\" content=\"it_IT\" \/>\n<meta property=\"og:type\" content=\"article\" \/>\n<meta property=\"og:title\" content=\"Eleonora Daniele, foto appena sveglia con la figlia in braccio - Gossip.it | News sul Gossip e VIP\" \/>\n<meta property=\"og:description\" content=\"Eleonora Daniele ha condiviso una foto insieme alla figlia neonata sul social. La conduttrice \u00e8 diventata mamma lo scorso 25 maggio e non potrebbe davvero\" \/>\n<meta property=\"og:url\" content=\"https:\/\/www.gossip.it\/news\/eleonora-daniele-foto-appena-sveglia-figlia-braccio\/\" \/>\n<meta property=\"og:site_name\" content=\"Gossip.it | News sul Gossip e VIP\" \/>\n<meta property=\"article:publisher\" content=\"https:\/\/www.facebook.com\/GossipIT\" \/>\n<meta property=\"article:published_time\" content=\"2020-09-15T22:00:00+00:00\" \/>\n<meta property=\"og:image\" content=\"https:\/\/files.gossip.it\/immagini_news\/2020\/09\/1600264757_eleonora_daniele.jpg\" \/>\n<meta name=\"author\" content=\"La Redazione\" \/>\n<meta name=\"twitter:card\" content=\"summary_large_image\" \/>\n<meta name=\"twitter:image\" content=\"https:\/\/files.gossip.it\/immagini_news\/2020\/09\/1600264757_eleonora_daniele.jpg\" \/>\n<meta name=\"twitter:creator\" content=\"@gossinews_it\" \/>\n<meta name=\"twitter:site\" content=\"@gossinews_it\" \/>\n<meta name=\"twitter:label1\" content=\"Scritto da\" \/>\n\t<meta name=\"twitter:data1\" content=\"la Redazione\" \/>\n\t<meta name=\"twitter:label2\" content=\"Tempo di lettura stimato\" \/>\n\t<meta name=\"twitter:data2\" content=\"1 minuto\" \/>","yoast_head_json":{"title":"Eleonora Daniele, foto appena sveglia con la figlia in braccio - Gossip.it | News sul Gossip e VIP","description":"Eleonora Daniele ha condiviso una foto insieme alla figlia neonata sul social. La conduttrice \u00e8 diventata mamma lo scorso 25 maggio e non potrebbe davvero","robots":{"index":"index","follow":"follow","max-snippet":"max-snippet:-1","max-image-preview":"max-image-preview:large","max-video-preview":"max-video-preview:-1"},"canonical":"https:\/\/www.gossip.it\/news\/eleonora-daniele-foto-appena-sveglia-figlia-braccio\/","og_locale":"it_IT","og_type":"article","og_title":"Eleonora Daniele, foto appena sveglia con la figlia in braccio - Gossip.it | News sul Gossip e VIP","og_description":"Eleonora Daniele ha condiviso una foto insieme alla figlia neonata sul social. La conduttrice \u00e8 diventata mamma lo scorso 25 maggio e non potrebbe davvero","og_url":"https:\/\/www.gossip.it\/news\/eleonora-daniele-foto-appena-sveglia-figlia-braccio\/","og_site_name":"Gossip.it | News sul Gossip e VIP","article_publisher":"https:\/\/www.facebook.com\/GossipIT","article_published_time":"2020-09-15T22:00:00+00:00","og_image":[{"url":"https:\/\/files.gossip.it\/immagini_news\/2020\/09\/1600264757_eleonora_daniele.jpg"}],"author":"La Redazione","twitter_card":"summary_large_image","twitter_image":"https:\/\/files.gossip.it\/immagini_news\/2020\/09\/1600264757_eleonora_daniele.jpg","twitter_creator":"@gossinews_it","twitter_site":"@gossinews_it","twitter_misc":{"Scritto da":"la Redazione","Tempo di lettura stimato":"1 minuto"},"schema":{"@context":"https:\/\/schema.org","@graph":[{"@type":"Article","@id":"https:\/\/www.gossip.it\/news\/eleonora-daniele-foto-appena-sveglia-figlia-braccio\/#article","isPartOf":{"@id":"https:\/\/www.gossip.it\/news\/eleonora-daniele-foto-appena-sveglia-figlia-braccio\/"},"author":{"name":"La Redazione","@id":"https:\/\/www.gossip.it\/#\/schema\/person\/488896f75158bff1cc83c6c39d141110"},"headline":"Eleonora Daniele, foto appena sveglia con la figlia in braccio","datePublished":"2020-09-15T22:00:00+00:00","dateModified":"2020-09-15T22:00:00+00:00","mainEntityOfPage":{"@id":"https:\/\/www.gossip.it\/news\/eleonora-daniele-foto-appena-sveglia-figlia-braccio\/"},"wordCount":278,"publisher":{"@id":"https:\/\/www.gossip.it\/#organization"},"image":{"@id":"https:\/\/www.gossip.it\/news\/eleonora-daniele-foto-appena-sveglia-figlia-braccio\/#primaryimage"},"thumbnailUrl":"https:\/\/files.gossip.it\/immagini_news\/2020\/09\/1600264757_eleonora_daniele.jpg","articleSection":["News"],"inLanguage":"it-IT"},{"@type":"WebPage","@id":"https:\/\/www.gossip.it\/news\/eleonora-daniele-foto-appena-sveglia-figlia-braccio\/","url":"https:\/\/www.gossip.it\/news\/eleonora-daniele-foto-appena-sveglia-figlia-braccio\/","name":"Eleonora Daniele, foto appena sveglia con la figlia in braccio - Gossip.it | News sul Gossip e VIP","isPartOf":{"@id":"https:\/\/www.gossip.it\/#website"},"primaryImageOfPage":{"@id":"https:\/\/www.gossip.it\/news\/eleonora-daniele-foto-appena-sveglia-figlia-braccio\/#primaryimage"},"image":{"@id":"https:\/\/www.gossip.it\/news\/eleonora-daniele-foto-appena-sveglia-figlia-braccio\/#primaryimage"},"thumbnailUrl":"https:\/\/files.gossip.it\/immagini_news\/2020\/09\/1600264757_eleonora_daniele.jpg","datePublished":"2020-09-15T22:00:00+00:00","dateModified":"2020-09-15T22:00:00+00:00","description":"Eleonora Daniele ha condiviso una foto insieme alla figlia neonata sul social. La conduttrice \u00e8 diventata mamma lo scorso 25 maggio e non potrebbe davvero","breadcrumb":{"@id":"https:\/\/www.gossip.it\/news\/eleonora-daniele-foto-appena-sveglia-figlia-braccio\/#breadcrumb"},"inLanguage":"it-IT","potentialAction":[{"@type":"ReadAction","target":["https:\/\/www.gossip.it\/news\/eleonora-daniele-foto-appena-sveglia-figlia-braccio\/"]}]},{"@type":"ImageObject","inLanguage":"it-IT","@id":"https:\/\/www.gossip.it\/news\/eleonora-daniele-foto-appena-sveglia-figlia-braccio\/#primaryimage","url":"https:\/\/files.gossip.it\/immagini_news\/2020\/09\/1600264757_eleonora_daniele.jpg","contentUrl":"https:\/\/files.gossip.it\/immagini_news\/2020\/09\/1600264757_eleonora_daniele.jpg"},{"@type":"BreadcrumbList","@id":"https:\/\/www.gossip.it\/news\/eleonora-daniele-foto-appena-sveglia-figlia-braccio\/#breadcrumb","itemListElement":[{"@type":"ListItem","position":1,"name":"Home","item":"https:\/\/www.gossip.it\/"},{"@type":"ListItem","position":2,"name":"Eleonora Daniele, foto appena sveglia con la figlia in braccio"}]},{"@type":"WebSite","@id":"https:\/\/www.gossip.it\/#website","url":"https:\/\/www.gossip.it\/","name":"Gossip and VIP News","description":"Quotidiano di cronaca rosa, costume e societ\u00e0","publisher":{"@id":"https:\/\/www.gossip.it\/#organization"},"alternateName":"Gossip and VIP News","potentialAction":[{"@type":"SearchAction","target":{"@type":"EntryPoint","urlTemplate":"https:\/\/www.gossip.it\/?s={search_term_string}"},"query-input":{"@type":"PropertyValueSpecification","valueRequired":true,"valueName":"search_term_string"}}],"inLanguage":"it-IT"},{"@type":"Organization","@id":"https:\/\/www.gossip.it\/#organization","name":"Gossip and VIP News","alternateName":"Gossip News","url":"https:\/\/www.gossip.it\/","logo":{"@type":"ImageObject","inLanguage":"it-IT","@id":"https:\/\/www.gossip.it\/#\/schema\/logo\/image\/","url":"https:\/\/www.gossip.it\/wp-content\/uploads\/2022\/04\/cropped-corna-alta-tiny.png","contentUrl":"https:\/\/www.gossip.it\/wp-content\/uploads\/2022\/04\/cropped-corna-alta-tiny.png","width":512,"height":512,"caption":"Gossip and VIP News"},"image":{"@id":"https:\/\/www.gossip.it\/#\/schema\/logo\/image\/"},"sameAs":["https:\/\/www.facebook.com\/GossipIT","https:\/\/x.com\/gossinews_it","https:\/\/instagram.com\/gossip_it"]},{"@type":"Person","@id":"https:\/\/www.gossip.it\/#\/schema\/person\/488896f75158bff1cc83c6c39d141110","name":"La Redazione","image":{"@type":"ImageObject","inLanguage":"it-IT","@id":"https:\/\/www.gossip.it\/#\/schema\/person\/image\/","url":"https:\/\/secure.gravatar.com\/avatar\/5a5f5c6fa3e6700e4249abdad0263a1e94e927d9e0499b1cb09c1cd29c044d80?s=96&d=mm&r=g","contentUrl":"https:\/\/secure.gravatar.com\/avatar\/5a5f5c6fa3e6700e4249abdad0263a1e94e927d9e0499b1cb09c1cd29c044d80?s=96&d=mm&r=g","caption":"La Redazione"},"sameAs":["https:\/\/www.gossip.it"]}]}},"amp_enabled":true,"_links":{"self":[{"href":"https:\/\/www.gossip.it\/api\/wp\/v2\/posts\/68020","targetHints":{"allow":["GET"]}}],"collection":[{"href":"https:\/\/www.gossip.it\/api\/wp\/v2\/posts"}],"about":[{"href":"https:\/\/www.gossip.it\/api\/wp\/v2\/types\/post"}],"author":[{"embeddable":true,"href":"https:\/\/www.gossip.it\/api\/wp\/v2\/users\/1"}],"replies":[{"embeddable":true,"href":"https:\/\/www.gossip.it\/api\/wp\/v2\/comments?post=68020"}],"version-history":[{"count":0,"href":"https:\/\/www.gossip.it\/api\/wp\/v2\/posts\/68020\/revisions"}],"wp:featuredmedia":[{"embeddable":true,"href":"https:\/\/www.gossip.it\/api\/wp\/v2\/media\/124066"}],"wp:attachment":[{"href":"https:\/\/www.gossip.it\/api\/wp\/v2\/media?parent=68020"}],"wp:term":[{"taxonomy":"category","embeddable":true,"href":"https:\/\/www.gossip.it\/api\/wp\/v2\/categories?post=68020"},{"taxonomy":"post_tag","embeddable":true,"href":"https:\/\/www.gossip.it\/api\/wp\/v2\/tags?post=68020"},{"taxonomy":"vip","embeddable":true,"href":"https:\/\/www.gossip.it\/api\/wp\/v2\/vip?post=68020"}],"curies":[{"name":"wp","href":"https:\/\/api.w.org\/{rel}","templated":true}]}}