{"id":68168,"date":"2020-10-06T00:00:00","date_gmt":"2020-10-05T22:00:00","guid":{"rendered":"https:\/\/www.gossip.it\/senza-categoria\/patrizia-de-blanck-rivela-punto-debole-piange-figlia\/"},"modified":"2020-10-06T00:00:00","modified_gmt":"2020-10-05T22:00:00","slug":"patrizia-de-blanck-rivela-punto-debole-piange-figlia","status":"publish","type":"post","link":"https:\/\/www.gossip.it\/news\/patrizia-de-blanck-rivela-punto-debole-piange-figlia\/","title":{"rendered":"Patrizia De Blanck rivela il suo punto debole e piange: 'Mia figlia non potr\u00e0\u2026\u2019"},"content":{"rendered":"<p>Stavolta neanche la Contessa <strong>De Blanck<\/strong> \u00e8 riuscita a trattenere le lacrime. La 79enne ha pianto durante una chiacchierata con <a href=\"\/vip\/dayane-mello\/\">Dayane Mello<\/a> e <a href=\"\/vip\/guenda-goria\/\">Guenda Goria<\/a>, raccontando loro qual \u00e8 il suo <strong>punto debole<\/strong>. Si tratta di un aspetto del suo rapporto con la figlia <strong>Giada<\/strong>, che ha 39 anni (quaranta meno di lei).<em> \u201cIo un punto debole ce l\u2019ho ed \u00e8 mia figlia\u201d<\/em>, ha spiegato.<em> \u201cMia figlia \u00e8 il punto debole perch\u00e9 io l\u2019ho fatta molto <strong>tardi <\/strong>e penso che non mi potr\u00e0 avere ancora per <strong>molto<\/strong>\u2026\u201d<\/em>, ha poi aggiunto. A questo punto il suo viso si <strong>contrae<\/strong>, la voce si <strong>spezza<\/strong> e qualche <strong>lacrima<\/strong> le solca le guance.<\/p>\n<figure class=\"caption\"><img decoding=\"async\" alt=\"Patrizia De Blanck, 79 anni, si commuove rivelando qual \u00e8 il suo punto debole: la paura di lasciare presto sua figlia Giada e procurarle un grande dolore\" width=\"640\" height=\"455\" src=\"https:\/\/files.gossip.it\/immagini_news\/2020\/10\/1601982855_patrizia_de_blanck.jpg\" \/><figcaption>Patrizia De Blanck, 79 anni, si commuove rivelando qual \u00e8 il suo punto debole: la paura di lasciare presto sua figlia Giada e procurarle un grande dolore<\/figcaption><\/figure>\n<p><em>\u201cQuando penso cos\u00ec mi viene da <strong>pianger<\/strong>e. Perch\u00e9 non mi potr\u00e0 avere tanto. Io mica sono eterna, non ho il delirio di onnipotenza e penso che sono eterna. Perci\u00f2 il mio <strong>dolore<\/strong> sar\u00e0 il dolore che prover\u00e0 lei quando io <strong>non ci sar\u00f2 pi\u00f9<\/strong>\u201d<\/em>, ha continuato la nobildonna romana. Per lei questo \u00e8 un cruccio davvero grande: <em>\u201cQuando fai i figli che sei pi\u00f9 giovane te li porti avanti fino ad una certa et\u00e0, quando li fai in et\u00e0 matura, ci stai meno. Giada l\u2019ho avuta a <strong>quarant\u2019anni<\/strong>. Ai miei tempi era <strong>tardi<\/strong> anche trent\u2019anni\u201d<\/em>.<\/p>\n<div class=\"video_integrato\" data-videoid=\"7196\" data-autostart=\"true\">\u00a0<\/div>\n<figure class=\"caption\"><img decoding=\"async\" alt=\"Giada De Blanck, 39 anni, \u00e8 nata quando la contessa aveva 40 anni ed \u00e8 frutto del matrimonio con il console Giuseppe Drommi\" width=\"640\" height=\"511\" src=\"https:\/\/files.gossip.it\/immagini_news\/2020\/10\/1601982988_giada_de_blanck.jpg\" \/><figcaption>Giada De Blanck, 39 anni, \u00e8 nata quando la contessa aveva 40 anni ed \u00e8 frutto del matrimonio con il console Giuseppe Drommi<\/figcaption><\/figure>\n<p>La De Blanck ha poi rivelato anche di aver deciso di abortire quando aveva trent\u2019anni. <em>\u201cQuando avevo trent\u2019anni ero rimasta incinta ma non l\u2019ho <strong>voluto<\/strong>\u201d<\/em>, ha fatto sapere. Infine ha svelato un altro particolare inedito sulla nascita di Giada. In realt\u00e0 lei di figli non voleva averne, ma poi successe un fatto.<em> \u201cSai perch\u00e9 l\u2019ho fatto? Per fare un <strong>regalo<\/strong> a mio marito perch\u00e9 gli <strong>stava morendo<\/strong> la figlia, che aveva un tumore al cervello. Per\u00f2 questa cosa non \u00e8 stata accolta con <strong>gioia<\/strong>, visto che la figlia stava morendo\u2026 Allora mi sono inca**ata e ho detto: \u2018Bene, allora lo faccio per <strong>me<\/strong>\u2019\u201d<\/em>, ha concluso.<\/p>\n<p>\u00a0<\/p>\n","protected":false},"excerpt":{"rendered":"<p>Stavolta neanche la Contessa De Blanck \u00e8 riuscita a trattenere le lacrime. La 79enne ha pianto durante una chiacchierata con Dayane Mello e Guenda Goria, raccontando loro qual \u00e8 il suo punto debole. Si tratta di un aspetto del suo rapporto con la figlia Giada, che ha 39 anni (quaranta meno di lei). \u201cIo un [&hellip;]<\/p>\n","protected":false},"author":1,"featured_media":124214,"comment_status":"closed","ping_status":"closed","sticky":false,"template":"","format":"standard","meta":{"footnotes":""},"categories":[54],"tags":[],"vip":[833,1489],"class_list":["post-68168","post","type-post","status-publish","format-standard","has-post-thumbnail","hentry","category-news","vip-giada_de_blanck","vip-patrizia_de_blanck"],"yoast_head":"<title>Patrizia De Blanck rivela il suo punto debole e piange: &#039;Mia figlia non potr\u00e0\u2026\u2019 - Gossip.it | News sul Gossip e VIP<\/title>\n<meta name=\"description\" content=\"Stavolta neanche la Contessa De Blanck \u00e8 riuscita a trattenere le lacrime. La 79enne ha pianto durante una chiacchierata con Dayane Mello e Guenda Goria,\" \/>\n<meta name=\"robots\" content=\"index, follow, max-snippet:-1, max-image-preview:large, max-video-preview:-1\" \/>\n<link rel=\"canonical\" href=\"https:\/\/www.gossip.it\/news\/patrizia-de-blanck-rivela-punto-debole-piange-figlia\/\" \/>\n<meta property=\"og:locale\" content=\"it_IT\" \/>\n<meta property=\"og:type\" content=\"article\" \/>\n<meta property=\"og:title\" content=\"Patrizia De Blanck rivela il suo punto debole e piange: &#039;Mia figlia non potr\u00e0\u2026\u2019 - Gossip.it | News sul Gossip e VIP\" \/>\n<meta property=\"og:description\" content=\"Stavolta neanche la Contessa De Blanck \u00e8 riuscita a trattenere le lacrime. La 79enne ha pianto durante una chiacchierata con Dayane Mello e Guenda Goria,\" \/>\n<meta property=\"og:url\" content=\"https:\/\/www.gossip.it\/news\/patrizia-de-blanck-rivela-punto-debole-piange-figlia\/\" \/>\n<meta property=\"og:site_name\" content=\"Gossip.it | News sul Gossip e VIP\" \/>\n<meta property=\"article:publisher\" content=\"https:\/\/www.facebook.com\/GossipIT\" \/>\n<meta property=\"article:published_time\" content=\"2020-10-05T22:00:00+00:00\" \/>\n<meta property=\"og:image\" content=\"https:\/\/files.gossip.it\/immagini_news\/2020\/10\/1601982855_patrizia_de_blanck.jpg\" \/>\n<meta name=\"author\" content=\"La Redazione\" \/>\n<meta name=\"twitter:card\" content=\"summary_large_image\" \/>\n<meta name=\"twitter:image\" content=\"https:\/\/files.gossip.it\/immagini_news\/2020\/10\/1601982855_patrizia_de_blanck.jpg\" \/>\n<meta name=\"twitter:creator\" content=\"@gossinews_it\" \/>\n<meta name=\"twitter:site\" content=\"@gossinews_it\" \/>\n<meta name=\"twitter:label1\" content=\"Scritto da\" \/>\n\t<meta name=\"twitter:data1\" content=\"la Redazione\" \/>\n\t<meta name=\"twitter:label2\" content=\"Tempo di lettura stimato\" \/>\n\t<meta name=\"twitter:data2\" content=\"2 minuti\" \/>","yoast_head_json":{"title":"Patrizia De Blanck rivela il suo punto debole e piange: 'Mia figlia non potr\u00e0\u2026\u2019 - Gossip.it | News sul Gossip e VIP","description":"Stavolta neanche la Contessa De Blanck \u00e8 riuscita a trattenere le lacrime. La 79enne ha pianto durante una chiacchierata con Dayane Mello e Guenda Goria,","robots":{"index":"index","follow":"follow","max-snippet":"max-snippet:-1","max-image-preview":"max-image-preview:large","max-video-preview":"max-video-preview:-1"},"canonical":"https:\/\/www.gossip.it\/news\/patrizia-de-blanck-rivela-punto-debole-piange-figlia\/","og_locale":"it_IT","og_type":"article","og_title":"Patrizia De Blanck rivela il suo punto debole e piange: 'Mia figlia non potr\u00e0\u2026\u2019 - Gossip.it | News sul Gossip e VIP","og_description":"Stavolta neanche la Contessa De Blanck \u00e8 riuscita a trattenere le lacrime. La 79enne ha pianto durante una chiacchierata con Dayane Mello e Guenda Goria,","og_url":"https:\/\/www.gossip.it\/news\/patrizia-de-blanck-rivela-punto-debole-piange-figlia\/","og_site_name":"Gossip.it | News sul Gossip e VIP","article_publisher":"https:\/\/www.facebook.com\/GossipIT","article_published_time":"2020-10-05T22:00:00+00:00","og_image":[{"url":"https:\/\/files.gossip.it\/immagini_news\/2020\/10\/1601982855_patrizia_de_blanck.jpg"}],"author":"La Redazione","twitter_card":"summary_large_image","twitter_image":"https:\/\/files.gossip.it\/immagini_news\/2020\/10\/1601982855_patrizia_de_blanck.jpg","twitter_creator":"@gossinews_it","twitter_site":"@gossinews_it","twitter_misc":{"Scritto da":"la Redazione","Tempo di lettura stimato":"2 minuti"},"schema":{"@context":"https:\/\/schema.org","@graph":[{"@type":"Article","@id":"https:\/\/www.gossip.it\/news\/patrizia-de-blanck-rivela-punto-debole-piange-figlia\/#article","isPartOf":{"@id":"https:\/\/www.gossip.it\/news\/patrizia-de-blanck-rivela-punto-debole-piange-figlia\/"},"author":{"name":"La Redazione","@id":"https:\/\/www.gossip.it\/#\/schema\/person\/488896f75158bff1cc83c6c39d141110"},"headline":"Patrizia De Blanck rivela il suo punto debole e piange: 'Mia figlia non potr\u00e0\u2026\u2019","datePublished":"2020-10-05T22:00:00+00:00","dateModified":"2020-10-05T22:00:00+00:00","mainEntityOfPage":{"@id":"https:\/\/www.gossip.it\/news\/patrizia-de-blanck-rivela-punto-debole-piange-figlia\/"},"wordCount":370,"publisher":{"@id":"https:\/\/www.gossip.it\/#organization"},"image":{"@id":"https:\/\/www.gossip.it\/news\/patrizia-de-blanck-rivela-punto-debole-piange-figlia\/#primaryimage"},"thumbnailUrl":"https:\/\/files.gossip.it\/immagini_news\/2020\/10\/1601982855_patrizia_de_blanck.jpg","articleSection":["News"],"inLanguage":"it-IT"},{"@type":"WebPage","@id":"https:\/\/www.gossip.it\/news\/patrizia-de-blanck-rivela-punto-debole-piange-figlia\/","url":"https:\/\/www.gossip.it\/news\/patrizia-de-blanck-rivela-punto-debole-piange-figlia\/","name":"Patrizia De Blanck rivela il suo punto debole e piange: 'Mia figlia non potr\u00e0\u2026\u2019 - Gossip.it | News sul Gossip e VIP","isPartOf":{"@id":"https:\/\/www.gossip.it\/#website"},"primaryImageOfPage":{"@id":"https:\/\/www.gossip.it\/news\/patrizia-de-blanck-rivela-punto-debole-piange-figlia\/#primaryimage"},"image":{"@id":"https:\/\/www.gossip.it\/news\/patrizia-de-blanck-rivela-punto-debole-piange-figlia\/#primaryimage"},"thumbnailUrl":"https:\/\/files.gossip.it\/immagini_news\/2020\/10\/1601982855_patrizia_de_blanck.jpg","datePublished":"2020-10-05T22:00:00+00:00","dateModified":"2020-10-05T22:00:00+00:00","description":"Stavolta neanche la Contessa De Blanck \u00e8 riuscita a trattenere le lacrime. La 79enne ha pianto durante una chiacchierata con Dayane Mello e Guenda Goria,","breadcrumb":{"@id":"https:\/\/www.gossip.it\/news\/patrizia-de-blanck-rivela-punto-debole-piange-figlia\/#breadcrumb"},"inLanguage":"it-IT","potentialAction":[{"@type":"ReadAction","target":["https:\/\/www.gossip.it\/news\/patrizia-de-blanck-rivela-punto-debole-piange-figlia\/"]}]},{"@type":"ImageObject","inLanguage":"it-IT","@id":"https:\/\/www.gossip.it\/news\/patrizia-de-blanck-rivela-punto-debole-piange-figlia\/#primaryimage","url":"https:\/\/files.gossip.it\/immagini_news\/2020\/10\/1601982855_patrizia_de_blanck.jpg","contentUrl":"https:\/\/files.gossip.it\/immagini_news\/2020\/10\/1601982855_patrizia_de_blanck.jpg"},{"@type":"BreadcrumbList","@id":"https:\/\/www.gossip.it\/news\/patrizia-de-blanck-rivela-punto-debole-piange-figlia\/#breadcrumb","itemListElement":[{"@type":"ListItem","position":1,"name":"Home","item":"https:\/\/www.gossip.it\/"},{"@type":"ListItem","position":2,"name":"Patrizia De Blanck rivela il suo punto debole e piange: 'Mia figlia non potr\u00e0\u2026\u2019"}]},{"@type":"WebSite","@id":"https:\/\/www.gossip.it\/#website","url":"https:\/\/www.gossip.it\/","name":"Gossip and VIP News","description":"Quotidiano di cronaca rosa, costume e societ\u00e0","publisher":{"@id":"https:\/\/www.gossip.it\/#organization"},"alternateName":"Gossip and VIP News","potentialAction":[{"@type":"SearchAction","target":{"@type":"EntryPoint","urlTemplate":"https:\/\/www.gossip.it\/?s={search_term_string}"},"query-input":{"@type":"PropertyValueSpecification","valueRequired":true,"valueName":"search_term_string"}}],"inLanguage":"it-IT"},{"@type":"Organization","@id":"https:\/\/www.gossip.it\/#organization","name":"Gossip and VIP News","alternateName":"Gossip News","url":"https:\/\/www.gossip.it\/","logo":{"@type":"ImageObject","inLanguage":"it-IT","@id":"https:\/\/www.gossip.it\/#\/schema\/logo\/image\/","url":"https:\/\/www.gossip.it\/wp-content\/uploads\/2022\/04\/cropped-corna-alta-tiny.png","contentUrl":"https:\/\/www.gossip.it\/wp-content\/uploads\/2022\/04\/cropped-corna-alta-tiny.png","width":512,"height":512,"caption":"Gossip and VIP News"},"image":{"@id":"https:\/\/www.gossip.it\/#\/schema\/logo\/image\/"},"sameAs":["https:\/\/www.facebook.com\/GossipIT","https:\/\/x.com\/gossinews_it","https:\/\/instagram.com\/gossip_it"]},{"@type":"Person","@id":"https:\/\/www.gossip.it\/#\/schema\/person\/488896f75158bff1cc83c6c39d141110","name":"La Redazione","image":{"@type":"ImageObject","inLanguage":"it-IT","@id":"https:\/\/www.gossip.it\/#\/schema\/person\/image\/","url":"https:\/\/secure.gravatar.com\/avatar\/5a5f5c6fa3e6700e4249abdad0263a1e94e927d9e0499b1cb09c1cd29c044d80?s=96&d=mm&r=g","contentUrl":"https:\/\/secure.gravatar.com\/avatar\/5a5f5c6fa3e6700e4249abdad0263a1e94e927d9e0499b1cb09c1cd29c044d80?s=96&d=mm&r=g","caption":"La Redazione"},"sameAs":["https:\/\/www.gossip.it"]}]}},"amp_enabled":true,"_links":{"self":[{"href":"https:\/\/www.gossip.it\/api\/wp\/v2\/posts\/68168","targetHints":{"allow":["GET"]}}],"collection":[{"href":"https:\/\/www.gossip.it\/api\/wp\/v2\/posts"}],"about":[{"href":"https:\/\/www.gossip.it\/api\/wp\/v2\/types\/post"}],"author":[{"embeddable":true,"href":"https:\/\/www.gossip.it\/api\/wp\/v2\/users\/1"}],"replies":[{"embeddable":true,"href":"https:\/\/www.gossip.it\/api\/wp\/v2\/comments?post=68168"}],"version-history":[{"count":0,"href":"https:\/\/www.gossip.it\/api\/wp\/v2\/posts\/68168\/revisions"}],"wp:featuredmedia":[{"embeddable":true,"href":"https:\/\/www.gossip.it\/api\/wp\/v2\/media\/124214"}],"wp:attachment":[{"href":"https:\/\/www.gossip.it\/api\/wp\/v2\/media?parent=68168"}],"wp:term":[{"taxonomy":"category","embeddable":true,"href":"https:\/\/www.gossip.it\/api\/wp\/v2\/categories?post=68168"},{"taxonomy":"post_tag","embeddable":true,"href":"https:\/\/www.gossip.it\/api\/wp\/v2\/tags?post=68168"},{"taxonomy":"vip","embeddable":true,"href":"https:\/\/www.gossip.it\/api\/wp\/v2\/vip?post=68168"}],"curies":[{"name":"wp","href":"https:\/\/api.w.org\/{rel}","templated":true}]}}