{"id":68219,"date":"2020-10-14T00:00:00","date_gmt":"2020-10-13T22:00:00","guid":{"rendered":"https:\/\/www.gossip.it\/senza-categoria\/alessia-marcuzzi-covid\/"},"modified":"2020-10-14T00:00:00","modified_gmt":"2020-10-13T22:00:00","slug":"alessia-marcuzzi-covid","status":"publish","type":"post","link":"https:\/\/www.gossip.it\/news\/alessia-marcuzzi-covid\/","title":{"rendered":"Alessia Marcuzzi positiva al Covid: ecco il suo racconto"},"content":{"rendered":"<p><a href=\"\/vip\/alessia-marcuzzi\/\">Alessia Marcuzzi<\/a> non si presenta in studio per condurre <em>Le Iene<\/em>. La conduttrice 47enne non \u00e8 accanto a <a href=\"\/vip\/nicola-savino\/\">Nicola Savino<\/a> per una ragione ben precisa: \u00e8 risultata<em> \u201cleggermente\u201d<\/em> positiva al <strong>Covid<\/strong>. La <a href=\"\/vip\/pinella\/\">Pinella<\/a> si collega con la trasmissione da casa sua a Roma. <em>\u201cEcco perch\u00e9 ho fatto il test rapido per il <strong>Covid<\/strong>\u201d<\/em>, spiega. Nel suo racconto motiva cosa l'abbia portata a fare un ulteriore controllo rispetto a quelli di routine a cui \u00e8 sottoposta prima di andare in onda a Mediaset.<\/p>\n<figure class=\"caption\"><img decoding=\"async\" alt=\"Alessia Marcuzzi positiva al Covid: ecco il suo racconto\" width=\"640\" height=\"352\" src=\"https:\/\/files.gossip.it\/immagini_news\/2020\/10\/1602663710_marcuzzi_covid_1.jpg\" \/><figcaption>Alessia Marcuzzi positiva al Covid: ecco il suo racconto<\/figcaption><\/figure>\n<p>A<em> Le Iene<\/em>, in apertura di programma, Nicola Savino e la <a href=\"\/vip\/gialappa\u2019s-band\/\">Gialappa\u2019s Band<\/a> annunciano che Alessia non c\u2019\u00e8: <em>\"Ogni marted\u00ec noi ci controlliamo e stamattina Alessia \u00e8 risultata positiva al <strong>Covid<\/strong>\".\u00a0\u201cEsatto! Prima di sapere l'esito del tampone stava per saltare su un treno da Roma a Milano, quindi la carrozza 3 Economy di Trenitalia \u00e8 salva!\u201d,<\/em> ironizza la Gialappa\u2019s.<\/p>\n<p>Subito dopo arriva il collegamento con la Marcuzzi. La bionda indossa la<em> \u2018divisa d\u2019ordinanza\u2019<\/em> de <em>Le Iene<\/em>. E\u2019 sorridente e racconta perch\u00e9 \u00e8 stata costretta a fare il test rapido per il <strong>Covid<\/strong>.\u00a0 <em>\u201cStamattina sono venuta a sapere che un'amichetta di mia figlia Mia era positiva al <strong>Covid <\/strong><\/em>- spiega\u00a0 -<em> quindi io per precauzione e per la sicurezza della mia famiglia e di tutte le persone che sono con noi, dovendo prendere un treno, ho detto: faccio il test rapido\".\u00a0<\/em><\/p>\n<figure class=\"caption\"><img decoding=\"async\" alt=\"\" width=\"640\" height=\"351\" src=\"https:\/\/files.gossip.it\/immagini_news\/2020\/10\/1602663731_marcuzzi_covid_2.jpg\" \/><figcaption>Assente da ''Le Iene'', si collega da casa sua a Roma con la trasmissione<\/figcaption><\/figure>\n<p>E\u2019 stato soprattutto per scrupolo che ha deciso di fare il test. Alessia aggiunge: <em>\u201cNoi siamo sempre controllati, ma questa mattina ho detto: ne faccio uno in pi\u00f9 perch\u00e9 voglio essere sicura, devo prendere il treno e mi metto a contatto con un sacco di gente. Tutta la famiglia \u00e8 risultata negativa, io sono risultata leggermente positiva\u201d.<\/em><\/p>\n<figure class=\"caption\"><img decoding=\"async\" alt=\"\" width=\"640\" height=\"345\" src=\"https:\/\/files.gossip.it\/immagini_news\/2020\/10\/1602663760_marcuzzi_covid_3.jpg\" \/><figcaption>La conduttrice\u00a0spiega cosa l'abbia portata a fare un ulteriore controllo rispetto a quelli di routine a cui \u00e8 sottoposta prima di andare in onda a Mediaset<\/figcaption><\/figure>\n<p>I suoi compagni di avventura a <em>Le Iene<\/em> ci scherzano su, <strong>Alessia Marcuzz<\/strong>i promette di tenerli informati. E\u2019 in quarantena in attesa dell\u2019esito di un altro tampone. <em>\u201cOra dovr\u00f2 fare tutti gli accertamenti: quando avr\u00f2 notizie vi far\u00f2 sapere tutto!\u201d,<\/em> sottolinea. L\u2019appuntamento con lei \u00e8 per la prossima puntata, sempre che verifichi di essere negativa, altrimenti l\u2019isolamento continuer\u00e0\u2026<\/p>\n","protected":false},"excerpt":{"rendered":"<p>Alessia Marcuzzi non si presenta in studio per condurre Le Iene. La conduttrice 47enne non \u00e8 accanto a Nicola Savino per una ragione ben precisa: \u00e8 risultata \u201cleggermente\u201d positiva al Covid. La Pinella si collega con la trasmissione da casa sua a Roma. \u201cEcco perch\u00e9 ho fatto il test rapido per il Covid\u201d, spiega. Nel [&hellip;]<\/p>\n","protected":false},"author":1,"featured_media":124265,"comment_status":"closed","ping_status":"closed","sticky":false,"template":"","format":"standard","meta":{"footnotes":""},"categories":[54],"tags":[1992,12946,13242,2102,1928,13450,2145,4722,11988,2097],"vip":[275],"class_list":["post-68219","post","type-post","status-publish","format-standard","has-post-thumbnail","hentry","category-news","tag-conduttrice","tag-coronavirus","tag-covid","tag-dichiarazioni","tag-le-iene","tag-positiva","tag-presentatrice","tag-racconto","tag-test","tag-tv","vip-alessia_marcuzzi"],"yoast_head":"<title>Alessia Marcuzzi positiva al Covid: ecco il suo racconto - Gossip.it | News sul Gossip e VIP<\/title>\n<meta name=\"description\" content=\"Alessia Marcuzzi non si presenta in studio per condurre Le Iene. La conduttrice 47enne non \u00e8 accanto a Nicola Savino per una ragione ben precisa: \u00e8\" \/>\n<meta name=\"robots\" content=\"index, follow, max-snippet:-1, max-image-preview:large, max-video-preview:-1\" \/>\n<link rel=\"canonical\" href=\"https:\/\/www.gossip.it\/news\/alessia-marcuzzi-covid\/\" \/>\n<meta property=\"og:locale\" content=\"it_IT\" \/>\n<meta property=\"og:type\" content=\"article\" \/>\n<meta property=\"og:title\" content=\"Alessia Marcuzzi positiva al Covid: ecco il suo racconto - Gossip.it | News sul Gossip e VIP\" \/>\n<meta property=\"og:description\" content=\"Alessia Marcuzzi non si presenta in studio per condurre Le Iene. La conduttrice 47enne non \u00e8 accanto a Nicola Savino per una ragione ben precisa: \u00e8\" \/>\n<meta property=\"og:url\" content=\"https:\/\/www.gossip.it\/news\/alessia-marcuzzi-covid\/\" \/>\n<meta property=\"og:site_name\" content=\"Gossip.it | News sul Gossip e VIP\" \/>\n<meta property=\"article:publisher\" content=\"https:\/\/www.facebook.com\/GossipIT\" \/>\n<meta property=\"article:published_time\" content=\"2020-10-13T22:00:00+00:00\" \/>\n<meta property=\"og:image\" content=\"https:\/\/files.gossip.it\/immagini_news\/2020\/10\/1602663710_marcuzzi_covid_1.jpg\" \/>\n<meta name=\"author\" content=\"La Redazione\" \/>\n<meta name=\"twitter:card\" content=\"summary_large_image\" \/>\n<meta name=\"twitter:image\" content=\"https:\/\/files.gossip.it\/immagini_news\/2020\/10\/1602663710_marcuzzi_covid_1.jpg\" \/>\n<meta name=\"twitter:creator\" content=\"@gossinews_it\" \/>\n<meta name=\"twitter:site\" content=\"@gossinews_it\" \/>\n<meta name=\"twitter:label1\" content=\"Scritto da\" \/>\n\t<meta name=\"twitter:data1\" content=\"Annamaria Capozzi\" \/>\n\t<meta name=\"twitter:label2\" content=\"Tempo di lettura stimato\" \/>\n\t<meta name=\"twitter:data2\" content=\"2 minuti\" \/>","yoast_head_json":{"title":"Alessia Marcuzzi positiva al Covid: ecco il suo racconto - Gossip.it | News sul Gossip e VIP","description":"Alessia Marcuzzi non si presenta in studio per condurre Le Iene. La conduttrice 47enne non \u00e8 accanto a Nicola Savino per una ragione ben precisa: \u00e8","robots":{"index":"index","follow":"follow","max-snippet":"max-snippet:-1","max-image-preview":"max-image-preview:large","max-video-preview":"max-video-preview:-1"},"canonical":"https:\/\/www.gossip.it\/news\/alessia-marcuzzi-covid\/","og_locale":"it_IT","og_type":"article","og_title":"Alessia Marcuzzi positiva al Covid: ecco il suo racconto - Gossip.it | News sul Gossip e VIP","og_description":"Alessia Marcuzzi non si presenta in studio per condurre Le Iene. La conduttrice 47enne non \u00e8 accanto a Nicola Savino per una ragione ben precisa: \u00e8","og_url":"https:\/\/www.gossip.it\/news\/alessia-marcuzzi-covid\/","og_site_name":"Gossip.it | News sul Gossip e VIP","article_publisher":"https:\/\/www.facebook.com\/GossipIT","article_published_time":"2020-10-13T22:00:00+00:00","og_image":[{"url":"https:\/\/files.gossip.it\/immagini_news\/2020\/10\/1602663710_marcuzzi_covid_1.jpg"}],"author":"La Redazione","twitter_card":"summary_large_image","twitter_image":"https:\/\/files.gossip.it\/immagini_news\/2020\/10\/1602663710_marcuzzi_covid_1.jpg","twitter_creator":"@gossinews_it","twitter_site":"@gossinews_it","twitter_misc":{"Scritto da":"Annamaria Capozzi","Tempo di lettura stimato":"2 minuti"},"schema":{"@context":"https:\/\/schema.org","@graph":[{"@type":"Article","@id":"https:\/\/www.gossip.it\/news\/alessia-marcuzzi-covid\/#article","isPartOf":{"@id":"https:\/\/www.gossip.it\/news\/alessia-marcuzzi-covid\/"},"author":{"name":"La Redazione","@id":"https:\/\/www.gossip.it\/#\/schema\/person\/488896f75158bff1cc83c6c39d141110"},"headline":"Alessia Marcuzzi positiva al Covid: ecco il suo racconto","datePublished":"2020-10-13T22:00:00+00:00","dateModified":"2020-10-13T22:00:00+00:00","mainEntityOfPage":{"@id":"https:\/\/www.gossip.it\/news\/alessia-marcuzzi-covid\/"},"wordCount":397,"publisher":{"@id":"https:\/\/www.gossip.it\/#organization"},"image":{"@id":"https:\/\/www.gossip.it\/news\/alessia-marcuzzi-covid\/#primaryimage"},"thumbnailUrl":"https:\/\/files.gossip.it\/immagini_news\/2020\/10\/1602663710_marcuzzi_covid_1.jpg","keywords":["conduttrice","coronavirus","covid","dichiarazioni","le iene","positiva","presentatrice","racconto","test","tv"],"articleSection":["News"],"inLanguage":"it-IT"},{"@type":"WebPage","@id":"https:\/\/www.gossip.it\/news\/alessia-marcuzzi-covid\/","url":"https:\/\/www.gossip.it\/news\/alessia-marcuzzi-covid\/","name":"Alessia Marcuzzi positiva al Covid: ecco il suo racconto - Gossip.it | News sul Gossip e VIP","isPartOf":{"@id":"https:\/\/www.gossip.it\/#website"},"primaryImageOfPage":{"@id":"https:\/\/www.gossip.it\/news\/alessia-marcuzzi-covid\/#primaryimage"},"image":{"@id":"https:\/\/www.gossip.it\/news\/alessia-marcuzzi-covid\/#primaryimage"},"thumbnailUrl":"https:\/\/files.gossip.it\/immagini_news\/2020\/10\/1602663710_marcuzzi_covid_1.jpg","datePublished":"2020-10-13T22:00:00+00:00","dateModified":"2020-10-13T22:00:00+00:00","description":"Alessia Marcuzzi non si presenta in studio per condurre Le Iene. La conduttrice 47enne non \u00e8 accanto a Nicola Savino per una ragione ben precisa: \u00e8","breadcrumb":{"@id":"https:\/\/www.gossip.it\/news\/alessia-marcuzzi-covid\/#breadcrumb"},"inLanguage":"it-IT","potentialAction":[{"@type":"ReadAction","target":["https:\/\/www.gossip.it\/news\/alessia-marcuzzi-covid\/"]}]},{"@type":"ImageObject","inLanguage":"it-IT","@id":"https:\/\/www.gossip.it\/news\/alessia-marcuzzi-covid\/#primaryimage","url":"https:\/\/files.gossip.it\/immagini_news\/2020\/10\/1602663710_marcuzzi_covid_1.jpg","contentUrl":"https:\/\/files.gossip.it\/immagini_news\/2020\/10\/1602663710_marcuzzi_covid_1.jpg"},{"@type":"BreadcrumbList","@id":"https:\/\/www.gossip.it\/news\/alessia-marcuzzi-covid\/#breadcrumb","itemListElement":[{"@type":"ListItem","position":1,"name":"Home","item":"https:\/\/www.gossip.it\/"},{"@type":"ListItem","position":2,"name":"Alessia Marcuzzi positiva al Covid: ecco il suo racconto"}]},{"@type":"WebSite","@id":"https:\/\/www.gossip.it\/#website","url":"https:\/\/www.gossip.it\/","name":"Gossip and VIP News","description":"Quotidiano di cronaca rosa, costume e societ\u00e0","publisher":{"@id":"https:\/\/www.gossip.it\/#organization"},"alternateName":"Gossip and VIP News","potentialAction":[{"@type":"SearchAction","target":{"@type":"EntryPoint","urlTemplate":"https:\/\/www.gossip.it\/?s={search_term_string}"},"query-input":{"@type":"PropertyValueSpecification","valueRequired":true,"valueName":"search_term_string"}}],"inLanguage":"it-IT"},{"@type":"Organization","@id":"https:\/\/www.gossip.it\/#organization","name":"Gossip and VIP News","alternateName":"Gossip News","url":"https:\/\/www.gossip.it\/","logo":{"@type":"ImageObject","inLanguage":"it-IT","@id":"https:\/\/www.gossip.it\/#\/schema\/logo\/image\/","url":"https:\/\/www.gossip.it\/wp-content\/uploads\/2022\/04\/cropped-corna-alta-tiny.png","contentUrl":"https:\/\/www.gossip.it\/wp-content\/uploads\/2022\/04\/cropped-corna-alta-tiny.png","width":512,"height":512,"caption":"Gossip and VIP News"},"image":{"@id":"https:\/\/www.gossip.it\/#\/schema\/logo\/image\/"},"sameAs":["https:\/\/www.facebook.com\/GossipIT","https:\/\/x.com\/gossinews_it","https:\/\/instagram.com\/gossip_it"]},{"@type":"Person","@id":"https:\/\/www.gossip.it\/#\/schema\/person\/488896f75158bff1cc83c6c39d141110","name":"La Redazione","image":{"@type":"ImageObject","inLanguage":"it-IT","@id":"https:\/\/www.gossip.it\/#\/schema\/person\/image\/","url":"https:\/\/secure.gravatar.com\/avatar\/5a5f5c6fa3e6700e4249abdad0263a1e94e927d9e0499b1cb09c1cd29c044d80?s=96&d=mm&r=g","contentUrl":"https:\/\/secure.gravatar.com\/avatar\/5a5f5c6fa3e6700e4249abdad0263a1e94e927d9e0499b1cb09c1cd29c044d80?s=96&d=mm&r=g","caption":"La Redazione"},"sameAs":["https:\/\/www.gossip.it"]}]}},"amp_enabled":true,"_links":{"self":[{"href":"https:\/\/www.gossip.it\/api\/wp\/v2\/posts\/68219","targetHints":{"allow":["GET"]}}],"collection":[{"href":"https:\/\/www.gossip.it\/api\/wp\/v2\/posts"}],"about":[{"href":"https:\/\/www.gossip.it\/api\/wp\/v2\/types\/post"}],"author":[{"embeddable":true,"href":"https:\/\/www.gossip.it\/api\/wp\/v2\/users\/1"}],"replies":[{"embeddable":true,"href":"https:\/\/www.gossip.it\/api\/wp\/v2\/comments?post=68219"}],"version-history":[{"count":0,"href":"https:\/\/www.gossip.it\/api\/wp\/v2\/posts\/68219\/revisions"}],"wp:featuredmedia":[{"embeddable":true,"href":"https:\/\/www.gossip.it\/api\/wp\/v2\/media\/124265"}],"wp:attachment":[{"href":"https:\/\/www.gossip.it\/api\/wp\/v2\/media?parent=68219"}],"wp:term":[{"taxonomy":"category","embeddable":true,"href":"https:\/\/www.gossip.it\/api\/wp\/v2\/categories?post=68219"},{"taxonomy":"post_tag","embeddable":true,"href":"https:\/\/www.gossip.it\/api\/wp\/v2\/tags?post=68219"},{"taxonomy":"vip","embeddable":true,"href":"https:\/\/www.gossip.it\/api\/wp\/v2\/vip?post=68219"}],"curies":[{"name":"wp","href":"https:\/\/api.w.org\/{rel}","templated":true}]}}