{"id":68274,"date":"2020-10-21T00:00:00","date_gmt":"2020-10-20T22:00:00","guid":{"rendered":"https:\/\/www.gossip.it\/senza-categoria\/ilaria-d-amico-sorella-morta-mese-scorso\/"},"modified":"2020-10-21T00:00:00","modified_gmt":"2020-10-20T22:00:00","slug":"ilaria-d-amico-sorella-morta-mese-scorso","status":"publish","type":"post","link":"https:\/\/www.gossip.it\/news\/ilaria-d-amico-sorella-morta-mese-scorso\/","title":{"rendered":"Ilaria D\u2019Amico parla della sorella morta il mese scorso: 'Mi ha cambiata\u2019"},"content":{"rendered":"<p>Non ne aveva mai parlato prima. <a href=\"\/vip\/ilaria-d\u2019amico\/\">Ilaria D\u2019Amico<\/a> aveva tenuto la<strong> malattia<\/strong> della <strong>sorella Catia<\/strong>, pi\u00f9 grande di 12 anni, segreta. Ma per lei si \u00e8 trattato di un percorso molto doloroso, conclusosi appena il mese scorso con l\u2019epilogo pi\u00f9 <strong>triste<\/strong>. Adesso per la prima volta si \u00e8 aperta con il settimanale<em> \u2018F\u2019<\/em>, a cui ha spiegato quanto questo tragico evento l\u2019abbia cambiata. <em>\u201cCatia aveva 12 anni pi\u00f9 di me. Abbiamo saputo che era malata a gennaio 2019, un <strong>tumore<\/strong> brutto nell\u2019area dell\u2019intestino. La diagnosi \u00e8 stata un fulmine a ciel sereno perch\u00e9 lei era la persona pi\u00f9 sana del mondo. Abbiamo gestito la malattia insieme, scegliendo tutto il percorso. Poi a maggio scorso, la notizia che stava di nuovo male. Se ne \u00e8 andata in pochi mesi, il <strong>5 settembre <\/strong>scorso. Io ero con lei\u201d<\/em>, ha fatto sapere.<\/p>\n<figure class=\"caption\"><img decoding=\"async\" alt=\"Ilaria D'Amico, 47 anni, ha raccontato la terribile morte della sorella Catia, avvenuta lo scorso 5 settembre\" width=\"640\" height=\"635\" src=\"https:\/\/files.gossip.it\/immagini_news\/2020\/10\/1603275595_ilaria_d_amico.jpg\" \/><figcaption>Ilaria D'Amico, 47 anni, ha raccontato la terribile morte della sorella Catia, avvenuta lo scorso 5 settembre<\/figcaption><\/figure>\n<p><em>\u201cSono pi\u00f9 <strong>fragile<\/strong>. Sento che lei \u00e8 diventata una parte di me. Oggi d\u00f2 meno importanza a come mi vesto, mi commuovo a pensare alla sua dignit\u00e0 e riservatezza. Questa perdita mi ha fatto ridefinire le priorit\u00e0: il lavoro lo \u00e8, ma \u00e8 pi\u00f9 forte il bisogno di accudire la mia famiglia\u201d<\/em>, ha aggiunto.<\/p>\n<p>Questa terribile esperienza ha portato la 47enne di origini romane, ma milanese d\u2019adozione, a cambiare anche rotta dal punto di vista <strong>lavorativo<\/strong>. <em>\u201cLa morte di mia sorella mi ha cambiata, anche per questo ho lasciato il <strong>calcio<\/strong>\u201d<\/em>, ha spiegato. <em>\u201cEra gi\u00e0 da un po\u2019 che volevo cambiare, Catia mi ha dato la spinta per farlo davvero. Quando giravo con lei per ospedali ho sentito l\u2018urgenza di occuparmi di temi di <strong>servizio<\/strong>, di tornare a raccontare cosa siamo oggi. Cos\u00ec quando \u00e8 arrivata la proposta di Sky per una prima serata di attualit\u00e0 tutto ha preso forma\u201d<\/em>, ha poi concluso.<\/p>\n<p>\u00a0<\/p>\n","protected":false},"excerpt":{"rendered":"<p>Non ne aveva mai parlato prima. Ilaria D\u2019Amico aveva tenuto la malattia della sorella Catia, pi\u00f9 grande di 12 anni, segreta. Ma per lei si \u00e8 trattato di un percorso molto doloroso, conclusosi appena il mese scorso con l\u2019epilogo pi\u00f9 triste. Adesso per la prima volta si \u00e8 aperta con il settimanale \u2018F\u2019, a cui [&hellip;]<\/p>\n","protected":false},"author":1,"featured_media":124320,"comment_status":"closed","ping_status":"closed","sticky":false,"template":"","format":"standard","meta":{"footnotes":""},"categories":[54],"tags":[],"vip":[946],"class_list":["post-68274","post","type-post","status-publish","format-standard","has-post-thumbnail","hentry","category-news","vip-ilaria_damico"],"yoast_head":"<title>Ilaria D\u2019Amico parla della sorella morta il mese scorso: &#039;Mi ha cambiata\u2019 - Gossip.it | News sul Gossip e VIP<\/title>\n<meta name=\"description\" content=\"Non ne aveva mai parlato prima. Ilaria D\u2019Amico aveva tenuto la malattia della sorella Catia, pi\u00f9 grande di 12 anni, segreta. Ma per lei si \u00e8 trattato di\" \/>\n<meta name=\"robots\" content=\"index, follow, max-snippet:-1, max-image-preview:large, max-video-preview:-1\" \/>\n<link rel=\"canonical\" href=\"https:\/\/www.gossip.it\/news\/ilaria-d-amico-sorella-morta-mese-scorso\/\" \/>\n<meta property=\"og:locale\" content=\"it_IT\" \/>\n<meta property=\"og:type\" content=\"article\" \/>\n<meta property=\"og:title\" content=\"Ilaria D\u2019Amico parla della sorella morta il mese scorso: &#039;Mi ha cambiata\u2019 - Gossip.it | News sul Gossip e VIP\" \/>\n<meta property=\"og:description\" content=\"Non ne aveva mai parlato prima. Ilaria D\u2019Amico aveva tenuto la malattia della sorella Catia, pi\u00f9 grande di 12 anni, segreta. Ma per lei si \u00e8 trattato di\" \/>\n<meta property=\"og:url\" content=\"https:\/\/www.gossip.it\/news\/ilaria-d-amico-sorella-morta-mese-scorso\/\" \/>\n<meta property=\"og:site_name\" content=\"Gossip.it | News sul Gossip e VIP\" \/>\n<meta property=\"article:publisher\" content=\"https:\/\/www.facebook.com\/GossipIT\" \/>\n<meta property=\"article:published_time\" content=\"2020-10-20T22:00:00+00:00\" \/>\n<meta property=\"og:image\" content=\"https:\/\/files.gossip.it\/immagini_news\/2020\/10\/1603275595_ilaria_d_amico.jpg\" \/>\n<meta name=\"author\" content=\"La Redazione\" \/>\n<meta name=\"twitter:card\" content=\"summary_large_image\" \/>\n<meta name=\"twitter:image\" content=\"https:\/\/files.gossip.it\/immagini_news\/2020\/10\/1603275595_ilaria_d_amico.jpg\" \/>\n<meta name=\"twitter:creator\" content=\"@gossinews_it\" \/>\n<meta name=\"twitter:site\" content=\"@gossinews_it\" \/>\n<meta name=\"twitter:label1\" content=\"Scritto da\" \/>\n\t<meta name=\"twitter:data1\" content=\"la Redazione\" \/>\n\t<meta name=\"twitter:label2\" content=\"Tempo di lettura stimato\" \/>\n\t<meta name=\"twitter:data2\" content=\"2 minuti\" \/>","yoast_head_json":{"title":"Ilaria D\u2019Amico parla della sorella morta il mese scorso: 'Mi ha cambiata\u2019 - Gossip.it | News sul Gossip e VIP","description":"Non ne aveva mai parlato prima. Ilaria D\u2019Amico aveva tenuto la malattia della sorella Catia, pi\u00f9 grande di 12 anni, segreta. Ma per lei si \u00e8 trattato di","robots":{"index":"index","follow":"follow","max-snippet":"max-snippet:-1","max-image-preview":"max-image-preview:large","max-video-preview":"max-video-preview:-1"},"canonical":"https:\/\/www.gossip.it\/news\/ilaria-d-amico-sorella-morta-mese-scorso\/","og_locale":"it_IT","og_type":"article","og_title":"Ilaria D\u2019Amico parla della sorella morta il mese scorso: 'Mi ha cambiata\u2019 - Gossip.it | News sul Gossip e VIP","og_description":"Non ne aveva mai parlato prima. Ilaria D\u2019Amico aveva tenuto la malattia della sorella Catia, pi\u00f9 grande di 12 anni, segreta. Ma per lei si \u00e8 trattato di","og_url":"https:\/\/www.gossip.it\/news\/ilaria-d-amico-sorella-morta-mese-scorso\/","og_site_name":"Gossip.it | News sul Gossip e VIP","article_publisher":"https:\/\/www.facebook.com\/GossipIT","article_published_time":"2020-10-20T22:00:00+00:00","og_image":[{"url":"https:\/\/files.gossip.it\/immagini_news\/2020\/10\/1603275595_ilaria_d_amico.jpg"}],"author":"La Redazione","twitter_card":"summary_large_image","twitter_image":"https:\/\/files.gossip.it\/immagini_news\/2020\/10\/1603275595_ilaria_d_amico.jpg","twitter_creator":"@gossinews_it","twitter_site":"@gossinews_it","twitter_misc":{"Scritto da":"la Redazione","Tempo di lettura stimato":"2 minuti"},"schema":{"@context":"https:\/\/schema.org","@graph":[{"@type":"Article","@id":"https:\/\/www.gossip.it\/news\/ilaria-d-amico-sorella-morta-mese-scorso\/#article","isPartOf":{"@id":"https:\/\/www.gossip.it\/news\/ilaria-d-amico-sorella-morta-mese-scorso\/"},"author":{"name":"La Redazione","@id":"https:\/\/www.gossip.it\/#\/schema\/person\/488896f75158bff1cc83c6c39d141110"},"headline":"Ilaria D\u2019Amico parla della sorella morta il mese scorso: 'Mi ha cambiata\u2019","datePublished":"2020-10-20T22:00:00+00:00","dateModified":"2020-10-20T22:00:00+00:00","mainEntityOfPage":{"@id":"https:\/\/www.gossip.it\/news\/ilaria-d-amico-sorella-morta-mese-scorso\/"},"wordCount":316,"publisher":{"@id":"https:\/\/www.gossip.it\/#organization"},"image":{"@id":"https:\/\/www.gossip.it\/news\/ilaria-d-amico-sorella-morta-mese-scorso\/#primaryimage"},"thumbnailUrl":"https:\/\/files.gossip.it\/immagini_news\/2020\/10\/1603275595_ilaria_d_amico.jpg","articleSection":["News"],"inLanguage":"it-IT"},{"@type":"WebPage","@id":"https:\/\/www.gossip.it\/news\/ilaria-d-amico-sorella-morta-mese-scorso\/","url":"https:\/\/www.gossip.it\/news\/ilaria-d-amico-sorella-morta-mese-scorso\/","name":"Ilaria D\u2019Amico parla della sorella morta il mese scorso: 'Mi ha cambiata\u2019 - Gossip.it | News sul Gossip e VIP","isPartOf":{"@id":"https:\/\/www.gossip.it\/#website"},"primaryImageOfPage":{"@id":"https:\/\/www.gossip.it\/news\/ilaria-d-amico-sorella-morta-mese-scorso\/#primaryimage"},"image":{"@id":"https:\/\/www.gossip.it\/news\/ilaria-d-amico-sorella-morta-mese-scorso\/#primaryimage"},"thumbnailUrl":"https:\/\/files.gossip.it\/immagini_news\/2020\/10\/1603275595_ilaria_d_amico.jpg","datePublished":"2020-10-20T22:00:00+00:00","dateModified":"2020-10-20T22:00:00+00:00","description":"Non ne aveva mai parlato prima. Ilaria D\u2019Amico aveva tenuto la malattia della sorella Catia, pi\u00f9 grande di 12 anni, segreta. Ma per lei si \u00e8 trattato di","breadcrumb":{"@id":"https:\/\/www.gossip.it\/news\/ilaria-d-amico-sorella-morta-mese-scorso\/#breadcrumb"},"inLanguage":"it-IT","potentialAction":[{"@type":"ReadAction","target":["https:\/\/www.gossip.it\/news\/ilaria-d-amico-sorella-morta-mese-scorso\/"]}]},{"@type":"ImageObject","inLanguage":"it-IT","@id":"https:\/\/www.gossip.it\/news\/ilaria-d-amico-sorella-morta-mese-scorso\/#primaryimage","url":"https:\/\/files.gossip.it\/immagini_news\/2020\/10\/1603275595_ilaria_d_amico.jpg","contentUrl":"https:\/\/files.gossip.it\/immagini_news\/2020\/10\/1603275595_ilaria_d_amico.jpg"},{"@type":"BreadcrumbList","@id":"https:\/\/www.gossip.it\/news\/ilaria-d-amico-sorella-morta-mese-scorso\/#breadcrumb","itemListElement":[{"@type":"ListItem","position":1,"name":"Home","item":"https:\/\/www.gossip.it\/"},{"@type":"ListItem","position":2,"name":"Ilaria D\u2019Amico parla della sorella morta il mese scorso: 'Mi ha cambiata\u2019"}]},{"@type":"WebSite","@id":"https:\/\/www.gossip.it\/#website","url":"https:\/\/www.gossip.it\/","name":"Gossip and VIP News","description":"Quotidiano di cronaca rosa, costume e societ\u00e0","publisher":{"@id":"https:\/\/www.gossip.it\/#organization"},"alternateName":"Gossip and VIP News","potentialAction":[{"@type":"SearchAction","target":{"@type":"EntryPoint","urlTemplate":"https:\/\/www.gossip.it\/?s={search_term_string}"},"query-input":{"@type":"PropertyValueSpecification","valueRequired":true,"valueName":"search_term_string"}}],"inLanguage":"it-IT"},{"@type":"Organization","@id":"https:\/\/www.gossip.it\/#organization","name":"Gossip and VIP News","alternateName":"Gossip News","url":"https:\/\/www.gossip.it\/","logo":{"@type":"ImageObject","inLanguage":"it-IT","@id":"https:\/\/www.gossip.it\/#\/schema\/logo\/image\/","url":"https:\/\/www.gossip.it\/wp-content\/uploads\/2022\/04\/cropped-corna-alta-tiny.png","contentUrl":"https:\/\/www.gossip.it\/wp-content\/uploads\/2022\/04\/cropped-corna-alta-tiny.png","width":512,"height":512,"caption":"Gossip and VIP News"},"image":{"@id":"https:\/\/www.gossip.it\/#\/schema\/logo\/image\/"},"sameAs":["https:\/\/www.facebook.com\/GossipIT","https:\/\/x.com\/gossinews_it","https:\/\/instagram.com\/gossip_it"]},{"@type":"Person","@id":"https:\/\/www.gossip.it\/#\/schema\/person\/488896f75158bff1cc83c6c39d141110","name":"La Redazione","image":{"@type":"ImageObject","inLanguage":"it-IT","@id":"https:\/\/www.gossip.it\/#\/schema\/person\/image\/","url":"https:\/\/secure.gravatar.com\/avatar\/5a5f5c6fa3e6700e4249abdad0263a1e94e927d9e0499b1cb09c1cd29c044d80?s=96&d=mm&r=g","contentUrl":"https:\/\/secure.gravatar.com\/avatar\/5a5f5c6fa3e6700e4249abdad0263a1e94e927d9e0499b1cb09c1cd29c044d80?s=96&d=mm&r=g","caption":"La Redazione"},"sameAs":["https:\/\/www.gossip.it"]}]}},"amp_enabled":true,"_links":{"self":[{"href":"https:\/\/www.gossip.it\/api\/wp\/v2\/posts\/68274","targetHints":{"allow":["GET"]}}],"collection":[{"href":"https:\/\/www.gossip.it\/api\/wp\/v2\/posts"}],"about":[{"href":"https:\/\/www.gossip.it\/api\/wp\/v2\/types\/post"}],"author":[{"embeddable":true,"href":"https:\/\/www.gossip.it\/api\/wp\/v2\/users\/1"}],"replies":[{"embeddable":true,"href":"https:\/\/www.gossip.it\/api\/wp\/v2\/comments?post=68274"}],"version-history":[{"count":0,"href":"https:\/\/www.gossip.it\/api\/wp\/v2\/posts\/68274\/revisions"}],"wp:featuredmedia":[{"embeddable":true,"href":"https:\/\/www.gossip.it\/api\/wp\/v2\/media\/124320"}],"wp:attachment":[{"href":"https:\/\/www.gossip.it\/api\/wp\/v2\/media?parent=68274"}],"wp:term":[{"taxonomy":"category","embeddable":true,"href":"https:\/\/www.gossip.it\/api\/wp\/v2\/categories?post=68274"},{"taxonomy":"post_tag","embeddable":true,"href":"https:\/\/www.gossip.it\/api\/wp\/v2\/tags?post=68274"},{"taxonomy":"vip","embeddable":true,"href":"https:\/\/www.gossip.it\/api\/wp\/v2\/vip?post=68274"}],"curies":[{"name":"wp","href":"https:\/\/api.w.org\/{rel}","templated":true}]}}