{"id":68404,"date":"2020-11-09T00:00:00","date_gmt":"2020-11-08T23:00:00","guid":{"rendered":"https:\/\/www.gossip.it\/senza-categoria\/gigi-proietti-porto-nadia-rinaldi-altare\/"},"modified":"2020-11-09T00:00:00","modified_gmt":"2020-11-08T23:00:00","slug":"gigi-proietti-porto-nadia-rinaldi-altare","status":"publish","type":"post","link":"https:\/\/www.gossip.it\/news\/gigi-proietti-porto-nadia-rinaldi-altare\/","title":{"rendered":"Gigi Proietti port\u00f2 Nadia Rinaldi all'altare: ecco perch\u00e9"},"content":{"rendered":"<p><a href=\"\/vip\/gigi-proietti\/\">Gigi Proietti<\/a> <strong>port\u00f2<\/strong> <a href=\"\/vip\/nadia-rinaldi\/\">Nadia Rinaldi<\/a> all\u2019<strong>altare<\/strong> nel giorno del suo primo matrimonio con Ernesto Ascione, celebrato l\u201911 ottobre 2003. L\u2019artista romana\u00a0 percorse la navata al braccio del grande attore scomparso nel giorno del suo ottantesimo compleanno, lo scorso 2 novembre.<\/p>\n<figure class=\"caption\"><img decoding=\"async\" alt=\"Gigi Proietti port\u00f2 Nadia Rinaldi all'altare: ecco perch\u00e9\" width=\"640\" height=\"640\" src=\"https:\/\/files.gossip.it\/immagini_news\/2020\/11\/1604932187_rinaldi_proietti.jpg\" \/><figcaption>Gigi Proietti port\u00f2 Nadia Rinaldi all'altare: ecco perch\u00e9<\/figcaption><\/figure>\n<p>Sul social Nadia ricorda quell\u2019istante impresso in maniera indelebile nella sua memoria con una foto che la ritrae insieme al mattatore e scrive:<em> \u201cCi sono dei momenti nella vita... Che momenti che sono\u2026quei momenti!!\u201d.<\/em> L\u2019affascinante 53enne spiega anche il perch\u00e9 ad accompagnarla sia stato proprio lui.<\/p>\n<p>Ha camminato fiera e felice accanto a <strong>Gigi Proietti<\/strong> in uno dei giorni pi\u00f9 importanti della sua vita. <strong>Nadia Rinaldi <\/strong>a un follower che le domanda:<em> \u201cCome mai ad accompagnarla fu proprio lui?\u201d, <\/em>risponde: <em>\u201cSemplicemente perch\u00e9 il mio pap\u00e0 non c\u2019era pi\u00f9\u201d. <\/em>Era morto e Gigi decise di darle il suo sostegno.<\/p>\n<figure class=\"caption\"><img decoding=\"async\" alt=\"\" width=\"640\" height=\"640\" src=\"https:\/\/files.gossip.it\/immagini_news\/2020\/11\/1604932209_nadia_rinaldi.jpg\" \/><figcaption>L'artista nel grande giorno percorse la navata al braccio del grande attore<\/figcaption><\/figure>\n<p>Per la Rinaldi Proietti \u00e8 stato un mentore: l\u2019attrice frequent\u00f2 il\u00a0suo Laboratorio di esercitazioni sceniche e lavor\u00f2 anche in alcune messinscene. <em>\"L'ho amato tanto e oggi dovevamo festeggiare il suo compleanno.\u00a0Il dolore \u00e8 immenso, un grande dolore al cuore. E\u2019 un pap\u00e0\u201d<\/em>, ha commentato affranta dal dolore poche ore dopo la morte di uno dei pi\u00f9 grandi, non solo sul palco, ma nella vita di ogni giorno: una gran bella persona.<\/p>\n","protected":false},"excerpt":{"rendered":"<p>Gigi Proietti port\u00f2 Nadia Rinaldi all\u2019altare nel giorno del suo primo matrimonio con Ernesto Ascione, celebrato l\u201911 ottobre 2003. L\u2019artista romana\u00a0 percorse la navata al braccio del grande attore scomparso nel giorno del suo ottantesimo compleanno, lo scorso 2 novembre. Gigi Proietti port\u00f2 Nadia Rinaldi all'altare: ecco perch\u00e9 Sul social Nadia ricorda quell\u2019istante impresso in [&hellip;]<\/p>\n","protected":false},"author":1,"featured_media":124450,"comment_status":"closed","ping_status":"closed","sticky":false,"template":"","format":"standard","meta":{"footnotes":""},"categories":[54],"tags":[4618,2137,1983,2102,2121,1950,7885,29615,1923],"vip":[860],"class_list":["post-68404","post","type-post","status-publish","format-standard","has-post-thumbnail","hentry","category-news","tag-altare","tag-attore","tag-attrice","tag-dichiarazioni","tag-instagram","tag-matrimonio","tag-nadia-rinaldi","tag-porto","tag-social","vip-gigi_proietti"],"yoast_head":"<title>Gigi Proietti port\u00f2 Nadia Rinaldi all&#039;altare: ecco perch\u00e9 - Gossip.it | News sul Gossip e VIP<\/title>\n<meta name=\"description\" content=\"Gigi Proietti port\u00f2 Nadia Rinaldi all\u2019altare nel giorno del suo primo matrimonio con Ernesto Ascione, celebrato l\u201911 ottobre 2003. L\u2019artista romana\u00a0\" \/>\n<meta name=\"robots\" content=\"index, follow, max-snippet:-1, max-image-preview:large, max-video-preview:-1\" \/>\n<link rel=\"canonical\" href=\"https:\/\/www.gossip.it\/news\/gigi-proietti-porto-nadia-rinaldi-altare\/\" \/>\n<meta property=\"og:locale\" content=\"it_IT\" \/>\n<meta property=\"og:type\" content=\"article\" \/>\n<meta property=\"og:title\" content=\"Gigi Proietti port\u00f2 Nadia Rinaldi all&#039;altare: ecco perch\u00e9 - Gossip.it | News sul Gossip e VIP\" \/>\n<meta property=\"og:description\" content=\"Gigi Proietti port\u00f2 Nadia Rinaldi all\u2019altare nel giorno del suo primo matrimonio con Ernesto Ascione, celebrato l\u201911 ottobre 2003. L\u2019artista romana\u00a0\" \/>\n<meta property=\"og:url\" content=\"https:\/\/www.gossip.it\/news\/gigi-proietti-porto-nadia-rinaldi-altare\/\" \/>\n<meta property=\"og:site_name\" content=\"Gossip.it | News sul Gossip e VIP\" \/>\n<meta property=\"article:publisher\" content=\"https:\/\/www.facebook.com\/GossipIT\" \/>\n<meta property=\"article:published_time\" content=\"2020-11-08T23:00:00+00:00\" \/>\n<meta property=\"og:image\" content=\"https:\/\/files.gossip.it\/immagini_news\/2020\/11\/1604932187_rinaldi_proietti.jpg\" \/>\n<meta name=\"author\" content=\"La Redazione\" \/>\n<meta name=\"twitter:card\" content=\"summary_large_image\" \/>\n<meta name=\"twitter:image\" content=\"https:\/\/files.gossip.it\/immagini_news\/2020\/11\/1604932187_rinaldi_proietti.jpg\" \/>\n<meta name=\"twitter:creator\" content=\"@gossinews_it\" \/>\n<meta name=\"twitter:site\" content=\"@gossinews_it\" \/>\n<meta name=\"twitter:label1\" content=\"Scritto da\" \/>\n\t<meta name=\"twitter:data1\" content=\"Annamaria Capozzi\" \/>\n\t<meta name=\"twitter:label2\" content=\"Tempo di lettura stimato\" \/>\n\t<meta name=\"twitter:data2\" content=\"1 minuto\" \/>","yoast_head_json":{"title":"Gigi Proietti port\u00f2 Nadia Rinaldi all'altare: ecco perch\u00e9 - Gossip.it | News sul Gossip e VIP","description":"Gigi Proietti port\u00f2 Nadia Rinaldi all\u2019altare nel giorno del suo primo matrimonio con Ernesto Ascione, celebrato l\u201911 ottobre 2003. L\u2019artista romana\u00a0","robots":{"index":"index","follow":"follow","max-snippet":"max-snippet:-1","max-image-preview":"max-image-preview:large","max-video-preview":"max-video-preview:-1"},"canonical":"https:\/\/www.gossip.it\/news\/gigi-proietti-porto-nadia-rinaldi-altare\/","og_locale":"it_IT","og_type":"article","og_title":"Gigi Proietti port\u00f2 Nadia Rinaldi all'altare: ecco perch\u00e9 - Gossip.it | News sul Gossip e VIP","og_description":"Gigi Proietti port\u00f2 Nadia Rinaldi all\u2019altare nel giorno del suo primo matrimonio con Ernesto Ascione, celebrato l\u201911 ottobre 2003. L\u2019artista romana\u00a0","og_url":"https:\/\/www.gossip.it\/news\/gigi-proietti-porto-nadia-rinaldi-altare\/","og_site_name":"Gossip.it | News sul Gossip e VIP","article_publisher":"https:\/\/www.facebook.com\/GossipIT","article_published_time":"2020-11-08T23:00:00+00:00","og_image":[{"url":"https:\/\/files.gossip.it\/immagini_news\/2020\/11\/1604932187_rinaldi_proietti.jpg"}],"author":"La Redazione","twitter_card":"summary_large_image","twitter_image":"https:\/\/files.gossip.it\/immagini_news\/2020\/11\/1604932187_rinaldi_proietti.jpg","twitter_creator":"@gossinews_it","twitter_site":"@gossinews_it","twitter_misc":{"Scritto da":"Annamaria Capozzi","Tempo di lettura stimato":"1 minuto"},"schema":{"@context":"https:\/\/schema.org","@graph":[{"@type":"Article","@id":"https:\/\/www.gossip.it\/news\/gigi-proietti-porto-nadia-rinaldi-altare\/#article","isPartOf":{"@id":"https:\/\/www.gossip.it\/news\/gigi-proietti-porto-nadia-rinaldi-altare\/"},"author":{"name":"La Redazione","@id":"https:\/\/www.gossip.it\/#\/schema\/person\/488896f75158bff1cc83c6c39d141110"},"headline":"Gigi Proietti port\u00f2 Nadia Rinaldi all'altare: ecco perch\u00e9","datePublished":"2020-11-08T23:00:00+00:00","dateModified":"2020-11-08T23:00:00+00:00","mainEntityOfPage":{"@id":"https:\/\/www.gossip.it\/news\/gigi-proietti-porto-nadia-rinaldi-altare\/"},"wordCount":246,"publisher":{"@id":"https:\/\/www.gossip.it\/#organization"},"image":{"@id":"https:\/\/www.gossip.it\/news\/gigi-proietti-porto-nadia-rinaldi-altare\/#primaryimage"},"thumbnailUrl":"https:\/\/files.gossip.it\/immagini_news\/2020\/11\/1604932187_rinaldi_proietti.jpg","keywords":["altare","attore","attrice","dichiarazioni","instagram","matrimonio","nadia rinaldi","porto","social"],"articleSection":["News"],"inLanguage":"it-IT"},{"@type":"WebPage","@id":"https:\/\/www.gossip.it\/news\/gigi-proietti-porto-nadia-rinaldi-altare\/","url":"https:\/\/www.gossip.it\/news\/gigi-proietti-porto-nadia-rinaldi-altare\/","name":"Gigi Proietti port\u00f2 Nadia Rinaldi all'altare: ecco perch\u00e9 - Gossip.it | News sul Gossip e VIP","isPartOf":{"@id":"https:\/\/www.gossip.it\/#website"},"primaryImageOfPage":{"@id":"https:\/\/www.gossip.it\/news\/gigi-proietti-porto-nadia-rinaldi-altare\/#primaryimage"},"image":{"@id":"https:\/\/www.gossip.it\/news\/gigi-proietti-porto-nadia-rinaldi-altare\/#primaryimage"},"thumbnailUrl":"https:\/\/files.gossip.it\/immagini_news\/2020\/11\/1604932187_rinaldi_proietti.jpg","datePublished":"2020-11-08T23:00:00+00:00","dateModified":"2020-11-08T23:00:00+00:00","description":"Gigi Proietti port\u00f2 Nadia Rinaldi all\u2019altare nel giorno del suo primo matrimonio con Ernesto Ascione, celebrato l\u201911 ottobre 2003. L\u2019artista romana\u00a0","breadcrumb":{"@id":"https:\/\/www.gossip.it\/news\/gigi-proietti-porto-nadia-rinaldi-altare\/#breadcrumb"},"inLanguage":"it-IT","potentialAction":[{"@type":"ReadAction","target":["https:\/\/www.gossip.it\/news\/gigi-proietti-porto-nadia-rinaldi-altare\/"]}]},{"@type":"ImageObject","inLanguage":"it-IT","@id":"https:\/\/www.gossip.it\/news\/gigi-proietti-porto-nadia-rinaldi-altare\/#primaryimage","url":"https:\/\/files.gossip.it\/immagini_news\/2020\/11\/1604932187_rinaldi_proietti.jpg","contentUrl":"https:\/\/files.gossip.it\/immagini_news\/2020\/11\/1604932187_rinaldi_proietti.jpg"},{"@type":"BreadcrumbList","@id":"https:\/\/www.gossip.it\/news\/gigi-proietti-porto-nadia-rinaldi-altare\/#breadcrumb","itemListElement":[{"@type":"ListItem","position":1,"name":"Home","item":"https:\/\/www.gossip.it\/"},{"@type":"ListItem","position":2,"name":"Gigi Proietti port\u00f2 Nadia Rinaldi all'altare: ecco perch\u00e9"}]},{"@type":"WebSite","@id":"https:\/\/www.gossip.it\/#website","url":"https:\/\/www.gossip.it\/","name":"Gossip and VIP News","description":"Quotidiano di cronaca rosa, costume e societ\u00e0","publisher":{"@id":"https:\/\/www.gossip.it\/#organization"},"alternateName":"Gossip and VIP News","potentialAction":[{"@type":"SearchAction","target":{"@type":"EntryPoint","urlTemplate":"https:\/\/www.gossip.it\/?s={search_term_string}"},"query-input":{"@type":"PropertyValueSpecification","valueRequired":true,"valueName":"search_term_string"}}],"inLanguage":"it-IT"},{"@type":"Organization","@id":"https:\/\/www.gossip.it\/#organization","name":"Gossip and VIP News","alternateName":"Gossip News","url":"https:\/\/www.gossip.it\/","logo":{"@type":"ImageObject","inLanguage":"it-IT","@id":"https:\/\/www.gossip.it\/#\/schema\/logo\/image\/","url":"https:\/\/www.gossip.it\/wp-content\/uploads\/2022\/04\/cropped-corna-alta-tiny.png","contentUrl":"https:\/\/www.gossip.it\/wp-content\/uploads\/2022\/04\/cropped-corna-alta-tiny.png","width":512,"height":512,"caption":"Gossip and VIP News"},"image":{"@id":"https:\/\/www.gossip.it\/#\/schema\/logo\/image\/"},"sameAs":["https:\/\/www.facebook.com\/GossipIT","https:\/\/x.com\/gossinews_it","https:\/\/instagram.com\/gossip_it"]},{"@type":"Person","@id":"https:\/\/www.gossip.it\/#\/schema\/person\/488896f75158bff1cc83c6c39d141110","name":"La Redazione","image":{"@type":"ImageObject","inLanguage":"it-IT","@id":"https:\/\/www.gossip.it\/#\/schema\/person\/image\/","url":"https:\/\/secure.gravatar.com\/avatar\/5a5f5c6fa3e6700e4249abdad0263a1e94e927d9e0499b1cb09c1cd29c044d80?s=96&d=mm&r=g","contentUrl":"https:\/\/secure.gravatar.com\/avatar\/5a5f5c6fa3e6700e4249abdad0263a1e94e927d9e0499b1cb09c1cd29c044d80?s=96&d=mm&r=g","caption":"La Redazione"},"sameAs":["https:\/\/www.gossip.it"]}]}},"amp_enabled":true,"_links":{"self":[{"href":"https:\/\/www.gossip.it\/api\/wp\/v2\/posts\/68404","targetHints":{"allow":["GET"]}}],"collection":[{"href":"https:\/\/www.gossip.it\/api\/wp\/v2\/posts"}],"about":[{"href":"https:\/\/www.gossip.it\/api\/wp\/v2\/types\/post"}],"author":[{"embeddable":true,"href":"https:\/\/www.gossip.it\/api\/wp\/v2\/users\/1"}],"replies":[{"embeddable":true,"href":"https:\/\/www.gossip.it\/api\/wp\/v2\/comments?post=68404"}],"version-history":[{"count":0,"href":"https:\/\/www.gossip.it\/api\/wp\/v2\/posts\/68404\/revisions"}],"wp:featuredmedia":[{"embeddable":true,"href":"https:\/\/www.gossip.it\/api\/wp\/v2\/media\/124450"}],"wp:attachment":[{"href":"https:\/\/www.gossip.it\/api\/wp\/v2\/media?parent=68404"}],"wp:term":[{"taxonomy":"category","embeddable":true,"href":"https:\/\/www.gossip.it\/api\/wp\/v2\/categories?post=68404"},{"taxonomy":"post_tag","embeddable":true,"href":"https:\/\/www.gossip.it\/api\/wp\/v2\/tags?post=68404"},{"taxonomy":"vip","embeddable":true,"href":"https:\/\/www.gossip.it\/api\/wp\/v2\/vip?post=68404"}],"curies":[{"name":"wp","href":"https:\/\/api.w.org\/{rel}","templated":true}]}}