{"id":68477,"date":"2020-11-18T00:00:00","date_gmt":"2020-11-17T23:00:00","guid":{"rendered":"https:\/\/www.gossip.it\/senza-categoria\/jasmine-carrisi-al-bano-immagini-coach-the-voice-senior\/"},"modified":"2020-11-18T00:00:00","modified_gmt":"2020-11-17T23:00:00","slug":"jasmine-carrisi-al-bano-immagini-coach-the-voice-senior","status":"publish","type":"post","link":"https:\/\/www.gossip.it\/news\/jasmine-carrisi-al-bano-immagini-coach-the-voice-senior\/","title":{"rendered":"Jasmine Carrisi e pap\u00e0 Al Bano: prime immagini da coach a The Voice Senior"},"content":{"rendered":"<p><a href=\"\/vip\/jasmine-carrisi\/\">Jasmine Carrisi<\/a> e pap\u00e0 <a href=\"\/vip\/al-bano\/\">Al Bano<\/a> saranno tra i <strong>coach<\/strong> di <strong><em>The Voice Senior<\/em><\/strong>: le prime <strong>immagini<\/strong> del promo della trasmissione la mostrano bella e sicura di s\u00e9, nonostante la biondina abbia solo 19 anni. La figlia dell\u2019artista 77enne e di <a href=\"\/vip\/loredana-lecciso\/\">Loredana Lecciso<\/a> debutta accanto al padre nella nuova versione del talent, questa volta riservato agli over 60, condotto da <a href=\"\/vip\/antonella-clerici\/\">Antonella Clerici<\/a> su Rai Uno.<\/p>\n<figure class=\"caption\"><img decoding=\"async\" alt=\"Jasmine Carrisi e pap\u00e0 Al Bano: prime immagini da coach a The Voice Senior\" width=\"640\" height=\"709\" src=\"https:\/\/files.gossip.it\/immagini_news\/2020\/11\/1605712941_carrisi_1.jpg\" \/><figcaption>Jasmine Carrisi e pap\u00e0 Al Bano: prime immagini da coach a 'The Voice Senior'<\/figcaption><\/figure>\n<p><strong>Jasmine Carrisi<\/strong> sogna un futuro nella musica, intanto sar\u00e0 giudice in coppia con <strong>Al Bano<\/strong> a <strong>The Voice Senior.<\/strong> Nel programma, che dovrebbe prendere il via venerd\u00ec 27 novembre, anche se non \u00e8 stato ancora confermato, altri nomi eccellenti sono chiamati a giudicare i talenti in gara: <a href=\"\/vip\/gigi-d\u2019alessio\/\">Gigi D\u2019Alessio<\/a>, <a href=\"\/vip\/loredana-bert\u00e8\/\">Loredana Bert\u00e8<\/a> e <a href=\"\/vip\/clementino\/\">Clementino<\/a>.<\/p>\n<figure class=\"caption\"><img decoding=\"async\" alt=\"\" width=\"640\" height=\"372\" src=\"https:\/\/files.gossip.it\/immagini_news\/2020\/11\/1605712963_carrisi_2.jpg\" \/><figcaption>La bella 19enne debutta accanto al padre nel talent condotto da Antonella Clerici<\/figcaption><\/figure>\n<p>Jasmine fa la sua apparizione in tv, ma nessuna raccomandazione dal famosissimo pap\u00e0 come '<em>figlia di'.<\/em> <strong>Al Bano<\/strong> rispedisce al mittente tutte le malignit\u00e0 sulla sua ragazza. Non \u00e8 stato di certo lui a imporla al suo fianco: \u00e8 tutto partito dalla produzione dello show. Cos\u00ec chiarisce a <em>Di Pi\u00f9 Tv.<\/em><\/p>\n<figure class=\"caption\"><img decoding=\"async\" alt=\"\" width=\"640\" height=\"366\" src=\"https:\/\/files.gossip.it\/immagini_news\/2020\/11\/1605712985_carrisi_3.jpg\" \/><figcaption>Il famoso padre chiarisce: 'Non l'ho raccomandata io'<\/figcaption><\/figure>\n<p><em>\u201cMi accusano di nepotismo, robe da matti!<\/em> - sbotta sulle pagine del settimanale - <em>E\u2019 mai possibile che debba esserci sempre qualcuno che critica? Io dico: prima cercate di conoscere mia figlia, poi vediamo se avrete ancora voglia di criticare\u201d<\/em>.<\/p>\n<figure class=\"caption\"><img decoding=\"async\" alt=\"\" width=\"640\" height=\"369\" src=\"https:\/\/files.gossip.it\/immagini_news\/2020\/11\/1605713018_carrisi_4.jpg\" \/><figcaption>La biondina entusiasta della prossima esperienza nello show di Rai Uno<\/figcaption><\/figure>\n<p><a href=\"\/vip\/albano-carrisi\/\">Albano Carrisi<\/a> spiega che Jasmine \u00e8 vissuta a <em>\u201cpane e concerti\u201d <\/em>e ha grande e conoscenza musicale. La produzione del talent prima ha chiamato lui, poi ha deciso di coinvolgere anche la figlia. Lei, entusiasta, ha subito detto di s\u00ec.<\/p>\n<p>\u00a0<\/p>\n<p>\u00a0<\/p>\n<p>\u00a0<\/p>\n","protected":false},"excerpt":{"rendered":"<p>Jasmine Carrisi e pap\u00e0 Al Bano saranno tra i coach di The Voice Senior: le prime immagini del promo della trasmissione la mostrano bella e sicura di s\u00e9, nonostante la biondina abbia solo 19 anni. La figlia dell\u2019artista 77enne e di Loredana Lecciso debutta accanto al padre nella nuova versione del talent, questa volta riservato [&hellip;]<\/p>\n","protected":false},"author":1,"featured_media":124523,"comment_status":"closed","ping_status":"closed","sticky":false,"template":"","format":"standard","meta":{"footnotes":""},"categories":[54],"tags":[2254,2255,47720,61357,1905,3642,2121,11827,13376,7632,1923,3595,5940,61358,2097],"vip":[346,859,1121],"class_list":["post-68477","post","type-post","status-publish","format-standard","has-post-thumbnail","hentry","category-news","tag-al-bano","tag-albano-carrisi","tag-clementino","tag-coah","tag-figlia","tag-immagini","tag-instagram","tag-jasmine-carrisi","tag-loredana-berte","tag-rai-uno","tag-social","tag-talent-show","tag-talent","tag-the-voice-senior","tag-tv","vip-antonella_clerici","vip-gigi_dalessio","vip-loredana_lecciso"],"yoast_head":"<title>Jasmine Carrisi e pap\u00e0 Al Bano: prime immagini da coach a The Voice Senior - Gossip.it | News sul Gossip e VIP<\/title>\n<meta name=\"description\" content=\"Jasmine Carrisi e pap\u00e0 Al Bano saranno tra i coach di The Voice Senior: le prime immagini del promo della trasmissione la mostrano bella e sicura di s\u00e9,\" \/>\n<meta name=\"robots\" content=\"index, follow, max-snippet:-1, max-image-preview:large, max-video-preview:-1\" \/>\n<link rel=\"canonical\" href=\"https:\/\/www.gossip.it\/news\/jasmine-carrisi-al-bano-immagini-coach-the-voice-senior\/\" \/>\n<meta property=\"og:locale\" content=\"it_IT\" \/>\n<meta property=\"og:type\" content=\"article\" \/>\n<meta property=\"og:title\" content=\"Jasmine Carrisi e pap\u00e0 Al Bano: prime immagini da coach a The Voice Senior - Gossip.it | News sul Gossip e VIP\" \/>\n<meta property=\"og:description\" content=\"Jasmine Carrisi e pap\u00e0 Al Bano saranno tra i coach di The Voice Senior: le prime immagini del promo della trasmissione la mostrano bella e sicura di s\u00e9,\" \/>\n<meta property=\"og:url\" content=\"https:\/\/www.gossip.it\/news\/jasmine-carrisi-al-bano-immagini-coach-the-voice-senior\/\" \/>\n<meta property=\"og:site_name\" content=\"Gossip.it | News sul Gossip e VIP\" \/>\n<meta property=\"article:publisher\" content=\"https:\/\/www.facebook.com\/GossipIT\" \/>\n<meta property=\"article:published_time\" content=\"2020-11-17T23:00:00+00:00\" \/>\n<meta property=\"og:image\" content=\"https:\/\/files.gossip.it\/immagini_news\/2020\/11\/1605712941_carrisi_1.jpg\" \/>\n<meta name=\"author\" content=\"La Redazione\" \/>\n<meta name=\"twitter:card\" content=\"summary_large_image\" \/>\n<meta name=\"twitter:image\" content=\"https:\/\/files.gossip.it\/immagini_news\/2020\/11\/1605712941_carrisi_1.jpg\" \/>\n<meta name=\"twitter:creator\" content=\"@gossinews_it\" \/>\n<meta name=\"twitter:site\" content=\"@gossinews_it\" \/>\n<meta name=\"twitter:label1\" content=\"Scritto da\" \/>\n\t<meta name=\"twitter:data1\" content=\"Annamaria Capozzi\" \/>\n\t<meta name=\"twitter:label2\" content=\"Tempo di lettura stimato\" \/>\n\t<meta name=\"twitter:data2\" content=\"1 minuto\" \/>","yoast_head_json":{"title":"Jasmine Carrisi e pap\u00e0 Al Bano: prime immagini da coach a The Voice Senior - Gossip.it | News sul Gossip e VIP","description":"Jasmine Carrisi e pap\u00e0 Al Bano saranno tra i coach di The Voice Senior: le prime immagini del promo della trasmissione la mostrano bella e sicura di s\u00e9,","robots":{"index":"index","follow":"follow","max-snippet":"max-snippet:-1","max-image-preview":"max-image-preview:large","max-video-preview":"max-video-preview:-1"},"canonical":"https:\/\/www.gossip.it\/news\/jasmine-carrisi-al-bano-immagini-coach-the-voice-senior\/","og_locale":"it_IT","og_type":"article","og_title":"Jasmine Carrisi e pap\u00e0 Al Bano: prime immagini da coach a The Voice Senior - Gossip.it | News sul Gossip e VIP","og_description":"Jasmine Carrisi e pap\u00e0 Al Bano saranno tra i coach di The Voice Senior: le prime immagini del promo della trasmissione la mostrano bella e sicura di s\u00e9,","og_url":"https:\/\/www.gossip.it\/news\/jasmine-carrisi-al-bano-immagini-coach-the-voice-senior\/","og_site_name":"Gossip.it | News sul Gossip e VIP","article_publisher":"https:\/\/www.facebook.com\/GossipIT","article_published_time":"2020-11-17T23:00:00+00:00","og_image":[{"url":"https:\/\/files.gossip.it\/immagini_news\/2020\/11\/1605712941_carrisi_1.jpg"}],"author":"La Redazione","twitter_card":"summary_large_image","twitter_image":"https:\/\/files.gossip.it\/immagini_news\/2020\/11\/1605712941_carrisi_1.jpg","twitter_creator":"@gossinews_it","twitter_site":"@gossinews_it","twitter_misc":{"Scritto da":"Annamaria Capozzi","Tempo di lettura stimato":"1 minuto"},"schema":{"@context":"https:\/\/schema.org","@graph":[{"@type":"Article","@id":"https:\/\/www.gossip.it\/news\/jasmine-carrisi-al-bano-immagini-coach-the-voice-senior\/#article","isPartOf":{"@id":"https:\/\/www.gossip.it\/news\/jasmine-carrisi-al-bano-immagini-coach-the-voice-senior\/"},"author":{"name":"La Redazione","@id":"https:\/\/www.gossip.it\/#\/schema\/person\/488896f75158bff1cc83c6c39d141110"},"headline":"Jasmine Carrisi e pap\u00e0 Al Bano: prime immagini da coach a The Voice Senior","datePublished":"2020-11-17T23:00:00+00:00","dateModified":"2020-11-17T23:00:00+00:00","mainEntityOfPage":{"@id":"https:\/\/www.gossip.it\/news\/jasmine-carrisi-al-bano-immagini-coach-the-voice-senior\/"},"wordCount":305,"publisher":{"@id":"https:\/\/www.gossip.it\/#organization"},"image":{"@id":"https:\/\/www.gossip.it\/news\/jasmine-carrisi-al-bano-immagini-coach-the-voice-senior\/#primaryimage"},"thumbnailUrl":"https:\/\/files.gossip.it\/immagini_news\/2020\/11\/1605712941_carrisi_1.jpg","keywords":["al bano","albano carrisi","clementino","coah","figlia","immagini","instagram","jasmine carrisi","loredana berte","rai uno","social","talent show","talent+","the voice senior","tv"],"articleSection":["News"],"inLanguage":"it-IT"},{"@type":"WebPage","@id":"https:\/\/www.gossip.it\/news\/jasmine-carrisi-al-bano-immagini-coach-the-voice-senior\/","url":"https:\/\/www.gossip.it\/news\/jasmine-carrisi-al-bano-immagini-coach-the-voice-senior\/","name":"Jasmine Carrisi e pap\u00e0 Al Bano: prime immagini da coach a The Voice Senior - Gossip.it | News sul Gossip e VIP","isPartOf":{"@id":"https:\/\/www.gossip.it\/#website"},"primaryImageOfPage":{"@id":"https:\/\/www.gossip.it\/news\/jasmine-carrisi-al-bano-immagini-coach-the-voice-senior\/#primaryimage"},"image":{"@id":"https:\/\/www.gossip.it\/news\/jasmine-carrisi-al-bano-immagini-coach-the-voice-senior\/#primaryimage"},"thumbnailUrl":"https:\/\/files.gossip.it\/immagini_news\/2020\/11\/1605712941_carrisi_1.jpg","datePublished":"2020-11-17T23:00:00+00:00","dateModified":"2020-11-17T23:00:00+00:00","description":"Jasmine Carrisi e pap\u00e0 Al Bano saranno tra i coach di The Voice Senior: le prime immagini del promo della trasmissione la mostrano bella e sicura di s\u00e9,","breadcrumb":{"@id":"https:\/\/www.gossip.it\/news\/jasmine-carrisi-al-bano-immagini-coach-the-voice-senior\/#breadcrumb"},"inLanguage":"it-IT","potentialAction":[{"@type":"ReadAction","target":["https:\/\/www.gossip.it\/news\/jasmine-carrisi-al-bano-immagini-coach-the-voice-senior\/"]}]},{"@type":"ImageObject","inLanguage":"it-IT","@id":"https:\/\/www.gossip.it\/news\/jasmine-carrisi-al-bano-immagini-coach-the-voice-senior\/#primaryimage","url":"https:\/\/files.gossip.it\/immagini_news\/2020\/11\/1605712941_carrisi_1.jpg","contentUrl":"https:\/\/files.gossip.it\/immagini_news\/2020\/11\/1605712941_carrisi_1.jpg"},{"@type":"BreadcrumbList","@id":"https:\/\/www.gossip.it\/news\/jasmine-carrisi-al-bano-immagini-coach-the-voice-senior\/#breadcrumb","itemListElement":[{"@type":"ListItem","position":1,"name":"Home","item":"https:\/\/www.gossip.it\/"},{"@type":"ListItem","position":2,"name":"Jasmine Carrisi e pap\u00e0 Al Bano: prime immagini da coach a The Voice Senior"}]},{"@type":"WebSite","@id":"https:\/\/www.gossip.it\/#website","url":"https:\/\/www.gossip.it\/","name":"Gossip and VIP News","description":"Quotidiano di cronaca rosa, costume e societ\u00e0","publisher":{"@id":"https:\/\/www.gossip.it\/#organization"},"alternateName":"Gossip and VIP News","potentialAction":[{"@type":"SearchAction","target":{"@type":"EntryPoint","urlTemplate":"https:\/\/www.gossip.it\/?s={search_term_string}"},"query-input":{"@type":"PropertyValueSpecification","valueRequired":true,"valueName":"search_term_string"}}],"inLanguage":"it-IT"},{"@type":"Organization","@id":"https:\/\/www.gossip.it\/#organization","name":"Gossip and VIP News","alternateName":"Gossip News","url":"https:\/\/www.gossip.it\/","logo":{"@type":"ImageObject","inLanguage":"it-IT","@id":"https:\/\/www.gossip.it\/#\/schema\/logo\/image\/","url":"https:\/\/www.gossip.it\/wp-content\/uploads\/2022\/04\/cropped-corna-alta-tiny.png","contentUrl":"https:\/\/www.gossip.it\/wp-content\/uploads\/2022\/04\/cropped-corna-alta-tiny.png","width":512,"height":512,"caption":"Gossip and VIP News"},"image":{"@id":"https:\/\/www.gossip.it\/#\/schema\/logo\/image\/"},"sameAs":["https:\/\/www.facebook.com\/GossipIT","https:\/\/x.com\/gossinews_it","https:\/\/instagram.com\/gossip_it"]},{"@type":"Person","@id":"https:\/\/www.gossip.it\/#\/schema\/person\/488896f75158bff1cc83c6c39d141110","name":"La Redazione","image":{"@type":"ImageObject","inLanguage":"it-IT","@id":"https:\/\/www.gossip.it\/#\/schema\/person\/image\/","url":"https:\/\/secure.gravatar.com\/avatar\/5a5f5c6fa3e6700e4249abdad0263a1e94e927d9e0499b1cb09c1cd29c044d80?s=96&d=mm&r=g","contentUrl":"https:\/\/secure.gravatar.com\/avatar\/5a5f5c6fa3e6700e4249abdad0263a1e94e927d9e0499b1cb09c1cd29c044d80?s=96&d=mm&r=g","caption":"La Redazione"},"sameAs":["https:\/\/www.gossip.it"]}]}},"amp_enabled":true,"_links":{"self":[{"href":"https:\/\/www.gossip.it\/api\/wp\/v2\/posts\/68477","targetHints":{"allow":["GET"]}}],"collection":[{"href":"https:\/\/www.gossip.it\/api\/wp\/v2\/posts"}],"about":[{"href":"https:\/\/www.gossip.it\/api\/wp\/v2\/types\/post"}],"author":[{"embeddable":true,"href":"https:\/\/www.gossip.it\/api\/wp\/v2\/users\/1"}],"replies":[{"embeddable":true,"href":"https:\/\/www.gossip.it\/api\/wp\/v2\/comments?post=68477"}],"version-history":[{"count":0,"href":"https:\/\/www.gossip.it\/api\/wp\/v2\/posts\/68477\/revisions"}],"wp:featuredmedia":[{"embeddable":true,"href":"https:\/\/www.gossip.it\/api\/wp\/v2\/media\/124523"}],"wp:attachment":[{"href":"https:\/\/www.gossip.it\/api\/wp\/v2\/media?parent=68477"}],"wp:term":[{"taxonomy":"category","embeddable":true,"href":"https:\/\/www.gossip.it\/api\/wp\/v2\/categories?post=68477"},{"taxonomy":"post_tag","embeddable":true,"href":"https:\/\/www.gossip.it\/api\/wp\/v2\/tags?post=68477"},{"taxonomy":"vip","embeddable":true,"href":"https:\/\/www.gossip.it\/api\/wp\/v2\/vip?post=68477"}],"curies":[{"name":"wp","href":"https:\/\/api.w.org\/{rel}","templated":true}]}}