{"id":68490,"date":"2020-11-20T00:00:00","date_gmt":"2020-11-19T23:00:00","guid":{"rendered":"https:\/\/www.gossip.it\/senza-categoria\/andrea-iannone-tapiro-parole-su-belen\/"},"modified":"2020-11-20T00:00:00","modified_gmt":"2020-11-19T23:00:00","slug":"andrea-iannone-tapiro-parole-su-belen","status":"publish","type":"post","link":"https:\/\/www.gossip.it\/news\/andrea-iannone-tapiro-parole-su-belen\/","title":{"rendered":"Andrea Iannone si prende il Tapiro: le parole su Belen\u2026"},"content":{"rendered":"<p><a href=\"\/vip\/andrea-iannone\/\">Andrea Iannone<\/a>, dopo essere stato squalificato per 4 anni dal Tribunale Arbitrale dello Sport di Losanna, si prende il <em><strong>Tapiro<\/strong><\/em> <em>d\u2019Oro<\/em>. Il pilota 31enne, raggiunto a Lugano, dove vive, da <a href=\"\/vip\/valerio-staffelli\/\">Valerio Staffelli<\/a>, parla della sua vicenda. Poi, incalzato dall\u2019inviato di <em>Striscia la Notizia<\/em>, dice anche alcune <strong>parole<\/strong> <strong>su<\/strong> <a href=\"\/vip\/belen\/\">Belen<\/a>.<\/p>\n<figure class=\"caption\"><img decoding=\"async\" alt=\"Andrea Iannone si prende il Tapiro: le parole su Belen\" width=\"640\" height=\"366\" src=\"https:\/\/files.gossip.it\/immagini_news\/2020\/11\/1605869063_iannone_tapiro_1.jpg\" \/><figcaption>Andrea Iannone si prende il Tapiro: le parole su Belen<\/figcaption><\/figure>\n<p><em>\u201cPrima le ha strappato il cuore <strong>Belen<\/strong>, poi la squalifica\u2026\u201d<\/em>,\u00a0ironizza Stafeli. Lo sportivo 31enne, per\u00f2, non si scompone e serafico ribatte: \u201c<em>Il cuore \u00e8 un muscolo e bisogna tenerlo allenato\u201d<\/em>. Non vuole stare ancora in mezzo ai gossip parlando della sua ex fidanzata, nonostante quel che accade intorno a lui.<\/p>\n<figure class=\"caption\"><img decoding=\"async\" alt=\"\" width=\"640\" height=\"365\" src=\"https:\/\/files.gossip.it\/immagini_news\/2020\/11\/1605869081_iannone_tapiro_2.jpg\" \/><figcaption>Il pilota di MotoGP squalificato incalzato sull'ex fidanzata, replica<\/figcaption><\/figure>\n<p>Sulla squalifica il centauro di Vasto dice: <em>\"Abbiamo fatto il possibile per evitare una sentenza cos\u00ec dura. Il ricorso si pu\u00f2 fare, per\u00f2 bisogna capire\".<\/em>\u00a0 Poi aggiunge: <em>\u201cHo fatto anche il test del capello, che pochi atleti hanno fatto nella loro vita, e aveva dato esito negativo. Non credo che ce l'abbiano con me ma ci sono cose che vanno oltre le sentenze\".\u00a0<\/em><\/p>\n<figure class=\"caption\"><img decoding=\"async\" alt=\"\" width=\"640\" height=\"353\" src=\"https:\/\/files.gossip.it\/immagini_news\/2020\/11\/1605869108_iannone_tapiro_3.jpg\" \/><figcaption>Lo sportivo 'attapirato' per la squalifica di 4 anni<\/figcaption><\/figure>\n<p>L\u2019ex pilota dell\u2019Aprilia confessa quanto il mondo delle due ruote e l\u2019adrenalina della gara e dei box gli mancher\u00e0:<em> \u201cOra cercher\u00f2 di capire come essere utile alla MotoGP\".<\/em><\/p>\n<p>\u00a0<\/p>\n<p>\u00a0<\/p>\n","protected":false},"excerpt":{"rendered":"<p>Andrea Iannone, dopo essere stato squalificato per 4 anni dal Tribunale Arbitrale dello Sport di Losanna, si prende il Tapiro d\u2019Oro. Il pilota 31enne, raggiunto a Lugano, dove vive, da Valerio Staffelli, parla della sua vicenda. Poi, incalzato dall\u2019inviato di Striscia la Notizia, dice anche alcune parole su Belen. Andrea Iannone si prende il Tapiro: [&hellip;]<\/p>\n","protected":false},"author":1,"featured_media":124536,"comment_status":"closed","ping_status":"closed","sticky":false,"template":"","format":"standard","meta":{"footnotes":""},"categories":[54],"tags":[10372,2299,2098,2102,1916,5567,10008,5472,2097,10009],"vip":[396],"class_list":["post-68490","post","type-post","status-publish","format-standard","has-post-thumbnail","hentry","category-news","tag-andrea-iannone","tag-belen","tag-canale-5","tag-dichiarazioni","tag-pilota","tag-striscia-la-notizia","tag-tapiro","tag-tapiro-doro","tag-tv","tag-valerio-staffelli","vip-belen_rodriguez"],"yoast_head":"<title>Andrea Iannone si prende il Tapiro: le parole su Belen\u2026 - Gossip.it | News sul Gossip e VIP<\/title>\n<meta name=\"description\" content=\"Andrea Iannone, dopo essere stato squalificato per 4 anni dal Tribunale Arbitrale dello Sport di Losanna, si prende il Tapiro d\u2019Oro. Il pilota 31enne,\" \/>\n<meta name=\"robots\" content=\"index, follow, max-snippet:-1, max-image-preview:large, max-video-preview:-1\" \/>\n<link rel=\"canonical\" href=\"https:\/\/www.gossip.it\/news\/andrea-iannone-tapiro-parole-su-belen\/\" \/>\n<meta property=\"og:locale\" content=\"it_IT\" \/>\n<meta property=\"og:type\" content=\"article\" \/>\n<meta property=\"og:title\" content=\"Andrea Iannone si prende il Tapiro: le parole su Belen\u2026 - Gossip.it | News sul Gossip e VIP\" \/>\n<meta property=\"og:description\" content=\"Andrea Iannone, dopo essere stato squalificato per 4 anni dal Tribunale Arbitrale dello Sport di Losanna, si prende il Tapiro d\u2019Oro. Il pilota 31enne,\" \/>\n<meta property=\"og:url\" content=\"https:\/\/www.gossip.it\/news\/andrea-iannone-tapiro-parole-su-belen\/\" \/>\n<meta property=\"og:site_name\" content=\"Gossip.it | News sul Gossip e VIP\" \/>\n<meta property=\"article:publisher\" content=\"https:\/\/www.facebook.com\/GossipIT\" \/>\n<meta property=\"article:published_time\" content=\"2020-11-19T23:00:00+00:00\" \/>\n<meta property=\"og:image\" content=\"https:\/\/files.gossip.it\/immagini_news\/2020\/11\/1605869063_iannone_tapiro_1.jpg\" \/>\n<meta name=\"author\" content=\"La Redazione\" \/>\n<meta name=\"twitter:card\" content=\"summary_large_image\" \/>\n<meta name=\"twitter:image\" content=\"https:\/\/files.gossip.it\/immagini_news\/2020\/11\/1605869063_iannone_tapiro_1.jpg\" \/>\n<meta name=\"twitter:creator\" content=\"@gossinews_it\" \/>\n<meta name=\"twitter:site\" content=\"@gossinews_it\" \/>\n<meta name=\"twitter:label1\" content=\"Scritto da\" \/>\n\t<meta name=\"twitter:data1\" content=\"Annamaria Capozzi\" \/>\n\t<meta name=\"twitter:label2\" content=\"Tempo di lettura stimato\" \/>\n\t<meta name=\"twitter:data2\" content=\"1 minuto\" \/>","yoast_head_json":{"title":"Andrea Iannone si prende il Tapiro: le parole su Belen\u2026 - Gossip.it | News sul Gossip e VIP","description":"Andrea Iannone, dopo essere stato squalificato per 4 anni dal Tribunale Arbitrale dello Sport di Losanna, si prende il Tapiro d\u2019Oro. Il pilota 31enne,","robots":{"index":"index","follow":"follow","max-snippet":"max-snippet:-1","max-image-preview":"max-image-preview:large","max-video-preview":"max-video-preview:-1"},"canonical":"https:\/\/www.gossip.it\/news\/andrea-iannone-tapiro-parole-su-belen\/","og_locale":"it_IT","og_type":"article","og_title":"Andrea Iannone si prende il Tapiro: le parole su Belen\u2026 - Gossip.it | News sul Gossip e VIP","og_description":"Andrea Iannone, dopo essere stato squalificato per 4 anni dal Tribunale Arbitrale dello Sport di Losanna, si prende il Tapiro d\u2019Oro. Il pilota 31enne,","og_url":"https:\/\/www.gossip.it\/news\/andrea-iannone-tapiro-parole-su-belen\/","og_site_name":"Gossip.it | News sul Gossip e VIP","article_publisher":"https:\/\/www.facebook.com\/GossipIT","article_published_time":"2020-11-19T23:00:00+00:00","og_image":[{"url":"https:\/\/files.gossip.it\/immagini_news\/2020\/11\/1605869063_iannone_tapiro_1.jpg"}],"author":"La Redazione","twitter_card":"summary_large_image","twitter_image":"https:\/\/files.gossip.it\/immagini_news\/2020\/11\/1605869063_iannone_tapiro_1.jpg","twitter_creator":"@gossinews_it","twitter_site":"@gossinews_it","twitter_misc":{"Scritto da":"Annamaria Capozzi","Tempo di lettura stimato":"1 minuto"},"schema":{"@context":"https:\/\/schema.org","@graph":[{"@type":"Article","@id":"https:\/\/www.gossip.it\/news\/andrea-iannone-tapiro-parole-su-belen\/#article","isPartOf":{"@id":"https:\/\/www.gossip.it\/news\/andrea-iannone-tapiro-parole-su-belen\/"},"author":{"name":"La Redazione","@id":"https:\/\/www.gossip.it\/#\/schema\/person\/488896f75158bff1cc83c6c39d141110"},"headline":"Andrea Iannone si prende il Tapiro: le parole su Belen\u2026","datePublished":"2020-11-19T23:00:00+00:00","dateModified":"2020-11-19T23:00:00+00:00","mainEntityOfPage":{"@id":"https:\/\/www.gossip.it\/news\/andrea-iannone-tapiro-parole-su-belen\/"},"wordCount":233,"publisher":{"@id":"https:\/\/www.gossip.it\/#organization"},"image":{"@id":"https:\/\/www.gossip.it\/news\/andrea-iannone-tapiro-parole-su-belen\/#primaryimage"},"thumbnailUrl":"https:\/\/files.gossip.it\/immagini_news\/2020\/11\/1605869063_iannone_tapiro_1.jpg","keywords":["andrea iannone","belen","canale 5","dichiarazioni","pilota","striscia la notizia","tapiro","tapiro d'oro","tv","valerio staffelli"],"articleSection":["News"],"inLanguage":"it-IT"},{"@type":"WebPage","@id":"https:\/\/www.gossip.it\/news\/andrea-iannone-tapiro-parole-su-belen\/","url":"https:\/\/www.gossip.it\/news\/andrea-iannone-tapiro-parole-su-belen\/","name":"Andrea Iannone si prende il Tapiro: le parole su Belen\u2026 - Gossip.it | News sul Gossip e VIP","isPartOf":{"@id":"https:\/\/www.gossip.it\/#website"},"primaryImageOfPage":{"@id":"https:\/\/www.gossip.it\/news\/andrea-iannone-tapiro-parole-su-belen\/#primaryimage"},"image":{"@id":"https:\/\/www.gossip.it\/news\/andrea-iannone-tapiro-parole-su-belen\/#primaryimage"},"thumbnailUrl":"https:\/\/files.gossip.it\/immagini_news\/2020\/11\/1605869063_iannone_tapiro_1.jpg","datePublished":"2020-11-19T23:00:00+00:00","dateModified":"2020-11-19T23:00:00+00:00","description":"Andrea Iannone, dopo essere stato squalificato per 4 anni dal Tribunale Arbitrale dello Sport di Losanna, si prende il Tapiro d\u2019Oro. Il pilota 31enne,","breadcrumb":{"@id":"https:\/\/www.gossip.it\/news\/andrea-iannone-tapiro-parole-su-belen\/#breadcrumb"},"inLanguage":"it-IT","potentialAction":[{"@type":"ReadAction","target":["https:\/\/www.gossip.it\/news\/andrea-iannone-tapiro-parole-su-belen\/"]}]},{"@type":"ImageObject","inLanguage":"it-IT","@id":"https:\/\/www.gossip.it\/news\/andrea-iannone-tapiro-parole-su-belen\/#primaryimage","url":"https:\/\/files.gossip.it\/immagini_news\/2020\/11\/1605869063_iannone_tapiro_1.jpg","contentUrl":"https:\/\/files.gossip.it\/immagini_news\/2020\/11\/1605869063_iannone_tapiro_1.jpg"},{"@type":"BreadcrumbList","@id":"https:\/\/www.gossip.it\/news\/andrea-iannone-tapiro-parole-su-belen\/#breadcrumb","itemListElement":[{"@type":"ListItem","position":1,"name":"Home","item":"https:\/\/www.gossip.it\/"},{"@type":"ListItem","position":2,"name":"Andrea Iannone si prende il Tapiro: le parole su Belen\u2026"}]},{"@type":"WebSite","@id":"https:\/\/www.gossip.it\/#website","url":"https:\/\/www.gossip.it\/","name":"Gossip and VIP News","description":"Quotidiano di cronaca rosa, costume e societ\u00e0","publisher":{"@id":"https:\/\/www.gossip.it\/#organization"},"alternateName":"Gossip and VIP News","potentialAction":[{"@type":"SearchAction","target":{"@type":"EntryPoint","urlTemplate":"https:\/\/www.gossip.it\/?s={search_term_string}"},"query-input":{"@type":"PropertyValueSpecification","valueRequired":true,"valueName":"search_term_string"}}],"inLanguage":"it-IT"},{"@type":"Organization","@id":"https:\/\/www.gossip.it\/#organization","name":"Gossip and VIP News","alternateName":"Gossip News","url":"https:\/\/www.gossip.it\/","logo":{"@type":"ImageObject","inLanguage":"it-IT","@id":"https:\/\/www.gossip.it\/#\/schema\/logo\/image\/","url":"https:\/\/www.gossip.it\/wp-content\/uploads\/2022\/04\/cropped-corna-alta-tiny.png","contentUrl":"https:\/\/www.gossip.it\/wp-content\/uploads\/2022\/04\/cropped-corna-alta-tiny.png","width":512,"height":512,"caption":"Gossip and VIP News"},"image":{"@id":"https:\/\/www.gossip.it\/#\/schema\/logo\/image\/"},"sameAs":["https:\/\/www.facebook.com\/GossipIT","https:\/\/x.com\/gossinews_it","https:\/\/instagram.com\/gossip_it"]},{"@type":"Person","@id":"https:\/\/www.gossip.it\/#\/schema\/person\/488896f75158bff1cc83c6c39d141110","name":"La Redazione","image":{"@type":"ImageObject","inLanguage":"it-IT","@id":"https:\/\/www.gossip.it\/#\/schema\/person\/image\/","url":"https:\/\/secure.gravatar.com\/avatar\/5a5f5c6fa3e6700e4249abdad0263a1e94e927d9e0499b1cb09c1cd29c044d80?s=96&d=mm&r=g","contentUrl":"https:\/\/secure.gravatar.com\/avatar\/5a5f5c6fa3e6700e4249abdad0263a1e94e927d9e0499b1cb09c1cd29c044d80?s=96&d=mm&r=g","caption":"La Redazione"},"sameAs":["https:\/\/www.gossip.it"]}]}},"amp_enabled":true,"_links":{"self":[{"href":"https:\/\/www.gossip.it\/api\/wp\/v2\/posts\/68490","targetHints":{"allow":["GET"]}}],"collection":[{"href":"https:\/\/www.gossip.it\/api\/wp\/v2\/posts"}],"about":[{"href":"https:\/\/www.gossip.it\/api\/wp\/v2\/types\/post"}],"author":[{"embeddable":true,"href":"https:\/\/www.gossip.it\/api\/wp\/v2\/users\/1"}],"replies":[{"embeddable":true,"href":"https:\/\/www.gossip.it\/api\/wp\/v2\/comments?post=68490"}],"version-history":[{"count":0,"href":"https:\/\/www.gossip.it\/api\/wp\/v2\/posts\/68490\/revisions"}],"wp:featuredmedia":[{"embeddable":true,"href":"https:\/\/www.gossip.it\/api\/wp\/v2\/media\/124536"}],"wp:attachment":[{"href":"https:\/\/www.gossip.it\/api\/wp\/v2\/media?parent=68490"}],"wp:term":[{"taxonomy":"category","embeddable":true,"href":"https:\/\/www.gossip.it\/api\/wp\/v2\/categories?post=68490"},{"taxonomy":"post_tag","embeddable":true,"href":"https:\/\/www.gossip.it\/api\/wp\/v2\/tags?post=68490"},{"taxonomy":"vip","embeddable":true,"href":"https:\/\/www.gossip.it\/api\/wp\/v2\/vip?post=68490"}],"curies":[{"name":"wp","href":"https:\/\/api.w.org\/{rel}","templated":true}]}}