{"id":68493,"date":"2020-11-20T00:00:00","date_gmt":"2020-11-19T23:00:00","guid":{"rendered":"https:\/\/www.gossip.it\/senza-categoria\/rocco-siffredi-belen-manicomio\/"},"modified":"2020-11-20T00:00:00","modified_gmt":"2020-11-19T23:00:00","slug":"rocco-siffredi-belen-manicomio","status":"publish","type":"post","link":"https:\/\/www.gossip.it\/news\/rocco-siffredi-belen-manicomio\/","title":{"rendered":"Rocco Siffredi: 'Belen ti manda al manicomio\u2019"},"content":{"rendered":"<p><a href=\"\/vip\/rocco-siffredi\/\">Rocco Siffredi<\/a> pensa che <strong>Belen<\/strong> possa mandare un uomo <strong><em>\u201cal manicomio\u201d<\/em><\/strong> e che forse <a href=\"\/vip\/andrea-iannone\/\">Andrea Iannone<\/a> non abbia saputo gestire bene la <strong>relazione<\/strong> con la showgirl.<\/p>\n<figure class=\"caption\"><img decoding=\"async\" alt=\"Rocco Siffredi, 56 anni, ha parlato di Andrea Iannone e Belen Rodriguez\" width=\"640\" height=\"849\" src=\"https:\/\/files.gossip.it\/immagini_news\/2020\/11\/1605873592_rocco_siffredi.jpg\" \/><figcaption>Rocco Siffredi, 56 anni, ha parlato di Andrea Iannone e Belen Rodriguez<\/figcaption><\/figure>\n<p>L\u2019attore a luci rosse, il pi\u00f9 famoso d\u2019Italia, ha commentato la recente <strong>condanna<\/strong> del tribunale di Losanna nei confronti del pilota di MotoGP (per 4 anni \u00e8 stato escluso dalle gare) e ha detto durante un\u2019intervista rilasciata a Moreno Pisto in occasione del \u201cMotoFestival\u201d: <em>\u201cLui si \u00e8 proprio rovinato, io la penso come disse un uomo molto importante nel Paddock: \u2018Ragazzi, in Italia tutti si vorrebbero chi**are <strong>Belen<\/strong>, ma nessuno ci si vuole <strong>innamorare<\/strong>, l\u2019unico che ci \u00e8 cascato \u00e8 stato lui\u2019. lo dico con tutta la simpatia,\u00a0non voglio essere cattivo,\u00a0per\u00f2 voglio dire\u2026\u00a0per portare Belen non va bene la <strong>patente <\/strong>che hanno 'sti ragazzi!\u201d<\/em>.<\/p>\n<figure class=\"caption\"><img decoding=\"async\" alt=\"Belen Rodriguez, 36 anni, secondo Rocco pu\u00f2 mandare un uomo 'al manicomio'\" width=\"640\" height=\"819\" src=\"https:\/\/files.gossip.it\/immagini_news\/2020\/11\/1605873564_belen_rodriguez.jpg\" \/><figcaption>Belen Rodriguez, 36 anni, secondo Rocco pu\u00f2 mandare un uomo 'al manicomio'<\/figcaption><\/figure>\n<p>Secondo Rocco la 36enne argentina \u00e8 molto <strong>difficile<\/strong> da gestire come donna e non tutti gli uomini hanno le capacit\u00e0 di affrontare un rapporto complesso. <em>\u201cCi vuole una patente molto pi\u00f9 importante, perch\u00e9 quella costa, \u00e8 difficile da gestire\u2026<strong>\u00a0ti manda al manicomio<\/strong>!\u00a0Ecco, purtroppo questo ragazzo ha avuto la sfiga di essere invidiato dall\u2019Italia intera per Belen. Per\u00f2 alla fine <strong>gestirla<\/strong> \u00e8 dura. Molto dura, con tutto il bene che le voglio\u201d<\/em>, ha concluso.<\/p>\n<p>\u00a0<\/p>\n","protected":false},"excerpt":{"rendered":"<p>Rocco Siffredi pensa che Belen possa mandare un uomo \u201cal manicomio\u201d e che forse Andrea Iannone non abbia saputo gestire bene la relazione con la showgirl. Rocco Siffredi, 56 anni, ha parlato di Andrea Iannone e Belen Rodriguez L\u2019attore a luci rosse, il pi\u00f9 famoso d\u2019Italia, ha commentato la recente condanna del tribunale di Losanna [&hellip;]<\/p>\n","protected":false},"author":1,"featured_media":124539,"comment_status":"closed","ping_status":"closed","sticky":false,"template":"","format":"standard","meta":{"footnotes":""},"categories":[54],"tags":[],"vip":[396,1601],"class_list":["post-68493","post","type-post","status-publish","format-standard","has-post-thumbnail","hentry","category-news","vip-belen_rodriguez","vip-rocco_siffredi"],"yoast_head":"<title>Rocco Siffredi: &#039;Belen ti manda al manicomio\u2019 - Gossip.it | News sul Gossip e VIP<\/title>\n<meta name=\"description\" content=\"Rocco Siffredi pensa che Belen possa mandare un uomo \u201cal manicomio\u201d e che forse Andrea Iannone non abbia saputo gestire bene la relazione con la\" \/>\n<meta name=\"robots\" content=\"index, follow, max-snippet:-1, max-image-preview:large, max-video-preview:-1\" \/>\n<link rel=\"canonical\" href=\"https:\/\/www.gossip.it\/news\/rocco-siffredi-belen-manicomio\/\" \/>\n<meta property=\"og:locale\" content=\"it_IT\" \/>\n<meta property=\"og:type\" content=\"article\" \/>\n<meta property=\"og:title\" content=\"Rocco Siffredi: &#039;Belen ti manda al manicomio\u2019 - Gossip.it | News sul Gossip e VIP\" \/>\n<meta property=\"og:description\" content=\"Rocco Siffredi pensa che Belen possa mandare un uomo \u201cal manicomio\u201d e che forse Andrea Iannone non abbia saputo gestire bene la relazione con la\" \/>\n<meta property=\"og:url\" content=\"https:\/\/www.gossip.it\/news\/rocco-siffredi-belen-manicomio\/\" \/>\n<meta property=\"og:site_name\" content=\"Gossip.it | News sul Gossip e VIP\" \/>\n<meta property=\"article:publisher\" content=\"https:\/\/www.facebook.com\/GossipIT\" \/>\n<meta property=\"article:published_time\" content=\"2020-11-19T23:00:00+00:00\" \/>\n<meta property=\"og:image\" content=\"https:\/\/files.gossip.it\/immagini_news\/2020\/11\/1605873592_rocco_siffredi.jpg\" \/>\n<meta name=\"author\" content=\"La Redazione\" \/>\n<meta name=\"twitter:card\" content=\"summary_large_image\" \/>\n<meta name=\"twitter:image\" content=\"https:\/\/files.gossip.it\/immagini_news\/2020\/11\/1605873592_rocco_siffredi.jpg\" \/>\n<meta name=\"twitter:creator\" content=\"@gossinews_it\" \/>\n<meta name=\"twitter:site\" content=\"@gossinews_it\" \/>\n<meta name=\"twitter:label1\" content=\"Scritto da\" \/>\n\t<meta name=\"twitter:data1\" content=\"la Redazione\" \/>\n\t<meta name=\"twitter:label2\" content=\"Tempo di lettura stimato\" \/>\n\t<meta name=\"twitter:data2\" content=\"1 minuto\" \/>","yoast_head_json":{"title":"Rocco Siffredi: 'Belen ti manda al manicomio\u2019 - Gossip.it | News sul Gossip e VIP","description":"Rocco Siffredi pensa che Belen possa mandare un uomo \u201cal manicomio\u201d e che forse Andrea Iannone non abbia saputo gestire bene la relazione con la","robots":{"index":"index","follow":"follow","max-snippet":"max-snippet:-1","max-image-preview":"max-image-preview:large","max-video-preview":"max-video-preview:-1"},"canonical":"https:\/\/www.gossip.it\/news\/rocco-siffredi-belen-manicomio\/","og_locale":"it_IT","og_type":"article","og_title":"Rocco Siffredi: 'Belen ti manda al manicomio\u2019 - Gossip.it | News sul Gossip e VIP","og_description":"Rocco Siffredi pensa che Belen possa mandare un uomo \u201cal manicomio\u201d e che forse Andrea Iannone non abbia saputo gestire bene la relazione con la","og_url":"https:\/\/www.gossip.it\/news\/rocco-siffredi-belen-manicomio\/","og_site_name":"Gossip.it | News sul Gossip e VIP","article_publisher":"https:\/\/www.facebook.com\/GossipIT","article_published_time":"2020-11-19T23:00:00+00:00","og_image":[{"url":"https:\/\/files.gossip.it\/immagini_news\/2020\/11\/1605873592_rocco_siffredi.jpg"}],"author":"La Redazione","twitter_card":"summary_large_image","twitter_image":"https:\/\/files.gossip.it\/immagini_news\/2020\/11\/1605873592_rocco_siffredi.jpg","twitter_creator":"@gossinews_it","twitter_site":"@gossinews_it","twitter_misc":{"Scritto da":"la Redazione","Tempo di lettura stimato":"1 minuto"},"schema":{"@context":"https:\/\/schema.org","@graph":[{"@type":"Article","@id":"https:\/\/www.gossip.it\/news\/rocco-siffredi-belen-manicomio\/#article","isPartOf":{"@id":"https:\/\/www.gossip.it\/news\/rocco-siffredi-belen-manicomio\/"},"author":{"name":"La Redazione","@id":"https:\/\/www.gossip.it\/#\/schema\/person\/488896f75158bff1cc83c6c39d141110"},"headline":"Rocco Siffredi: 'Belen ti manda al manicomio\u2019","datePublished":"2020-11-19T23:00:00+00:00","dateModified":"2020-11-19T23:00:00+00:00","mainEntityOfPage":{"@id":"https:\/\/www.gossip.it\/news\/rocco-siffredi-belen-manicomio\/"},"wordCount":235,"publisher":{"@id":"https:\/\/www.gossip.it\/#organization"},"image":{"@id":"https:\/\/www.gossip.it\/news\/rocco-siffredi-belen-manicomio\/#primaryimage"},"thumbnailUrl":"https:\/\/files.gossip.it\/immagini_news\/2020\/11\/1605873592_rocco_siffredi.jpg","articleSection":["News"],"inLanguage":"it-IT"},{"@type":"WebPage","@id":"https:\/\/www.gossip.it\/news\/rocco-siffredi-belen-manicomio\/","url":"https:\/\/www.gossip.it\/news\/rocco-siffredi-belen-manicomio\/","name":"Rocco Siffredi: 'Belen ti manda al manicomio\u2019 - Gossip.it | News sul Gossip e VIP","isPartOf":{"@id":"https:\/\/www.gossip.it\/#website"},"primaryImageOfPage":{"@id":"https:\/\/www.gossip.it\/news\/rocco-siffredi-belen-manicomio\/#primaryimage"},"image":{"@id":"https:\/\/www.gossip.it\/news\/rocco-siffredi-belen-manicomio\/#primaryimage"},"thumbnailUrl":"https:\/\/files.gossip.it\/immagini_news\/2020\/11\/1605873592_rocco_siffredi.jpg","datePublished":"2020-11-19T23:00:00+00:00","dateModified":"2020-11-19T23:00:00+00:00","description":"Rocco Siffredi pensa che Belen possa mandare un uomo \u201cal manicomio\u201d e che forse Andrea Iannone non abbia saputo gestire bene la relazione con la","breadcrumb":{"@id":"https:\/\/www.gossip.it\/news\/rocco-siffredi-belen-manicomio\/#breadcrumb"},"inLanguage":"it-IT","potentialAction":[{"@type":"ReadAction","target":["https:\/\/www.gossip.it\/news\/rocco-siffredi-belen-manicomio\/"]}]},{"@type":"ImageObject","inLanguage":"it-IT","@id":"https:\/\/www.gossip.it\/news\/rocco-siffredi-belen-manicomio\/#primaryimage","url":"https:\/\/files.gossip.it\/immagini_news\/2020\/11\/1605873592_rocco_siffredi.jpg","contentUrl":"https:\/\/files.gossip.it\/immagini_news\/2020\/11\/1605873592_rocco_siffredi.jpg"},{"@type":"BreadcrumbList","@id":"https:\/\/www.gossip.it\/news\/rocco-siffredi-belen-manicomio\/#breadcrumb","itemListElement":[{"@type":"ListItem","position":1,"name":"Home","item":"https:\/\/www.gossip.it\/"},{"@type":"ListItem","position":2,"name":"Rocco Siffredi: 'Belen ti manda al manicomio\u2019"}]},{"@type":"WebSite","@id":"https:\/\/www.gossip.it\/#website","url":"https:\/\/www.gossip.it\/","name":"Gossip and VIP News","description":"Quotidiano di cronaca rosa, costume e societ\u00e0","publisher":{"@id":"https:\/\/www.gossip.it\/#organization"},"alternateName":"Gossip and VIP News","potentialAction":[{"@type":"SearchAction","target":{"@type":"EntryPoint","urlTemplate":"https:\/\/www.gossip.it\/?s={search_term_string}"},"query-input":{"@type":"PropertyValueSpecification","valueRequired":true,"valueName":"search_term_string"}}],"inLanguage":"it-IT"},{"@type":"Organization","@id":"https:\/\/www.gossip.it\/#organization","name":"Gossip and VIP News","alternateName":"Gossip News","url":"https:\/\/www.gossip.it\/","logo":{"@type":"ImageObject","inLanguage":"it-IT","@id":"https:\/\/www.gossip.it\/#\/schema\/logo\/image\/","url":"https:\/\/www.gossip.it\/wp-content\/uploads\/2022\/04\/cropped-corna-alta-tiny.png","contentUrl":"https:\/\/www.gossip.it\/wp-content\/uploads\/2022\/04\/cropped-corna-alta-tiny.png","width":512,"height":512,"caption":"Gossip and VIP News"},"image":{"@id":"https:\/\/www.gossip.it\/#\/schema\/logo\/image\/"},"sameAs":["https:\/\/www.facebook.com\/GossipIT","https:\/\/x.com\/gossinews_it","https:\/\/instagram.com\/gossip_it"]},{"@type":"Person","@id":"https:\/\/www.gossip.it\/#\/schema\/person\/488896f75158bff1cc83c6c39d141110","name":"La Redazione","image":{"@type":"ImageObject","inLanguage":"it-IT","@id":"https:\/\/www.gossip.it\/#\/schema\/person\/image\/","url":"https:\/\/secure.gravatar.com\/avatar\/5a5f5c6fa3e6700e4249abdad0263a1e94e927d9e0499b1cb09c1cd29c044d80?s=96&d=mm&r=g","contentUrl":"https:\/\/secure.gravatar.com\/avatar\/5a5f5c6fa3e6700e4249abdad0263a1e94e927d9e0499b1cb09c1cd29c044d80?s=96&d=mm&r=g","caption":"La Redazione"},"sameAs":["https:\/\/www.gossip.it"]}]}},"amp_enabled":true,"_links":{"self":[{"href":"https:\/\/www.gossip.it\/api\/wp\/v2\/posts\/68493","targetHints":{"allow":["GET"]}}],"collection":[{"href":"https:\/\/www.gossip.it\/api\/wp\/v2\/posts"}],"about":[{"href":"https:\/\/www.gossip.it\/api\/wp\/v2\/types\/post"}],"author":[{"embeddable":true,"href":"https:\/\/www.gossip.it\/api\/wp\/v2\/users\/1"}],"replies":[{"embeddable":true,"href":"https:\/\/www.gossip.it\/api\/wp\/v2\/comments?post=68493"}],"version-history":[{"count":0,"href":"https:\/\/www.gossip.it\/api\/wp\/v2\/posts\/68493\/revisions"}],"wp:featuredmedia":[{"embeddable":true,"href":"https:\/\/www.gossip.it\/api\/wp\/v2\/media\/124539"}],"wp:attachment":[{"href":"https:\/\/www.gossip.it\/api\/wp\/v2\/media?parent=68493"}],"wp:term":[{"taxonomy":"category","embeddable":true,"href":"https:\/\/www.gossip.it\/api\/wp\/v2\/categories?post=68493"},{"taxonomy":"post_tag","embeddable":true,"href":"https:\/\/www.gossip.it\/api\/wp\/v2\/tags?post=68493"},{"taxonomy":"vip","embeddable":true,"href":"https:\/\/www.gossip.it\/api\/wp\/v2\/vip?post=68493"}],"curies":[{"name":"wp","href":"https:\/\/api.w.org\/{rel}","templated":true}]}}