{"id":68624,"date":"2020-12-09T00:00:00","date_gmt":"2020-12-08T23:00:00","guid":{"rendered":"https:\/\/www.gossip.it\/senza-categoria\/seredova-santarelli-cosa-faranno-natale\/"},"modified":"2020-12-09T00:00:00","modified_gmt":"2020-12-08T23:00:00","slug":"seredova-santarelli-cosa-faranno-natale","status":"publish","type":"post","link":"https:\/\/www.gossip.it\/news\/seredova-santarelli-cosa-faranno-natale\/","title":{"rendered":"Dalla Seredova alla Santarelli: ecco cosa faranno a Natale"},"content":{"rendered":"<p>Il <strong>Natale<\/strong> \u00e8 sempre pi\u00f9 vicino: dalla <a href=\"\/vip\/seredova\/\">Seredova<\/a> alla <a href=\"\/vip\/santarelli\/\">Santarelli<\/a>, i vip sono pronti a festeggiarlo senza essere troppo scoraggiati dalle regole anti Covid che renderanno queste festivit\u00e0 sicuramente diverse dal solito, senza viaggi sulle localit\u00e0 innevate o in cui primeggiano le mete esotiche. Ecco <strong>cosa faranno<\/strong> i famosi il prossimo <strong>Natale<\/strong>, lo raccontano a<em> Chi.<\/em><\/p>\n<figure class=\"caption\"><img decoding=\"async\" alt=\"Dalla Seredova alla Santarelli: ecco cosa faranno a Natale\" width=\"640\" height=\"772\" src=\"https:\/\/files.gossip.it\/immagini_news\/2020\/12\/1607520352_alena_seredova_natale.jpg\" \/><figcaption>Dalla Seredova alla Santarelli: ecco cosa faranno a Natale<\/figcaption><\/figure>\n<p><a href=\"\/vip\/alena-seredova\/\">Alena Seredova<\/a> questa volta non voler\u00e0 nella sua citt\u00e0. <em>\u201cIo sono di Praga, non \u00e8 che devo limitarmi a scollinare un comune! Cos\u00ec, probabilmente per la prima volta nella mia vita, per la prima volta in ben 42 anni, non far\u00f2 il Natale con i miei genitori. Avrei voluto andarci, per di pi\u00f9 io sono immune, ma in ogni caso c\u2019\u00e8 la quarantena, dunque non si pu\u00f2. Trascorrer\u00f2 il Natale con i miei figli: Louis e David e la piccola Vivienne Charlotte. I ragazzi di solito passano la vigilia con me e il 25 con Gigi, vedremo come fare\u201d,<\/em> spiega la showgirl ceca.<\/p>\n<figure class=\"caption\"><img decoding=\"async\" alt=\"\" width=\"640\" height=\"777\" src=\"https:\/\/files.gossip.it\/immagini_news\/2020\/12\/1607520373_elena_santarelli_natale.jpg\" \/><figcaption>Elena se il Dpcm lo permetter\u00e0 andr\u00e0 a Latina dai parenti, altrimenti rimarr\u00e0 a casa sua a Roma<\/figcaption><\/figure>\n<p><a href=\"\/vip\/elena-santarelli\/\">Elena Santarelli<\/a> \u00e8 abituata a festeggiare dal 24 al 26 dicembre: \u201c<em>Se il Dpcm lo consentir\u00e0 andr\u00f2 a Latina dai miei o loro verranno da me, altrimenti staremo noi quattro <\/em>(lei, il marito <a href=\"\/vip\/bernardo-corradi\/\">Bernardo Corradi<\/a> e i figli Giacomo e Greta, ndr), <em>cuciner\u00f2 pesce il 24 e lasagne il 25 e non la vivr\u00f2 come una limitazione, ma come una cosa necessaria per il bene di tutti. Ci sono cose ben peggiori di dover passare il Natale a casa, non lamentiamoci! Ricordo Natali ben pi\u00f9 sobri, come nel 2017 e 2018, quando eravamo pieni di paure per la salute di mio figlio\u201d.<\/em><\/p>\n<figure class=\"caption\"><img decoding=\"async\" alt=\"\" width=\"640\" height=\"714\" src=\"https:\/\/files.gossip.it\/immagini_news\/2020\/12\/1607520414_cristina_parodi_natale.jpg\" \/><figcaption>iCristina Parodi rester\u00e0 a Bergamo e accoglier\u00e0 i figli di rotorno dall'estero<\/figcaption><\/figure>\n<p><a href=\"\/vip\/cristina-parodi\/\">Cristina Parodi<\/a> rester\u00e0 nella sua Bergamo, citt\u00e0 di cui il marito <a href=\"\/vip\/giorgio-gori\/\">Giorgio Gori<\/a> \u00e8 il sindaco: <em>\u201cPasseremo la vigilia in casa nostra a Bergamo, con i nostri figli Alessandro, Benedetta e Angelica, che torneranno da Londra e Amsterdam. Non sappiamo se riusciremo ad avere con noi anche i fratelli di Giorgio\u201d.<\/em> <em>\u201cStaremo solo con i familiari stretti. Il menu della vigilia comprende i ravioli di magro, pesce, lenticchie e ovviamente il panettone <\/em>- aggiunge la giornalista e conduttrice -\u00a0<em> Per il pranzo di Natale mia sorella Benedetta cucina il suo strepitoso tacchino ripieno, ma chiss\u00e0 se quest\u2019anno riusciremo a mangiarlo... Noi siamo a Bergamo e loro a Milano\u2026\u201d.<\/em><\/p>\n<figure class=\"caption\"><img decoding=\"async\" alt=\"\" width=\"640\" height=\"830\" src=\"https:\/\/files.gossip.it\/immagini_news\/2020\/12\/1607520448_alba_parietti_natale.jpg\" \/><figcaption>Alba Parietti star\u00e0 a Basiglio con le amiche, il figlio Francesco e la fidanzata Cristina<\/figcaption><\/figure>\n<p>Alba Parietti ha un forte desiderio: <em>\u201cVorrei trascorrere il Natale nella mia casa di Basiglio con la mia famiglia, che non ho pi\u00f9. Al suo posto ci sono le mie amiche storiche e mio figlio Francesco con la sua fidanzata Cristina\u201d.<\/em><\/p>\n<figure class=\"caption\"><img decoding=\"async\" alt=\"\" width=\"640\" height=\"680\" src=\"https:\/\/files.gossip.it\/immagini_news\/2020\/12\/1607520490_milly_carlucci_natale.jpg\" \/><figcaption>Milly Carlucci spera di riabbracciare i figli che lavorano fuori dall'Italia<\/figcaption><\/figure>\n<p><em>\"Sar\u00e0 un Natale stranissimo\u201d, <\/em>dice <a href=\"\/vip\/milly-carlucci\/\">Milly Carlucci<\/a>. Poi continua: <em>\u201cSto ancora cercando di capire se potr\u00f2 ospitare a casa qualche congiunto, anche se di certo \u00e8 esclusa la solita cena del 24 con tutto il clan familiare e il pranzo del 25 allargato agli amici single. Forse non vedr\u00f2 neanche tutti e due i miei figli, perch\u00e9 uno lavora in Inghilterra, e se venisse dovrebbe fare la quarantena\u201d.<\/em> Alla conduttrice mancher\u00e0 la messa di mezzanotte e la tombola tutti insieme\u2026<\/p>\n<p>\u00a0<\/p>\n<p>\u00a0<\/p>\n","protected":false},"excerpt":{"rendered":"<p>Il Natale \u00e8 sempre pi\u00f9 vicino: dalla Seredova alla Santarelli, i vip sono pronti a festeggiarlo senza essere troppo scoraggiati dalle regole anti Covid che renderanno queste festivit\u00e0 sicuramente diverse dal solito, senza viaggi sulle localit\u00e0 innevate o in cui primeggiano le mete esotiche. Ecco cosa faranno i famosi il prossimo Natale, lo raccontano a [&hellip;]<\/p>\n","protected":false},"author":1,"featured_media":124670,"comment_status":"closed","ping_status":"closed","sticky":false,"template":"","format":"standard","meta":{"footnotes":""},"categories":[54],"tags":[2104,2335,2102,61451,2465,13605,61450,61449],"vip":[231,246,543,627,1364],"class_list":["post-68624","post","type-post","status-publish","format-standard","has-post-thumbnail","hentry","category-news","tag-chi","tag-cosa","tag-dichiarazioni","tag-faranno","tag-natale","tag-natale-2020","tag-santarelli","tag-seredova","vip-alba_parietti","vip-alena_seredova","vip-cristina_parodi","vip-elena_santarelli","vip-milly_carlucci"],"yoast_head":"<title>Dalla Seredova alla Santarelli: ecco cosa faranno a Natale - Gossip.it | News sul Gossip e VIP<\/title>\n<meta name=\"description\" content=\"Il Natale \u00e8 sempre pi\u00f9 vicino: dalla Seredova alla Santarelli, i vip sono pronti a festeggiarlo senza essere troppo scoraggiati dalle regole anti Covid\" \/>\n<meta name=\"robots\" content=\"index, follow, max-snippet:-1, max-image-preview:large, max-video-preview:-1\" \/>\n<link rel=\"canonical\" href=\"https:\/\/www.gossip.it\/news\/seredova-santarelli-cosa-faranno-natale\/\" \/>\n<meta property=\"og:locale\" content=\"it_IT\" \/>\n<meta property=\"og:type\" content=\"article\" \/>\n<meta property=\"og:title\" content=\"Dalla Seredova alla Santarelli: ecco cosa faranno a Natale - Gossip.it | News sul Gossip e VIP\" \/>\n<meta property=\"og:description\" content=\"Il Natale \u00e8 sempre pi\u00f9 vicino: dalla Seredova alla Santarelli, i vip sono pronti a festeggiarlo senza essere troppo scoraggiati dalle regole anti Covid\" \/>\n<meta property=\"og:url\" content=\"https:\/\/www.gossip.it\/news\/seredova-santarelli-cosa-faranno-natale\/\" \/>\n<meta property=\"og:site_name\" content=\"Gossip.it | News sul Gossip e VIP\" \/>\n<meta property=\"article:publisher\" content=\"https:\/\/www.facebook.com\/GossipIT\" \/>\n<meta property=\"article:published_time\" content=\"2020-12-08T23:00:00+00:00\" \/>\n<meta property=\"og:image\" content=\"https:\/\/files.gossip.it\/immagini_news\/2020\/12\/1607520352_alena_seredova_natale.jpg\" \/>\n<meta name=\"author\" content=\"La Redazione\" \/>\n<meta name=\"twitter:card\" content=\"summary_large_image\" \/>\n<meta name=\"twitter:image\" content=\"https:\/\/files.gossip.it\/immagini_news\/2020\/12\/1607520352_alena_seredova_natale.jpg\" \/>\n<meta name=\"twitter:creator\" content=\"@gossinews_it\" \/>\n<meta name=\"twitter:site\" content=\"@gossinews_it\" \/>\n<meta name=\"twitter:label1\" content=\"Scritto da\" \/>\n\t<meta name=\"twitter:data1\" content=\"Annamaria Capozzi\" \/>\n\t<meta name=\"twitter:label2\" content=\"Tempo di lettura stimato\" \/>\n\t<meta name=\"twitter:data2\" content=\"3 minuti\" \/>","yoast_head_json":{"title":"Dalla Seredova alla Santarelli: ecco cosa faranno a Natale - Gossip.it | News sul Gossip e VIP","description":"Il Natale \u00e8 sempre pi\u00f9 vicino: dalla Seredova alla Santarelli, i vip sono pronti a festeggiarlo senza essere troppo scoraggiati dalle regole anti Covid","robots":{"index":"index","follow":"follow","max-snippet":"max-snippet:-1","max-image-preview":"max-image-preview:large","max-video-preview":"max-video-preview:-1"},"canonical":"https:\/\/www.gossip.it\/news\/seredova-santarelli-cosa-faranno-natale\/","og_locale":"it_IT","og_type":"article","og_title":"Dalla Seredova alla Santarelli: ecco cosa faranno a Natale - Gossip.it | News sul Gossip e VIP","og_description":"Il Natale \u00e8 sempre pi\u00f9 vicino: dalla Seredova alla Santarelli, i vip sono pronti a festeggiarlo senza essere troppo scoraggiati dalle regole anti Covid","og_url":"https:\/\/www.gossip.it\/news\/seredova-santarelli-cosa-faranno-natale\/","og_site_name":"Gossip.it | News sul Gossip e VIP","article_publisher":"https:\/\/www.facebook.com\/GossipIT","article_published_time":"2020-12-08T23:00:00+00:00","og_image":[{"url":"https:\/\/files.gossip.it\/immagini_news\/2020\/12\/1607520352_alena_seredova_natale.jpg"}],"author":"La Redazione","twitter_card":"summary_large_image","twitter_image":"https:\/\/files.gossip.it\/immagini_news\/2020\/12\/1607520352_alena_seredova_natale.jpg","twitter_creator":"@gossinews_it","twitter_site":"@gossinews_it","twitter_misc":{"Scritto da":"Annamaria Capozzi","Tempo di lettura stimato":"3 minuti"},"schema":{"@context":"https:\/\/schema.org","@graph":[{"@type":"Article","@id":"https:\/\/www.gossip.it\/news\/seredova-santarelli-cosa-faranno-natale\/#article","isPartOf":{"@id":"https:\/\/www.gossip.it\/news\/seredova-santarelli-cosa-faranno-natale\/"},"author":{"name":"La Redazione","@id":"https:\/\/www.gossip.it\/#\/schema\/person\/488896f75158bff1cc83c6c39d141110"},"headline":"Dalla Seredova alla Santarelli: ecco cosa faranno a Natale","datePublished":"2020-12-08T23:00:00+00:00","dateModified":"2020-12-08T23:00:00+00:00","mainEntityOfPage":{"@id":"https:\/\/www.gossip.it\/news\/seredova-santarelli-cosa-faranno-natale\/"},"wordCount":552,"publisher":{"@id":"https:\/\/www.gossip.it\/#organization"},"image":{"@id":"https:\/\/www.gossip.it\/news\/seredova-santarelli-cosa-faranno-natale\/#primaryimage"},"thumbnailUrl":"https:\/\/files.gossip.it\/immagini_news\/2020\/12\/1607520352_alena_seredova_natale.jpg","keywords":["chi","cosa","dichiarazioni","faranno","natale","natale 2020","santarelli","seredova"],"articleSection":["News"],"inLanguage":"it-IT"},{"@type":"WebPage","@id":"https:\/\/www.gossip.it\/news\/seredova-santarelli-cosa-faranno-natale\/","url":"https:\/\/www.gossip.it\/news\/seredova-santarelli-cosa-faranno-natale\/","name":"Dalla Seredova alla Santarelli: ecco cosa faranno a Natale - Gossip.it | News sul Gossip e VIP","isPartOf":{"@id":"https:\/\/www.gossip.it\/#website"},"primaryImageOfPage":{"@id":"https:\/\/www.gossip.it\/news\/seredova-santarelli-cosa-faranno-natale\/#primaryimage"},"image":{"@id":"https:\/\/www.gossip.it\/news\/seredova-santarelli-cosa-faranno-natale\/#primaryimage"},"thumbnailUrl":"https:\/\/files.gossip.it\/immagini_news\/2020\/12\/1607520352_alena_seredova_natale.jpg","datePublished":"2020-12-08T23:00:00+00:00","dateModified":"2020-12-08T23:00:00+00:00","description":"Il Natale \u00e8 sempre pi\u00f9 vicino: dalla Seredova alla Santarelli, i vip sono pronti a festeggiarlo senza essere troppo scoraggiati dalle regole anti Covid","breadcrumb":{"@id":"https:\/\/www.gossip.it\/news\/seredova-santarelli-cosa-faranno-natale\/#breadcrumb"},"inLanguage":"it-IT","potentialAction":[{"@type":"ReadAction","target":["https:\/\/www.gossip.it\/news\/seredova-santarelli-cosa-faranno-natale\/"]}]},{"@type":"ImageObject","inLanguage":"it-IT","@id":"https:\/\/www.gossip.it\/news\/seredova-santarelli-cosa-faranno-natale\/#primaryimage","url":"https:\/\/files.gossip.it\/immagini_news\/2020\/12\/1607520352_alena_seredova_natale.jpg","contentUrl":"https:\/\/files.gossip.it\/immagini_news\/2020\/12\/1607520352_alena_seredova_natale.jpg"},{"@type":"BreadcrumbList","@id":"https:\/\/www.gossip.it\/news\/seredova-santarelli-cosa-faranno-natale\/#breadcrumb","itemListElement":[{"@type":"ListItem","position":1,"name":"Home","item":"https:\/\/www.gossip.it\/"},{"@type":"ListItem","position":2,"name":"Dalla Seredova alla Santarelli: ecco cosa faranno a Natale"}]},{"@type":"WebSite","@id":"https:\/\/www.gossip.it\/#website","url":"https:\/\/www.gossip.it\/","name":"Gossip and VIP News","description":"Quotidiano di cronaca rosa, costume e societ\u00e0","publisher":{"@id":"https:\/\/www.gossip.it\/#organization"},"alternateName":"Gossip and VIP News","potentialAction":[{"@type":"SearchAction","target":{"@type":"EntryPoint","urlTemplate":"https:\/\/www.gossip.it\/?s={search_term_string}"},"query-input":{"@type":"PropertyValueSpecification","valueRequired":true,"valueName":"search_term_string"}}],"inLanguage":"it-IT"},{"@type":"Organization","@id":"https:\/\/www.gossip.it\/#organization","name":"Gossip and VIP News","alternateName":"Gossip News","url":"https:\/\/www.gossip.it\/","logo":{"@type":"ImageObject","inLanguage":"it-IT","@id":"https:\/\/www.gossip.it\/#\/schema\/logo\/image\/","url":"https:\/\/www.gossip.it\/wp-content\/uploads\/2022\/04\/cropped-corna-alta-tiny.png","contentUrl":"https:\/\/www.gossip.it\/wp-content\/uploads\/2022\/04\/cropped-corna-alta-tiny.png","width":512,"height":512,"caption":"Gossip and VIP News"},"image":{"@id":"https:\/\/www.gossip.it\/#\/schema\/logo\/image\/"},"sameAs":["https:\/\/www.facebook.com\/GossipIT","https:\/\/x.com\/gossinews_it","https:\/\/instagram.com\/gossip_it"]},{"@type":"Person","@id":"https:\/\/www.gossip.it\/#\/schema\/person\/488896f75158bff1cc83c6c39d141110","name":"La Redazione","image":{"@type":"ImageObject","inLanguage":"it-IT","@id":"https:\/\/www.gossip.it\/#\/schema\/person\/image\/","url":"https:\/\/secure.gravatar.com\/avatar\/5a5f5c6fa3e6700e4249abdad0263a1e94e927d9e0499b1cb09c1cd29c044d80?s=96&d=mm&r=g","contentUrl":"https:\/\/secure.gravatar.com\/avatar\/5a5f5c6fa3e6700e4249abdad0263a1e94e927d9e0499b1cb09c1cd29c044d80?s=96&d=mm&r=g","caption":"La Redazione"},"sameAs":["https:\/\/www.gossip.it"]}]}},"amp_enabled":true,"_links":{"self":[{"href":"https:\/\/www.gossip.it\/api\/wp\/v2\/posts\/68624","targetHints":{"allow":["GET"]}}],"collection":[{"href":"https:\/\/www.gossip.it\/api\/wp\/v2\/posts"}],"about":[{"href":"https:\/\/www.gossip.it\/api\/wp\/v2\/types\/post"}],"author":[{"embeddable":true,"href":"https:\/\/www.gossip.it\/api\/wp\/v2\/users\/1"}],"replies":[{"embeddable":true,"href":"https:\/\/www.gossip.it\/api\/wp\/v2\/comments?post=68624"}],"version-history":[{"count":0,"href":"https:\/\/www.gossip.it\/api\/wp\/v2\/posts\/68624\/revisions"}],"wp:featuredmedia":[{"embeddable":true,"href":"https:\/\/www.gossip.it\/api\/wp\/v2\/media\/124670"}],"wp:attachment":[{"href":"https:\/\/www.gossip.it\/api\/wp\/v2\/media?parent=68624"}],"wp:term":[{"taxonomy":"category","embeddable":true,"href":"https:\/\/www.gossip.it\/api\/wp\/v2\/categories?post=68624"},{"taxonomy":"post_tag","embeddable":true,"href":"https:\/\/www.gossip.it\/api\/wp\/v2\/tags?post=68624"},{"taxonomy":"vip","embeddable":true,"href":"https:\/\/www.gossip.it\/api\/wp\/v2\/vip?post=68624"}],"curies":[{"name":"wp","href":"https:\/\/api.w.org\/{rel}","templated":true}]}}