{"id":68698,"date":"2020-12-22T00:00:00","date_gmt":"2020-12-21T23:00:00","guid":{"rendered":"https:\/\/www.gossip.it\/senza-categoria\/rodriguez-vacanza-sulla-neve\/"},"modified":"2020-12-22T00:00:00","modified_gmt":"2020-12-21T23:00:00","slug":"rodriguez-vacanza-sulla-neve","status":"publish","type":"post","link":"https:\/\/www.gossip.it\/news\/rodriguez-vacanza-sulla-neve\/","title":{"rendered":"La pandemia non ferma i Rodriguez: la vacanza sulla neve \u00e8 da sogno"},"content":{"rendered":"<p>La pandemia e le restrizioni non fermano i <a href=\"\/vip\/rodriguez\/\">Rodriguez<\/a>. <a href=\"\/vip\/belen\/\">Belen<\/a> e la sua famiglia <strong>sulla neve<\/strong> vivono una <strong>vacanza<\/strong> da sogno. E\u2019 solo l\u2019inizio, ma la showgirl \u00e8 al settimo cielo e se la gode. Appassionata con il fidanzato <a href=\"\/vip\/antonino-spinalbese\/\">Antonino Spinalbese<\/a>, assapora ogni attimo trascorso con il figlio <a href=\"\/vip\/santiago\/\">Santiago<\/a>, ormai complice con l\u2019hair stylist 25enne, la sorella <a href=\"\/vip\/cecilia\/\">Cecilia<\/a>, accompagnata dall\u2019inseparabile <a href=\"\/vip\/ignazio-moser\/\">Ignazio Moser<\/a>, il fratello <a href=\"\/vip\/jeremias\/\">Jeremias<\/a>, insieme alla sua <a href=\"\/vip\/deborah-togni\/\">Deborah Togni<\/a>, e i genitori Veronica e Gustavo.<\/p>\n<figure class=\"caption\"><img decoding=\"async\" alt=\"La pandemia non ferma i Rodriguez: la vacanza sulla neve \u00e8 da sogno\" width=\"640\" height=\"875\" src=\"https:\/\/files.gossip.it\/immagini_news\/2020\/12\/1608633483_rodriguez_1.jpg\" \/><figcaption>La pandemia non ferma i Rodriguez: la vacanza sulla neve \u00e8 da sogno<\/figcaption><\/figure>\n<p>L\u2019allegra comitiva \u00e8 entusiasta del paesaggio imponente delle Dolomiti. In Val di Sole, in Trentino, \u00e8 tutto magnifico. Cos\u00ec al mattino presto ci si alza, si lascia il confortevolissimo chalet di 65 metri quadri che ognuno di loro occupa con il proprio <em>\u2018congiunto\u2019 <\/em>e ci si ritrova per una sana e gustosa colazione.<\/p>\n<div class=\"video_integrato\" data-videoid=\"7414\" data-autostart=\"true\">\u00a0<\/div>\n<figure class=\"caption\"><img decoding=\"async\" alt=\"\" width=\"640\" height=\"731\" src=\"https:\/\/files.gossip.it\/immagini_news\/2020\/12\/1608633502_rodriguez_2.jpg\" \/><figcaption>Ceci bacia Ignazio Moser: i due sono felici con gli altri<\/figcaption><\/figure>\n<p>Poi, con grande entusiasmo, si va a fare una lunga passeggiata con le ciaspole, senza aver paura di stancarsi. Si attraversano ponti, si osservano piccoli ruscelli, boschi che sembrano incantati.<\/p>\n<figure class=\"caption\"><img decoding=\"async\" alt=\"\" width=\"640\" height=\"955\" src=\"https:\/\/files.gossip.it\/immagini_news\/2020\/12\/1608633540_rodriguez_3.jpg\" \/><figcaption>Per tutti una passeggiata con le ciaspole in montagna<\/figcaption><\/figure>\n<p>Quando si arriva alla meta, non c\u2019\u00e8 nessun problema: si torna indietro in motoslitta e nel lodge ci si concede un bella sauna e poi ci si rilassa nell'idromassaggio.<\/p>\n<figure class=\"caption\"><img decoding=\"async\" alt=\"\" width=\"640\" height=\"790\" src=\"https:\/\/files.gossip.it\/immagini_news\/2020\/12\/1608633567_rodriguez_4.jpg\" \/><figcaption>Poi si torna in hotel sulla motoslitta...<\/figcaption><\/figure>\n<p>Belen bacia Antonino. Con lui accanto ha ritrovato la serenit\u00e0. E\u2019 innamorata e con accanto la sua famiglia si sente protetta e felice. Santi non sta nella pelle e gioca a palle di neve con il nonno. Chechu gioisce accanto a Nacho: con loro c\u2019\u00e8 anche la cagnolina del cuore, Aspirina. Pure Jeremias \u00e8 molto contento.<\/p>\n<figure class=\"caption\"><img decoding=\"async\" alt=\"\" width=\"640\" height=\"789\" src=\"https:\/\/files.gossip.it\/immagini_news\/2020\/12\/1608633593_rodriguez_5.jpg\" \/><figcaption>Santiago con i nonni non sta nella pelle<\/figcaption><\/figure>\n<p>I <strong>Rodriguez<\/strong> si preparano a un Natale che li vede tutti insieme nel lussuosissimo Lovely Lodge Ravelli. In hotel trascorreranno anche il Capodanno, a quanto pare. Il loro viaggio \u00e8 appena cominciato: in questi giorni non smetteranno un istante di condividere tutto quel che accade in montagna.<\/p>\n","protected":false},"excerpt":{"rendered":"<p>La pandemia e le restrizioni non fermano i Rodriguez. Belen e la sua famiglia sulla neve vivono una vacanza da sogno. E\u2019 solo l\u2019inizio, ma la showgirl \u00e8 al settimo cielo e se la gode. Appassionata con il fidanzato Antonino Spinalbese, assapora ogni attimo trascorso con il figlio Santiago, ormai complice con l\u2019hair stylist 25enne, [&hellip;]<\/p>\n","protected":false},"author":1,"featured_media":124744,"comment_status":"closed","ping_status":"closed","sticky":false,"template":"","format":"standard","meta":{"footnotes":""},"categories":[54],"tags":[13374,13253,2298,2242,1929,61505,2241,6722,11393,7659,61504,1923,11979,61502,61503,8625],"vip":[396,474],"class_list":["post-68698","post","type-post","status-publish","format-standard","has-post-thumbnail","hentry","category-news","tag-antonino-spinalbese","tag-deborah-togni","tag-fidanzato","tag-gustavo-rodriguez","tag-ignazio-moser","tag-instasgram","tag-jeremias-rodriguez","tag-montagna","tag-rodriguez","tag-santiago","tag-showgirl-stories","tag-social","tag-trentino","tag-vacanza-sulla-neve","tag-val-di-sole","tag-veronica-cozzani","vip-belen_rodriguez","vip-cecilia_rodriguez"],"yoast_head":"<title>La pandemia non ferma i Rodriguez: la vacanza sulla neve \u00e8 da sogno - Gossip.it | News sul Gossip e VIP<\/title>\n<meta name=\"description\" content=\"La pandemia e le restrizioni non fermano i Rodriguez. Belen e la sua famiglia sulla neve vivono una vacanza da sogno. E\u2019 solo l\u2019inizio, ma la showgirl \u00e8\" \/>\n<meta name=\"robots\" content=\"index, follow, max-snippet:-1, max-image-preview:large, max-video-preview:-1\" \/>\n<link rel=\"canonical\" href=\"https:\/\/www.gossip.it\/news\/rodriguez-vacanza-sulla-neve\/\" \/>\n<meta property=\"og:locale\" content=\"it_IT\" \/>\n<meta property=\"og:type\" content=\"article\" \/>\n<meta property=\"og:title\" content=\"La pandemia non ferma i Rodriguez: la vacanza sulla neve \u00e8 da sogno - Gossip.it | News sul Gossip e VIP\" \/>\n<meta property=\"og:description\" content=\"La pandemia e le restrizioni non fermano i Rodriguez. Belen e la sua famiglia sulla neve vivono una vacanza da sogno. E\u2019 solo l\u2019inizio, ma la showgirl \u00e8\" \/>\n<meta property=\"og:url\" content=\"https:\/\/www.gossip.it\/news\/rodriguez-vacanza-sulla-neve\/\" \/>\n<meta property=\"og:site_name\" content=\"Gossip.it | News sul Gossip e VIP\" \/>\n<meta property=\"article:publisher\" content=\"https:\/\/www.facebook.com\/GossipIT\" \/>\n<meta property=\"article:published_time\" content=\"2020-12-21T23:00:00+00:00\" \/>\n<meta property=\"og:image\" content=\"https:\/\/files.gossip.it\/immagini_news\/2020\/12\/1608633483_rodriguez_1.jpg\" \/>\n<meta name=\"author\" content=\"La Redazione\" \/>\n<meta name=\"twitter:card\" content=\"summary_large_image\" \/>\n<meta name=\"twitter:image\" content=\"https:\/\/files.gossip.it\/immagini_news\/2020\/12\/1608633483_rodriguez_1.jpg\" \/>\n<meta name=\"twitter:creator\" content=\"@gossinews_it\" \/>\n<meta name=\"twitter:site\" content=\"@gossinews_it\" \/>\n<meta name=\"twitter:label1\" content=\"Scritto da\" \/>\n\t<meta name=\"twitter:data1\" content=\"Annamaria Capozzi\" \/>\n\t<meta name=\"twitter:label2\" content=\"Tempo di lettura stimato\" \/>\n\t<meta name=\"twitter:data2\" content=\"2 minuti\" \/>","yoast_head_json":{"title":"La pandemia non ferma i Rodriguez: la vacanza sulla neve \u00e8 da sogno - Gossip.it | News sul Gossip e VIP","description":"La pandemia e le restrizioni non fermano i Rodriguez. Belen e la sua famiglia sulla neve vivono una vacanza da sogno. E\u2019 solo l\u2019inizio, ma la showgirl \u00e8","robots":{"index":"index","follow":"follow","max-snippet":"max-snippet:-1","max-image-preview":"max-image-preview:large","max-video-preview":"max-video-preview:-1"},"canonical":"https:\/\/www.gossip.it\/news\/rodriguez-vacanza-sulla-neve\/","og_locale":"it_IT","og_type":"article","og_title":"La pandemia non ferma i Rodriguez: la vacanza sulla neve \u00e8 da sogno - Gossip.it | News sul Gossip e VIP","og_description":"La pandemia e le restrizioni non fermano i Rodriguez. Belen e la sua famiglia sulla neve vivono una vacanza da sogno. E\u2019 solo l\u2019inizio, ma la showgirl \u00e8","og_url":"https:\/\/www.gossip.it\/news\/rodriguez-vacanza-sulla-neve\/","og_site_name":"Gossip.it | News sul Gossip e VIP","article_publisher":"https:\/\/www.facebook.com\/GossipIT","article_published_time":"2020-12-21T23:00:00+00:00","og_image":[{"url":"https:\/\/files.gossip.it\/immagini_news\/2020\/12\/1608633483_rodriguez_1.jpg"}],"author":"La Redazione","twitter_card":"summary_large_image","twitter_image":"https:\/\/files.gossip.it\/immagini_news\/2020\/12\/1608633483_rodriguez_1.jpg","twitter_creator":"@gossinews_it","twitter_site":"@gossinews_it","twitter_misc":{"Scritto da":"Annamaria Capozzi","Tempo di lettura stimato":"2 minuti"},"schema":{"@context":"https:\/\/schema.org","@graph":[{"@type":"Article","@id":"https:\/\/www.gossip.it\/news\/rodriguez-vacanza-sulla-neve\/#article","isPartOf":{"@id":"https:\/\/www.gossip.it\/news\/rodriguez-vacanza-sulla-neve\/"},"author":{"name":"La Redazione","@id":"https:\/\/www.gossip.it\/#\/schema\/person\/488896f75158bff1cc83c6c39d141110"},"headline":"La pandemia non ferma i Rodriguez: la vacanza sulla neve \u00e8 da sogno","datePublished":"2020-12-21T23:00:00+00:00","dateModified":"2020-12-21T23:00:00+00:00","mainEntityOfPage":{"@id":"https:\/\/www.gossip.it\/news\/rodriguez-vacanza-sulla-neve\/"},"wordCount":349,"publisher":{"@id":"https:\/\/www.gossip.it\/#organization"},"image":{"@id":"https:\/\/www.gossip.it\/news\/rodriguez-vacanza-sulla-neve\/#primaryimage"},"thumbnailUrl":"https:\/\/files.gossip.it\/immagini_news\/2020\/12\/1608633483_rodriguez_1.jpg","keywords":["antonino spinalbese","deborah togni","fidanzato","gustavo rodriguez","ignazio moser","instasgram","jeremias rodriguez","montagna","rodriguez","santiago","showgirl stories","social","trentino","vacanza sulla neve","val di sole","veronica cozzani"],"articleSection":["News"],"inLanguage":"it-IT"},{"@type":"WebPage","@id":"https:\/\/www.gossip.it\/news\/rodriguez-vacanza-sulla-neve\/","url":"https:\/\/www.gossip.it\/news\/rodriguez-vacanza-sulla-neve\/","name":"La pandemia non ferma i Rodriguez: la vacanza sulla neve \u00e8 da sogno - Gossip.it | News sul Gossip e VIP","isPartOf":{"@id":"https:\/\/www.gossip.it\/#website"},"primaryImageOfPage":{"@id":"https:\/\/www.gossip.it\/news\/rodriguez-vacanza-sulla-neve\/#primaryimage"},"image":{"@id":"https:\/\/www.gossip.it\/news\/rodriguez-vacanza-sulla-neve\/#primaryimage"},"thumbnailUrl":"https:\/\/files.gossip.it\/immagini_news\/2020\/12\/1608633483_rodriguez_1.jpg","datePublished":"2020-12-21T23:00:00+00:00","dateModified":"2020-12-21T23:00:00+00:00","description":"La pandemia e le restrizioni non fermano i Rodriguez. Belen e la sua famiglia sulla neve vivono una vacanza da sogno. E\u2019 solo l\u2019inizio, ma la showgirl \u00e8","breadcrumb":{"@id":"https:\/\/www.gossip.it\/news\/rodriguez-vacanza-sulla-neve\/#breadcrumb"},"inLanguage":"it-IT","potentialAction":[{"@type":"ReadAction","target":["https:\/\/www.gossip.it\/news\/rodriguez-vacanza-sulla-neve\/"]}]},{"@type":"ImageObject","inLanguage":"it-IT","@id":"https:\/\/www.gossip.it\/news\/rodriguez-vacanza-sulla-neve\/#primaryimage","url":"https:\/\/files.gossip.it\/immagini_news\/2020\/12\/1608633483_rodriguez_1.jpg","contentUrl":"https:\/\/files.gossip.it\/immagini_news\/2020\/12\/1608633483_rodriguez_1.jpg"},{"@type":"BreadcrumbList","@id":"https:\/\/www.gossip.it\/news\/rodriguez-vacanza-sulla-neve\/#breadcrumb","itemListElement":[{"@type":"ListItem","position":1,"name":"Home","item":"https:\/\/www.gossip.it\/"},{"@type":"ListItem","position":2,"name":"La pandemia non ferma i Rodriguez: la vacanza sulla neve \u00e8 da sogno"}]},{"@type":"WebSite","@id":"https:\/\/www.gossip.it\/#website","url":"https:\/\/www.gossip.it\/","name":"Gossip and VIP News","description":"Quotidiano di cronaca rosa, costume e societ\u00e0","publisher":{"@id":"https:\/\/www.gossip.it\/#organization"},"alternateName":"Gossip and VIP News","potentialAction":[{"@type":"SearchAction","target":{"@type":"EntryPoint","urlTemplate":"https:\/\/www.gossip.it\/?s={search_term_string}"},"query-input":{"@type":"PropertyValueSpecification","valueRequired":true,"valueName":"search_term_string"}}],"inLanguage":"it-IT"},{"@type":"Organization","@id":"https:\/\/www.gossip.it\/#organization","name":"Gossip and VIP News","alternateName":"Gossip News","url":"https:\/\/www.gossip.it\/","logo":{"@type":"ImageObject","inLanguage":"it-IT","@id":"https:\/\/www.gossip.it\/#\/schema\/logo\/image\/","url":"https:\/\/www.gossip.it\/wp-content\/uploads\/2022\/04\/cropped-corna-alta-tiny.png","contentUrl":"https:\/\/www.gossip.it\/wp-content\/uploads\/2022\/04\/cropped-corna-alta-tiny.png","width":512,"height":512,"caption":"Gossip and VIP News"},"image":{"@id":"https:\/\/www.gossip.it\/#\/schema\/logo\/image\/"},"sameAs":["https:\/\/www.facebook.com\/GossipIT","https:\/\/x.com\/gossinews_it","https:\/\/instagram.com\/gossip_it"]},{"@type":"Person","@id":"https:\/\/www.gossip.it\/#\/schema\/person\/488896f75158bff1cc83c6c39d141110","name":"La Redazione","image":{"@type":"ImageObject","inLanguage":"it-IT","@id":"https:\/\/www.gossip.it\/#\/schema\/person\/image\/","url":"https:\/\/secure.gravatar.com\/avatar\/5a5f5c6fa3e6700e4249abdad0263a1e94e927d9e0499b1cb09c1cd29c044d80?s=96&d=mm&r=g","contentUrl":"https:\/\/secure.gravatar.com\/avatar\/5a5f5c6fa3e6700e4249abdad0263a1e94e927d9e0499b1cb09c1cd29c044d80?s=96&d=mm&r=g","caption":"La Redazione"},"sameAs":["https:\/\/www.gossip.it"]}]}},"amp_enabled":true,"_links":{"self":[{"href":"https:\/\/www.gossip.it\/api\/wp\/v2\/posts\/68698","targetHints":{"allow":["GET"]}}],"collection":[{"href":"https:\/\/www.gossip.it\/api\/wp\/v2\/posts"}],"about":[{"href":"https:\/\/www.gossip.it\/api\/wp\/v2\/types\/post"}],"author":[{"embeddable":true,"href":"https:\/\/www.gossip.it\/api\/wp\/v2\/users\/1"}],"replies":[{"embeddable":true,"href":"https:\/\/www.gossip.it\/api\/wp\/v2\/comments?post=68698"}],"version-history":[{"count":0,"href":"https:\/\/www.gossip.it\/api\/wp\/v2\/posts\/68698\/revisions"}],"wp:featuredmedia":[{"embeddable":true,"href":"https:\/\/www.gossip.it\/api\/wp\/v2\/media\/124744"}],"wp:attachment":[{"href":"https:\/\/www.gossip.it\/api\/wp\/v2\/media?parent=68698"}],"wp:term":[{"taxonomy":"category","embeddable":true,"href":"https:\/\/www.gossip.it\/api\/wp\/v2\/categories?post=68698"},{"taxonomy":"post_tag","embeddable":true,"href":"https:\/\/www.gossip.it\/api\/wp\/v2\/tags?post=68698"},{"taxonomy":"vip","embeddable":true,"href":"https:\/\/www.gossip.it\/api\/wp\/v2\/vip?post=68698"}],"curies":[{"name":"wp","href":"https:\/\/api.w.org\/{rel}","templated":true}]}}