{"id":68723,"date":"2020-12-28T00:00:00","date_gmt":"2020-12-27T23:00:00","guid":{"rendered":"https:\/\/www.gossip.it\/senza-categoria\/valerio-scanu-dopo-funerale-padre-ricorda-genitore\/"},"modified":"2020-12-28T00:00:00","modified_gmt":"2020-12-27T23:00:00","slug":"valerio-scanu-dopo-funerale-padre-ricorda-genitore","status":"publish","type":"post","link":"https:\/\/www.gossip.it\/news\/valerio-scanu-dopo-funerale-padre-ricorda-genitore\/","title":{"rendered":"Valerio Scanu dopo il funerale del padre ricorda il genitore cos\u00ec: guarda"},"content":{"rendered":"<p><a href=\"\/vip\/valerio-scanu\/\">Valerio Scanu<\/a> <strong>dopo<\/strong> il <strong>funerale<\/strong> del <strong>padre<\/strong>, morto per Covid a soli 64 anni, <strong>ricorda<\/strong> il <strong>genitore<\/strong> condividendo sul social alcune immagini che lo vedono felice insieme a lui e al resto della sua famiglia, con la madre Sonia e il fratello Alessandro, nell\u2019ultimo Natale trascorso vicini, quello del 2018<em>. \u201cE\u2019 stata dura\u201d,<\/em> sottolinea il cantante, devastato dalla perdita dell\u2019amato Tonino.<\/p>\n<figure class=\"caption\"><img decoding=\"async\" alt=\"Valerio Scanu dopo il funerale del padre ricorda il genitore cos\u00ec: guarda\" width=\"640\" height=\"736\" src=\"https:\/\/files.gossip.it\/immagini_news\/2020\/12\/1609153252_scanu_1.jpg\" \/><figcaption>Valerio Scanu dopo il funerale del padre ricorda il genitore cos\u00ec: guarda<\/figcaption><\/figure>\n<p><em>\"Trovare le giuste parole \u00e8 sempre complicato\u2026 Trovare le parole, ora, mi viene difficile\u2026 Grazie a tutti coloro che hanno speso anche una sola parola di conforto nei nostri confronti per la perdita di Babbo\u2026\u201d<\/em>, scrive Scanu.<\/p>\n<p><em>\u201cIeri lo abbiamo salutato ed \u00e8 stata dura\u2026 <\/em>- continua l\u2019ex volto di <em>Amici<\/em> - <em>Sar\u00e0 sempre con noi, ovviamente\u2026 E se fosse qui adesso mi direbbe in dialetto gallurese : 'Ma ancora hai di fa\u2019 l\u2019auguri su Internet, cusa sei aspittendi???' (trad: devi ancora fare gli auguri sui social, cosa stai aspettando???) Ma Babbo sa bene cosa stavo aspettando... stavo aspettando che finisse tutto questo... ma tutto questo non finisce... e allora ad un certo punto mi capita sotto mano un video del nostro ultimo Natale insieme... Natale 2018... un Natale fatto di amore, famiglia, condivisione, risate... un Natale fatto a dovere... un Natale che, come dice mia mamma, l\u2019anno prossimo dovr\u00e0 essere festeggiato a dovere perch\u00e9 \u00e8 troppo importante\u2026\u201d.<\/em><\/p>\n<figure class=\"caption\"><img decoding=\"async\" alt=\"\" width=\"640\" height=\"662\" src=\"https:\/\/files.gossip.it\/immagini_news\/2020\/12\/1609153274_scanu_2.jpg\" \/><figcaption>Il cantante condivide con i follower alcune immagini dell'ultimo Natale trascorso con il pap\u00e0 e il resto della famiglia<\/figcaption><\/figure>\n<p>Valerio attraverso il breve filmato ripensa al padre, alla sua scomparsa, alla nostalgia di non averlo pi\u00f9 accanto: il vuoto che prova \u00e8 incolmabile. <em>\u201cMi ha strappato un sorriso dal cuore... e l\u2019ho condiviso con qualche persona importante... e ora voglio condividerlo con voi per augurarvi buon Natale\u2026\u201d,\u00a0<\/em>spiega parlando del video e della voglia di mostrarlo via social. Poi aggiunge addolorato:<em> \u201cBuon Natale anche a te che sei la stella di Natale pi\u00f9 bella...Ti abbiamo amato, ti amiamo e ti ameremo, sempre e per sempre\u201d.<\/em><\/p>\n<figure class=\"caption\"><img decoding=\"async\" alt=\"\" width=\"640\" height=\"582\" src=\"https:\/\/files.gossip.it\/immagini_news\/2020\/12\/1609153316_scanu_4.jpg\" \/><figcaption>Desidera ricordare l'amato Tonino cos\u00ec<\/figcaption><\/figure>\n<p>Il padre, dipendente comunale a La Maddalena, molto amato dalla gente grazie ai suoi numerosi eventi benefici, da un mese e mezzo era ricoverato all'ospedale Mater Olbia, prima in Sub intensiva e poi in Terapia intensiva, dopo essere entrato nella struttura in condizioni discrete. Valerio, costretto a Roma, non ha potuto vederlo e dargli il suo addio. Tutto \u00e8 precipitato e piange la morte di Tonino con i suoi cari.<\/p>\n<p>\u00a0<\/p>\n","protected":false},"excerpt":{"rendered":"<p>Valerio Scanu dopo il funerale del padre, morto per Covid a soli 64 anni, ricorda il genitore condividendo sul social alcune immagini che lo vedono felice insieme a lui e al resto della sua famiglia, con la madre Sonia e il fratello Alessandro, nell\u2019ultimo Natale trascorso vicini, quello del 2018. \u201cE\u2019 stata dura\u201d, sottolinea il [&hellip;]<\/p>\n","protected":false},"author":1,"featured_media":124769,"comment_status":"closed","ping_status":"closed","sticky":false,"template":"","format":"standard","meta":{"footnotes":""},"categories":[54],"tags":[1981,13242,2133,10780,3642,2121,2323,1912,1913,1923,23693],"vip":[1812],"class_list":["post-68723","post","type-post","status-publish","format-standard","has-post-thumbnail","hentry","category-news","tag-cantante","tag-covid","tag-dopo","tag-funerale","tag-immagini","tag-instagram","tag-morto","tag-padre","tag-papa","tag-social","tag-tonino","vip-valerio_scanu"],"yoast_head":"<title>Valerio Scanu dopo il funerale del padre ricorda il genitore cos\u00ec: guarda - Gossip.it | News sul Gossip e VIP<\/title>\n<meta name=\"description\" content=\"Valerio Scanu dopo il funerale del padre, morto per Covid a soli 64 anni, ricorda il genitore condividendo sul social alcune immagini che lo vedono felice\" \/>\n<meta name=\"robots\" content=\"index, follow, max-snippet:-1, max-image-preview:large, max-video-preview:-1\" \/>\n<link rel=\"canonical\" href=\"https:\/\/www.gossip.it\/news\/valerio-scanu-dopo-funerale-padre-ricorda-genitore\/\" \/>\n<meta property=\"og:locale\" content=\"it_IT\" \/>\n<meta property=\"og:type\" content=\"article\" \/>\n<meta property=\"og:title\" content=\"Valerio Scanu dopo il funerale del padre ricorda il genitore cos\u00ec: guarda - Gossip.it | News sul Gossip e VIP\" \/>\n<meta property=\"og:description\" content=\"Valerio Scanu dopo il funerale del padre, morto per Covid a soli 64 anni, ricorda il genitore condividendo sul social alcune immagini che lo vedono felice\" \/>\n<meta property=\"og:url\" content=\"https:\/\/www.gossip.it\/news\/valerio-scanu-dopo-funerale-padre-ricorda-genitore\/\" \/>\n<meta property=\"og:site_name\" content=\"Gossip.it | News sul Gossip e VIP\" \/>\n<meta property=\"article:publisher\" content=\"https:\/\/www.facebook.com\/GossipIT\" \/>\n<meta property=\"article:published_time\" content=\"2020-12-27T23:00:00+00:00\" \/>\n<meta property=\"og:image\" content=\"https:\/\/files.gossip.it\/immagini_news\/2020\/12\/1609153252_scanu_1.jpg\" \/>\n<meta name=\"author\" content=\"La Redazione\" \/>\n<meta name=\"twitter:card\" content=\"summary_large_image\" \/>\n<meta name=\"twitter:image\" content=\"https:\/\/files.gossip.it\/immagini_news\/2020\/12\/1609153252_scanu_1.jpg\" \/>\n<meta name=\"twitter:creator\" content=\"@gossinews_it\" \/>\n<meta name=\"twitter:site\" content=\"@gossinews_it\" \/>\n<meta name=\"twitter:label1\" content=\"Scritto da\" \/>\n\t<meta name=\"twitter:data1\" content=\"Annamaria Capozzi\" \/>\n\t<meta name=\"twitter:label2\" content=\"Tempo di lettura stimato\" \/>\n\t<meta name=\"twitter:data2\" content=\"2 minuti\" \/>","yoast_head_json":{"title":"Valerio Scanu dopo il funerale del padre ricorda il genitore cos\u00ec: guarda - Gossip.it | News sul Gossip e VIP","description":"Valerio Scanu dopo il funerale del padre, morto per Covid a soli 64 anni, ricorda il genitore condividendo sul social alcune immagini che lo vedono felice","robots":{"index":"index","follow":"follow","max-snippet":"max-snippet:-1","max-image-preview":"max-image-preview:large","max-video-preview":"max-video-preview:-1"},"canonical":"https:\/\/www.gossip.it\/news\/valerio-scanu-dopo-funerale-padre-ricorda-genitore\/","og_locale":"it_IT","og_type":"article","og_title":"Valerio Scanu dopo il funerale del padre ricorda il genitore cos\u00ec: guarda - Gossip.it | News sul Gossip e VIP","og_description":"Valerio Scanu dopo il funerale del padre, morto per Covid a soli 64 anni, ricorda il genitore condividendo sul social alcune immagini che lo vedono felice","og_url":"https:\/\/www.gossip.it\/news\/valerio-scanu-dopo-funerale-padre-ricorda-genitore\/","og_site_name":"Gossip.it | News sul Gossip e VIP","article_publisher":"https:\/\/www.facebook.com\/GossipIT","article_published_time":"2020-12-27T23:00:00+00:00","og_image":[{"url":"https:\/\/files.gossip.it\/immagini_news\/2020\/12\/1609153252_scanu_1.jpg"}],"author":"La Redazione","twitter_card":"summary_large_image","twitter_image":"https:\/\/files.gossip.it\/immagini_news\/2020\/12\/1609153252_scanu_1.jpg","twitter_creator":"@gossinews_it","twitter_site":"@gossinews_it","twitter_misc":{"Scritto da":"Annamaria Capozzi","Tempo di lettura stimato":"2 minuti"},"schema":{"@context":"https:\/\/schema.org","@graph":[{"@type":"Article","@id":"https:\/\/www.gossip.it\/news\/valerio-scanu-dopo-funerale-padre-ricorda-genitore\/#article","isPartOf":{"@id":"https:\/\/www.gossip.it\/news\/valerio-scanu-dopo-funerale-padre-ricorda-genitore\/"},"author":{"name":"La Redazione","@id":"https:\/\/www.gossip.it\/#\/schema\/person\/488896f75158bff1cc83c6c39d141110"},"headline":"Valerio Scanu dopo il funerale del padre ricorda il genitore cos\u00ec: guarda","datePublished":"2020-12-27T23:00:00+00:00","dateModified":"2020-12-27T23:00:00+00:00","mainEntityOfPage":{"@id":"https:\/\/www.gossip.it\/news\/valerio-scanu-dopo-funerale-padre-ricorda-genitore\/"},"wordCount":424,"publisher":{"@id":"https:\/\/www.gossip.it\/#organization"},"image":{"@id":"https:\/\/www.gossip.it\/news\/valerio-scanu-dopo-funerale-padre-ricorda-genitore\/#primaryimage"},"thumbnailUrl":"https:\/\/files.gossip.it\/immagini_news\/2020\/12\/1609153252_scanu_1.jpg","keywords":["cantante","covid","dopo","funerale","immagini","instagram","morto","padre","pap\u00e0","social","tonino"],"articleSection":["News"],"inLanguage":"it-IT"},{"@type":"WebPage","@id":"https:\/\/www.gossip.it\/news\/valerio-scanu-dopo-funerale-padre-ricorda-genitore\/","url":"https:\/\/www.gossip.it\/news\/valerio-scanu-dopo-funerale-padre-ricorda-genitore\/","name":"Valerio Scanu dopo il funerale del padre ricorda il genitore cos\u00ec: guarda - Gossip.it | News sul Gossip e VIP","isPartOf":{"@id":"https:\/\/www.gossip.it\/#website"},"primaryImageOfPage":{"@id":"https:\/\/www.gossip.it\/news\/valerio-scanu-dopo-funerale-padre-ricorda-genitore\/#primaryimage"},"image":{"@id":"https:\/\/www.gossip.it\/news\/valerio-scanu-dopo-funerale-padre-ricorda-genitore\/#primaryimage"},"thumbnailUrl":"https:\/\/files.gossip.it\/immagini_news\/2020\/12\/1609153252_scanu_1.jpg","datePublished":"2020-12-27T23:00:00+00:00","dateModified":"2020-12-27T23:00:00+00:00","description":"Valerio Scanu dopo il funerale del padre, morto per Covid a soli 64 anni, ricorda il genitore condividendo sul social alcune immagini che lo vedono felice","breadcrumb":{"@id":"https:\/\/www.gossip.it\/news\/valerio-scanu-dopo-funerale-padre-ricorda-genitore\/#breadcrumb"},"inLanguage":"it-IT","potentialAction":[{"@type":"ReadAction","target":["https:\/\/www.gossip.it\/news\/valerio-scanu-dopo-funerale-padre-ricorda-genitore\/"]}]},{"@type":"ImageObject","inLanguage":"it-IT","@id":"https:\/\/www.gossip.it\/news\/valerio-scanu-dopo-funerale-padre-ricorda-genitore\/#primaryimage","url":"https:\/\/files.gossip.it\/immagini_news\/2020\/12\/1609153252_scanu_1.jpg","contentUrl":"https:\/\/files.gossip.it\/immagini_news\/2020\/12\/1609153252_scanu_1.jpg"},{"@type":"BreadcrumbList","@id":"https:\/\/www.gossip.it\/news\/valerio-scanu-dopo-funerale-padre-ricorda-genitore\/#breadcrumb","itemListElement":[{"@type":"ListItem","position":1,"name":"Home","item":"https:\/\/www.gossip.it\/"},{"@type":"ListItem","position":2,"name":"Valerio Scanu dopo il funerale del padre ricorda il genitore cos\u00ec: guarda"}]},{"@type":"WebSite","@id":"https:\/\/www.gossip.it\/#website","url":"https:\/\/www.gossip.it\/","name":"Gossip and VIP News","description":"Quotidiano di cronaca rosa, costume e societ\u00e0","publisher":{"@id":"https:\/\/www.gossip.it\/#organization"},"alternateName":"Gossip and VIP News","potentialAction":[{"@type":"SearchAction","target":{"@type":"EntryPoint","urlTemplate":"https:\/\/www.gossip.it\/?s={search_term_string}"},"query-input":{"@type":"PropertyValueSpecification","valueRequired":true,"valueName":"search_term_string"}}],"inLanguage":"it-IT"},{"@type":"Organization","@id":"https:\/\/www.gossip.it\/#organization","name":"Gossip and VIP News","alternateName":"Gossip News","url":"https:\/\/www.gossip.it\/","logo":{"@type":"ImageObject","inLanguage":"it-IT","@id":"https:\/\/www.gossip.it\/#\/schema\/logo\/image\/","url":"https:\/\/www.gossip.it\/wp-content\/uploads\/2022\/04\/cropped-corna-alta-tiny.png","contentUrl":"https:\/\/www.gossip.it\/wp-content\/uploads\/2022\/04\/cropped-corna-alta-tiny.png","width":512,"height":512,"caption":"Gossip and VIP News"},"image":{"@id":"https:\/\/www.gossip.it\/#\/schema\/logo\/image\/"},"sameAs":["https:\/\/www.facebook.com\/GossipIT","https:\/\/x.com\/gossinews_it","https:\/\/instagram.com\/gossip_it"]},{"@type":"Person","@id":"https:\/\/www.gossip.it\/#\/schema\/person\/488896f75158bff1cc83c6c39d141110","name":"La Redazione","image":{"@type":"ImageObject","inLanguage":"it-IT","@id":"https:\/\/www.gossip.it\/#\/schema\/person\/image\/","url":"https:\/\/secure.gravatar.com\/avatar\/5a5f5c6fa3e6700e4249abdad0263a1e94e927d9e0499b1cb09c1cd29c044d80?s=96&d=mm&r=g","contentUrl":"https:\/\/secure.gravatar.com\/avatar\/5a5f5c6fa3e6700e4249abdad0263a1e94e927d9e0499b1cb09c1cd29c044d80?s=96&d=mm&r=g","caption":"La Redazione"},"sameAs":["https:\/\/www.gossip.it"]}]}},"amp_enabled":true,"_links":{"self":[{"href":"https:\/\/www.gossip.it\/api\/wp\/v2\/posts\/68723","targetHints":{"allow":["GET"]}}],"collection":[{"href":"https:\/\/www.gossip.it\/api\/wp\/v2\/posts"}],"about":[{"href":"https:\/\/www.gossip.it\/api\/wp\/v2\/types\/post"}],"author":[{"embeddable":true,"href":"https:\/\/www.gossip.it\/api\/wp\/v2\/users\/1"}],"replies":[{"embeddable":true,"href":"https:\/\/www.gossip.it\/api\/wp\/v2\/comments?post=68723"}],"version-history":[{"count":0,"href":"https:\/\/www.gossip.it\/api\/wp\/v2\/posts\/68723\/revisions"}],"wp:featuredmedia":[{"embeddable":true,"href":"https:\/\/www.gossip.it\/api\/wp\/v2\/media\/124769"}],"wp:attachment":[{"href":"https:\/\/www.gossip.it\/api\/wp\/v2\/media?parent=68723"}],"wp:term":[{"taxonomy":"category","embeddable":true,"href":"https:\/\/www.gossip.it\/api\/wp\/v2\/categories?post=68723"},{"taxonomy":"post_tag","embeddable":true,"href":"https:\/\/www.gossip.it\/api\/wp\/v2\/tags?post=68723"},{"taxonomy":"vip","embeddable":true,"href":"https:\/\/www.gossip.it\/api\/wp\/v2\/vip?post=68723"}],"curies":[{"name":"wp","href":"https:\/\/api.w.org\/{rel}","templated":true}]}}