{"id":68737,"date":"2020-12-30T00:00:00","date_gmt":"2020-12-29T23:00:00","guid":{"rendered":"https:\/\/www.gossip.it\/senza-categoria\/stefano-bettarini-contro-gf-vip-vie-legali-causa\/"},"modified":"2020-12-30T00:00:00","modified_gmt":"2020-12-29T23:00:00","slug":"stefano-bettarini-contro-gf-vip-vie-legali-causa","status":"publish","type":"post","link":"https:\/\/www.gossip.it\/news\/stefano-bettarini-contro-gf-vip-vie-legali-causa\/","title":{"rendered":"Stefano Bettarini contro il GF Vip passa alle vie legali: 'Sono in causa\u2019"},"content":{"rendered":"<p><a href=\"\/vip\/stefano-bettarini\/\">Stefano Bettarini<\/a> <strong>contro<\/strong> il <em><strong>GF Vip<\/strong><\/em> passa alle <strong>vie legali <\/strong>e sul social rivela:<em> \u201cSono in <strong>causa<\/strong>\u201d.<\/em>\u00a0 Dopo la sua squalifica al reality, amareggiato, si \u00e8 rivolto a un avvocato. L\u2019ex calciatore ritiene che altri concorrenti siano stati trattati molto diversamente da lui: pensa sia ad esempio profondamente ingiusta la mancata espulsione di <a href=\"\/vip\/samantha-de grenet\/\">Samantha De Grenet<\/a> dopo le pesanti parole rivolte a <a href=\"\/vip\/stefania-orlando\/\">Stefania Orlando<\/a> nella Casa.<\/p>\n<figure class=\"caption\"><img decoding=\"async\" alt=\"Stefano Bettarini contro il GF Vip passa alle vie legali: 'Sono in causa'\" width=\"640\" height=\"703\" src=\"https:\/\/files.gossip.it\/immagini_news\/2020\/12\/1609325693_stefano_bettarini.jpg\" \/><figcaption>Stefano Bettarini contro il GF Vip passa alle vie legali: 'Sono in causa'<\/figcaption><\/figure>\n<p><strong>Stefano Bettarini <\/strong>\u00e8 senza freni. Rispondendo a un follower che lo incita sul social a unirsi agli altri inquilini per far <strong>causa<\/strong> al programma, replica:<em> \u201cNon so gli altri. Ma Io sono gi\u00e0 in <strong>causa<\/strong>\u2026 come vede non sono stato e non verr\u00f2 pi\u00f9 chiamato nei programmi. Le verit\u00e0 sono scomode se escono quando ci sono giochi di potere\u201d<\/em><\/p>\n<p>Poi, il 48enne, replicando ad un\u2019altra fan, parla pure del contratto con il reality :<em> \u201cDice tutto e il contrario di tutto. Possono eliminarti o per una parolaccia o una NON bestemmia o per un linguaggio poco consono al programma\u2026 Praticamente ti possono cacciare per quello che vogliono\u2026 loro!\u201d. <\/em>Anche l'altro espulso <a href=\"\/vip\/filippo-nardi\/\">Filippo Nardi<\/a> dice la sua in merito.<\/p>\n<figure class=\"caption\"><img decoding=\"async\" alt=\"\" width=\"640\" height=\"1024\" src=\"https:\/\/files.gossip.it\/immagini_news\/2020\/12\/1609325726_stefano_bettarini2.jpg\" \/><figcaption>Sul social svela tutto e parla anche del contratto firmato<\/figcaption><\/figure>\n<p>A difendere Bettarini ci pensa pure la fidanzata, <a href=\"\/vip\/nicoletta-larini\/\">Nicoletta Larini<\/a>. Un utente fa notare come Stefano, una volta squalificato, abbia chiesto scusa ad <a href=\"\/vip\/alfonso-signorini\/\">Alfonso Signorini<\/a> e a tutto il pubblico. Ora sembra strano questo suo accanimento contro il reality. <em>\u201cSe una volta uscita ti avessero detto che hai offeso milioni di telespettatori e non solo, avresti chiesto scusa anche tu. Poi una volta uscita realizzi che ti hanno voluto far credere quello che non \u00e8. Madosca \u00e8 un intercalare non solo toscano e sdoganato da anni\u2026 Ammesso che sia questo il motivo dell\u2019eliminazione\u2026\u201d<\/em>, sottolinea la giovane stilista.<\/p>\n<p>\u00a0<\/p>\n","protected":false},"excerpt":{"rendered":"<p>Stefano Bettarini contro il GF Vip passa alle vie legali e sul social rivela: \u201cSono in causa\u201d.\u00a0 Dopo la sua squalifica al reality, amareggiato, si \u00e8 rivolto a un avvocato. L\u2019ex calciatore ritiene che altri concorrenti siano stati trattati molto diversamente da lui: pensa sia ad esempio profondamente ingiusta la mancata espulsione di Samantha De [&hellip;]<\/p>\n","protected":false},"author":1,"featured_media":124783,"comment_status":"closed","ping_status":"closed","sticky":false,"template":"","format":"standard","meta":{"footnotes":""},"categories":[54],"tags":[13523,14395,2098,4003,2256,2102,21430,2126,16408,1875,16409,61231,11167,2210,1923,13521,2097,55698],"vip":[286,1729],"class_list":["post-68737","post","type-post","status-publish","format-standard","has-post-thumbnail","hentry","category-news","tag-bestemmia","tag-bettarini","tag-canale-5","tag-causa","tag-contro","tag-dichiarazioni","tag-espulsione","tag-gf-vip","tag-gf-vip-5","tag-grande-fratello-vip","tag-grande-fratello-vip-5","tag-instagram-post","tag-nicoletta-larini","tag-signorini","tag-social","tag-squalifica","tag-tv","tag-vie-legali","vip-alfonso_signorini","vip-stefano_bettarini"],"yoast_head":"<title>Stefano Bettarini contro il GF Vip passa alle vie legali: &#039;Sono in causa\u2019 - Gossip.it | News sul Gossip e VIP<\/title>\n<meta name=\"description\" content=\"Stefano Bettarini contro il GF Vip passa alle vie legali e sul social rivela: \u201cSono in causa\u201d.\u00a0 Dopo la sua squalifica al reality, amareggiato, si \u00e8\" \/>\n<meta name=\"robots\" content=\"index, follow, max-snippet:-1, max-image-preview:large, max-video-preview:-1\" \/>\n<link rel=\"canonical\" href=\"https:\/\/www.gossip.it\/news\/stefano-bettarini-contro-gf-vip-vie-legali-causa\/\" \/>\n<meta property=\"og:locale\" content=\"it_IT\" \/>\n<meta property=\"og:type\" content=\"article\" \/>\n<meta property=\"og:title\" content=\"Stefano Bettarini contro il GF Vip passa alle vie legali: &#039;Sono in causa\u2019 - Gossip.it | News sul Gossip e VIP\" \/>\n<meta property=\"og:description\" content=\"Stefano Bettarini contro il GF Vip passa alle vie legali e sul social rivela: \u201cSono in causa\u201d.\u00a0 Dopo la sua squalifica al reality, amareggiato, si \u00e8\" \/>\n<meta property=\"og:url\" content=\"https:\/\/www.gossip.it\/news\/stefano-bettarini-contro-gf-vip-vie-legali-causa\/\" \/>\n<meta property=\"og:site_name\" content=\"Gossip.it | News sul Gossip e VIP\" \/>\n<meta property=\"article:publisher\" content=\"https:\/\/www.facebook.com\/GossipIT\" \/>\n<meta property=\"article:published_time\" content=\"2020-12-29T23:00:00+00:00\" \/>\n<meta property=\"og:image\" content=\"https:\/\/files.gossip.it\/immagini_news\/2020\/12\/1609325693_stefano_bettarini.jpg\" \/>\n<meta name=\"author\" content=\"La Redazione\" \/>\n<meta name=\"twitter:card\" content=\"summary_large_image\" \/>\n<meta name=\"twitter:image\" content=\"https:\/\/files.gossip.it\/immagini_news\/2020\/12\/1609325693_stefano_bettarini.jpg\" \/>\n<meta name=\"twitter:creator\" content=\"@gossinews_it\" \/>\n<meta name=\"twitter:site\" content=\"@gossinews_it\" \/>\n<meta name=\"twitter:label1\" content=\"Scritto da\" \/>\n\t<meta name=\"twitter:data1\" content=\"Annamaria Capozzi\" \/>\n\t<meta name=\"twitter:label2\" content=\"Tempo di lettura stimato\" \/>\n\t<meta name=\"twitter:data2\" content=\"2 minuti\" \/>","yoast_head_json":{"title":"Stefano Bettarini contro il GF Vip passa alle vie legali: 'Sono in causa\u2019 - Gossip.it | News sul Gossip e VIP","description":"Stefano Bettarini contro il GF Vip passa alle vie legali e sul social rivela: \u201cSono in causa\u201d.\u00a0 Dopo la sua squalifica al reality, amareggiato, si \u00e8","robots":{"index":"index","follow":"follow","max-snippet":"max-snippet:-1","max-image-preview":"max-image-preview:large","max-video-preview":"max-video-preview:-1"},"canonical":"https:\/\/www.gossip.it\/news\/stefano-bettarini-contro-gf-vip-vie-legali-causa\/","og_locale":"it_IT","og_type":"article","og_title":"Stefano Bettarini contro il GF Vip passa alle vie legali: 'Sono in causa\u2019 - Gossip.it | News sul Gossip e VIP","og_description":"Stefano Bettarini contro il GF Vip passa alle vie legali e sul social rivela: \u201cSono in causa\u201d.\u00a0 Dopo la sua squalifica al reality, amareggiato, si \u00e8","og_url":"https:\/\/www.gossip.it\/news\/stefano-bettarini-contro-gf-vip-vie-legali-causa\/","og_site_name":"Gossip.it | News sul Gossip e VIP","article_publisher":"https:\/\/www.facebook.com\/GossipIT","article_published_time":"2020-12-29T23:00:00+00:00","og_image":[{"url":"https:\/\/files.gossip.it\/immagini_news\/2020\/12\/1609325693_stefano_bettarini.jpg"}],"author":"La Redazione","twitter_card":"summary_large_image","twitter_image":"https:\/\/files.gossip.it\/immagini_news\/2020\/12\/1609325693_stefano_bettarini.jpg","twitter_creator":"@gossinews_it","twitter_site":"@gossinews_it","twitter_misc":{"Scritto da":"Annamaria Capozzi","Tempo di lettura stimato":"2 minuti"},"schema":{"@context":"https:\/\/schema.org","@graph":[{"@type":"Article","@id":"https:\/\/www.gossip.it\/news\/stefano-bettarini-contro-gf-vip-vie-legali-causa\/#article","isPartOf":{"@id":"https:\/\/www.gossip.it\/news\/stefano-bettarini-contro-gf-vip-vie-legali-causa\/"},"author":{"name":"La Redazione","@id":"https:\/\/www.gossip.it\/#\/schema\/person\/488896f75158bff1cc83c6c39d141110"},"headline":"Stefano Bettarini contro il GF Vip passa alle vie legali: 'Sono in causa\u2019","datePublished":"2020-12-29T23:00:00+00:00","dateModified":"2020-12-29T23:00:00+00:00","mainEntityOfPage":{"@id":"https:\/\/www.gossip.it\/news\/stefano-bettarini-contro-gf-vip-vie-legali-causa\/"},"wordCount":316,"publisher":{"@id":"https:\/\/www.gossip.it\/#organization"},"image":{"@id":"https:\/\/www.gossip.it\/news\/stefano-bettarini-contro-gf-vip-vie-legali-causa\/#primaryimage"},"thumbnailUrl":"https:\/\/files.gossip.it\/immagini_news\/2020\/12\/1609325693_stefano_bettarini.jpg","keywords":["bestemmia","Bettarini","canale 5","causa","contro","dichiarazioni","espulsione","gf vip","gf vip 5","grande fratello vip","grande fratello vip 5","instagram post","nicoletta larini","signorini","social","squalifica","tv","vie legali"],"articleSection":["News"],"inLanguage":"it-IT"},{"@type":"WebPage","@id":"https:\/\/www.gossip.it\/news\/stefano-bettarini-contro-gf-vip-vie-legali-causa\/","url":"https:\/\/www.gossip.it\/news\/stefano-bettarini-contro-gf-vip-vie-legali-causa\/","name":"Stefano Bettarini contro il GF Vip passa alle vie legali: 'Sono in causa\u2019 - Gossip.it | News sul Gossip e VIP","isPartOf":{"@id":"https:\/\/www.gossip.it\/#website"},"primaryImageOfPage":{"@id":"https:\/\/www.gossip.it\/news\/stefano-bettarini-contro-gf-vip-vie-legali-causa\/#primaryimage"},"image":{"@id":"https:\/\/www.gossip.it\/news\/stefano-bettarini-contro-gf-vip-vie-legali-causa\/#primaryimage"},"thumbnailUrl":"https:\/\/files.gossip.it\/immagini_news\/2020\/12\/1609325693_stefano_bettarini.jpg","datePublished":"2020-12-29T23:00:00+00:00","dateModified":"2020-12-29T23:00:00+00:00","description":"Stefano Bettarini contro il GF Vip passa alle vie legali e sul social rivela: \u201cSono in causa\u201d.\u00a0 Dopo la sua squalifica al reality, amareggiato, si \u00e8","breadcrumb":{"@id":"https:\/\/www.gossip.it\/news\/stefano-bettarini-contro-gf-vip-vie-legali-causa\/#breadcrumb"},"inLanguage":"it-IT","potentialAction":[{"@type":"ReadAction","target":["https:\/\/www.gossip.it\/news\/stefano-bettarini-contro-gf-vip-vie-legali-causa\/"]}]},{"@type":"ImageObject","inLanguage":"it-IT","@id":"https:\/\/www.gossip.it\/news\/stefano-bettarini-contro-gf-vip-vie-legali-causa\/#primaryimage","url":"https:\/\/files.gossip.it\/immagini_news\/2020\/12\/1609325693_stefano_bettarini.jpg","contentUrl":"https:\/\/files.gossip.it\/immagini_news\/2020\/12\/1609325693_stefano_bettarini.jpg"},{"@type":"BreadcrumbList","@id":"https:\/\/www.gossip.it\/news\/stefano-bettarini-contro-gf-vip-vie-legali-causa\/#breadcrumb","itemListElement":[{"@type":"ListItem","position":1,"name":"Home","item":"https:\/\/www.gossip.it\/"},{"@type":"ListItem","position":2,"name":"Stefano Bettarini contro il GF Vip passa alle vie legali: 'Sono in causa\u2019"}]},{"@type":"WebSite","@id":"https:\/\/www.gossip.it\/#website","url":"https:\/\/www.gossip.it\/","name":"Gossip and VIP News","description":"Quotidiano di cronaca rosa, costume e societ\u00e0","publisher":{"@id":"https:\/\/www.gossip.it\/#organization"},"alternateName":"Gossip and VIP News","potentialAction":[{"@type":"SearchAction","target":{"@type":"EntryPoint","urlTemplate":"https:\/\/www.gossip.it\/?s={search_term_string}"},"query-input":{"@type":"PropertyValueSpecification","valueRequired":true,"valueName":"search_term_string"}}],"inLanguage":"it-IT"},{"@type":"Organization","@id":"https:\/\/www.gossip.it\/#organization","name":"Gossip and VIP News","alternateName":"Gossip News","url":"https:\/\/www.gossip.it\/","logo":{"@type":"ImageObject","inLanguage":"it-IT","@id":"https:\/\/www.gossip.it\/#\/schema\/logo\/image\/","url":"https:\/\/www.gossip.it\/wp-content\/uploads\/2022\/04\/cropped-corna-alta-tiny.png","contentUrl":"https:\/\/www.gossip.it\/wp-content\/uploads\/2022\/04\/cropped-corna-alta-tiny.png","width":512,"height":512,"caption":"Gossip and VIP News"},"image":{"@id":"https:\/\/www.gossip.it\/#\/schema\/logo\/image\/"},"sameAs":["https:\/\/www.facebook.com\/GossipIT","https:\/\/x.com\/gossinews_it","https:\/\/instagram.com\/gossip_it"]},{"@type":"Person","@id":"https:\/\/www.gossip.it\/#\/schema\/person\/488896f75158bff1cc83c6c39d141110","name":"La Redazione","image":{"@type":"ImageObject","inLanguage":"it-IT","@id":"https:\/\/www.gossip.it\/#\/schema\/person\/image\/","url":"https:\/\/secure.gravatar.com\/avatar\/5a5f5c6fa3e6700e4249abdad0263a1e94e927d9e0499b1cb09c1cd29c044d80?s=96&d=mm&r=g","contentUrl":"https:\/\/secure.gravatar.com\/avatar\/5a5f5c6fa3e6700e4249abdad0263a1e94e927d9e0499b1cb09c1cd29c044d80?s=96&d=mm&r=g","caption":"La Redazione"},"sameAs":["https:\/\/www.gossip.it"]}]}},"amp_enabled":true,"_links":{"self":[{"href":"https:\/\/www.gossip.it\/api\/wp\/v2\/posts\/68737","targetHints":{"allow":["GET"]}}],"collection":[{"href":"https:\/\/www.gossip.it\/api\/wp\/v2\/posts"}],"about":[{"href":"https:\/\/www.gossip.it\/api\/wp\/v2\/types\/post"}],"author":[{"embeddable":true,"href":"https:\/\/www.gossip.it\/api\/wp\/v2\/users\/1"}],"replies":[{"embeddable":true,"href":"https:\/\/www.gossip.it\/api\/wp\/v2\/comments?post=68737"}],"version-history":[{"count":0,"href":"https:\/\/www.gossip.it\/api\/wp\/v2\/posts\/68737\/revisions"}],"wp:featuredmedia":[{"embeddable":true,"href":"https:\/\/www.gossip.it\/api\/wp\/v2\/media\/124783"}],"wp:attachment":[{"href":"https:\/\/www.gossip.it\/api\/wp\/v2\/media?parent=68737"}],"wp:term":[{"taxonomy":"category","embeddable":true,"href":"https:\/\/www.gossip.it\/api\/wp\/v2\/categories?post=68737"},{"taxonomy":"post_tag","embeddable":true,"href":"https:\/\/www.gossip.it\/api\/wp\/v2\/tags?post=68737"},{"taxonomy":"vip","embeddable":true,"href":"https:\/\/www.gossip.it\/api\/wp\/v2\/vip?post=68737"}],"curies":[{"name":"wp","href":"https:\/\/api.w.org\/{rel}","templated":true}]}}