{"id":68752,"date":"2021-01-04T00:00:00","date_gmt":"2021-01-03T23:00:00","guid":{"rendered":"https:\/\/www.gossip.it\/senza-categoria\/elisabetta-gregoraci-non-va-gf-vip-ecco-perche\/"},"modified":"2021-01-04T00:00:00","modified_gmt":"2021-01-03T23:00:00","slug":"elisabetta-gregoraci-non-va-gf-vip-ecco-perche","status":"publish","type":"post","link":"https:\/\/www.gossip.it\/news\/elisabetta-gregoraci-non-va-gf-vip-ecco-perche\/","title":{"rendered":"Elisabetta Gregoraci non va al GF Vip: ecco perch\u00e9"},"content":{"rendered":"<p><a href=\"\/vip\/elisabetta-gregoraci\/\">Elisabetta Gregoraci<\/a> non sar\u00e0 in studio a <strong>Cinecitt\u00e0<\/strong> per la nuova puntata del <em>\u2018Grande Fratello Vip\u2019<\/em>. No, la showgirl infatti ha di meglio da fare: ha deciso di volare a <strong>Dubai<\/strong>. Qui c\u2019\u00e8 anche il figlio <strong>Nathan Falco<\/strong>. Vuole recuperare il tempo \u201cperduto\u201d durante la permanenza nella casa pi\u00f9 spiata d\u2019Italia. Sul social ha postato una<strong> foto<\/strong> in cui appare negli Emirati Arabi Uniti insieme al bambino, che ha 10 anni ed \u00e8 frutto del matrimonio con Flavio Braitore.<em> \u201cPasseggiando con la mamma\u201d<\/em>, ha scritto accanto allo scatto.<\/p>\n<figure class=\"caption\"><img decoding=\"async\" alt=\"Elisabetta Gregoraci, 40 anni, insieme al figlio Nathan Falco, 10, a Dubai: i due sono al caldo\" width=\"640\" height=\"652\" src=\"https:\/\/files.gossip.it\/immagini_news\/2021\/01\/1609758675_elisabetta_gregoraci_nathan_dubai7.jpg\" \/><figcaption>Elisabetta Gregoraci, 40 anni, insieme al figlio Nathan Falco, 10, a Dubai: i due sono al caldo<\/figcaption><\/figure>\n<p>Ha risposto anche alle domande dei follower nei commenti. A chi le ha chiesto se sarebbe riuscita a tornare a <strong>Roma <\/strong>per la diretta del programma condotto da Signorini, ha replicato: <em>\u201cNo, non ci sar\u00f2\u201d<\/em>. Non far\u00e0 neanche una diretta social con Francesco Oppini ed Enock, come aveva fatto la scorsa settimana: <em>\u201cNiente diretta, ho<strong> tre ore<\/strong> di fuso\u201d<\/em>.<\/p>\n<p>A chi invece l\u2019ha messa in guardia ricordandole che per chi torna dall\u2019estero in Italia c\u2019\u00e8 la quarantena, la 40enne di origini calabresi ha spiegato:<em> \u201cIo non vivo in Italia\u201d<\/em>. La sua residenza \u00e8 infatti a <strong>Montecarlo<\/strong>.<\/p>\n<p>\u00a0<\/p>\n","protected":false},"excerpt":{"rendered":"<p>Elisabetta Gregoraci non sar\u00e0 in studio a Cinecitt\u00e0 per la nuova puntata del \u2018Grande Fratello Vip\u2019. No, la showgirl infatti ha di meglio da fare: ha deciso di volare a Dubai. Qui c\u2019\u00e8 anche il figlio Nathan Falco. Vuole recuperare il tempo \u201cperduto\u201d durante la permanenza nella casa pi\u00f9 spiata d\u2019Italia. Sul social ha postato [&hellip;]<\/p>\n","protected":false},"author":1,"featured_media":124798,"comment_status":"closed","ping_status":"closed","sticky":false,"template":"","format":"standard","meta":{"footnotes":""},"categories":[54],"tags":[],"vip":[651],"class_list":["post-68752","post","type-post","status-publish","format-standard","has-post-thumbnail","hentry","category-news","vip-elisabetta_gregoraci"],"yoast_head":"<title>Elisabetta Gregoraci non va al GF Vip: ecco perch\u00e9 - Gossip.it | News sul Gossip e VIP<\/title>\n<meta name=\"description\" content=\"Elisabetta Gregoraci non sar\u00e0 in studio a Cinecitt\u00e0 per la nuova puntata del \u2018Grande Fratello Vip\u2019. No, la showgirl infatti ha di meglio da fare: ha\" \/>\n<meta name=\"robots\" content=\"index, follow, max-snippet:-1, max-image-preview:large, max-video-preview:-1\" \/>\n<link rel=\"canonical\" href=\"https:\/\/www.gossip.it\/news\/elisabetta-gregoraci-non-va-gf-vip-ecco-perche\/\" \/>\n<meta property=\"og:locale\" content=\"it_IT\" \/>\n<meta property=\"og:type\" content=\"article\" \/>\n<meta property=\"og:title\" content=\"Elisabetta Gregoraci non va al GF Vip: ecco perch\u00e9 - Gossip.it | News sul Gossip e VIP\" \/>\n<meta property=\"og:description\" content=\"Elisabetta Gregoraci non sar\u00e0 in studio a Cinecitt\u00e0 per la nuova puntata del \u2018Grande Fratello Vip\u2019. No, la showgirl infatti ha di meglio da fare: ha\" \/>\n<meta property=\"og:url\" content=\"https:\/\/www.gossip.it\/news\/elisabetta-gregoraci-non-va-gf-vip-ecco-perche\/\" \/>\n<meta property=\"og:site_name\" content=\"Gossip.it | News sul Gossip e VIP\" \/>\n<meta property=\"article:publisher\" content=\"https:\/\/www.facebook.com\/GossipIT\" \/>\n<meta property=\"article:published_time\" content=\"2021-01-03T23:00:00+00:00\" \/>\n<meta property=\"og:image\" content=\"https:\/\/files.gossip.it\/immagini_news\/2021\/01\/1609758675_elisabetta_gregoraci_nathan_dubai7.jpg\" \/>\n<meta name=\"author\" content=\"La Redazione\" \/>\n<meta name=\"twitter:card\" content=\"summary_large_image\" \/>\n<meta name=\"twitter:image\" content=\"https:\/\/files.gossip.it\/immagini_news\/2021\/01\/1609758675_elisabetta_gregoraci_nathan_dubai7.jpg\" \/>\n<meta name=\"twitter:creator\" content=\"@gossinews_it\" \/>\n<meta name=\"twitter:site\" content=\"@gossinews_it\" \/>\n<meta name=\"twitter:label1\" content=\"Scritto da\" \/>\n\t<meta name=\"twitter:data1\" content=\"la Redazione\" \/>\n\t<meta name=\"twitter:label2\" content=\"Tempo di lettura stimato\" \/>\n\t<meta name=\"twitter:data2\" content=\"1 minuto\" \/>","yoast_head_json":{"title":"Elisabetta Gregoraci non va al GF Vip: ecco perch\u00e9 - Gossip.it | News sul Gossip e VIP","description":"Elisabetta Gregoraci non sar\u00e0 in studio a Cinecitt\u00e0 per la nuova puntata del \u2018Grande Fratello Vip\u2019. No, la showgirl infatti ha di meglio da fare: ha","robots":{"index":"index","follow":"follow","max-snippet":"max-snippet:-1","max-image-preview":"max-image-preview:large","max-video-preview":"max-video-preview:-1"},"canonical":"https:\/\/www.gossip.it\/news\/elisabetta-gregoraci-non-va-gf-vip-ecco-perche\/","og_locale":"it_IT","og_type":"article","og_title":"Elisabetta Gregoraci non va al GF Vip: ecco perch\u00e9 - Gossip.it | News sul Gossip e VIP","og_description":"Elisabetta Gregoraci non sar\u00e0 in studio a Cinecitt\u00e0 per la nuova puntata del \u2018Grande Fratello Vip\u2019. No, la showgirl infatti ha di meglio da fare: ha","og_url":"https:\/\/www.gossip.it\/news\/elisabetta-gregoraci-non-va-gf-vip-ecco-perche\/","og_site_name":"Gossip.it | News sul Gossip e VIP","article_publisher":"https:\/\/www.facebook.com\/GossipIT","article_published_time":"2021-01-03T23:00:00+00:00","og_image":[{"url":"https:\/\/files.gossip.it\/immagini_news\/2021\/01\/1609758675_elisabetta_gregoraci_nathan_dubai7.jpg"}],"author":"La Redazione","twitter_card":"summary_large_image","twitter_image":"https:\/\/files.gossip.it\/immagini_news\/2021\/01\/1609758675_elisabetta_gregoraci_nathan_dubai7.jpg","twitter_creator":"@gossinews_it","twitter_site":"@gossinews_it","twitter_misc":{"Scritto da":"la Redazione","Tempo di lettura stimato":"1 minuto"},"schema":{"@context":"https:\/\/schema.org","@graph":[{"@type":"Article","@id":"https:\/\/www.gossip.it\/news\/elisabetta-gregoraci-non-va-gf-vip-ecco-perche\/#article","isPartOf":{"@id":"https:\/\/www.gossip.it\/news\/elisabetta-gregoraci-non-va-gf-vip-ecco-perche\/"},"author":{"name":"La Redazione","@id":"https:\/\/www.gossip.it\/#\/schema\/person\/488896f75158bff1cc83c6c39d141110"},"headline":"Elisabetta Gregoraci non va al GF Vip: ecco perch\u00e9","datePublished":"2021-01-03T23:00:00+00:00","dateModified":"2021-01-03T23:00:00+00:00","mainEntityOfPage":{"@id":"https:\/\/www.gossip.it\/news\/elisabetta-gregoraci-non-va-gf-vip-ecco-perche\/"},"wordCount":208,"publisher":{"@id":"https:\/\/www.gossip.it\/#organization"},"image":{"@id":"https:\/\/www.gossip.it\/news\/elisabetta-gregoraci-non-va-gf-vip-ecco-perche\/#primaryimage"},"thumbnailUrl":"https:\/\/files.gossip.it\/immagini_news\/2021\/01\/1609758675_elisabetta_gregoraci_nathan_dubai7.jpg","articleSection":["News"],"inLanguage":"it-IT"},{"@type":"WebPage","@id":"https:\/\/www.gossip.it\/news\/elisabetta-gregoraci-non-va-gf-vip-ecco-perche\/","url":"https:\/\/www.gossip.it\/news\/elisabetta-gregoraci-non-va-gf-vip-ecco-perche\/","name":"Elisabetta Gregoraci non va al GF Vip: ecco perch\u00e9 - Gossip.it | News sul Gossip e VIP","isPartOf":{"@id":"https:\/\/www.gossip.it\/#website"},"primaryImageOfPage":{"@id":"https:\/\/www.gossip.it\/news\/elisabetta-gregoraci-non-va-gf-vip-ecco-perche\/#primaryimage"},"image":{"@id":"https:\/\/www.gossip.it\/news\/elisabetta-gregoraci-non-va-gf-vip-ecco-perche\/#primaryimage"},"thumbnailUrl":"https:\/\/files.gossip.it\/immagini_news\/2021\/01\/1609758675_elisabetta_gregoraci_nathan_dubai7.jpg","datePublished":"2021-01-03T23:00:00+00:00","dateModified":"2021-01-03T23:00:00+00:00","description":"Elisabetta Gregoraci non sar\u00e0 in studio a Cinecitt\u00e0 per la nuova puntata del \u2018Grande Fratello Vip\u2019. No, la showgirl infatti ha di meglio da fare: ha","breadcrumb":{"@id":"https:\/\/www.gossip.it\/news\/elisabetta-gregoraci-non-va-gf-vip-ecco-perche\/#breadcrumb"},"inLanguage":"it-IT","potentialAction":[{"@type":"ReadAction","target":["https:\/\/www.gossip.it\/news\/elisabetta-gregoraci-non-va-gf-vip-ecco-perche\/"]}]},{"@type":"ImageObject","inLanguage":"it-IT","@id":"https:\/\/www.gossip.it\/news\/elisabetta-gregoraci-non-va-gf-vip-ecco-perche\/#primaryimage","url":"https:\/\/files.gossip.it\/immagini_news\/2021\/01\/1609758675_elisabetta_gregoraci_nathan_dubai7.jpg","contentUrl":"https:\/\/files.gossip.it\/immagini_news\/2021\/01\/1609758675_elisabetta_gregoraci_nathan_dubai7.jpg"},{"@type":"BreadcrumbList","@id":"https:\/\/www.gossip.it\/news\/elisabetta-gregoraci-non-va-gf-vip-ecco-perche\/#breadcrumb","itemListElement":[{"@type":"ListItem","position":1,"name":"Home","item":"https:\/\/www.gossip.it\/"},{"@type":"ListItem","position":2,"name":"Elisabetta Gregoraci non va al GF Vip: ecco perch\u00e9"}]},{"@type":"WebSite","@id":"https:\/\/www.gossip.it\/#website","url":"https:\/\/www.gossip.it\/","name":"Gossip and VIP News","description":"Quotidiano di cronaca rosa, costume e societ\u00e0","publisher":{"@id":"https:\/\/www.gossip.it\/#organization"},"alternateName":"Gossip and VIP News","potentialAction":[{"@type":"SearchAction","target":{"@type":"EntryPoint","urlTemplate":"https:\/\/www.gossip.it\/?s={search_term_string}"},"query-input":{"@type":"PropertyValueSpecification","valueRequired":true,"valueName":"search_term_string"}}],"inLanguage":"it-IT"},{"@type":"Organization","@id":"https:\/\/www.gossip.it\/#organization","name":"Gossip and VIP News","alternateName":"Gossip News","url":"https:\/\/www.gossip.it\/","logo":{"@type":"ImageObject","inLanguage":"it-IT","@id":"https:\/\/www.gossip.it\/#\/schema\/logo\/image\/","url":"https:\/\/www.gossip.it\/wp-content\/uploads\/2022\/04\/cropped-corna-alta-tiny.png","contentUrl":"https:\/\/www.gossip.it\/wp-content\/uploads\/2022\/04\/cropped-corna-alta-tiny.png","width":512,"height":512,"caption":"Gossip and VIP News"},"image":{"@id":"https:\/\/www.gossip.it\/#\/schema\/logo\/image\/"},"sameAs":["https:\/\/www.facebook.com\/GossipIT","https:\/\/x.com\/gossinews_it","https:\/\/instagram.com\/gossip_it"]},{"@type":"Person","@id":"https:\/\/www.gossip.it\/#\/schema\/person\/488896f75158bff1cc83c6c39d141110","name":"La Redazione","image":{"@type":"ImageObject","inLanguage":"it-IT","@id":"https:\/\/www.gossip.it\/#\/schema\/person\/image\/","url":"https:\/\/secure.gravatar.com\/avatar\/5a5f5c6fa3e6700e4249abdad0263a1e94e927d9e0499b1cb09c1cd29c044d80?s=96&d=mm&r=g","contentUrl":"https:\/\/secure.gravatar.com\/avatar\/5a5f5c6fa3e6700e4249abdad0263a1e94e927d9e0499b1cb09c1cd29c044d80?s=96&d=mm&r=g","caption":"La Redazione"},"sameAs":["https:\/\/www.gossip.it"]}]}},"amp_enabled":true,"_links":{"self":[{"href":"https:\/\/www.gossip.it\/api\/wp\/v2\/posts\/68752","targetHints":{"allow":["GET"]}}],"collection":[{"href":"https:\/\/www.gossip.it\/api\/wp\/v2\/posts"}],"about":[{"href":"https:\/\/www.gossip.it\/api\/wp\/v2\/types\/post"}],"author":[{"embeddable":true,"href":"https:\/\/www.gossip.it\/api\/wp\/v2\/users\/1"}],"replies":[{"embeddable":true,"href":"https:\/\/www.gossip.it\/api\/wp\/v2\/comments?post=68752"}],"version-history":[{"count":0,"href":"https:\/\/www.gossip.it\/api\/wp\/v2\/posts\/68752\/revisions"}],"wp:featuredmedia":[{"embeddable":true,"href":"https:\/\/www.gossip.it\/api\/wp\/v2\/media\/124798"}],"wp:attachment":[{"href":"https:\/\/www.gossip.it\/api\/wp\/v2\/media?parent=68752"}],"wp:term":[{"taxonomy":"category","embeddable":true,"href":"https:\/\/www.gossip.it\/api\/wp\/v2\/categories?post=68752"},{"taxonomy":"post_tag","embeddable":true,"href":"https:\/\/www.gossip.it\/api\/wp\/v2\/tags?post=68752"},{"taxonomy":"vip","embeddable":true,"href":"https:\/\/www.gossip.it\/api\/wp\/v2\/vip?post=68752"}],"curies":[{"name":"wp","href":"https:\/\/api.w.org\/{rel}","templated":true}]}}