{"id":68883,"date":"2021-01-22T00:00:00","date_gmt":"2021-01-21T23:00:00","guid":{"rendered":"https:\/\/www.gossip.it\/senza-categoria\/giulia-de-lellis-incubo\/"},"modified":"2021-01-22T00:00:00","modified_gmt":"2021-01-21T23:00:00","slug":"giulia-de-lellis-incubo","status":"publish","type":"post","link":"https:\/\/www.gossip.it\/news\/giulia-de-lellis-incubo\/","title":{"rendered":"Giulia De Lellis: 'Ecco qual \u00e8 il mio pi\u00f9 grande incubo'"},"content":{"rendered":"<p><a href=\"\/vip\/giulia-de lellis\/\">Giulia De Lellis<\/a> confessa\u00a0 qual \u00e8 il suo pi\u00f9 grande <strong>incubo<\/strong>, la sua peggiore paura che vorrebbe imparare a superare.<\/p>\n<figure class=\"caption\"><img decoding=\"async\" alt=\"Giulia De Lellis: 'Ecco qual \u00e8 il mio pi\u00f9 grande incubo'\" width=\"640\" height=\"674\" src=\"https:\/\/files.gossip.it\/immagini_news\/2021\/01\/1611322569_giulia_de_lellis.jpg\" \/><figcaption>Giulia De Lellis: 'Ecco qual \u00e8 il mio pi\u00f9 grande incubo'<\/figcaption><\/figure>\n<p>Intervistata dal<em> Vanity Fair<\/em> l\u2019influencer da 5 milioni di follower svela: <em>\u201cIl mio <strong>incubo<\/strong> pi\u00f9 grande \u00e8 quello delle malattie. Invidio la forza e la tenacia di chi le vive e le combatte a testa alta. Io sono una terribile ipocondrica e devo ancora capire come gestire questa mia paura\u201d<\/em>. L\u2019ex corteggiastrice di <em>Uomini e Donne<\/em>, ora fidanzata con il \u2018rampollo\u2019 <em>Carlo Beretta<\/em>, sono anni che combatte contro le sue angosce, di cui non ha mai fatto mistero coi i fan del resto. E anche in questo difficile periodo storico la 25enne romana si fa controlli su controlli e tamponi continuamente: Giulia teme di essere contagiata dal Covid.<\/p>\n<p>La De Lellis \u00e8 ipocondriaca, lo conferma al settimanale e quando le si domanda che libro vorrebbe leggere, replica: <em>\u201cRimanendo in tema ipocondria, mi piacerebbe leggere 'Ogni sintomo \u00e8 un messaggio'. Mi \u00e8 stato regalato tempo fa da mia sorella, ma nell\u2019ultimo furto mi \u00e8 stato rubato. Mi sono ripromessa, per\u00f2, di ricomprarlo: magari potrebbe essere la strada giusta per risolvere le mie paure\u201d.<\/em><\/p>\n<p>\u00a0<\/p>\n","protected":false},"excerpt":{"rendered":"<p>Giulia De Lellis confessa\u00a0 qual \u00e8 il suo pi\u00f9 grande incubo, la sua peggiore paura che vorrebbe imparare a superare. Giulia De Lellis: 'Ecco qual \u00e8 il mio pi\u00f9 grande incubo' Intervistata dal Vanity Fair l\u2019influencer da 5 milioni di follower svela: \u201cIl mio incubo pi\u00f9 grande \u00e8 quello delle malattie. Invidio la forza e [&hellip;]<\/p>\n","protected":false},"author":1,"featured_media":124929,"comment_status":"closed","ping_status":"closed","sticky":false,"template":"","format":"standard","meta":{"footnotes":""},"categories":[54],"tags":[2129,2102,7313,10592,31106,2198,2121,2103,2303,1923,2115,2162],"vip":[],"class_list":["post-68883","post","type-post","status-publish","format-standard","has-post-thumbnail","hentry","category-news","tag-corteggiatrice","tag-dichiarazioni","tag-fashion-blogger","tag-giulia-de-lellis","tag-incubo","tag-influencer","tag-instagram","tag-intervista","tag-paura","tag-social","tag-uomini-e-donne","tag-vanity-fair"],"yoast_head":"<title>Giulia De Lellis: &#039;Ecco qual \u00e8 il mio pi\u00f9 grande incubo&#039; - Gossip.it | News sul Gossip e VIP<\/title>\n<meta name=\"description\" content=\"Giulia De Lellis confessa\u00a0 qual \u00e8 il suo pi\u00f9 grande incubo, la sua peggiore paura che vorrebbe imparare a superare.Giulia De Lellis: &#039;Ecco qual \u00e8 il mio\" \/>\n<meta name=\"robots\" content=\"index, follow, max-snippet:-1, max-image-preview:large, max-video-preview:-1\" \/>\n<link rel=\"canonical\" href=\"https:\/\/www.gossip.it\/news\/giulia-de-lellis-incubo\/\" \/>\n<meta property=\"og:locale\" content=\"it_IT\" \/>\n<meta property=\"og:type\" content=\"article\" \/>\n<meta property=\"og:title\" content=\"Giulia De Lellis: &#039;Ecco qual \u00e8 il mio pi\u00f9 grande incubo&#039; - Gossip.it | News sul Gossip e VIP\" \/>\n<meta property=\"og:description\" content=\"Giulia De Lellis confessa\u00a0 qual \u00e8 il suo pi\u00f9 grande incubo, la sua peggiore paura che vorrebbe imparare a superare.Giulia De Lellis: &#039;Ecco qual \u00e8 il mio\" \/>\n<meta property=\"og:url\" content=\"https:\/\/www.gossip.it\/news\/giulia-de-lellis-incubo\/\" \/>\n<meta property=\"og:site_name\" content=\"Gossip.it | News sul Gossip e VIP\" \/>\n<meta property=\"article:publisher\" content=\"https:\/\/www.facebook.com\/GossipIT\" \/>\n<meta property=\"article:published_time\" content=\"2021-01-21T23:00:00+00:00\" \/>\n<meta property=\"og:image\" content=\"https:\/\/files.gossip.it\/immagini_news\/2021\/01\/1611322569_giulia_de_lellis.jpg\" \/>\n<meta name=\"author\" content=\"La Redazione\" \/>\n<meta name=\"twitter:card\" content=\"summary_large_image\" \/>\n<meta name=\"twitter:image\" content=\"https:\/\/files.gossip.it\/immagini_news\/2021\/01\/1611322569_giulia_de_lellis.jpg\" \/>\n<meta name=\"twitter:creator\" content=\"@gossinews_it\" \/>\n<meta name=\"twitter:site\" content=\"@gossinews_it\" \/>\n<meta name=\"twitter:label1\" content=\"Scritto da\" \/>\n\t<meta name=\"twitter:data1\" content=\"Annamaria Capozzi\" \/>\n\t<meta name=\"twitter:label2\" content=\"Tempo di lettura stimato\" \/>\n\t<meta name=\"twitter:data2\" content=\"1 minuto\" \/>","yoast_head_json":{"title":"Giulia De Lellis: 'Ecco qual \u00e8 il mio pi\u00f9 grande incubo' - Gossip.it | News sul Gossip e VIP","description":"Giulia De Lellis confessa\u00a0 qual \u00e8 il suo pi\u00f9 grande incubo, la sua peggiore paura che vorrebbe imparare a superare.Giulia De Lellis: 'Ecco qual \u00e8 il mio","robots":{"index":"index","follow":"follow","max-snippet":"max-snippet:-1","max-image-preview":"max-image-preview:large","max-video-preview":"max-video-preview:-1"},"canonical":"https:\/\/www.gossip.it\/news\/giulia-de-lellis-incubo\/","og_locale":"it_IT","og_type":"article","og_title":"Giulia De Lellis: 'Ecco qual \u00e8 il mio pi\u00f9 grande incubo' - Gossip.it | News sul Gossip e VIP","og_description":"Giulia De Lellis confessa\u00a0 qual \u00e8 il suo pi\u00f9 grande incubo, la sua peggiore paura che vorrebbe imparare a superare.Giulia De Lellis: 'Ecco qual \u00e8 il mio","og_url":"https:\/\/www.gossip.it\/news\/giulia-de-lellis-incubo\/","og_site_name":"Gossip.it | News sul Gossip e VIP","article_publisher":"https:\/\/www.facebook.com\/GossipIT","article_published_time":"2021-01-21T23:00:00+00:00","og_image":[{"url":"https:\/\/files.gossip.it\/immagini_news\/2021\/01\/1611322569_giulia_de_lellis.jpg"}],"author":"La Redazione","twitter_card":"summary_large_image","twitter_image":"https:\/\/files.gossip.it\/immagini_news\/2021\/01\/1611322569_giulia_de_lellis.jpg","twitter_creator":"@gossinews_it","twitter_site":"@gossinews_it","twitter_misc":{"Scritto da":"Annamaria Capozzi","Tempo di lettura stimato":"1 minuto"},"schema":{"@context":"https:\/\/schema.org","@graph":[{"@type":"Article","@id":"https:\/\/www.gossip.it\/news\/giulia-de-lellis-incubo\/#article","isPartOf":{"@id":"https:\/\/www.gossip.it\/news\/giulia-de-lellis-incubo\/"},"author":{"name":"La Redazione","@id":"https:\/\/www.gossip.it\/#\/schema\/person\/488896f75158bff1cc83c6c39d141110"},"headline":"Giulia De Lellis: 'Ecco qual \u00e8 il mio pi\u00f9 grande incubo'","datePublished":"2021-01-21T23:00:00+00:00","dateModified":"2021-01-21T23:00:00+00:00","mainEntityOfPage":{"@id":"https:\/\/www.gossip.it\/news\/giulia-de-lellis-incubo\/"},"wordCount":208,"publisher":{"@id":"https:\/\/www.gossip.it\/#organization"},"image":{"@id":"https:\/\/www.gossip.it\/news\/giulia-de-lellis-incubo\/#primaryimage"},"thumbnailUrl":"https:\/\/files.gossip.it\/immagini_news\/2021\/01\/1611322569_giulia_de_lellis.jpg","keywords":["corteggiatrice","dichiarazioni","fashion blogger","giulia de lellis","incubo","influencer","instagram","intervista","paura","social","uomini e donne","vanity fair"],"articleSection":["News"],"inLanguage":"it-IT"},{"@type":"WebPage","@id":"https:\/\/www.gossip.it\/news\/giulia-de-lellis-incubo\/","url":"https:\/\/www.gossip.it\/news\/giulia-de-lellis-incubo\/","name":"Giulia De Lellis: 'Ecco qual \u00e8 il mio pi\u00f9 grande incubo' - Gossip.it | News sul Gossip e VIP","isPartOf":{"@id":"https:\/\/www.gossip.it\/#website"},"primaryImageOfPage":{"@id":"https:\/\/www.gossip.it\/news\/giulia-de-lellis-incubo\/#primaryimage"},"image":{"@id":"https:\/\/www.gossip.it\/news\/giulia-de-lellis-incubo\/#primaryimage"},"thumbnailUrl":"https:\/\/files.gossip.it\/immagini_news\/2021\/01\/1611322569_giulia_de_lellis.jpg","datePublished":"2021-01-21T23:00:00+00:00","dateModified":"2021-01-21T23:00:00+00:00","description":"Giulia De Lellis confessa\u00a0 qual \u00e8 il suo pi\u00f9 grande incubo, la sua peggiore paura che vorrebbe imparare a superare.Giulia De Lellis: 'Ecco qual \u00e8 il mio","breadcrumb":{"@id":"https:\/\/www.gossip.it\/news\/giulia-de-lellis-incubo\/#breadcrumb"},"inLanguage":"it-IT","potentialAction":[{"@type":"ReadAction","target":["https:\/\/www.gossip.it\/news\/giulia-de-lellis-incubo\/"]}]},{"@type":"ImageObject","inLanguage":"it-IT","@id":"https:\/\/www.gossip.it\/news\/giulia-de-lellis-incubo\/#primaryimage","url":"https:\/\/files.gossip.it\/immagini_news\/2021\/01\/1611322569_giulia_de_lellis.jpg","contentUrl":"https:\/\/files.gossip.it\/immagini_news\/2021\/01\/1611322569_giulia_de_lellis.jpg"},{"@type":"BreadcrumbList","@id":"https:\/\/www.gossip.it\/news\/giulia-de-lellis-incubo\/#breadcrumb","itemListElement":[{"@type":"ListItem","position":1,"name":"Home","item":"https:\/\/www.gossip.it\/"},{"@type":"ListItem","position":2,"name":"Giulia De Lellis: 'Ecco qual \u00e8 il mio pi\u00f9 grande incubo'"}]},{"@type":"WebSite","@id":"https:\/\/www.gossip.it\/#website","url":"https:\/\/www.gossip.it\/","name":"Gossip and VIP News","description":"Quotidiano di cronaca rosa, costume e societ\u00e0","publisher":{"@id":"https:\/\/www.gossip.it\/#organization"},"alternateName":"Gossip and VIP News","potentialAction":[{"@type":"SearchAction","target":{"@type":"EntryPoint","urlTemplate":"https:\/\/www.gossip.it\/?s={search_term_string}"},"query-input":{"@type":"PropertyValueSpecification","valueRequired":true,"valueName":"search_term_string"}}],"inLanguage":"it-IT"},{"@type":"Organization","@id":"https:\/\/www.gossip.it\/#organization","name":"Gossip and VIP News","alternateName":"Gossip News","url":"https:\/\/www.gossip.it\/","logo":{"@type":"ImageObject","inLanguage":"it-IT","@id":"https:\/\/www.gossip.it\/#\/schema\/logo\/image\/","url":"https:\/\/www.gossip.it\/wp-content\/uploads\/2022\/04\/cropped-corna-alta-tiny.png","contentUrl":"https:\/\/www.gossip.it\/wp-content\/uploads\/2022\/04\/cropped-corna-alta-tiny.png","width":512,"height":512,"caption":"Gossip and VIP News"},"image":{"@id":"https:\/\/www.gossip.it\/#\/schema\/logo\/image\/"},"sameAs":["https:\/\/www.facebook.com\/GossipIT","https:\/\/x.com\/gossinews_it","https:\/\/instagram.com\/gossip_it"]},{"@type":"Person","@id":"https:\/\/www.gossip.it\/#\/schema\/person\/488896f75158bff1cc83c6c39d141110","name":"La Redazione","image":{"@type":"ImageObject","inLanguage":"it-IT","@id":"https:\/\/www.gossip.it\/#\/schema\/person\/image\/","url":"https:\/\/secure.gravatar.com\/avatar\/5a5f5c6fa3e6700e4249abdad0263a1e94e927d9e0499b1cb09c1cd29c044d80?s=96&d=mm&r=g","contentUrl":"https:\/\/secure.gravatar.com\/avatar\/5a5f5c6fa3e6700e4249abdad0263a1e94e927d9e0499b1cb09c1cd29c044d80?s=96&d=mm&r=g","caption":"La Redazione"},"sameAs":["https:\/\/www.gossip.it"]}]}},"amp_enabled":true,"_links":{"self":[{"href":"https:\/\/www.gossip.it\/api\/wp\/v2\/posts\/68883","targetHints":{"allow":["GET"]}}],"collection":[{"href":"https:\/\/www.gossip.it\/api\/wp\/v2\/posts"}],"about":[{"href":"https:\/\/www.gossip.it\/api\/wp\/v2\/types\/post"}],"author":[{"embeddable":true,"href":"https:\/\/www.gossip.it\/api\/wp\/v2\/users\/1"}],"replies":[{"embeddable":true,"href":"https:\/\/www.gossip.it\/api\/wp\/v2\/comments?post=68883"}],"version-history":[{"count":0,"href":"https:\/\/www.gossip.it\/api\/wp\/v2\/posts\/68883\/revisions"}],"wp:featuredmedia":[{"embeddable":true,"href":"https:\/\/www.gossip.it\/api\/wp\/v2\/media\/124929"}],"wp:attachment":[{"href":"https:\/\/www.gossip.it\/api\/wp\/v2\/media?parent=68883"}],"wp:term":[{"taxonomy":"category","embeddable":true,"href":"https:\/\/www.gossip.it\/api\/wp\/v2\/categories?post=68883"},{"taxonomy":"post_tag","embeddable":true,"href":"https:\/\/www.gossip.it\/api\/wp\/v2\/tags?post=68883"},{"taxonomy":"vip","embeddable":true,"href":"https:\/\/www.gossip.it\/api\/wp\/v2\/vip?post=68883"}],"curies":[{"name":"wp","href":"https:\/\/api.w.org\/{rel}","templated":true}]}}