{"id":68978,"date":"2021-02-06T00:00:00","date_gmt":"2021-02-05T23:00:00","guid":{"rendered":"https:\/\/www.gossip.it\/senza-categoria\/dayane-mello-puntata-ecco-percha-non-sono-uscita-gf-vip\/"},"modified":"2021-02-06T00:00:00","modified_gmt":"2021-02-05T23:00:00","slug":"dayane-mello-puntata-ecco-percha-non-sono-uscita-gf-vip","status":"publish","type":"post","link":"https:\/\/www.gossip.it\/news\/dayane-mello-puntata-ecco-percha-non-sono-uscita-gf-vip\/","title":{"rendered":"Dayane Mello spiega in diretta: ''Ecco perch\u00e8 non sono uscita dal GF Vip''"},"content":{"rendered":"<p>La trentasettesima puntata del <em><strong>Grande Fratello Vip<\/strong><\/em> \u00e8 tutta dedicata a<strong> <a href=\"\/vip\/dayane-mello \/\">Dayane Mello <\/a><\/strong>e al suo lutto. <strong><a href=\"\/vip\/alfonso-signorini\/\">Alfonso Signorini<\/a><\/strong>, <strong><a href=\"\/vip\/antonella-elia\/\">Antonella Elia<\/a><\/strong>, <strong><a href=\"\/vip\/pupo\/\">Pupo<\/a><\/strong> e tutti i concorrenti sono vestiti di nero. La tragica scomparsa di <strong>Lucas Mello<\/strong>, il fratello 26enne della modella brasiliana ha sconvolto tutti. Dayane per\u00f2 ha deciso di restare nella casa almeno al momento e la produzione del reality ha voluto affrontare questo dolore insieme al pubblico.<\/p>\n<figure class=\"caption\"><img decoding=\"async\" alt=\"\" width=\"1157\" height=\"649\" src=\"https:\/\/files.gossip.it\/immagini_news\/2021\/02\/1612607108_dayane1.jpg\" \/><figcaption>La trentasettesima puntata del\u00a0Grande Fratello Vip\u00a0\u00e8 tutta dedicata a\u00a0Dayane Mello<\/figcaption><\/figure>\n<p>Alfonso Signorini ha ripercorso gli ultimi giorni della Mello. La chiamata in confessionale, lo shock e la decisione di rientrare. Tutti i concorrenti si sono stretti accanto alla modella 31enne, ma qualcuno ha storto il naso. Ha senso continuare il gioco? Perch\u00e8 Dayane non \u00e8 uscita? Signorini ha chiesto di rispettare la decisione della concorrente ed \u00e8 andato in prima persona ad abbracciarla ribadendole di fare la cosa che la faceva stare meglio. E\u2019 stata Dayane a spiegare in puntata <strong>le motivazioni della sua scelta<\/strong>.<\/p>\n<p>La modella non pu\u00f2 tornare in Brasile per la situazione sanitaria mondiale, in Italia ha solo la sua bimba Sofia, 6 anni, che vive con l\u2019ex compagno\u00a0<strong><a href=\"\/vip\/-stefano sala\/\">Stefano Sala<\/a><\/strong>, la moglie <strong><a href=\"\/vip\/dasha-dereviankina \/\">Dasha Dereviankina <\/a><\/strong>e i nonni paterni. La Mello non ha voluto coinvolgere la bimba nel suo dolore: ''<em>Cinque anni ha vissuto una situazione simile, so quanto lei ha sofferto vedendo la mamma che non sorride. Non \u00e8 questo il momento di fingere di stare bene, io non le mento mai. Le ho detto quello che \u00e8 successo. E poi ho deciso questo anche per Lucas perch\u00e9 lui era molto felice di questo Grande Fratello e voleva che io rimanessi qui.\u2019\u2019<\/em><\/p>\n<figure class=\"caption\"><img decoding=\"async\" alt=\"\" width=\"1136\" height=\"652\" src=\"https:\/\/files.gossip.it\/immagini_news\/2021\/02\/1612607130_dayane2.jpg\" \/><figcaption>La modella in lacrime ha raccontato come sta vivendo questo momento<\/figcaption><\/figure>\n<figure class=\"caption\"><img decoding=\"async\" alt=\"\" width=\"1161\" height=\"651\" src=\"https:\/\/files.gossip.it\/immagini_news\/2021\/02\/1612607149_dayane3.jpg\" \/><figcaption>Anche gli ex concorrenti hanno voluto abbracciarla simbolicamente<\/figcaption><\/figure>\n<figure class=\"caption\"><img decoding=\"async\" alt=\"\" width=\"1159\" height=\"656\" src=\"https:\/\/files.gossip.it\/immagini_news\/2021\/02\/1612607207_dayane4.jpg\" \/><figcaption>Alfonso Signorini \u00e8 corso subito da Dayane appena ha saputo la notizia<\/figcaption><\/figure>\n<p>Alfonso ha aggiunto che la modella ha scelto restare con i suoi compagn nonostante il momento anche per rimanere in quel <em>''nido, simile a una famiglia che si \u00e8 venuta a creare nella Casa\u2019\u2019<\/em>. Poi per lei l'abbraccio della suocera, la signora Simona.<\/p>\n<figure class=\"caption\"><img decoding=\"async\" alt=\"\" width=\"1155\" height=\"646\" src=\"https:\/\/files.gossip.it\/immagini_news\/2021\/02\/1612607178_dayane5.jpg\" \/><figcaption>La modella ha ricevuto la visita della mamma del suo ex compagno, la signora Simona<\/figcaption><\/figure>\n<figure class=\"caption\"><img decoding=\"async\" alt=\"\" width=\"1161\" height=\"645\" src=\"https:\/\/files.gossip.it\/immagini_news\/2021\/02\/1612607191_dayane6.jpg\" \/><figcaption>La mamma di Stefano Sala la sta aiutando a crescere la piccola Sofia<\/figcaption><\/figure>\n<p>Dopo tanta commozione si \u00e8 tornati a giocare tra nomination, sorprese ed emozioni. Il pubblico dovr\u00e0 scegliere chi salvare tra <strong><a href=\"\/vip\/alda-d\u2019eusanio\/\">Alda D\u2019Eusanio<\/a> <\/strong>e <strong><a href=\"\/vip\/samanta-de grenet\/\">Samanta De Grenet<\/a>.<\/strong> Chiss\u00e0 se Dayane rester\u00e0 della sua decisione\u2026<\/p>\n<p>\u00a0<\/p>\n","protected":false},"excerpt":{"rendered":"<p>La trentasettesima puntata del Grande Fratello Vip \u00e8 tutta dedicata a Dayane Mello e al suo lutto. Alfonso Signorini, Antonella Elia, Pupo e tutti i concorrenti sono vestiti di nero. La tragica scomparsa di Lucas Mello, il fratello 26enne della modella brasiliana ha sconvolto tutti. Dayane per\u00f2 ha deciso di restare nella casa almeno al [&hellip;]<\/p>\n","protected":false},"author":1,"featured_media":125024,"comment_status":"closed","ping_status":"closed","sticky":false,"template":"","format":"standard","meta":{"footnotes":""},"categories":[54],"tags":[1994,1896,2322,2207,2325,8884,2323,1934,4597,10699],"vip":[286],"class_list":["post-68978","post","type-post","status-publish","format-standard","has-post-thumbnail","hentry","category-news","tag-dayane-mello","tag-diretta","tag-fratello","tag-lacrime","tag-lucas-mello","tag-lutto","tag-morto","tag-reality","tag-scelta","tag-suocera","vip-alfonso_signorini"],"yoast_head":"<title>Dayane Mello spiega in diretta: &#039;&#039;Ecco perch\u00e8 non sono uscita dal GF Vip&#039;&#039; - Gossip.it | News sul Gossip e VIP<\/title>\n<meta name=\"description\" content=\"La trentasettesima puntata del Grande Fratello Vip \u00e8 tutta dedicata a Dayane Mello e al suo lutto. Alfonso Signorini, Antonella Elia, Pupo e tutti i\" \/>\n<meta name=\"robots\" content=\"index, follow, max-snippet:-1, max-image-preview:large, max-video-preview:-1\" \/>\n<link rel=\"canonical\" href=\"https:\/\/www.gossip.it\/news\/dayane-mello-puntata-ecco-percha-non-sono-uscita-gf-vip\/\" \/>\n<meta property=\"og:locale\" content=\"it_IT\" \/>\n<meta property=\"og:type\" content=\"article\" \/>\n<meta property=\"og:title\" content=\"Dayane Mello spiega in diretta: &#039;&#039;Ecco perch\u00e8 non sono uscita dal GF Vip&#039;&#039; - Gossip.it | News sul Gossip e VIP\" \/>\n<meta property=\"og:description\" content=\"La trentasettesima puntata del Grande Fratello Vip \u00e8 tutta dedicata a Dayane Mello e al suo lutto. Alfonso Signorini, Antonella Elia, Pupo e tutti i\" \/>\n<meta property=\"og:url\" content=\"https:\/\/www.gossip.it\/news\/dayane-mello-puntata-ecco-percha-non-sono-uscita-gf-vip\/\" \/>\n<meta property=\"og:site_name\" content=\"Gossip.it | News sul Gossip e VIP\" \/>\n<meta property=\"article:publisher\" content=\"https:\/\/www.facebook.com\/GossipIT\" \/>\n<meta property=\"article:published_time\" content=\"2021-02-05T23:00:00+00:00\" \/>\n<meta property=\"og:image\" content=\"https:\/\/files.gossip.it\/immagini_news\/2021\/02\/1612607108_dayane1.jpg\" \/>\n<meta name=\"author\" content=\"La Redazione\" \/>\n<meta name=\"twitter:card\" content=\"summary_large_image\" \/>\n<meta name=\"twitter:image\" content=\"https:\/\/files.gossip.it\/immagini_news\/2021\/02\/1612607108_dayane1.jpg\" \/>\n<meta name=\"twitter:creator\" content=\"@gossinews_it\" \/>\n<meta name=\"twitter:site\" content=\"@gossinews_it\" \/>\n<meta name=\"twitter:label1\" content=\"Scritto da\" \/>\n\t<meta name=\"twitter:data1\" content=\"La Redazione\" \/>\n\t<meta name=\"twitter:label2\" content=\"Tempo di lettura stimato\" \/>\n\t<meta name=\"twitter:data2\" content=\"2 minuti\" \/>","yoast_head_json":{"title":"Dayane Mello spiega in diretta: ''Ecco perch\u00e8 non sono uscita dal GF Vip'' - Gossip.it | News sul Gossip e VIP","description":"La trentasettesima puntata del Grande Fratello Vip \u00e8 tutta dedicata a Dayane Mello e al suo lutto. Alfonso Signorini, Antonella Elia, Pupo e tutti i","robots":{"index":"index","follow":"follow","max-snippet":"max-snippet:-1","max-image-preview":"max-image-preview:large","max-video-preview":"max-video-preview:-1"},"canonical":"https:\/\/www.gossip.it\/news\/dayane-mello-puntata-ecco-percha-non-sono-uscita-gf-vip\/","og_locale":"it_IT","og_type":"article","og_title":"Dayane Mello spiega in diretta: ''Ecco perch\u00e8 non sono uscita dal GF Vip'' - Gossip.it | News sul Gossip e VIP","og_description":"La trentasettesima puntata del Grande Fratello Vip \u00e8 tutta dedicata a Dayane Mello e al suo lutto. Alfonso Signorini, Antonella Elia, Pupo e tutti i","og_url":"https:\/\/www.gossip.it\/news\/dayane-mello-puntata-ecco-percha-non-sono-uscita-gf-vip\/","og_site_name":"Gossip.it | News sul Gossip e VIP","article_publisher":"https:\/\/www.facebook.com\/GossipIT","article_published_time":"2021-02-05T23:00:00+00:00","og_image":[{"url":"https:\/\/files.gossip.it\/immagini_news\/2021\/02\/1612607108_dayane1.jpg"}],"author":"La Redazione","twitter_card":"summary_large_image","twitter_image":"https:\/\/files.gossip.it\/immagini_news\/2021\/02\/1612607108_dayane1.jpg","twitter_creator":"@gossinews_it","twitter_site":"@gossinews_it","twitter_misc":{"Scritto da":"La Redazione","Tempo di lettura stimato":"2 minuti"},"schema":{"@context":"https:\/\/schema.org","@graph":[{"@type":"Article","@id":"https:\/\/www.gossip.it\/news\/dayane-mello-puntata-ecco-percha-non-sono-uscita-gf-vip\/#article","isPartOf":{"@id":"https:\/\/www.gossip.it\/news\/dayane-mello-puntata-ecco-percha-non-sono-uscita-gf-vip\/"},"author":{"name":"La Redazione","@id":"https:\/\/www.gossip.it\/#\/schema\/person\/488896f75158bff1cc83c6c39d141110"},"headline":"Dayane Mello spiega in diretta: ''Ecco perch\u00e8 non sono uscita dal GF Vip''","datePublished":"2021-02-05T23:00:00+00:00","dateModified":"2021-02-05T23:00:00+00:00","mainEntityOfPage":{"@id":"https:\/\/www.gossip.it\/news\/dayane-mello-puntata-ecco-percha-non-sono-uscita-gf-vip\/"},"wordCount":419,"publisher":{"@id":"https:\/\/www.gossip.it\/#organization"},"image":{"@id":"https:\/\/www.gossip.it\/news\/dayane-mello-puntata-ecco-percha-non-sono-uscita-gf-vip\/#primaryimage"},"thumbnailUrl":"https:\/\/files.gossip.it\/immagini_news\/2021\/02\/1612607108_dayane1.jpg","keywords":["dayane mello","diretta","fratello","lacrime","lucas mello","lutto","morto","reality","scelta","suocera"],"articleSection":["News"],"inLanguage":"it-IT"},{"@type":"WebPage","@id":"https:\/\/www.gossip.it\/news\/dayane-mello-puntata-ecco-percha-non-sono-uscita-gf-vip\/","url":"https:\/\/www.gossip.it\/news\/dayane-mello-puntata-ecco-percha-non-sono-uscita-gf-vip\/","name":"Dayane Mello spiega in diretta: ''Ecco perch\u00e8 non sono uscita dal GF Vip'' - Gossip.it | News sul Gossip e VIP","isPartOf":{"@id":"https:\/\/www.gossip.it\/#website"},"primaryImageOfPage":{"@id":"https:\/\/www.gossip.it\/news\/dayane-mello-puntata-ecco-percha-non-sono-uscita-gf-vip\/#primaryimage"},"image":{"@id":"https:\/\/www.gossip.it\/news\/dayane-mello-puntata-ecco-percha-non-sono-uscita-gf-vip\/#primaryimage"},"thumbnailUrl":"https:\/\/files.gossip.it\/immagini_news\/2021\/02\/1612607108_dayane1.jpg","datePublished":"2021-02-05T23:00:00+00:00","dateModified":"2021-02-05T23:00:00+00:00","description":"La trentasettesima puntata del Grande Fratello Vip \u00e8 tutta dedicata a Dayane Mello e al suo lutto. Alfonso Signorini, Antonella Elia, Pupo e tutti i","breadcrumb":{"@id":"https:\/\/www.gossip.it\/news\/dayane-mello-puntata-ecco-percha-non-sono-uscita-gf-vip\/#breadcrumb"},"inLanguage":"it-IT","potentialAction":[{"@type":"ReadAction","target":["https:\/\/www.gossip.it\/news\/dayane-mello-puntata-ecco-percha-non-sono-uscita-gf-vip\/"]}]},{"@type":"ImageObject","inLanguage":"it-IT","@id":"https:\/\/www.gossip.it\/news\/dayane-mello-puntata-ecco-percha-non-sono-uscita-gf-vip\/#primaryimage","url":"https:\/\/files.gossip.it\/immagini_news\/2021\/02\/1612607108_dayane1.jpg","contentUrl":"https:\/\/files.gossip.it\/immagini_news\/2021\/02\/1612607108_dayane1.jpg"},{"@type":"BreadcrumbList","@id":"https:\/\/www.gossip.it\/news\/dayane-mello-puntata-ecco-percha-non-sono-uscita-gf-vip\/#breadcrumb","itemListElement":[{"@type":"ListItem","position":1,"name":"Home","item":"https:\/\/www.gossip.it\/"},{"@type":"ListItem","position":2,"name":"Dayane Mello spiega in diretta: ''Ecco perch\u00e8 non sono uscita dal GF Vip''"}]},{"@type":"WebSite","@id":"https:\/\/www.gossip.it\/#website","url":"https:\/\/www.gossip.it\/","name":"Gossip and VIP News","description":"Quotidiano di cronaca rosa, costume e societ\u00e0","publisher":{"@id":"https:\/\/www.gossip.it\/#organization"},"alternateName":"Gossip and VIP News","potentialAction":[{"@type":"SearchAction","target":{"@type":"EntryPoint","urlTemplate":"https:\/\/www.gossip.it\/?s={search_term_string}"},"query-input":{"@type":"PropertyValueSpecification","valueRequired":true,"valueName":"search_term_string"}}],"inLanguage":"it-IT"},{"@type":"Organization","@id":"https:\/\/www.gossip.it\/#organization","name":"Gossip and VIP News","alternateName":"Gossip News","url":"https:\/\/www.gossip.it\/","logo":{"@type":"ImageObject","inLanguage":"it-IT","@id":"https:\/\/www.gossip.it\/#\/schema\/logo\/image\/","url":"https:\/\/www.gossip.it\/wp-content\/uploads\/2022\/04\/cropped-corna-alta-tiny.png","contentUrl":"https:\/\/www.gossip.it\/wp-content\/uploads\/2022\/04\/cropped-corna-alta-tiny.png","width":512,"height":512,"caption":"Gossip and VIP News"},"image":{"@id":"https:\/\/www.gossip.it\/#\/schema\/logo\/image\/"},"sameAs":["https:\/\/www.facebook.com\/GossipIT","https:\/\/x.com\/gossinews_it","https:\/\/instagram.com\/gossip_it"]},{"@type":"Person","@id":"https:\/\/www.gossip.it\/#\/schema\/person\/488896f75158bff1cc83c6c39d141110","name":"La Redazione","image":{"@type":"ImageObject","inLanguage":"it-IT","@id":"https:\/\/www.gossip.it\/#\/schema\/person\/image\/","url":"https:\/\/secure.gravatar.com\/avatar\/5a5f5c6fa3e6700e4249abdad0263a1e94e927d9e0499b1cb09c1cd29c044d80?s=96&d=mm&r=g","contentUrl":"https:\/\/secure.gravatar.com\/avatar\/5a5f5c6fa3e6700e4249abdad0263a1e94e927d9e0499b1cb09c1cd29c044d80?s=96&d=mm&r=g","caption":"La Redazione"},"sameAs":["https:\/\/www.gossip.it"]}]}},"amp_enabled":true,"_links":{"self":[{"href":"https:\/\/www.gossip.it\/api\/wp\/v2\/posts\/68978","targetHints":{"allow":["GET"]}}],"collection":[{"href":"https:\/\/www.gossip.it\/api\/wp\/v2\/posts"}],"about":[{"href":"https:\/\/www.gossip.it\/api\/wp\/v2\/types\/post"}],"author":[{"embeddable":true,"href":"https:\/\/www.gossip.it\/api\/wp\/v2\/users\/1"}],"replies":[{"embeddable":true,"href":"https:\/\/www.gossip.it\/api\/wp\/v2\/comments?post=68978"}],"version-history":[{"count":0,"href":"https:\/\/www.gossip.it\/api\/wp\/v2\/posts\/68978\/revisions"}],"wp:featuredmedia":[{"embeddable":true,"href":"https:\/\/www.gossip.it\/api\/wp\/v2\/media\/125024"}],"wp:attachment":[{"href":"https:\/\/www.gossip.it\/api\/wp\/v2\/media?parent=68978"}],"wp:term":[{"taxonomy":"category","embeddable":true,"href":"https:\/\/www.gossip.it\/api\/wp\/v2\/categories?post=68978"},{"taxonomy":"post_tag","embeddable":true,"href":"https:\/\/www.gossip.it\/api\/wp\/v2\/tags?post=68978"},{"taxonomy":"vip","embeddable":true,"href":"https:\/\/www.gossip.it\/api\/wp\/v2\/vip?post=68978"}],"curies":[{"name":"wp","href":"https:\/\/api.w.org\/{rel}","templated":true}]}}