{"id":69081,"date":"2021-02-22T00:00:00","date_gmt":"2021-02-21T23:00:00","guid":{"rendered":"https:\/\/www.gossip.it\/senza-categoria\/belen-quando-lasciati-con-stefano-periodo-duro\/"},"modified":"2021-02-22T00:00:00","modified_gmt":"2021-02-21T23:00:00","slug":"belen-quando-lasciati-con-stefano-periodo-duro","status":"publish","type":"post","link":"https:\/\/www.gossip.it\/news\/belen-quando-lasciati-con-stefano-periodo-duro\/","title":{"rendered":"Belen ammette: 'Quando ci siamo lasciati con Stefano ho avuto un periodo duro, poi...'"},"content":{"rendered":"<p><a href=\"\/vip\/belen\/\">Belen<\/a> sceglie un abito bianco per la sua prima volta in tv da donna incinta, felice per il suo secondo beb\u00e8 in arrivo, una bambina che chiamer\u00e0 Luna Marie. A <em>Verissimo<\/em> la showgirl argentina 36enne, entrata nel quinto mese di gravidanza, ripercorre la fine del suo matrimonio con <a href=\"\/vip\/stefano-de martino\/\">Stefano De Martino<\/a> e parla della <em>\u2018rinascita\u2019,<\/em> arrivata grazie all\u2019incontro con <a href=\"\/vip\/antonino-spinalbese\/\">Antonino Spinalbese<\/a>, il ragazzo 26enne che le ha fatto perdere la testa e con cui, spera,<em> \u201csia per sempre\u201d<\/em>, cos\u00ec sottolinea senza paura. <em>\u201c<strong>Quando<\/strong> ci siamo <strong>lasciati con Stefano<\/strong> ho avuto un <strong>periodo duro<\/strong>\u201d,<\/em> ammette. Poi tutto \u00e8 cambiato.<\/p>\n<figure class=\"caption\"><img decoding=\"async\" alt=\"Belen ammette: 'Quando ci siamo lasciati con Stefano ho avuto un periodo duro, poi...'\" width=\"640\" height=\"370\" src=\"https:\/\/files.gossip.it\/immagini_news\/2021\/02\/1613987643_belen_verissimo_lacrime_1.jpg\" \/><figcaption>Belen ammette: 'Quando ci siamo lasciati con Stefano ho avuto un periodo duro, poi...'<\/figcaption><\/figure>\n<p>La <strong>Rodriguez<\/strong> si commuove, pi\u00f9 e pi\u00f9 volte i suoi occhi da cerbiatta si riempiono di lacrime. <em>\u201cQuando ho incontrato Antonino<\/em>\u00a0- dice <strong>Belen<\/strong> -\u00a0<em>stavo chiudendo un cerchio. Quando \u00e8 finita la seconda volta con Stefano, non \u00e8 stato come il primo divorzio. Era una morte preannunciata\u201d. <\/em>Ha sofferto, \u00e8 stata male, ma la vita ti offre sempre altre opportunit\u00e0 e lei l\u2019ha colta al volo.<\/p>\n<div class=\"video_integrato\" data-videoid=\"7569\" data-autostart=\"true\">\u00a0<\/div>\n<p><em>\u201cQuando ho conosciuto Antonino, ero pronta a cambiare rotta.\u00a0E\u2019 stato un colpo di fulmine. Sono un'esteta, mi piace un tipo di ragazzo.\u00a0E\u2019 un pochino pi\u00f9 giovane, ma l'et\u00e0 non fa la persona. Abbiamo chiacchierato per quattro giorni di fila. Mi sembrava di conoscerlo gi\u00e0. Lui \u00e8 un ragazzo gentile.\u00a0Quando sei piccola, sei attratta dai bad boy. Poi ti rendi conto, che quei comportamenti\u00a0non ti rendono appagata.\u00a0E\u2019 un uomo di altri tempi, sono di un felice. Mi rende felice da quando mi sveglio a quando vado a dormire\u201d, svela.<\/em><\/p>\n<p>L\u2019argentina ha riflettuto a lungo sulla sua storia, che le apparsa da subito importante. <em>\u201cQuando mi stavo innamorando\u00a0mi sono preoccupata, mi sono interrogata anche se l'amore fosse vero. Perch\u00e9 quando finisci una storia hai voglia di rinascere. Abbiamo trascorso dieci giorni insieme indimenticabili <\/em>- racconta-\u00a0 <em>Per tre mesi, <\/em><a href=\"\/vip\/santiago\/\">Santiago<\/a><em> lo ha vissuto come un amico. Andavamo a cena tutti insieme. Poi un giorno mi ha detto: 'Mamma mi sa che Dio ti ha mandato il principe. Ho sentito che ti ha chiamato amore, pu\u00f2 essere. Fidanzati con lui, penso che ti ama davvero tanto'.\u00a0Quando ci siamo lasciati con Stefano, ho parlato tanto con Santiago. All'inizio ha avuto un periodo duro, \u00e8 stato male, ora \u00e8 molto felice\u201d.<\/em><\/p>\n<figure class=\"caption\"><img decoding=\"async\" alt=\"\" width=\"640\" height=\"357\" src=\"https:\/\/files.gossip.it\/immagini_news\/2021\/02\/1613987666_belen_verissimo_lacrime_2.jpg\" \/><figcaption>La showgirl in tv sull'addio col marito: 'Una morte preannunciata'<\/figcaption><\/figure>\n<p><strong>Belen<\/strong> difende le sue scelte, la sua posizione e quella di tutte le donne:<em> \u201cIo ho bisogno di essere amata. Con noi donne sono sempre molto severi. Gli uomini possono sbagliare, cambiare donne come vogliono.\u00a0Ma anche noi siamo libere di cambiare,\u00a0sbagliare e ricominciare. Se una storia \u00e8 finita, perch\u00e9 dobbiamo sopportare di stare male? Non abbiamo il diritto di essere felici? Mi sono sentita attaccata, ma me ne sono infischiata. Bisogna fare tutto nel rispetto dei figli, ma dobbiamo vivere la nostra felicit\u00e0\u201d.<\/em><\/p>\n<p>Spinalbese si \u00e8 dimostrato molto maturo rispetto alla sua et\u00e0.<em> \u201cAntonino \u00e8 figlio di genitori separati, poi il pap\u00e0 \u00e8 venuto a mancare. Quindi lui ha fatto da padre alle sorelle\u201d,<\/em> spiega <strong>Belen<\/strong>. Con Santi ha saputo integrarsi e costruire un legame solido: <em>\u201cHa un bel rapporto da amico con Santiago, ma non si permetterebbe mai di intralciare il rapporto con il padre Stefano, sono, diciamo cos\u00ec, grandi amiconi\u201d.<\/em><\/p>\n<p><a href=\"\/vip\/belen-rodriguez\/\">Belen Rodriguez<\/a> al momento non pensa alle nozze: <em>\u201cTra un pochino potrei risposarmi, ma Antonino mi sposa ogni giorno. Ogni tanto mi chiede 'Mi vuoi sposare?'. Vorrei fare una grande festa, ma non so se mi piacerebbe rimettere una firma\u201d<\/em>. Poi si emoziona di nuovo per la bambina che arriver\u00e0 e colorer\u00e0 la sua esistenza di rosa. Prima un aborto spontaneo che l\u2019ha prima spaventata e poi le ha fatto capire che era pronta per diventare nuovamente mamma con Antonino accanto. Ha riscoperto l\u2019amore: <em>\u201cAvevo\u00a0smesso di crederci e non era da me. Adesso ci credo da impazzire al\u00a0\u2018per sempre\u2019\u201d.<\/em><\/p>\n<p>\u00a0<\/p>\n","protected":false},"excerpt":{"rendered":"<p>Belen sceglie un abito bianco per la sua prima volta in tv da donna incinta, felice per il suo secondo beb\u00e8 in arrivo, una bambina che chiamer\u00e0 Luna Marie. A Verissimo la showgirl argentina 36enne, entrata nel quinto mese di gravidanza, ripercorre la fine del suo matrimonio con Stefano De Martino e parla della \u2018rinascita\u2019, [&hellip;]<\/p>\n","protected":false},"author":1,"featured_media":125127,"comment_status":"closed","ping_status":"closed","sticky":false,"template":"","format":"standard","meta":{"footnotes":""},"categories":[54],"tags":[2927,2299,2098,2102,2181,2094,2103,13715,61714,7659,1967,2097,2208],"vip":[396,1731],"class_list":["post-69081","post","type-post","status-publish","format-standard","has-post-thumbnail","hentry","category-news","tag-bambina","tag-belen","tag-canale-5","tag-dichiarazioni","tag-gravidanza","tag-incinta","tag-intervista","tag-luna-marie","tag-quando-lasciati-con-stefano-periodo-duro","tag-santiago","tag-showgirl","tag-tv","tag-verissimo","vip-belen_rodriguez","vip-stefano_de_martino"],"yoast_head":"<title>Belen ammette: &#039;Quando ci siamo lasciati con Stefano ho avuto un periodo duro, poi...&#039; - Gossip.it | News sul Gossip e VIP<\/title>\n<meta name=\"description\" content=\"Belen sceglie un abito bianco per la sua prima volta in tv da donna incinta, felice per il suo secondo beb\u00e8 in arrivo, una bambina che chiamer\u00e0 Luna\" \/>\n<meta name=\"robots\" content=\"index, follow, max-snippet:-1, max-image-preview:large, max-video-preview:-1\" \/>\n<link rel=\"canonical\" href=\"https:\/\/www.gossip.it\/news\/belen-quando-lasciati-con-stefano-periodo-duro\/\" \/>\n<meta property=\"og:locale\" content=\"it_IT\" \/>\n<meta property=\"og:type\" content=\"article\" \/>\n<meta property=\"og:title\" content=\"Belen ammette: &#039;Quando ci siamo lasciati con Stefano ho avuto un periodo duro, poi...&#039; - Gossip.it | News sul Gossip e VIP\" \/>\n<meta property=\"og:description\" content=\"Belen sceglie un abito bianco per la sua prima volta in tv da donna incinta, felice per il suo secondo beb\u00e8 in arrivo, una bambina che chiamer\u00e0 Luna\" \/>\n<meta property=\"og:url\" content=\"https:\/\/www.gossip.it\/news\/belen-quando-lasciati-con-stefano-periodo-duro\/\" \/>\n<meta property=\"og:site_name\" content=\"Gossip.it | News sul Gossip e VIP\" \/>\n<meta property=\"article:publisher\" content=\"https:\/\/www.facebook.com\/GossipIT\" \/>\n<meta property=\"article:published_time\" content=\"2021-02-21T23:00:00+00:00\" \/>\n<meta property=\"og:image\" content=\"https:\/\/files.gossip.it\/immagini_news\/2021\/02\/1613987643_belen_verissimo_lacrime_1.jpg\" \/>\n<meta name=\"author\" content=\"La Redazione\" \/>\n<meta name=\"twitter:card\" content=\"summary_large_image\" \/>\n<meta name=\"twitter:image\" content=\"https:\/\/files.gossip.it\/immagini_news\/2021\/02\/1613987643_belen_verissimo_lacrime_1.jpg\" \/>\n<meta name=\"twitter:creator\" content=\"@gossinews_it\" \/>\n<meta name=\"twitter:site\" content=\"@gossinews_it\" \/>\n<meta name=\"twitter:label1\" content=\"Scritto da\" \/>\n\t<meta name=\"twitter:data1\" content=\"Annamaria Capozzi\" \/>\n\t<meta name=\"twitter:label2\" content=\"Tempo di lettura stimato\" \/>\n\t<meta name=\"twitter:data2\" content=\"3 minuti\" \/>","yoast_head_json":{"title":"Belen ammette: 'Quando ci siamo lasciati con Stefano ho avuto un periodo duro, poi...' - Gossip.it | News sul Gossip e VIP","description":"Belen sceglie un abito bianco per la sua prima volta in tv da donna incinta, felice per il suo secondo beb\u00e8 in arrivo, una bambina che chiamer\u00e0 Luna","robots":{"index":"index","follow":"follow","max-snippet":"max-snippet:-1","max-image-preview":"max-image-preview:large","max-video-preview":"max-video-preview:-1"},"canonical":"https:\/\/www.gossip.it\/news\/belen-quando-lasciati-con-stefano-periodo-duro\/","og_locale":"it_IT","og_type":"article","og_title":"Belen ammette: 'Quando ci siamo lasciati con Stefano ho avuto un periodo duro, poi...' - Gossip.it | News sul Gossip e VIP","og_description":"Belen sceglie un abito bianco per la sua prima volta in tv da donna incinta, felice per il suo secondo beb\u00e8 in arrivo, una bambina che chiamer\u00e0 Luna","og_url":"https:\/\/www.gossip.it\/news\/belen-quando-lasciati-con-stefano-periodo-duro\/","og_site_name":"Gossip.it | News sul Gossip e VIP","article_publisher":"https:\/\/www.facebook.com\/GossipIT","article_published_time":"2021-02-21T23:00:00+00:00","og_image":[{"url":"https:\/\/files.gossip.it\/immagini_news\/2021\/02\/1613987643_belen_verissimo_lacrime_1.jpg"}],"author":"La Redazione","twitter_card":"summary_large_image","twitter_image":"https:\/\/files.gossip.it\/immagini_news\/2021\/02\/1613987643_belen_verissimo_lacrime_1.jpg","twitter_creator":"@gossinews_it","twitter_site":"@gossinews_it","twitter_misc":{"Scritto da":"Annamaria Capozzi","Tempo di lettura stimato":"3 minuti"},"schema":{"@context":"https:\/\/schema.org","@graph":[{"@type":"Article","@id":"https:\/\/www.gossip.it\/news\/belen-quando-lasciati-con-stefano-periodo-duro\/#article","isPartOf":{"@id":"https:\/\/www.gossip.it\/news\/belen-quando-lasciati-con-stefano-periodo-duro\/"},"author":{"name":"La Redazione","@id":"https:\/\/www.gossip.it\/#\/schema\/person\/488896f75158bff1cc83c6c39d141110"},"headline":"Belen ammette: 'Quando ci siamo lasciati con Stefano ho avuto un periodo duro, poi...'","datePublished":"2021-02-21T23:00:00+00:00","dateModified":"2021-02-21T23:00:00+00:00","mainEntityOfPage":{"@id":"https:\/\/www.gossip.it\/news\/belen-quando-lasciati-con-stefano-periodo-duro\/"},"wordCount":669,"publisher":{"@id":"https:\/\/www.gossip.it\/#organization"},"image":{"@id":"https:\/\/www.gossip.it\/news\/belen-quando-lasciati-con-stefano-periodo-duro\/#primaryimage"},"thumbnailUrl":"https:\/\/files.gossip.it\/immagini_news\/2021\/02\/1613987643_belen_verissimo_lacrime_1.jpg","keywords":["bambina","belen","canale 5","dichiarazioni","gravidanza","incinta","intervista","luna marie","quando lasciati con stefano periodo duro","santiago","showgirl","tv","verissimo"],"articleSection":["News"],"inLanguage":"it-IT"},{"@type":"WebPage","@id":"https:\/\/www.gossip.it\/news\/belen-quando-lasciati-con-stefano-periodo-duro\/","url":"https:\/\/www.gossip.it\/news\/belen-quando-lasciati-con-stefano-periodo-duro\/","name":"Belen ammette: 'Quando ci siamo lasciati con Stefano ho avuto un periodo duro, poi...' - Gossip.it | News sul Gossip e VIP","isPartOf":{"@id":"https:\/\/www.gossip.it\/#website"},"primaryImageOfPage":{"@id":"https:\/\/www.gossip.it\/news\/belen-quando-lasciati-con-stefano-periodo-duro\/#primaryimage"},"image":{"@id":"https:\/\/www.gossip.it\/news\/belen-quando-lasciati-con-stefano-periodo-duro\/#primaryimage"},"thumbnailUrl":"https:\/\/files.gossip.it\/immagini_news\/2021\/02\/1613987643_belen_verissimo_lacrime_1.jpg","datePublished":"2021-02-21T23:00:00+00:00","dateModified":"2021-02-21T23:00:00+00:00","description":"Belen sceglie un abito bianco per la sua prima volta in tv da donna incinta, felice per il suo secondo beb\u00e8 in arrivo, una bambina che chiamer\u00e0 Luna","breadcrumb":{"@id":"https:\/\/www.gossip.it\/news\/belen-quando-lasciati-con-stefano-periodo-duro\/#breadcrumb"},"inLanguage":"it-IT","potentialAction":[{"@type":"ReadAction","target":["https:\/\/www.gossip.it\/news\/belen-quando-lasciati-con-stefano-periodo-duro\/"]}]},{"@type":"ImageObject","inLanguage":"it-IT","@id":"https:\/\/www.gossip.it\/news\/belen-quando-lasciati-con-stefano-periodo-duro\/#primaryimage","url":"https:\/\/files.gossip.it\/immagini_news\/2021\/02\/1613987643_belen_verissimo_lacrime_1.jpg","contentUrl":"https:\/\/files.gossip.it\/immagini_news\/2021\/02\/1613987643_belen_verissimo_lacrime_1.jpg"},{"@type":"BreadcrumbList","@id":"https:\/\/www.gossip.it\/news\/belen-quando-lasciati-con-stefano-periodo-duro\/#breadcrumb","itemListElement":[{"@type":"ListItem","position":1,"name":"Home","item":"https:\/\/www.gossip.it\/"},{"@type":"ListItem","position":2,"name":"Belen ammette: 'Quando ci siamo lasciati con Stefano ho avuto un periodo duro, poi...'"}]},{"@type":"WebSite","@id":"https:\/\/www.gossip.it\/#website","url":"https:\/\/www.gossip.it\/","name":"Gossip and VIP News","description":"Quotidiano di cronaca rosa, costume e societ\u00e0","publisher":{"@id":"https:\/\/www.gossip.it\/#organization"},"alternateName":"Gossip and VIP News","potentialAction":[{"@type":"SearchAction","target":{"@type":"EntryPoint","urlTemplate":"https:\/\/www.gossip.it\/?s={search_term_string}"},"query-input":{"@type":"PropertyValueSpecification","valueRequired":true,"valueName":"search_term_string"}}],"inLanguage":"it-IT"},{"@type":"Organization","@id":"https:\/\/www.gossip.it\/#organization","name":"Gossip and VIP News","alternateName":"Gossip News","url":"https:\/\/www.gossip.it\/","logo":{"@type":"ImageObject","inLanguage":"it-IT","@id":"https:\/\/www.gossip.it\/#\/schema\/logo\/image\/","url":"https:\/\/www.gossip.it\/wp-content\/uploads\/2022\/04\/cropped-corna-alta-tiny.png","contentUrl":"https:\/\/www.gossip.it\/wp-content\/uploads\/2022\/04\/cropped-corna-alta-tiny.png","width":512,"height":512,"caption":"Gossip and VIP News"},"image":{"@id":"https:\/\/www.gossip.it\/#\/schema\/logo\/image\/"},"sameAs":["https:\/\/www.facebook.com\/GossipIT","https:\/\/x.com\/gossinews_it","https:\/\/instagram.com\/gossip_it"]},{"@type":"Person","@id":"https:\/\/www.gossip.it\/#\/schema\/person\/488896f75158bff1cc83c6c39d141110","name":"La Redazione","image":{"@type":"ImageObject","inLanguage":"it-IT","@id":"https:\/\/www.gossip.it\/#\/schema\/person\/image\/","url":"https:\/\/secure.gravatar.com\/avatar\/5a5f5c6fa3e6700e4249abdad0263a1e94e927d9e0499b1cb09c1cd29c044d80?s=96&d=mm&r=g","contentUrl":"https:\/\/secure.gravatar.com\/avatar\/5a5f5c6fa3e6700e4249abdad0263a1e94e927d9e0499b1cb09c1cd29c044d80?s=96&d=mm&r=g","caption":"La Redazione"},"sameAs":["https:\/\/www.gossip.it"]}]}},"amp_enabled":true,"_links":{"self":[{"href":"https:\/\/www.gossip.it\/api\/wp\/v2\/posts\/69081","targetHints":{"allow":["GET"]}}],"collection":[{"href":"https:\/\/www.gossip.it\/api\/wp\/v2\/posts"}],"about":[{"href":"https:\/\/www.gossip.it\/api\/wp\/v2\/types\/post"}],"author":[{"embeddable":true,"href":"https:\/\/www.gossip.it\/api\/wp\/v2\/users\/1"}],"replies":[{"embeddable":true,"href":"https:\/\/www.gossip.it\/api\/wp\/v2\/comments?post=69081"}],"version-history":[{"count":0,"href":"https:\/\/www.gossip.it\/api\/wp\/v2\/posts\/69081\/revisions"}],"wp:featuredmedia":[{"embeddable":true,"href":"https:\/\/www.gossip.it\/api\/wp\/v2\/media\/125127"}],"wp:attachment":[{"href":"https:\/\/www.gossip.it\/api\/wp\/v2\/media?parent=69081"}],"wp:term":[{"taxonomy":"category","embeddable":true,"href":"https:\/\/www.gossip.it\/api\/wp\/v2\/categories?post=69081"},{"taxonomy":"post_tag","embeddable":true,"href":"https:\/\/www.gossip.it\/api\/wp\/v2\/tags?post=69081"},{"taxonomy":"vip","embeddable":true,"href":"https:\/\/www.gossip.it\/api\/wp\/v2\/vip?post=69081"}],"curies":[{"name":"wp","href":"https:\/\/api.w.org\/{rel}","templated":true}]}}