{"id":69257,"date":"2021-03-16T00:00:00","date_gmt":"2021-03-15T23:00:00","guid":{"rendered":"https:\/\/www.gossip.it\/senza-categoria\/donatella-rettore-dopo-tumore-verdure-al-vapore\/"},"modified":"2021-03-16T00:00:00","modified_gmt":"2021-03-15T23:00:00","slug":"donatella-rettore-dopo-tumore-verdure-al-vapore","status":"publish","type":"post","link":"https:\/\/www.gossip.it\/news\/donatella-rettore-dopo-tumore-verdure-al-vapore\/","title":{"rendered":"Donatella Rettore dopo il tumore: 'Cucino al massimo verdure al vapore\u2019"},"content":{"rendered":"<p>Lo scorso anno <a href=\"\/vip\/donatella-rettore\/\">Donatella Rettore<\/a> ha avuto un<strong> tumore <\/strong>al seno. Durante i primi mesi della pandemia aveva raccontato le avversit\u00e0 affrontate per essere operata. Oggi per\u00f2 la grande paura \u00e8 passata. L\u2019intervento \u00e8 riuscito e lei ha modificato la sua alimentazione per poter minimizzare i rischi di ricaduta. Al <em>Corriere della Sera <\/em>ha spiegato di essere diventata <strong>salutista<\/strong>: <em>\u201cS\u00ec. Per convinzione e necessit\u00e0. Sono abbastanza sgangherata. Un anno fa sono stata colpita da neoplasia maligna e ho subito due interventi. Poi sono talassemica, dovrei fare trasfusioni di sangue ogni 6 mesi, ma adesso non \u00e8 facile\u201d<\/em>.<\/p>\n<figure class=\"caption\"><img decoding=\"async\" alt=\"Donatella Rettore, 65 anni, ha spiegato di aver abbracciato uno stile di vita salutista dopo il tumore e di cucinare spesso le verdure al vapore\" width=\"640\" height=\"399\" src=\"https:\/\/files.gossip.it\/immagini_news\/2021\/03\/1615898010_donatella_rettore.jpg\" \/><figcaption>Donatella Rettore, 65 anni, ha spiegato di aver abbracciato uno stile di vita salutista dopo il tumore e di cucinare spesso le verdure al vapore<\/figcaption><\/figure>\n<p>La diva della musica italiana cerca il contatto con la natura anche a tavola. <em>\u201cSono vegetariana. Mi piace mangiare i cibi come li offre la <strong>natura<\/strong>. Cucino al massimo <strong>verdure <\/strong>al <strong>vapore<\/strong>. Amo le carote fresche e gli asparagi. La malattia ti cambia la vita e il modo di percepire le cose\u201d<\/em>, ha aggiunto.<\/p>\n<p>Durante la chiacchierata con il quotidiano ha parlato poi del suo matrimonio con <strong>Claudio Rego<\/strong>, sposato nel 2005. Ecco cosa li lega:<em> \u201cIl rispetto e le passioni. Anche se lui ne ha pi\u00f9 di me. Abbiamo passioni uguali o complementari: io per gli animali, la musica, il cinema e i viaggi. Pratico l\u2019agility dog, uno sport cinofilo che consiste in un percorso a ostacoli, ispirato al percorso ippico. Il cane deve affrontarli nell\u2019ordine previsto, possibilmente senza ricevere penalit\u00e0. E nel minor tempo possibile. Il rapporto col cane si fa quasi mistico\u201d<\/em>.<\/p>\n<p>Infine la Rettore ha voluto fare un appello ai giornalisti: <em>\u201cNon fidatevi di Wikipedia. Dice che sono nata l\u20198 luglio 1953. L\u2019anno esatto \u00e8 <strong>1955<\/strong>. In pratica a luglio compio 66 anni. Non \u00e8 carino caricarmi <strong>due anni in pi\u00f9<\/strong>\u201d<\/em>.<\/p>\n<p>\u00a0<\/p>\n","protected":false},"excerpt":{"rendered":"<p>Lo scorso anno Donatella Rettore ha avuto un tumore al seno. Durante i primi mesi della pandemia aveva raccontato le avversit\u00e0 affrontate per essere operata. Oggi per\u00f2 la grande paura \u00e8 passata. L\u2019intervento \u00e8 riuscito e lei ha modificato la sua alimentazione per poter minimizzare i rischi di ricaduta. Al Corriere della Sera ha spiegato [&hellip;]<\/p>\n","protected":false},"author":1,"featured_media":125303,"comment_status":"closed","ping_status":"closed","sticky":false,"template":"","format":"standard","meta":{"footnotes":""},"categories":[54],"tags":[19512],"vip":[],"class_list":["post-69257","post","type-post","status-publish","format-standard","has-post-thumbnail","hentry","category-news","tag-donatella-rettore"],"yoast_head":"<title>Donatella Rettore dopo il tumore: &#039;Cucino al massimo verdure al vapore\u2019 - Gossip.it | News sul Gossip e VIP<\/title>\n<meta name=\"description\" content=\"Lo scorso anno Donatella Rettore ha avuto un tumore al seno. Durante i primi mesi della pandemia aveva raccontato le avversit\u00e0 affrontate per essere\" \/>\n<meta name=\"robots\" content=\"index, follow, max-snippet:-1, max-image-preview:large, max-video-preview:-1\" \/>\n<link rel=\"canonical\" href=\"https:\/\/www.gossip.it\/news\/donatella-rettore-dopo-tumore-verdure-al-vapore\/\" \/>\n<meta property=\"og:locale\" content=\"it_IT\" \/>\n<meta property=\"og:type\" content=\"article\" \/>\n<meta property=\"og:title\" content=\"Donatella Rettore dopo il tumore: &#039;Cucino al massimo verdure al vapore\u2019 - Gossip.it | News sul Gossip e VIP\" \/>\n<meta property=\"og:description\" content=\"Lo scorso anno Donatella Rettore ha avuto un tumore al seno. Durante i primi mesi della pandemia aveva raccontato le avversit\u00e0 affrontate per essere\" \/>\n<meta property=\"og:url\" content=\"https:\/\/www.gossip.it\/news\/donatella-rettore-dopo-tumore-verdure-al-vapore\/\" \/>\n<meta property=\"og:site_name\" content=\"Gossip.it | News sul Gossip e VIP\" \/>\n<meta property=\"article:publisher\" content=\"https:\/\/www.facebook.com\/GossipIT\" \/>\n<meta property=\"article:published_time\" content=\"2021-03-15T23:00:00+00:00\" \/>\n<meta property=\"og:image\" content=\"https:\/\/files.gossip.it\/immagini_news\/2021\/03\/1615898010_donatella_rettore.jpg\" \/>\n<meta name=\"author\" content=\"La Redazione\" \/>\n<meta name=\"twitter:card\" content=\"summary_large_image\" \/>\n<meta name=\"twitter:image\" content=\"https:\/\/files.gossip.it\/immagini_news\/2021\/03\/1615898010_donatella_rettore.jpg\" \/>\n<meta name=\"twitter:creator\" content=\"@gossinews_it\" \/>\n<meta name=\"twitter:site\" content=\"@gossinews_it\" \/>\n<meta name=\"twitter:label1\" content=\"Scritto da\" \/>\n\t<meta name=\"twitter:data1\" content=\"la Redazione\" \/>\n\t<meta name=\"twitter:label2\" content=\"Tempo di lettura stimato\" \/>\n\t<meta name=\"twitter:data2\" content=\"1 minuto\" \/>","yoast_head_json":{"title":"Donatella Rettore dopo il tumore: 'Cucino al massimo verdure al vapore\u2019 - Gossip.it | News sul Gossip e VIP","description":"Lo scorso anno Donatella Rettore ha avuto un tumore al seno. Durante i primi mesi della pandemia aveva raccontato le avversit\u00e0 affrontate per essere","robots":{"index":"index","follow":"follow","max-snippet":"max-snippet:-1","max-image-preview":"max-image-preview:large","max-video-preview":"max-video-preview:-1"},"canonical":"https:\/\/www.gossip.it\/news\/donatella-rettore-dopo-tumore-verdure-al-vapore\/","og_locale":"it_IT","og_type":"article","og_title":"Donatella Rettore dopo il tumore: 'Cucino al massimo verdure al vapore\u2019 - Gossip.it | News sul Gossip e VIP","og_description":"Lo scorso anno Donatella Rettore ha avuto un tumore al seno. Durante i primi mesi della pandemia aveva raccontato le avversit\u00e0 affrontate per essere","og_url":"https:\/\/www.gossip.it\/news\/donatella-rettore-dopo-tumore-verdure-al-vapore\/","og_site_name":"Gossip.it | News sul Gossip e VIP","article_publisher":"https:\/\/www.facebook.com\/GossipIT","article_published_time":"2021-03-15T23:00:00+00:00","og_image":[{"url":"https:\/\/files.gossip.it\/immagini_news\/2021\/03\/1615898010_donatella_rettore.jpg"}],"author":"La Redazione","twitter_card":"summary_large_image","twitter_image":"https:\/\/files.gossip.it\/immagini_news\/2021\/03\/1615898010_donatella_rettore.jpg","twitter_creator":"@gossinews_it","twitter_site":"@gossinews_it","twitter_misc":{"Scritto da":"la Redazione","Tempo di lettura stimato":"1 minuto"},"schema":{"@context":"https:\/\/schema.org","@graph":[{"@type":"Article","@id":"https:\/\/www.gossip.it\/news\/donatella-rettore-dopo-tumore-verdure-al-vapore\/#article","isPartOf":{"@id":"https:\/\/www.gossip.it\/news\/donatella-rettore-dopo-tumore-verdure-al-vapore\/"},"author":{"name":"La Redazione","@id":"https:\/\/www.gossip.it\/#\/schema\/person\/488896f75158bff1cc83c6c39d141110"},"headline":"Donatella Rettore dopo il tumore: 'Cucino al massimo verdure al vapore\u2019","datePublished":"2021-03-15T23:00:00+00:00","dateModified":"2021-03-15T23:00:00+00:00","mainEntityOfPage":{"@id":"https:\/\/www.gossip.it\/news\/donatella-rettore-dopo-tumore-verdure-al-vapore\/"},"wordCount":311,"publisher":{"@id":"https:\/\/www.gossip.it\/#organization"},"image":{"@id":"https:\/\/www.gossip.it\/news\/donatella-rettore-dopo-tumore-verdure-al-vapore\/#primaryimage"},"thumbnailUrl":"https:\/\/files.gossip.it\/immagini_news\/2021\/03\/1615898010_donatella_rettore.jpg","keywords":["donatella rettore"],"articleSection":["News"],"inLanguage":"it-IT"},{"@type":"WebPage","@id":"https:\/\/www.gossip.it\/news\/donatella-rettore-dopo-tumore-verdure-al-vapore\/","url":"https:\/\/www.gossip.it\/news\/donatella-rettore-dopo-tumore-verdure-al-vapore\/","name":"Donatella Rettore dopo il tumore: 'Cucino al massimo verdure al vapore\u2019 - Gossip.it | News sul Gossip e VIP","isPartOf":{"@id":"https:\/\/www.gossip.it\/#website"},"primaryImageOfPage":{"@id":"https:\/\/www.gossip.it\/news\/donatella-rettore-dopo-tumore-verdure-al-vapore\/#primaryimage"},"image":{"@id":"https:\/\/www.gossip.it\/news\/donatella-rettore-dopo-tumore-verdure-al-vapore\/#primaryimage"},"thumbnailUrl":"https:\/\/files.gossip.it\/immagini_news\/2021\/03\/1615898010_donatella_rettore.jpg","datePublished":"2021-03-15T23:00:00+00:00","dateModified":"2021-03-15T23:00:00+00:00","description":"Lo scorso anno Donatella Rettore ha avuto un tumore al seno. Durante i primi mesi della pandemia aveva raccontato le avversit\u00e0 affrontate per essere","breadcrumb":{"@id":"https:\/\/www.gossip.it\/news\/donatella-rettore-dopo-tumore-verdure-al-vapore\/#breadcrumb"},"inLanguage":"it-IT","potentialAction":[{"@type":"ReadAction","target":["https:\/\/www.gossip.it\/news\/donatella-rettore-dopo-tumore-verdure-al-vapore\/"]}]},{"@type":"ImageObject","inLanguage":"it-IT","@id":"https:\/\/www.gossip.it\/news\/donatella-rettore-dopo-tumore-verdure-al-vapore\/#primaryimage","url":"https:\/\/files.gossip.it\/immagini_news\/2021\/03\/1615898010_donatella_rettore.jpg","contentUrl":"https:\/\/files.gossip.it\/immagini_news\/2021\/03\/1615898010_donatella_rettore.jpg"},{"@type":"BreadcrumbList","@id":"https:\/\/www.gossip.it\/news\/donatella-rettore-dopo-tumore-verdure-al-vapore\/#breadcrumb","itemListElement":[{"@type":"ListItem","position":1,"name":"Home","item":"https:\/\/www.gossip.it\/"},{"@type":"ListItem","position":2,"name":"Donatella Rettore dopo il tumore: 'Cucino al massimo verdure al vapore\u2019"}]},{"@type":"WebSite","@id":"https:\/\/www.gossip.it\/#website","url":"https:\/\/www.gossip.it\/","name":"Gossip and VIP News","description":"Quotidiano di cronaca rosa, costume e societ\u00e0","publisher":{"@id":"https:\/\/www.gossip.it\/#organization"},"alternateName":"Gossip and VIP News","potentialAction":[{"@type":"SearchAction","target":{"@type":"EntryPoint","urlTemplate":"https:\/\/www.gossip.it\/?s={search_term_string}"},"query-input":{"@type":"PropertyValueSpecification","valueRequired":true,"valueName":"search_term_string"}}],"inLanguage":"it-IT"},{"@type":"Organization","@id":"https:\/\/www.gossip.it\/#organization","name":"Gossip and VIP News","alternateName":"Gossip News","url":"https:\/\/www.gossip.it\/","logo":{"@type":"ImageObject","inLanguage":"it-IT","@id":"https:\/\/www.gossip.it\/#\/schema\/logo\/image\/","url":"https:\/\/www.gossip.it\/wp-content\/uploads\/2022\/04\/cropped-corna-alta-tiny.png","contentUrl":"https:\/\/www.gossip.it\/wp-content\/uploads\/2022\/04\/cropped-corna-alta-tiny.png","width":512,"height":512,"caption":"Gossip and VIP News"},"image":{"@id":"https:\/\/www.gossip.it\/#\/schema\/logo\/image\/"},"sameAs":["https:\/\/www.facebook.com\/GossipIT","https:\/\/x.com\/gossinews_it","https:\/\/instagram.com\/gossip_it"]},{"@type":"Person","@id":"https:\/\/www.gossip.it\/#\/schema\/person\/488896f75158bff1cc83c6c39d141110","name":"La Redazione","image":{"@type":"ImageObject","inLanguage":"it-IT","@id":"https:\/\/www.gossip.it\/#\/schema\/person\/image\/","url":"https:\/\/secure.gravatar.com\/avatar\/5a5f5c6fa3e6700e4249abdad0263a1e94e927d9e0499b1cb09c1cd29c044d80?s=96&d=mm&r=g","contentUrl":"https:\/\/secure.gravatar.com\/avatar\/5a5f5c6fa3e6700e4249abdad0263a1e94e927d9e0499b1cb09c1cd29c044d80?s=96&d=mm&r=g","caption":"La Redazione"},"sameAs":["https:\/\/www.gossip.it"]}]}},"amp_enabled":true,"_links":{"self":[{"href":"https:\/\/www.gossip.it\/api\/wp\/v2\/posts\/69257","targetHints":{"allow":["GET"]}}],"collection":[{"href":"https:\/\/www.gossip.it\/api\/wp\/v2\/posts"}],"about":[{"href":"https:\/\/www.gossip.it\/api\/wp\/v2\/types\/post"}],"author":[{"embeddable":true,"href":"https:\/\/www.gossip.it\/api\/wp\/v2\/users\/1"}],"replies":[{"embeddable":true,"href":"https:\/\/www.gossip.it\/api\/wp\/v2\/comments?post=69257"}],"version-history":[{"count":0,"href":"https:\/\/www.gossip.it\/api\/wp\/v2\/posts\/69257\/revisions"}],"wp:featuredmedia":[{"embeddable":true,"href":"https:\/\/www.gossip.it\/api\/wp\/v2\/media\/125303"}],"wp:attachment":[{"href":"https:\/\/www.gossip.it\/api\/wp\/v2\/media?parent=69257"}],"wp:term":[{"taxonomy":"category","embeddable":true,"href":"https:\/\/www.gossip.it\/api\/wp\/v2\/categories?post=69257"},{"taxonomy":"post_tag","embeddable":true,"href":"https:\/\/www.gossip.it\/api\/wp\/v2\/tags?post=69257"},{"taxonomy":"vip","embeddable":true,"href":"https:\/\/www.gossip.it\/api\/wp\/v2\/vip?post=69257"}],"curies":[{"name":"wp","href":"https:\/\/api.w.org\/{rel}","templated":true}]}}