{"id":69427,"date":"2021-04-08T00:00:00","date_gmt":"2021-04-07T22:00:00","guid":{"rendered":"https:\/\/www.gossip.it\/senza-categoria\/tomaso-trussardi-cane-levriero\/"},"modified":"2021-04-08T00:00:00","modified_gmt":"2021-04-07T22:00:00","slug":"tomaso-trussardi-cane-levriero","status":"publish","type":"post","link":"https:\/\/www.gossip.it\/news\/tomaso-trussardi-cane-levriero\/","title":{"rendered":"Tomaso Trussardi torna al lavoro con il suo cane: ecco perch\u00e9 non si separa mai dal levriero"},"content":{"rendered":"<p><a href=\"\/vip\/tomaso-trussardi\/\">Tomaso Trussardi<\/a> torna al lavoro con il suo <strong>cane<\/strong>. Giacca aperta sui jeans, una polo sportiva sotto, l\u2019imprenditore porta il suo adorato Odino in braccio mentre cammina in centro a Milano. Il fascinoso 38enne non si separa mai dal <strong>levriero<\/strong> che ha fortemente voluto nella sua famiglia. Il perch\u00e9 lo ha svelato la moglie, <a href=\"\/vip\/michelle-hunziker\/\">Michelle Hunziker<\/a>, in un\u2019intervista a <em>Gente.<\/em><\/p>\n<figure class=\"caption\"><img decoding=\"async\" alt=\"Tomaso Trussardi torna al lavoro con il suo cane: ecco perch\u00e9 non si separa mai dal levriero\" width=\"640\" height=\"760\" src=\"https:\/\/files.gossip.it\/immagini_news\/2021\/04\/1617885071_odino_trussardi_1.jpg\" \/><figcaption>Tomaso Trussardi torna al lavoro con il suo cane: ecco perch\u00e9 non si separa mai dal levriero<\/figcaption><\/figure>\n<p>Tomaso \u00e8 pazzo di Odino. <em>\u201cErano anni che mio marito voleva un <strong>levriero<\/strong> cos\u00ec, ma io ho sempre temporeggiato. La casa era gi\u00e0 bella piena: oltre alle nostre bambine e ad Aurora, che viveva ancora con noi, c\u2019erano gi\u00e0 Lilly e Leone <\/em>(i barboncini della svizzera, ndr)<em>. Ma l\u2019anno scorso, a cose fatte, una sera a cena mi ha guardata e ha detto: \u2018Ho comprato un <strong>cane<\/strong>\u2019\u201d<\/em>, ha raccontato la showgirl 44enne al settimanale.<\/p>\n<figure class=\"caption\"><img decoding=\"async\" alt=\"\" width=\"640\" height=\"958\" src=\"https:\/\/files.gossip.it\/immagini_news\/2021\/04\/1617885090_odino_trussardi_2.jpg\" \/><figcaption>L'imprenditore 38enne a Milano in strada con il fidato quattro zampe in braccio<\/figcaption><\/figure>\n<p>La Hunziker all\u2019annuncio di Trussardi \u00e8 rimasta spiazzata:<em> \"\u2018Stai scherzando? Lo terrai tu. Sar\u00e0 il tuo cane\u2019, ho esclamato. Ma \u00e8 bastato che dicesse \u2018L\u2019ho preso perch\u00e9 aveva il codino storto e non lo voleva nessuno\u2019 perch\u00e9 io iniziassi a sciogliermi e ad amarlo segretamente: prima del suo arrivo gli ho preso una cuccia personalizzata e il necessario per dargli il benvenuto\u201d.<\/em><\/p>\n<figure class=\"caption\"><img decoding=\"async\" alt=\"\" width=\"640\" height=\"640\" src=\"https:\/\/files.gossip.it\/immagini_news\/2021\/04\/1617885127_odino_trussardi_3.jpg\" \/><figcaption>Il marito di Michelle Hunziker \u00e8 pazzo del piccolo Odino<\/figcaption><\/figure>\n<p>In pochissimo tempo tutta la famiglia si \u00e8 affezionata al nuovo cane.<em>\u00a0\u201cLe bimbe si divertono molto con Odino, \u00e8 di una dolcezza unica ed \u00e8 gi\u00e0 una star. Se siamo per strada riconoscono prima lui, poi noi. E\u2019 tenero con gli altri due cani: vorrebbe giocare, ma Leone lo snobba anche se poi cede, e Lilly, che ormai \u00e8 una sciuretta \u2018alfa\u2019 di 11 anni, comanda tutti. E\u2019 una \u2018signorina\u2019 dell\u2019Alabama, l\u2019avevo regalata ad Aurora dopo un nostro viaggio in America, ma via via ha iniziato a vivere in simbiosi con me\u201d<\/em>, ha aggiunto ancora la bionda.<\/p>\n<p>\u00a0<\/p>\n<p>\u00a0<\/p>\n","protected":false},"excerpt":{"rendered":"<p>Tomaso Trussardi torna al lavoro con il suo cane. Giacca aperta sui jeans, una polo sportiva sotto, l\u2019imprenditore porta il suo adorato Odino in braccio mentre cammina in centro a Milano. Il fascinoso 38enne non si separa mai dal levriero che ha fortemente voluto nella sua famiglia. Il perch\u00e9 lo ha svelato la moglie, Michelle [&hellip;]<\/p>\n","protected":false},"author":1,"featured_media":125473,"comment_status":"closed","ping_status":"closed","sticky":false,"template":"","format":"standard","meta":{"footnotes":""},"categories":[54],"tags":[],"vip":[],"class_list":["post-69427","post","type-post","status-publish","format-standard","has-post-thumbnail","hentry","category-news"],"yoast_head":"<title>Tomaso Trussardi torna al lavoro con il suo cane: ecco perch\u00e9 non si separa mai dal levriero - Gossip.it | News sul Gossip e VIP<\/title>\n<meta name=\"description\" content=\"Tomaso Trussardi torna al lavoro con il suo cane. Giacca aperta sui jeans, una polo sportiva sotto, l\u2019imprenditore porta il suo adorato Odino in braccio\" \/>\n<meta name=\"robots\" content=\"index, follow, max-snippet:-1, max-image-preview:large, max-video-preview:-1\" \/>\n<link rel=\"canonical\" href=\"https:\/\/www.gossip.it\/news\/tomaso-trussardi-cane-levriero\/\" \/>\n<meta property=\"og:locale\" content=\"it_IT\" \/>\n<meta property=\"og:type\" content=\"article\" \/>\n<meta property=\"og:title\" content=\"Tomaso Trussardi torna al lavoro con il suo cane: ecco perch\u00e9 non si separa mai dal levriero - Gossip.it | News sul Gossip e VIP\" \/>\n<meta property=\"og:description\" content=\"Tomaso Trussardi torna al lavoro con il suo cane. Giacca aperta sui jeans, una polo sportiva sotto, l\u2019imprenditore porta il suo adorato Odino in braccio\" \/>\n<meta property=\"og:url\" content=\"https:\/\/www.gossip.it\/news\/tomaso-trussardi-cane-levriero\/\" \/>\n<meta property=\"og:site_name\" content=\"Gossip.it | News sul Gossip e VIP\" \/>\n<meta property=\"article:publisher\" content=\"https:\/\/www.facebook.com\/GossipIT\" \/>\n<meta property=\"article:published_time\" content=\"2021-04-07T22:00:00+00:00\" \/>\n<meta property=\"og:image\" content=\"https:\/\/files.gossip.it\/immagini_news\/2021\/04\/1617885071_odino_trussardi_1.jpg\" \/>\n<meta name=\"author\" content=\"La Redazione\" \/>\n<meta name=\"twitter:card\" content=\"summary_large_image\" \/>\n<meta name=\"twitter:image\" content=\"https:\/\/files.gossip.it\/immagini_news\/2021\/04\/1617885071_odino_trussardi_1.jpg\" \/>\n<meta name=\"twitter:creator\" content=\"@gossinews_it\" \/>\n<meta name=\"twitter:site\" content=\"@gossinews_it\" \/>\n<meta name=\"twitter:label1\" content=\"Scritto da\" \/>\n\t<meta name=\"twitter:data1\" content=\"Annamaria Capozzi\" \/>\n\t<meta name=\"twitter:label2\" content=\"Tempo di lettura stimato\" \/>\n\t<meta name=\"twitter:data2\" content=\"2 minuti\" \/>","yoast_head_json":{"title":"Tomaso Trussardi torna al lavoro con il suo cane: ecco perch\u00e9 non si separa mai dal levriero - Gossip.it | News sul Gossip e VIP","description":"Tomaso Trussardi torna al lavoro con il suo cane. Giacca aperta sui jeans, una polo sportiva sotto, l\u2019imprenditore porta il suo adorato Odino in braccio","robots":{"index":"index","follow":"follow","max-snippet":"max-snippet:-1","max-image-preview":"max-image-preview:large","max-video-preview":"max-video-preview:-1"},"canonical":"https:\/\/www.gossip.it\/news\/tomaso-trussardi-cane-levriero\/","og_locale":"it_IT","og_type":"article","og_title":"Tomaso Trussardi torna al lavoro con il suo cane: ecco perch\u00e9 non si separa mai dal levriero - Gossip.it | News sul Gossip e VIP","og_description":"Tomaso Trussardi torna al lavoro con il suo cane. Giacca aperta sui jeans, una polo sportiva sotto, l\u2019imprenditore porta il suo adorato Odino in braccio","og_url":"https:\/\/www.gossip.it\/news\/tomaso-trussardi-cane-levriero\/","og_site_name":"Gossip.it | News sul Gossip e VIP","article_publisher":"https:\/\/www.facebook.com\/GossipIT","article_published_time":"2021-04-07T22:00:00+00:00","og_image":[{"url":"https:\/\/files.gossip.it\/immagini_news\/2021\/04\/1617885071_odino_trussardi_1.jpg"}],"author":"La Redazione","twitter_card":"summary_large_image","twitter_image":"https:\/\/files.gossip.it\/immagini_news\/2021\/04\/1617885071_odino_trussardi_1.jpg","twitter_creator":"@gossinews_it","twitter_site":"@gossinews_it","twitter_misc":{"Scritto da":"Annamaria Capozzi","Tempo di lettura stimato":"2 minuti"},"schema":{"@context":"https:\/\/schema.org","@graph":[{"@type":"Article","@id":"https:\/\/www.gossip.it\/news\/tomaso-trussardi-cane-levriero\/#article","isPartOf":{"@id":"https:\/\/www.gossip.it\/news\/tomaso-trussardi-cane-levriero\/"},"author":{"name":"La Redazione","@id":"https:\/\/www.gossip.it\/#\/schema\/person\/488896f75158bff1cc83c6c39d141110"},"headline":"Tomaso Trussardi torna al lavoro con il suo cane: ecco perch\u00e9 non si separa mai dal levriero","datePublished":"2021-04-07T22:00:00+00:00","dateModified":"2021-04-07T22:00:00+00:00","mainEntityOfPage":{"@id":"https:\/\/www.gossip.it\/news\/tomaso-trussardi-cane-levriero\/"},"wordCount":351,"publisher":{"@id":"https:\/\/www.gossip.it\/#organization"},"image":{"@id":"https:\/\/www.gossip.it\/news\/tomaso-trussardi-cane-levriero\/#primaryimage"},"thumbnailUrl":"https:\/\/files.gossip.it\/immagini_news\/2021\/04\/1617885071_odino_trussardi_1.jpg","articleSection":["News"],"inLanguage":"it-IT"},{"@type":"WebPage","@id":"https:\/\/www.gossip.it\/news\/tomaso-trussardi-cane-levriero\/","url":"https:\/\/www.gossip.it\/news\/tomaso-trussardi-cane-levriero\/","name":"Tomaso Trussardi torna al lavoro con il suo cane: ecco perch\u00e9 non si separa mai dal levriero - Gossip.it | News sul Gossip e VIP","isPartOf":{"@id":"https:\/\/www.gossip.it\/#website"},"primaryImageOfPage":{"@id":"https:\/\/www.gossip.it\/news\/tomaso-trussardi-cane-levriero\/#primaryimage"},"image":{"@id":"https:\/\/www.gossip.it\/news\/tomaso-trussardi-cane-levriero\/#primaryimage"},"thumbnailUrl":"https:\/\/files.gossip.it\/immagini_news\/2021\/04\/1617885071_odino_trussardi_1.jpg","datePublished":"2021-04-07T22:00:00+00:00","dateModified":"2021-04-07T22:00:00+00:00","description":"Tomaso Trussardi torna al lavoro con il suo cane. Giacca aperta sui jeans, una polo sportiva sotto, l\u2019imprenditore porta il suo adorato Odino in braccio","breadcrumb":{"@id":"https:\/\/www.gossip.it\/news\/tomaso-trussardi-cane-levriero\/#breadcrumb"},"inLanguage":"it-IT","potentialAction":[{"@type":"ReadAction","target":["https:\/\/www.gossip.it\/news\/tomaso-trussardi-cane-levriero\/"]}]},{"@type":"ImageObject","inLanguage":"it-IT","@id":"https:\/\/www.gossip.it\/news\/tomaso-trussardi-cane-levriero\/#primaryimage","url":"https:\/\/files.gossip.it\/immagini_news\/2021\/04\/1617885071_odino_trussardi_1.jpg","contentUrl":"https:\/\/files.gossip.it\/immagini_news\/2021\/04\/1617885071_odino_trussardi_1.jpg"},{"@type":"BreadcrumbList","@id":"https:\/\/www.gossip.it\/news\/tomaso-trussardi-cane-levriero\/#breadcrumb","itemListElement":[{"@type":"ListItem","position":1,"name":"Home","item":"https:\/\/www.gossip.it\/"},{"@type":"ListItem","position":2,"name":"Tomaso Trussardi torna al lavoro con il suo cane: ecco perch\u00e9 non si separa mai dal levriero"}]},{"@type":"WebSite","@id":"https:\/\/www.gossip.it\/#website","url":"https:\/\/www.gossip.it\/","name":"Gossip and VIP News","description":"Quotidiano di cronaca rosa, costume e societ\u00e0","publisher":{"@id":"https:\/\/www.gossip.it\/#organization"},"alternateName":"Gossip and VIP News","potentialAction":[{"@type":"SearchAction","target":{"@type":"EntryPoint","urlTemplate":"https:\/\/www.gossip.it\/?s={search_term_string}"},"query-input":{"@type":"PropertyValueSpecification","valueRequired":true,"valueName":"search_term_string"}}],"inLanguage":"it-IT"},{"@type":"Organization","@id":"https:\/\/www.gossip.it\/#organization","name":"Gossip and VIP News","alternateName":"Gossip News","url":"https:\/\/www.gossip.it\/","logo":{"@type":"ImageObject","inLanguage":"it-IT","@id":"https:\/\/www.gossip.it\/#\/schema\/logo\/image\/","url":"https:\/\/www.gossip.it\/wp-content\/uploads\/2022\/04\/cropped-corna-alta-tiny.png","contentUrl":"https:\/\/www.gossip.it\/wp-content\/uploads\/2022\/04\/cropped-corna-alta-tiny.png","width":512,"height":512,"caption":"Gossip and VIP News"},"image":{"@id":"https:\/\/www.gossip.it\/#\/schema\/logo\/image\/"},"sameAs":["https:\/\/www.facebook.com\/GossipIT","https:\/\/x.com\/gossinews_it","https:\/\/instagram.com\/gossip_it"]},{"@type":"Person","@id":"https:\/\/www.gossip.it\/#\/schema\/person\/488896f75158bff1cc83c6c39d141110","name":"La Redazione","image":{"@type":"ImageObject","inLanguage":"it-IT","@id":"https:\/\/www.gossip.it\/#\/schema\/person\/image\/","url":"https:\/\/secure.gravatar.com\/avatar\/5a5f5c6fa3e6700e4249abdad0263a1e94e927d9e0499b1cb09c1cd29c044d80?s=96&d=mm&r=g","contentUrl":"https:\/\/secure.gravatar.com\/avatar\/5a5f5c6fa3e6700e4249abdad0263a1e94e927d9e0499b1cb09c1cd29c044d80?s=96&d=mm&r=g","caption":"La Redazione"},"sameAs":["https:\/\/www.gossip.it"]}]}},"amp_enabled":true,"_links":{"self":[{"href":"https:\/\/www.gossip.it\/api\/wp\/v2\/posts\/69427","targetHints":{"allow":["GET"]}}],"collection":[{"href":"https:\/\/www.gossip.it\/api\/wp\/v2\/posts"}],"about":[{"href":"https:\/\/www.gossip.it\/api\/wp\/v2\/types\/post"}],"author":[{"embeddable":true,"href":"https:\/\/www.gossip.it\/api\/wp\/v2\/users\/1"}],"replies":[{"embeddable":true,"href":"https:\/\/www.gossip.it\/api\/wp\/v2\/comments?post=69427"}],"version-history":[{"count":0,"href":"https:\/\/www.gossip.it\/api\/wp\/v2\/posts\/69427\/revisions"}],"wp:featuredmedia":[{"embeddable":true,"href":"https:\/\/www.gossip.it\/api\/wp\/v2\/media\/125473"}],"wp:attachment":[{"href":"https:\/\/www.gossip.it\/api\/wp\/v2\/media?parent=69427"}],"wp:term":[{"taxonomy":"category","embeddable":true,"href":"https:\/\/www.gossip.it\/api\/wp\/v2\/categories?post=69427"},{"taxonomy":"post_tag","embeddable":true,"href":"https:\/\/www.gossip.it\/api\/wp\/v2\/tags?post=69427"},{"taxonomy":"vip","embeddable":true,"href":"https:\/\/www.gossip.it\/api\/wp\/v2\/vip?post=69427"}],"curies":[{"name":"wp","href":"https:\/\/api.w.org\/{rel}","templated":true}]}}