{"id":69721,"date":"2021-05-19T00:00:00","date_gmt":"2021-05-18T22:00:00","guid":{"rendered":"https:\/\/www.gossip.it\/senza-categoria\/valeria-marini-scoppia-in-lacrime-supervivientes-perche\/"},"modified":"2021-05-19T00:00:00","modified_gmt":"2021-05-18T22:00:00","slug":"valeria-marini-scoppia-in-lacrime-supervivientes-perche","status":"publish","type":"post","link":"https:\/\/www.gossip.it\/news\/valeria-marini-scoppia-in-lacrime-supervivientes-perche\/","title":{"rendered":"Valeria Marini scoppia in lacrime a Supervivientes: ecco perch\u00e9"},"content":{"rendered":"<p><a href=\"\/vip\/valeria-marini\/\">Valeria Marini<\/a> <strong>scoppia in lacrime<\/strong> a <strong><em>Supervivientes<\/em><\/strong>, l\u2019<em>Isola dei Famosi <\/em>spagnola. In Honduras accade tutto nel giorno del suo 54esimo compleanno, lo scorso 14 maggio. La showgirl piange disperata, anche se le <strong>lacrime<\/strong> non scendono. Ma lei si asciuga gli occhi e si difende con il suo spagnolo <em>\u2018raffazzonato\u2019<\/em>: ecco <strong>perch\u00e9<\/strong>.<\/p>\n<figure class=\"caption\"><img decoding=\"async\" alt=\"Valeria Marini scoppia in lacrime a Supervivientes: ecco perch\u00e9\" width=\"640\" height=\"353\" src=\"https:\/\/files.gossip.it\/immagini_news\/2021\/05\/1621416493_marini_pianto_1.jpg\" \/><figcaption>Valeria Marini scoppia in lacrime a Supervivientes: ecco perch\u00e9<\/figcaption><\/figure>\n<p>Nel suo giorno speciale la bionda, che \u00e8 gi\u00e0 finita in nomination ed \u00e8 stata salvata diverse volte dal pubblico iberico, riceve un regalo dalla produzione: una torta che Valeria avrebbe dovuto condividere con gli altri naufraghi. Cos\u00ec non accade: la Marini si <em>\u2018pappa\u2019 <\/em>il dolce solo con pochi intimi, i suoi<em> \u2018fedelissimi\u2019.<\/em> In questo modo scatena gli <em>\u2018esclusi\u2019.<\/em> Accusata dalla maggior parte del gruppo di essere un\u2019egoista, <strong>scoppia in lacrime<\/strong> e si difende: non aveva ben capito le indicazioni degli autori.<\/p>\n<figure class=\"caption\"><img decoding=\"async\" alt=\"\" width=\"640\" height=\"345\" src=\"https:\/\/files.gossip.it\/immagini_news\/2021\/05\/1621416512_marini_pianto_2.jpg\" \/><figcaption>In Honduras tutto accade nel giorno del suo 54esimo compleanno<\/figcaption><\/figure>\n<p><strong>Valeria Marini <\/strong>ha tutti contro. I compagni di avventura della sarda si arrabbiano moltissimo e inveiscono contro la donna dai<em> \u2018baci stellari\u2019.<\/em> Lei piange, ma non parrebbe cos\u00ec pentita del suo gesto.<em> \u201cNon mi hanno detto che potevo condividerla con voi, non lo avevo capito!\u201d, s<\/em>ottolinea.<\/p>\n<figure class=\"caption\"><img decoding=\"async\" alt=\"\" width=\"640\" height=\"348\" src=\"https:\/\/files.gossip.it\/immagini_news\/2021\/05\/1621416538_marini_pianto_3.jpg\" \/><figcaption>La showgirl piange, anche se le lacrime non scendono poi copiose...<\/figcaption><\/figure>\n<p>E ancora, mostrando il comunicato ricevuto insieme alla torta, aggiunge: <em>\u201cQua c\u2019\u00e8 scritto \u2018puede dejar mirando\u2019 ed avevo capito che io scendevo e voi mi guardavate mentre mangiavo la torta\u201d.<\/em><\/p>\n<figure class=\"caption\"><img decoding=\"async\" alt=\"\" width=\"640\" height=\"348\" src=\"https:\/\/files.gossip.it\/immagini_news\/2021\/05\/1621416565_marini_pianto_4.jpg\" \/><figcaption>All'Isola spagnola sono tutti contro di lei<\/figcaption><\/figure>\n<p>Valeria diventa il nemico numero uno a <em><strong>Supervivientes<\/strong><\/em>. Era gi\u00e0 stata accusata di andare a pesca di conchiglioni e granchi e di mangiarseli da sola in mare e ora si aggiunge pure questo episodio. I naufraghi sono imbufaliti, non gliela faranno sicuramente passare liscia\u2026<\/p>\n<p>\u00a0<\/p>\n","protected":false},"excerpt":{"rendered":"<p>Valeria Marini scoppia in lacrime a Supervivientes, l\u2019Isola dei Famosi spagnola. In Honduras accade tutto nel giorno del suo 54esimo compleanno, lo scorso 14 maggio. La showgirl piange disperata, anche se le lacrime non scendono. Ma lei si asciuga gli occhi e si difende con il suo spagnolo \u2018raffazzonato\u2019: ecco perch\u00e9. Valeria Marini scoppia in [&hellip;]<\/p>\n","protected":false},"author":1,"featured_media":125767,"comment_status":"closed","ping_status":"closed","sticky":false,"template":"","format":"standard","meta":{"footnotes":""},"categories":[54],"tags":[1904,2199,2095,2207,10760,62006,1967,2487,10922],"vip":[1807],"class_list":["post-69721","post","type-post","status-publish","format-standard","has-post-thumbnail","hentry","category-news","tag-compleanno","tag-isola","tag-isola-dei-famosi","tag-lacrime","tag-piange","tag-scoppia-in","tag-showgirl","tag-spagna","tag-supervivientes","vip-valeria_marini"],"yoast_head":"<title>Valeria Marini scoppia in lacrime a Supervivientes: ecco perch\u00e9 - Gossip.it | News sul Gossip e VIP<\/title>\n<meta name=\"description\" content=\"Valeria Marini scoppia in lacrime a Supervivientes, l\u2019Isola dei Famosi spagnola. In Honduras accade tutto nel giorno del suo 54esimo compleanno, lo scorso\" \/>\n<meta name=\"robots\" content=\"index, follow, max-snippet:-1, max-image-preview:large, max-video-preview:-1\" \/>\n<link rel=\"canonical\" href=\"https:\/\/www.gossip.it\/news\/valeria-marini-scoppia-in-lacrime-supervivientes-perche\/\" \/>\n<meta property=\"og:locale\" content=\"it_IT\" \/>\n<meta property=\"og:type\" content=\"article\" \/>\n<meta property=\"og:title\" content=\"Valeria Marini scoppia in lacrime a Supervivientes: ecco perch\u00e9 - Gossip.it | News sul Gossip e VIP\" \/>\n<meta property=\"og:description\" content=\"Valeria Marini scoppia in lacrime a Supervivientes, l\u2019Isola dei Famosi spagnola. In Honduras accade tutto nel giorno del suo 54esimo compleanno, lo scorso\" \/>\n<meta property=\"og:url\" content=\"https:\/\/www.gossip.it\/news\/valeria-marini-scoppia-in-lacrime-supervivientes-perche\/\" \/>\n<meta property=\"og:site_name\" content=\"Gossip.it | News sul Gossip e VIP\" \/>\n<meta property=\"article:publisher\" content=\"https:\/\/www.facebook.com\/GossipIT\" \/>\n<meta property=\"article:published_time\" content=\"2021-05-18T22:00:00+00:00\" \/>\n<meta property=\"og:image\" content=\"https:\/\/files.gossip.it\/immagini_news\/2021\/05\/1621416493_marini_pianto_1.jpg\" \/>\n<meta name=\"author\" content=\"La Redazione\" \/>\n<meta name=\"twitter:card\" content=\"summary_large_image\" \/>\n<meta name=\"twitter:image\" content=\"https:\/\/files.gossip.it\/immagini_news\/2021\/05\/1621416493_marini_pianto_1.jpg\" \/>\n<meta name=\"twitter:creator\" content=\"@gossinews_it\" \/>\n<meta name=\"twitter:site\" content=\"@gossinews_it\" \/>\n<meta name=\"twitter:label1\" content=\"Scritto da\" \/>\n\t<meta name=\"twitter:data1\" content=\"Annamaria Capozzi\" \/>\n\t<meta name=\"twitter:label2\" content=\"Tempo di lettura stimato\" \/>\n\t<meta name=\"twitter:data2\" content=\"1 minuto\" \/>","yoast_head_json":{"title":"Valeria Marini scoppia in lacrime a Supervivientes: ecco perch\u00e9 - Gossip.it | News sul Gossip e VIP","description":"Valeria Marini scoppia in lacrime a Supervivientes, l\u2019Isola dei Famosi spagnola. In Honduras accade tutto nel giorno del suo 54esimo compleanno, lo scorso","robots":{"index":"index","follow":"follow","max-snippet":"max-snippet:-1","max-image-preview":"max-image-preview:large","max-video-preview":"max-video-preview:-1"},"canonical":"https:\/\/www.gossip.it\/news\/valeria-marini-scoppia-in-lacrime-supervivientes-perche\/","og_locale":"it_IT","og_type":"article","og_title":"Valeria Marini scoppia in lacrime a Supervivientes: ecco perch\u00e9 - Gossip.it | News sul Gossip e VIP","og_description":"Valeria Marini scoppia in lacrime a Supervivientes, l\u2019Isola dei Famosi spagnola. In Honduras accade tutto nel giorno del suo 54esimo compleanno, lo scorso","og_url":"https:\/\/www.gossip.it\/news\/valeria-marini-scoppia-in-lacrime-supervivientes-perche\/","og_site_name":"Gossip.it | News sul Gossip e VIP","article_publisher":"https:\/\/www.facebook.com\/GossipIT","article_published_time":"2021-05-18T22:00:00+00:00","og_image":[{"url":"https:\/\/files.gossip.it\/immagini_news\/2021\/05\/1621416493_marini_pianto_1.jpg"}],"author":"La Redazione","twitter_card":"summary_large_image","twitter_image":"https:\/\/files.gossip.it\/immagini_news\/2021\/05\/1621416493_marini_pianto_1.jpg","twitter_creator":"@gossinews_it","twitter_site":"@gossinews_it","twitter_misc":{"Scritto da":"Annamaria Capozzi","Tempo di lettura stimato":"1 minuto"},"schema":{"@context":"https:\/\/schema.org","@graph":[{"@type":"Article","@id":"https:\/\/www.gossip.it\/news\/valeria-marini-scoppia-in-lacrime-supervivientes-perche\/#article","isPartOf":{"@id":"https:\/\/www.gossip.it\/news\/valeria-marini-scoppia-in-lacrime-supervivientes-perche\/"},"author":{"name":"La Redazione","@id":"https:\/\/www.gossip.it\/#\/schema\/person\/488896f75158bff1cc83c6c39d141110"},"headline":"Valeria Marini scoppia in lacrime a Supervivientes: ecco perch\u00e9","datePublished":"2021-05-18T22:00:00+00:00","dateModified":"2021-05-18T22:00:00+00:00","mainEntityOfPage":{"@id":"https:\/\/www.gossip.it\/news\/valeria-marini-scoppia-in-lacrime-supervivientes-perche\/"},"wordCount":299,"publisher":{"@id":"https:\/\/www.gossip.it\/#organization"},"image":{"@id":"https:\/\/www.gossip.it\/news\/valeria-marini-scoppia-in-lacrime-supervivientes-perche\/#primaryimage"},"thumbnailUrl":"https:\/\/files.gossip.it\/immagini_news\/2021\/05\/1621416493_marini_pianto_1.jpg","keywords":["compleanno","isola","isola dei famosi","lacrime","piange","scoppia in","showgirl","spagna","supervivientes"],"articleSection":["News"],"inLanguage":"it-IT"},{"@type":"WebPage","@id":"https:\/\/www.gossip.it\/news\/valeria-marini-scoppia-in-lacrime-supervivientes-perche\/","url":"https:\/\/www.gossip.it\/news\/valeria-marini-scoppia-in-lacrime-supervivientes-perche\/","name":"Valeria Marini scoppia in lacrime a Supervivientes: ecco perch\u00e9 - Gossip.it | News sul Gossip e VIP","isPartOf":{"@id":"https:\/\/www.gossip.it\/#website"},"primaryImageOfPage":{"@id":"https:\/\/www.gossip.it\/news\/valeria-marini-scoppia-in-lacrime-supervivientes-perche\/#primaryimage"},"image":{"@id":"https:\/\/www.gossip.it\/news\/valeria-marini-scoppia-in-lacrime-supervivientes-perche\/#primaryimage"},"thumbnailUrl":"https:\/\/files.gossip.it\/immagini_news\/2021\/05\/1621416493_marini_pianto_1.jpg","datePublished":"2021-05-18T22:00:00+00:00","dateModified":"2021-05-18T22:00:00+00:00","description":"Valeria Marini scoppia in lacrime a Supervivientes, l\u2019Isola dei Famosi spagnola. In Honduras accade tutto nel giorno del suo 54esimo compleanno, lo scorso","breadcrumb":{"@id":"https:\/\/www.gossip.it\/news\/valeria-marini-scoppia-in-lacrime-supervivientes-perche\/#breadcrumb"},"inLanguage":"it-IT","potentialAction":[{"@type":"ReadAction","target":["https:\/\/www.gossip.it\/news\/valeria-marini-scoppia-in-lacrime-supervivientes-perche\/"]}]},{"@type":"ImageObject","inLanguage":"it-IT","@id":"https:\/\/www.gossip.it\/news\/valeria-marini-scoppia-in-lacrime-supervivientes-perche\/#primaryimage","url":"https:\/\/files.gossip.it\/immagini_news\/2021\/05\/1621416493_marini_pianto_1.jpg","contentUrl":"https:\/\/files.gossip.it\/immagini_news\/2021\/05\/1621416493_marini_pianto_1.jpg"},{"@type":"BreadcrumbList","@id":"https:\/\/www.gossip.it\/news\/valeria-marini-scoppia-in-lacrime-supervivientes-perche\/#breadcrumb","itemListElement":[{"@type":"ListItem","position":1,"name":"Home","item":"https:\/\/www.gossip.it\/"},{"@type":"ListItem","position":2,"name":"Valeria Marini scoppia in lacrime a Supervivientes: ecco perch\u00e9"}]},{"@type":"WebSite","@id":"https:\/\/www.gossip.it\/#website","url":"https:\/\/www.gossip.it\/","name":"Gossip and VIP News","description":"Quotidiano di cronaca rosa, costume e societ\u00e0","publisher":{"@id":"https:\/\/www.gossip.it\/#organization"},"alternateName":"Gossip and VIP News","potentialAction":[{"@type":"SearchAction","target":{"@type":"EntryPoint","urlTemplate":"https:\/\/www.gossip.it\/?s={search_term_string}"},"query-input":{"@type":"PropertyValueSpecification","valueRequired":true,"valueName":"search_term_string"}}],"inLanguage":"it-IT"},{"@type":"Organization","@id":"https:\/\/www.gossip.it\/#organization","name":"Gossip and VIP News","alternateName":"Gossip News","url":"https:\/\/www.gossip.it\/","logo":{"@type":"ImageObject","inLanguage":"it-IT","@id":"https:\/\/www.gossip.it\/#\/schema\/logo\/image\/","url":"https:\/\/www.gossip.it\/wp-content\/uploads\/2022\/04\/cropped-corna-alta-tiny.png","contentUrl":"https:\/\/www.gossip.it\/wp-content\/uploads\/2022\/04\/cropped-corna-alta-tiny.png","width":512,"height":512,"caption":"Gossip and VIP News"},"image":{"@id":"https:\/\/www.gossip.it\/#\/schema\/logo\/image\/"},"sameAs":["https:\/\/www.facebook.com\/GossipIT","https:\/\/x.com\/gossinews_it","https:\/\/instagram.com\/gossip_it"]},{"@type":"Person","@id":"https:\/\/www.gossip.it\/#\/schema\/person\/488896f75158bff1cc83c6c39d141110","name":"La Redazione","image":{"@type":"ImageObject","inLanguage":"it-IT","@id":"https:\/\/www.gossip.it\/#\/schema\/person\/image\/","url":"https:\/\/secure.gravatar.com\/avatar\/5a5f5c6fa3e6700e4249abdad0263a1e94e927d9e0499b1cb09c1cd29c044d80?s=96&d=mm&r=g","contentUrl":"https:\/\/secure.gravatar.com\/avatar\/5a5f5c6fa3e6700e4249abdad0263a1e94e927d9e0499b1cb09c1cd29c044d80?s=96&d=mm&r=g","caption":"La Redazione"},"sameAs":["https:\/\/www.gossip.it"]}]}},"amp_enabled":true,"_links":{"self":[{"href":"https:\/\/www.gossip.it\/api\/wp\/v2\/posts\/69721","targetHints":{"allow":["GET"]}}],"collection":[{"href":"https:\/\/www.gossip.it\/api\/wp\/v2\/posts"}],"about":[{"href":"https:\/\/www.gossip.it\/api\/wp\/v2\/types\/post"}],"author":[{"embeddable":true,"href":"https:\/\/www.gossip.it\/api\/wp\/v2\/users\/1"}],"replies":[{"embeddable":true,"href":"https:\/\/www.gossip.it\/api\/wp\/v2\/comments?post=69721"}],"version-history":[{"count":0,"href":"https:\/\/www.gossip.it\/api\/wp\/v2\/posts\/69721\/revisions"}],"wp:featuredmedia":[{"embeddable":true,"href":"https:\/\/www.gossip.it\/api\/wp\/v2\/media\/125767"}],"wp:attachment":[{"href":"https:\/\/www.gossip.it\/api\/wp\/v2\/media?parent=69721"}],"wp:term":[{"taxonomy":"category","embeddable":true,"href":"https:\/\/www.gossip.it\/api\/wp\/v2\/categories?post=69721"},{"taxonomy":"post_tag","embeddable":true,"href":"https:\/\/www.gossip.it\/api\/wp\/v2\/tags?post=69721"},{"taxonomy":"vip","embeddable":true,"href":"https:\/\/www.gossip.it\/api\/wp\/v2\/vip?post=69721"}],"curies":[{"name":"wp","href":"https:\/\/api.w.org\/{rel}","templated":true}]}}