{"id":69741,"date":"2021-05-21T00:00:00","date_gmt":"2021-05-20T22:00:00","guid":{"rendered":"https:\/\/www.gossip.it\/senza-categoria\/jasmine-carrisi-famiglia-allargata\/"},"modified":"2021-05-21T00:00:00","modified_gmt":"2021-05-20T22:00:00","slug":"jasmine-carrisi-famiglia-allargata","status":"publish","type":"post","link":"https:\/\/www.gossip.it\/news\/jasmine-carrisi-famiglia-allargata\/","title":{"rendered":"Jasmine Carrisi sulla sua famiglia allargata: 'Siamo meno peggio di come ci dipingono'"},"content":{"rendered":"<p><a href=\"\/vip\/jasmine-carrisi\/\">Jasmine Carrisi<\/a> \u00e8 legatissima alla sua <strong>famiglia allargata<\/strong>. <em>\u201cSiamo meno peggio di come ci dipingono\u201d<\/em>, sottolinea al <em>Corriere della Sera<\/em>. La figlia di <a href=\"\/vip\/al-bano\/\">Al Bano<\/a> e <a href=\"\/vip\/loredana-lecciso\/\">Loredana Lecciso<\/a> va d\u2019accordo con tutti i fratelli e le sorelle, e anche con <a href=\"\/vip\/romina-power\/\">Romina Power<\/a>.<\/p>\n<figure class=\"caption\"><img decoding=\"async\" alt=\"Jasmine Carrisi sulla sua famiglia allargata: 'Siamo meno peggio di come ci dipingono'\" width=\"640\" height=\"827\" src=\"https:\/\/files.gossip.it\/immagini_news\/2021\/05\/1621593606_carrisi_1.jpg\" \/><figcaption>Jasmine Carrisi sulla sua famiglia allargata: 'Siamo meno peggio di come ci dipingono'<\/figcaption><\/figure>\n<p><a href=\"\/vip\/albano-carrisi\/\">Albano Carrisi<\/a>, che ha appena compiuto 78 anni, ha avuto quattro figli da Romina: Ylenia, nata nel 1970 e scomparsa misteriosamente nel 1993, Yari, nato nel 1970, Cristel, nata nel 1985 e, Romina Junior Jolanda, nata nel 1987. Dall\u2019unione sentimentale con la Lecciso, gi\u00e0 mamma di Brigitta avuta da una precedente relazione, sono nati Jasmine, che sta per compiere 20 anni, e Albano Jr., detto Bido, venuto al mondo nel 2002. La piccola di casa vuole bene a tutti.<\/p>\n<p>Quando le si domanda come abbia vissuto la sua famiglia allargata, Jasmine risponde: <em>\u201cSiamo meno peggio di come ci dipingono\u201d.<\/em> Poi svela:<em> \u201cCon Romina parlo di Los Angeles, dove vorrei trasferirmi\u201d. <\/em>I suoi <em>\u2018rapporti speciali\u2019? \u201cCon mia sorella Brigitta. Presto mi trasferir\u00f2 a Milano da lei. Ma anche con Yari: parliamo di musica\u201d.<\/em><\/p>\n<figure class=\"caption\"><img decoding=\"async\" alt=\"\" width=\"640\" height=\"633\" src=\"https:\/\/files.gossip.it\/immagini_news\/2021\/05\/1621593631_carrisi_3.jpg\" \/><figcaption>La figlia di Al Bano e Loredana Lecciso svela come vive i rapporti con i parenti<\/figcaption><\/figure>\n<p>Jasmine ora cerca il successo nella musica. E sempre dalla famiglia trae la forza di andare avanti: <em>\u201cMi hanno incoraggiata, per\u00f2 mi hanno anche messa in guardia. La famiglia \u00e8 il legame su cui conto di pi\u00f9, non c\u2019\u00e8 amicizia che tenga\u201d.<\/em><\/p>\n<figure class=\"caption\"><img decoding=\"async\" alt=\"\" width=\"640\" height=\"704\" src=\"https:\/\/files.gossip.it\/immagini_news\/2021\/05\/1621593655_carrisi_2.jpg\" \/><figcaption>La quasi 20enne cerca sempre l'appoggio dei proprio cari poer le decisioni importanti<\/figcaption><\/figure>\n<p>I social l\u2019hanno ferita maggiormente dei media: <em>\u201cDi pi\u00f9 Instagram: ho 95 mila follower, ma se potessi chiuderei il profilo. Tutti hanno carta bianca nello sfogare la frustrazione e a volte mi hanno condizionata. Non \u00e8 facile avere un cognome famoso. Per loro non avrei dovuto fare musica\u201d<\/em>. Invece Jasmine continuer\u00e0 a inseguire il suo sogno, pur facendo l\u2019universit\u00e0 e proseguendo con lo studio.<\/p>\n<p>\u00a0<\/p>\n<p>\u00a0<\/p>\n","protected":false},"excerpt":{"rendered":"<p>Jasmine Carrisi \u00e8 legatissima alla sua famiglia allargata. \u201cSiamo meno peggio di come ci dipingono\u201d, sottolinea al Corriere della Sera. La figlia di Al Bano e Loredana Lecciso va d\u2019accordo con tutti i fratelli e le sorelle, e anche con Romina Power. Jasmine Carrisi sulla sua famiglia allargata: 'Siamo meno peggio di come ci dipingono' [&hellip;]<\/p>\n","protected":false},"author":1,"featured_media":125787,"comment_status":"closed","ping_status":"closed","sticky":false,"template":"","format":"standard","meta":{"footnotes":""},"categories":[54],"tags":[2254,2255,2211,2102,1908,11660,1905,3088,2121,2103,11827,7014,1923,6579],"vip":[1121],"class_list":["post-69741","post","type-post","status-publish","format-standard","has-post-thumbnail","hentry","category-news","tag-al-bano","tag-albano-carrisi","tag-corriere-della-sera","tag-dichiarazioni","tag-famiglia","tag-famiglia-allargata","tag-figlia","tag-fratelli","tag-instagram","tag-intervista","tag-jasmine-carrisi","tag-romina-power","tag-social","tag-sorelle","vip-loredana_lecciso"],"yoast_head":"<title>Jasmine Carrisi sulla sua famiglia allargata: &#039;Siamo meno peggio di come ci dipingono&#039; - Gossip.it | News sul Gossip e VIP<\/title>\n<meta name=\"description\" content=\"Jasmine Carrisi \u00e8 legatissima alla sua famiglia allargata. \u201cSiamo meno peggio di come ci dipingono\u201d, sottolinea al Corriere della Sera. La figlia di Al\" \/>\n<meta name=\"robots\" content=\"index, follow, max-snippet:-1, max-image-preview:large, max-video-preview:-1\" \/>\n<link rel=\"canonical\" href=\"https:\/\/www.gossip.it\/news\/jasmine-carrisi-famiglia-allargata\/\" \/>\n<meta property=\"og:locale\" content=\"it_IT\" \/>\n<meta property=\"og:type\" content=\"article\" \/>\n<meta property=\"og:title\" content=\"Jasmine Carrisi sulla sua famiglia allargata: &#039;Siamo meno peggio di come ci dipingono&#039; - Gossip.it | News sul Gossip e VIP\" \/>\n<meta property=\"og:description\" content=\"Jasmine Carrisi \u00e8 legatissima alla sua famiglia allargata. \u201cSiamo meno peggio di come ci dipingono\u201d, sottolinea al Corriere della Sera. La figlia di Al\" \/>\n<meta property=\"og:url\" content=\"https:\/\/www.gossip.it\/news\/jasmine-carrisi-famiglia-allargata\/\" \/>\n<meta property=\"og:site_name\" content=\"Gossip.it | News sul Gossip e VIP\" \/>\n<meta property=\"article:publisher\" content=\"https:\/\/www.facebook.com\/GossipIT\" \/>\n<meta property=\"article:published_time\" content=\"2021-05-20T22:00:00+00:00\" \/>\n<meta property=\"og:image\" content=\"https:\/\/files.gossip.it\/immagini_news\/2021\/05\/1621593606_carrisi_1.jpg\" \/>\n<meta name=\"author\" content=\"La Redazione\" \/>\n<meta name=\"twitter:card\" content=\"summary_large_image\" \/>\n<meta name=\"twitter:image\" content=\"https:\/\/files.gossip.it\/immagini_news\/2021\/05\/1621593606_carrisi_1.jpg\" \/>\n<meta name=\"twitter:creator\" content=\"@gossinews_it\" \/>\n<meta name=\"twitter:site\" content=\"@gossinews_it\" \/>\n<meta name=\"twitter:label1\" content=\"Scritto da\" \/>\n\t<meta name=\"twitter:data1\" content=\"Annamaria Capozzi\" \/>\n\t<meta name=\"twitter:label2\" content=\"Tempo di lettura stimato\" \/>\n\t<meta name=\"twitter:data2\" content=\"2 minuti\" \/>","yoast_head_json":{"title":"Jasmine Carrisi sulla sua famiglia allargata: 'Siamo meno peggio di come ci dipingono' - Gossip.it | News sul Gossip e VIP","description":"Jasmine Carrisi \u00e8 legatissima alla sua famiglia allargata. \u201cSiamo meno peggio di come ci dipingono\u201d, sottolinea al Corriere della Sera. La figlia di Al","robots":{"index":"index","follow":"follow","max-snippet":"max-snippet:-1","max-image-preview":"max-image-preview:large","max-video-preview":"max-video-preview:-1"},"canonical":"https:\/\/www.gossip.it\/news\/jasmine-carrisi-famiglia-allargata\/","og_locale":"it_IT","og_type":"article","og_title":"Jasmine Carrisi sulla sua famiglia allargata: 'Siamo meno peggio di come ci dipingono' - Gossip.it | News sul Gossip e VIP","og_description":"Jasmine Carrisi \u00e8 legatissima alla sua famiglia allargata. \u201cSiamo meno peggio di come ci dipingono\u201d, sottolinea al Corriere della Sera. La figlia di Al","og_url":"https:\/\/www.gossip.it\/news\/jasmine-carrisi-famiglia-allargata\/","og_site_name":"Gossip.it | News sul Gossip e VIP","article_publisher":"https:\/\/www.facebook.com\/GossipIT","article_published_time":"2021-05-20T22:00:00+00:00","og_image":[{"url":"https:\/\/files.gossip.it\/immagini_news\/2021\/05\/1621593606_carrisi_1.jpg"}],"author":"La Redazione","twitter_card":"summary_large_image","twitter_image":"https:\/\/files.gossip.it\/immagini_news\/2021\/05\/1621593606_carrisi_1.jpg","twitter_creator":"@gossinews_it","twitter_site":"@gossinews_it","twitter_misc":{"Scritto da":"Annamaria Capozzi","Tempo di lettura stimato":"2 minuti"},"schema":{"@context":"https:\/\/schema.org","@graph":[{"@type":"Article","@id":"https:\/\/www.gossip.it\/news\/jasmine-carrisi-famiglia-allargata\/#article","isPartOf":{"@id":"https:\/\/www.gossip.it\/news\/jasmine-carrisi-famiglia-allargata\/"},"author":{"name":"La Redazione","@id":"https:\/\/www.gossip.it\/#\/schema\/person\/488896f75158bff1cc83c6c39d141110"},"headline":"Jasmine Carrisi sulla sua famiglia allargata: 'Siamo meno peggio di come ci dipingono'","datePublished":"2021-05-20T22:00:00+00:00","dateModified":"2021-05-20T22:00:00+00:00","mainEntityOfPage":{"@id":"https:\/\/www.gossip.it\/news\/jasmine-carrisi-famiglia-allargata\/"},"wordCount":328,"publisher":{"@id":"https:\/\/www.gossip.it\/#organization"},"image":{"@id":"https:\/\/www.gossip.it\/news\/jasmine-carrisi-famiglia-allargata\/#primaryimage"},"thumbnailUrl":"https:\/\/files.gossip.it\/immagini_news\/2021\/05\/1621593606_carrisi_1.jpg","keywords":["al bano","albano carrisi","corriere della sera","dichiarazioni","famiglia","famiglia allargata","figlia","fratelli","instagram","intervista","jasmine carrisi","romina power","social","sorelle"],"articleSection":["News"],"inLanguage":"it-IT"},{"@type":"WebPage","@id":"https:\/\/www.gossip.it\/news\/jasmine-carrisi-famiglia-allargata\/","url":"https:\/\/www.gossip.it\/news\/jasmine-carrisi-famiglia-allargata\/","name":"Jasmine Carrisi sulla sua famiglia allargata: 'Siamo meno peggio di come ci dipingono' - Gossip.it | News sul Gossip e VIP","isPartOf":{"@id":"https:\/\/www.gossip.it\/#website"},"primaryImageOfPage":{"@id":"https:\/\/www.gossip.it\/news\/jasmine-carrisi-famiglia-allargata\/#primaryimage"},"image":{"@id":"https:\/\/www.gossip.it\/news\/jasmine-carrisi-famiglia-allargata\/#primaryimage"},"thumbnailUrl":"https:\/\/files.gossip.it\/immagini_news\/2021\/05\/1621593606_carrisi_1.jpg","datePublished":"2021-05-20T22:00:00+00:00","dateModified":"2021-05-20T22:00:00+00:00","description":"Jasmine Carrisi \u00e8 legatissima alla sua famiglia allargata. \u201cSiamo meno peggio di come ci dipingono\u201d, sottolinea al Corriere della Sera. La figlia di Al","breadcrumb":{"@id":"https:\/\/www.gossip.it\/news\/jasmine-carrisi-famiglia-allargata\/#breadcrumb"},"inLanguage":"it-IT","potentialAction":[{"@type":"ReadAction","target":["https:\/\/www.gossip.it\/news\/jasmine-carrisi-famiglia-allargata\/"]}]},{"@type":"ImageObject","inLanguage":"it-IT","@id":"https:\/\/www.gossip.it\/news\/jasmine-carrisi-famiglia-allargata\/#primaryimage","url":"https:\/\/files.gossip.it\/immagini_news\/2021\/05\/1621593606_carrisi_1.jpg","contentUrl":"https:\/\/files.gossip.it\/immagini_news\/2021\/05\/1621593606_carrisi_1.jpg"},{"@type":"BreadcrumbList","@id":"https:\/\/www.gossip.it\/news\/jasmine-carrisi-famiglia-allargata\/#breadcrumb","itemListElement":[{"@type":"ListItem","position":1,"name":"Home","item":"https:\/\/www.gossip.it\/"},{"@type":"ListItem","position":2,"name":"Jasmine Carrisi sulla sua famiglia allargata: 'Siamo meno peggio di come ci dipingono'"}]},{"@type":"WebSite","@id":"https:\/\/www.gossip.it\/#website","url":"https:\/\/www.gossip.it\/","name":"Gossip and VIP News","description":"Quotidiano di cronaca rosa, costume e societ\u00e0","publisher":{"@id":"https:\/\/www.gossip.it\/#organization"},"alternateName":"Gossip and VIP News","potentialAction":[{"@type":"SearchAction","target":{"@type":"EntryPoint","urlTemplate":"https:\/\/www.gossip.it\/?s={search_term_string}"},"query-input":{"@type":"PropertyValueSpecification","valueRequired":true,"valueName":"search_term_string"}}],"inLanguage":"it-IT"},{"@type":"Organization","@id":"https:\/\/www.gossip.it\/#organization","name":"Gossip and VIP News","alternateName":"Gossip News","url":"https:\/\/www.gossip.it\/","logo":{"@type":"ImageObject","inLanguage":"it-IT","@id":"https:\/\/www.gossip.it\/#\/schema\/logo\/image\/","url":"https:\/\/www.gossip.it\/wp-content\/uploads\/2022\/04\/cropped-corna-alta-tiny.png","contentUrl":"https:\/\/www.gossip.it\/wp-content\/uploads\/2022\/04\/cropped-corna-alta-tiny.png","width":512,"height":512,"caption":"Gossip and VIP News"},"image":{"@id":"https:\/\/www.gossip.it\/#\/schema\/logo\/image\/"},"sameAs":["https:\/\/www.facebook.com\/GossipIT","https:\/\/x.com\/gossinews_it","https:\/\/instagram.com\/gossip_it"]},{"@type":"Person","@id":"https:\/\/www.gossip.it\/#\/schema\/person\/488896f75158bff1cc83c6c39d141110","name":"La Redazione","image":{"@type":"ImageObject","inLanguage":"it-IT","@id":"https:\/\/www.gossip.it\/#\/schema\/person\/image\/","url":"https:\/\/secure.gravatar.com\/avatar\/5a5f5c6fa3e6700e4249abdad0263a1e94e927d9e0499b1cb09c1cd29c044d80?s=96&d=mm&r=g","contentUrl":"https:\/\/secure.gravatar.com\/avatar\/5a5f5c6fa3e6700e4249abdad0263a1e94e927d9e0499b1cb09c1cd29c044d80?s=96&d=mm&r=g","caption":"La Redazione"},"sameAs":["https:\/\/www.gossip.it"]}]}},"amp_enabled":true,"_links":{"self":[{"href":"https:\/\/www.gossip.it\/api\/wp\/v2\/posts\/69741","targetHints":{"allow":["GET"]}}],"collection":[{"href":"https:\/\/www.gossip.it\/api\/wp\/v2\/posts"}],"about":[{"href":"https:\/\/www.gossip.it\/api\/wp\/v2\/types\/post"}],"author":[{"embeddable":true,"href":"https:\/\/www.gossip.it\/api\/wp\/v2\/users\/1"}],"replies":[{"embeddable":true,"href":"https:\/\/www.gossip.it\/api\/wp\/v2\/comments?post=69741"}],"version-history":[{"count":0,"href":"https:\/\/www.gossip.it\/api\/wp\/v2\/posts\/69741\/revisions"}],"wp:featuredmedia":[{"embeddable":true,"href":"https:\/\/www.gossip.it\/api\/wp\/v2\/media\/125787"}],"wp:attachment":[{"href":"https:\/\/www.gossip.it\/api\/wp\/v2\/media?parent=69741"}],"wp:term":[{"taxonomy":"category","embeddable":true,"href":"https:\/\/www.gossip.it\/api\/wp\/v2\/categories?post=69741"},{"taxonomy":"post_tag","embeddable":true,"href":"https:\/\/www.gossip.it\/api\/wp\/v2\/tags?post=69741"},{"taxonomy":"vip","embeddable":true,"href":"https:\/\/www.gossip.it\/api\/wp\/v2\/vip?post=69741"}],"curies":[{"name":"wp","href":"https:\/\/api.w.org\/{rel}","templated":true}]}}