{"id":69771,"date":"2021-05-25T00:00:00","date_gmt":"2021-05-24T22:00:00","guid":{"rendered":"https:\/\/www.gossip.it\/senza-categoria\/nicolas-vaporidis-calvizie\/"},"modified":"2021-05-25T00:00:00","modified_gmt":"2021-05-24T22:00:00","slug":"nicolas-vaporidis-calvizie","status":"publish","type":"post","link":"https:\/\/www.gossip.it\/news\/nicolas-vaporidis-calvizie\/","title":{"rendered":"Nicolas Vaporidis sulla sua calvizie: 'All'inizio ho rosicato, poi...'"},"content":{"rendered":"<p><a href=\"\/vip\/nicolas-vaporidis\/\">Nicolas Vaporidis<\/a> risponde alle domande dei fan sul social e parla della sua <strong>calvizie<\/strong>. L\u2019attore 39enne racconta come si \u00e8 sentito quando ha perso tutti i capelli. <em>\u201cAll\u2019inizio rosichi\u201d,<\/em> rivela.<\/p>\n<figure class=\"caption\"><img decoding=\"async\" alt=\"Nicolas Vaporidis sulla sua calvizie: 'All'inizio ho rosicato, poi...'\" width=\"640\" height=\"524\" src=\"https:\/\/files.gossip.it\/immagini_news\/2021\/05\/1621949147_nicolas_vaporidis.jpg\" \/><figcaption>Nicolas Vaporidis sulla sua calvizie: 'All'inizio ho rosicato, poi...'<\/figcaption><\/figure>\n<p>Non cura moltissimo l\u2019epidermide della sua<em> \u2018pelata\u2019<\/em>. Nicolas confida:<em> \u201cE\u2019 una decina d\u2019anni pi\u00f9 o meno che mi sono arreso, al massimo la protezione per il sole quando c\u2019\u00e8 e mi ricordo\u201d<\/em>. Il momento in cui si \u00e8 rasato a zero \u00e8 stato una<em> \u201cliberazione\u201d,<\/em> parole sue. <em>\u201cIn pi\u00f9 ho scoperto di avere una testa perfetta\u201d<\/em>, aggiunge Vaporidis.<\/p>\n<p>Nicolas per\u00f2 ammette che vedere i capelli che cadono gli \u00e8 pesato: <em>\u201cAll\u2019inizio rosichi un po\u2019, poi ti arrendi e alla fine te ne sbatti e stai bene uguale. Non sei Sansone, non \u00e8 nei capelli la tua forza\u201d.<\/em><\/p>\n<p>L\u2019artista rivela pure perch\u00e9 \u00e8 finito il matrimonio con <a href=\"\/vip\/giorgia-surina\/\">Giorgia Surina<\/a>, sposata nel 2012 e da cui si \u00e8 separato poco dopo, i due hanno divorziato definitivamente nel 2014:<em> \u201cEravano piccoli, io soprattutto, e incapaci di prenderci cura di noi\u201d. <\/em>Nonostante ci\u00f2 non si \u00e8 mai pentito di averlo fatto. Ora \u00e8 single, sogna di avere un figlio un giorno. Professionalmente con il cinema \u00e8 fermo.\u00a0<em>\u201cPer il momento nessun progetto. Tutto ancora in fase embrionale\u201d<\/em>, fa sapere.<\/p>\n<p>\u00a0<\/p>\n","protected":false},"excerpt":{"rendered":"<p>Nicolas Vaporidis risponde alle domande dei fan sul social e parla della sua calvizie. L\u2019attore 39enne racconta come si \u00e8 sentito quando ha perso tutti i capelli. \u201cAll\u2019inizio rosichi\u201d, rivela. Nicolas Vaporidis sulla sua calvizie: 'All'inizio ho rosicato, poi...' Non cura moltissimo l\u2019epidermide della sua \u2018pelata\u2019. Nicolas confida: \u201cE\u2019 una decina d\u2019anni pi\u00f9 o meno [&hellip;]<\/p>\n","protected":false},"author":1,"featured_media":125817,"comment_status":"closed","ping_status":"closed","sticky":false,"template":"","format":"standard","meta":{"footnotes":""},"categories":[54],"tags":[2137,45244,49782,2588,2121,1950,62028,1923,2142],"vip":[867,1420],"class_list":["post-69771","post","type-post","status-publish","format-standard","has-post-thumbnail","hentry","category-news","tag-attore","tag-calvizie","tag-calvo","tag-capelli","tag-instagram","tag-matrimonio","tag-perdita-capelli","tag-social","tag-stories","vip-giorgia_surina","vip-nicolas_vaporidis"],"yoast_head":"<title>Nicolas Vaporidis sulla sua calvizie: &#039;All&#039;inizio ho rosicato, poi...&#039; - Gossip.it | News sul Gossip e VIP<\/title>\n<meta name=\"description\" content=\"Nicolas Vaporidis risponde alle domande dei fan sul social e parla della sua calvizie. L\u2019attore 39enne racconta come si \u00e8 sentito quando ha perso tutti i\" \/>\n<meta name=\"robots\" content=\"index, follow, max-snippet:-1, max-image-preview:large, max-video-preview:-1\" \/>\n<link rel=\"canonical\" href=\"https:\/\/www.gossip.it\/news\/nicolas-vaporidis-calvizie\/\" \/>\n<meta property=\"og:locale\" content=\"it_IT\" \/>\n<meta property=\"og:type\" content=\"article\" \/>\n<meta property=\"og:title\" content=\"Nicolas Vaporidis sulla sua calvizie: &#039;All&#039;inizio ho rosicato, poi...&#039; - Gossip.it | News sul Gossip e VIP\" \/>\n<meta property=\"og:description\" content=\"Nicolas Vaporidis risponde alle domande dei fan sul social e parla della sua calvizie. L\u2019attore 39enne racconta come si \u00e8 sentito quando ha perso tutti i\" \/>\n<meta property=\"og:url\" content=\"https:\/\/www.gossip.it\/news\/nicolas-vaporidis-calvizie\/\" \/>\n<meta property=\"og:site_name\" content=\"Gossip.it | News sul Gossip e VIP\" \/>\n<meta property=\"article:publisher\" content=\"https:\/\/www.facebook.com\/GossipIT\" \/>\n<meta property=\"article:published_time\" content=\"2021-05-24T22:00:00+00:00\" \/>\n<meta property=\"og:image\" content=\"https:\/\/files.gossip.it\/immagini_news\/2021\/05\/1621949147_nicolas_vaporidis.jpg\" \/>\n<meta name=\"author\" content=\"La Redazione\" \/>\n<meta name=\"twitter:card\" content=\"summary_large_image\" \/>\n<meta name=\"twitter:image\" content=\"https:\/\/files.gossip.it\/immagini_news\/2021\/05\/1621949147_nicolas_vaporidis.jpg\" \/>\n<meta name=\"twitter:creator\" content=\"@gossinews_it\" \/>\n<meta name=\"twitter:site\" content=\"@gossinews_it\" \/>\n<meta name=\"twitter:label1\" content=\"Scritto da\" \/>\n\t<meta name=\"twitter:data1\" content=\"Annamaria Capozzi\" \/>\n\t<meta name=\"twitter:label2\" content=\"Tempo di lettura stimato\" \/>\n\t<meta name=\"twitter:data2\" content=\"1 minuto\" \/>","yoast_head_json":{"title":"Nicolas Vaporidis sulla sua calvizie: 'All'inizio ho rosicato, poi...' - Gossip.it | News sul Gossip e VIP","description":"Nicolas Vaporidis risponde alle domande dei fan sul social e parla della sua calvizie. L\u2019attore 39enne racconta come si \u00e8 sentito quando ha perso tutti i","robots":{"index":"index","follow":"follow","max-snippet":"max-snippet:-1","max-image-preview":"max-image-preview:large","max-video-preview":"max-video-preview:-1"},"canonical":"https:\/\/www.gossip.it\/news\/nicolas-vaporidis-calvizie\/","og_locale":"it_IT","og_type":"article","og_title":"Nicolas Vaporidis sulla sua calvizie: 'All'inizio ho rosicato, poi...' - Gossip.it | News sul Gossip e VIP","og_description":"Nicolas Vaporidis risponde alle domande dei fan sul social e parla della sua calvizie. L\u2019attore 39enne racconta come si \u00e8 sentito quando ha perso tutti i","og_url":"https:\/\/www.gossip.it\/news\/nicolas-vaporidis-calvizie\/","og_site_name":"Gossip.it | News sul Gossip e VIP","article_publisher":"https:\/\/www.facebook.com\/GossipIT","article_published_time":"2021-05-24T22:00:00+00:00","og_image":[{"url":"https:\/\/files.gossip.it\/immagini_news\/2021\/05\/1621949147_nicolas_vaporidis.jpg"}],"author":"La Redazione","twitter_card":"summary_large_image","twitter_image":"https:\/\/files.gossip.it\/immagini_news\/2021\/05\/1621949147_nicolas_vaporidis.jpg","twitter_creator":"@gossinews_it","twitter_site":"@gossinews_it","twitter_misc":{"Scritto da":"Annamaria Capozzi","Tempo di lettura stimato":"1 minuto"},"schema":{"@context":"https:\/\/schema.org","@graph":[{"@type":"Article","@id":"https:\/\/www.gossip.it\/news\/nicolas-vaporidis-calvizie\/#article","isPartOf":{"@id":"https:\/\/www.gossip.it\/news\/nicolas-vaporidis-calvizie\/"},"author":{"name":"La Redazione","@id":"https:\/\/www.gossip.it\/#\/schema\/person\/488896f75158bff1cc83c6c39d141110"},"headline":"Nicolas Vaporidis sulla sua calvizie: 'All'inizio ho rosicato, poi...'","datePublished":"2021-05-24T22:00:00+00:00","dateModified":"2021-05-24T22:00:00+00:00","mainEntityOfPage":{"@id":"https:\/\/www.gossip.it\/news\/nicolas-vaporidis-calvizie\/"},"wordCount":219,"publisher":{"@id":"https:\/\/www.gossip.it\/#organization"},"image":{"@id":"https:\/\/www.gossip.it\/news\/nicolas-vaporidis-calvizie\/#primaryimage"},"thumbnailUrl":"https:\/\/files.gossip.it\/immagini_news\/2021\/05\/1621949147_nicolas_vaporidis.jpg","keywords":["attore","calvizie","calvo","capelli","instagram","matrimonio","perdita capelli","social","stories"],"articleSection":["News"],"inLanguage":"it-IT"},{"@type":"WebPage","@id":"https:\/\/www.gossip.it\/news\/nicolas-vaporidis-calvizie\/","url":"https:\/\/www.gossip.it\/news\/nicolas-vaporidis-calvizie\/","name":"Nicolas Vaporidis sulla sua calvizie: 'All'inizio ho rosicato, poi...' - Gossip.it | News sul Gossip e VIP","isPartOf":{"@id":"https:\/\/www.gossip.it\/#website"},"primaryImageOfPage":{"@id":"https:\/\/www.gossip.it\/news\/nicolas-vaporidis-calvizie\/#primaryimage"},"image":{"@id":"https:\/\/www.gossip.it\/news\/nicolas-vaporidis-calvizie\/#primaryimage"},"thumbnailUrl":"https:\/\/files.gossip.it\/immagini_news\/2021\/05\/1621949147_nicolas_vaporidis.jpg","datePublished":"2021-05-24T22:00:00+00:00","dateModified":"2021-05-24T22:00:00+00:00","description":"Nicolas Vaporidis risponde alle domande dei fan sul social e parla della sua calvizie. L\u2019attore 39enne racconta come si \u00e8 sentito quando ha perso tutti i","breadcrumb":{"@id":"https:\/\/www.gossip.it\/news\/nicolas-vaporidis-calvizie\/#breadcrumb"},"inLanguage":"it-IT","potentialAction":[{"@type":"ReadAction","target":["https:\/\/www.gossip.it\/news\/nicolas-vaporidis-calvizie\/"]}]},{"@type":"ImageObject","inLanguage":"it-IT","@id":"https:\/\/www.gossip.it\/news\/nicolas-vaporidis-calvizie\/#primaryimage","url":"https:\/\/files.gossip.it\/immagini_news\/2021\/05\/1621949147_nicolas_vaporidis.jpg","contentUrl":"https:\/\/files.gossip.it\/immagini_news\/2021\/05\/1621949147_nicolas_vaporidis.jpg"},{"@type":"BreadcrumbList","@id":"https:\/\/www.gossip.it\/news\/nicolas-vaporidis-calvizie\/#breadcrumb","itemListElement":[{"@type":"ListItem","position":1,"name":"Home","item":"https:\/\/www.gossip.it\/"},{"@type":"ListItem","position":2,"name":"Nicolas Vaporidis sulla sua calvizie: 'All'inizio ho rosicato, poi...'"}]},{"@type":"WebSite","@id":"https:\/\/www.gossip.it\/#website","url":"https:\/\/www.gossip.it\/","name":"Gossip and VIP News","description":"Quotidiano di cronaca rosa, costume e societ\u00e0","publisher":{"@id":"https:\/\/www.gossip.it\/#organization"},"alternateName":"Gossip and VIP News","potentialAction":[{"@type":"SearchAction","target":{"@type":"EntryPoint","urlTemplate":"https:\/\/www.gossip.it\/?s={search_term_string}"},"query-input":{"@type":"PropertyValueSpecification","valueRequired":true,"valueName":"search_term_string"}}],"inLanguage":"it-IT"},{"@type":"Organization","@id":"https:\/\/www.gossip.it\/#organization","name":"Gossip and VIP News","alternateName":"Gossip News","url":"https:\/\/www.gossip.it\/","logo":{"@type":"ImageObject","inLanguage":"it-IT","@id":"https:\/\/www.gossip.it\/#\/schema\/logo\/image\/","url":"https:\/\/www.gossip.it\/wp-content\/uploads\/2022\/04\/cropped-corna-alta-tiny.png","contentUrl":"https:\/\/www.gossip.it\/wp-content\/uploads\/2022\/04\/cropped-corna-alta-tiny.png","width":512,"height":512,"caption":"Gossip and VIP News"},"image":{"@id":"https:\/\/www.gossip.it\/#\/schema\/logo\/image\/"},"sameAs":["https:\/\/www.facebook.com\/GossipIT","https:\/\/x.com\/gossinews_it","https:\/\/instagram.com\/gossip_it"]},{"@type":"Person","@id":"https:\/\/www.gossip.it\/#\/schema\/person\/488896f75158bff1cc83c6c39d141110","name":"La Redazione","image":{"@type":"ImageObject","inLanguage":"it-IT","@id":"https:\/\/www.gossip.it\/#\/schema\/person\/image\/","url":"https:\/\/secure.gravatar.com\/avatar\/5a5f5c6fa3e6700e4249abdad0263a1e94e927d9e0499b1cb09c1cd29c044d80?s=96&d=mm&r=g","contentUrl":"https:\/\/secure.gravatar.com\/avatar\/5a5f5c6fa3e6700e4249abdad0263a1e94e927d9e0499b1cb09c1cd29c044d80?s=96&d=mm&r=g","caption":"La Redazione"},"sameAs":["https:\/\/www.gossip.it"]}]}},"amp_enabled":true,"_links":{"self":[{"href":"https:\/\/www.gossip.it\/api\/wp\/v2\/posts\/69771","targetHints":{"allow":["GET"]}}],"collection":[{"href":"https:\/\/www.gossip.it\/api\/wp\/v2\/posts"}],"about":[{"href":"https:\/\/www.gossip.it\/api\/wp\/v2\/types\/post"}],"author":[{"embeddable":true,"href":"https:\/\/www.gossip.it\/api\/wp\/v2\/users\/1"}],"replies":[{"embeddable":true,"href":"https:\/\/www.gossip.it\/api\/wp\/v2\/comments?post=69771"}],"version-history":[{"count":0,"href":"https:\/\/www.gossip.it\/api\/wp\/v2\/posts\/69771\/revisions"}],"wp:featuredmedia":[{"embeddable":true,"href":"https:\/\/www.gossip.it\/api\/wp\/v2\/media\/125817"}],"wp:attachment":[{"href":"https:\/\/www.gossip.it\/api\/wp\/v2\/media?parent=69771"}],"wp:term":[{"taxonomy":"category","embeddable":true,"href":"https:\/\/www.gossip.it\/api\/wp\/v2\/categories?post=69771"},{"taxonomy":"post_tag","embeddable":true,"href":"https:\/\/www.gossip.it\/api\/wp\/v2\/tags?post=69771"},{"taxonomy":"vip","embeddable":true,"href":"https:\/\/www.gossip.it\/api\/wp\/v2\/vip?post=69771"}],"curies":[{"name":"wp","href":"https:\/\/api.w.org\/{rel}","templated":true}]}}