{"id":69836,"date":"2021-06-04T00:00:00","date_gmt":"2021-06-03T22:00:00","guid":{"rendered":"https:\/\/www.gossip.it\/senza-categoria\/emma-primo-concerto-dopo-pandemia\/"},"modified":"2021-06-04T00:00:00","modified_gmt":"2021-06-03T22:00:00","slug":"emma-primo-concerto-dopo-pandemia","status":"publish","type":"post","link":"https:\/\/www.gossip.it\/news\/emma-primo-concerto-dopo-pandemia\/","title":{"rendered":"Emma inizia il tour: primo concerto dopo la pandemia, guarda"},"content":{"rendered":"<p><a href=\"\/vip\/emma\/\">Emma<\/a> inizia il suo tour, arriva il <strong>primo concerto dopo<\/strong> la <strong>pandemia<\/strong>. Dopo oltre un anno di attesa, la\u00a0 <a href=\"\/vip\/marrone\/\">Marrone<\/a> torna a cantare dal vivo, come desiderava da tempo. All\u2019Arena Alpe Adria di Lignano Sabbiadoro la cantante 36enne si esibisce: \u00e8 la data zero che precede il doppio appuntamento del 6 e 7 giugno 2021 all\u2019Arena di Verona del <em>\u201cFortuna live 2021\u201d. \u201cSono ufficialmente in tour\u201d,<\/em> racconta nelle sue <em>IG Stories<\/em> raggiante.<\/p>\n<figure class=\"caption\"><img decoding=\"async\" alt=\"Emma inizia il tour: primo concerto dopo la pandemia, guarda\" width=\"640\" height=\"1137\" src=\"https:\/\/files.gossip.it\/immagini_news\/2021\/06\/1622797780_emma-1.jpg\" \/><figcaption>Emma inizia il tour: primo concerto dopo la pandemia, guarda<\/figcaption><\/figure>\n<p>Fa vedere tutto del suo tour prodotto da Friends & Partners che la terr\u00e0 impegnata fino a met\u00e0 luglio. Voleva festeggiare insieme al pubblico i primi 10 anni di carriera: finalmente pu\u00f2 farlo, rispettando le regole sanitarie e di distanziamento previste per arginare la pandemia di Covid-19. La morsa delle restrizioni, grazie ai vaccini, si sta allentando e cos\u00ec <a href=\"\/vip\/emma-marrone\/\">Emma Marrone<\/a> torna a fare concerti. E\u2019 entusiasta.<\/p>\n<div class=\"video_integrato\" data-videoid=\"7838\" data-autostart=\"true\">\u00a0<\/div>\n<figure class=\"caption\"><img decoding=\"async\" alt=\"\" width=\"640\" height=\"916\" src=\"https:\/\/files.gossip.it\/immagini_news\/2021\/06\/1622797803_emma-2.jpg\" \/><figcaption>Dopo oltre un anno di attesa la Marrone torna a cantare dal vivo<\/figcaption><\/figure>\n<p>E\u2019 stata riconfermata come giudice di<em> X Factor <\/em>anche nell\u2019edizione 2021, ancora una volta ha vestito i panni di attrice per <a href=\"\/vip\/gabriele-muccino\/\">Gabriele Muccino<\/a>, <strong>Emma<\/strong> vive un momento di grande soddisfazione professionale, ora arricchito dal primo amore: esibirsi davanti al suo pubblico.<\/p>\n<figure class=\"caption\"><img decoding=\"async\" alt=\"\" width=\"640\" height=\"1137\" src=\"https:\/\/files.gossip.it\/immagini_news\/2021\/06\/1622797829_emma-3.jpeg\" \/><figcaption>La cantante 36enne \u00e8 raggiante<\/figcaption><\/figure>\n<p>La bionda salentina ha rinunciato ai grandi palazzetti preferendo location che permettano di evitare assembramenti. <em>\u201cLa difficolt\u00e0 non \u00e8 stata tanto organizzare gli spettacoli, ma riconvertire uno show pensato per i palasport in posti all\u2019aperto e molto pi\u00f9 piccoli, scegliendo di portare lo stesso numero di persone con me.\u00a0Non ho voluto lasciare nessuno a casa. Volevo rimanesse un grande live e una grande produzione. Sono orgogliosa, a casa non \u00e8 rimasto nessuno\u201d,<\/em> racconta.<\/p>\n<figure class=\"caption\"><img decoding=\"async\" alt=\"\" width=\"640\" height=\"1132\" src=\"https:\/\/files.gossip.it\/immagini_news\/2021\/06\/1622797852_emma-4.jpeg\" \/><figcaption>All&rsquo;Arena Alpe Adria di Lignano Sabbiadoro la data zero del 'Fortuna live 2021'<\/figcaption><\/figure>\n<p>E cos\u00ec il suo primo concerto va in scena: non ci sono molti spettatori, ma il suo \u00e8 un messaggio di speranza al ritorno alla normalit\u00e0, quello che tutti aspettavano.<\/p>\n<p>\u00a0<\/p>\n","protected":false},"excerpt":{"rendered":"<p>Emma inizia il suo tour, arriva il primo concerto dopo la pandemia. Dopo oltre un anno di attesa, la\u00a0 Marrone torna a cantare dal vivo, come desiderava da tempo. All\u2019Arena Alpe Adria di Lignano Sabbiadoro la cantante 36enne si esibisce: \u00e8 la data zero che precede il doppio appuntamento del 6 e 7 giugno 2021 [&hellip;]<\/p>\n","protected":false},"author":1,"featured_media":125882,"comment_status":"closed","ping_status":"closed","sticky":false,"template":"","format":"standard","meta":{"footnotes":""},"categories":[54],"tags":[1981,4380,2133,6845,2121,13928,13016,12299,2671,1923,2142,4100],"vip":[669],"class_list":["post-69836","post","type-post","status-publish","format-standard","has-post-thumbnail","hentry","category-news","tag-cantante","tag-concerto","tag-dopo","tag-emma","tag-instagram","tag-lignano-sabbiadoro","tag-pandemia","tag-primo","tag-pubblico","tag-social","tag-stories","tag-tour","vip-emma_marrone"],"yoast_head":"<title>Emma inizia il tour: primo concerto dopo la pandemia, guarda - Gossip.it | News sul Gossip e VIP<\/title>\n<meta name=\"description\" content=\"Emma inizia il suo tour, arriva il primo concerto dopo la pandemia. Dopo oltre un anno di attesa, la\u00a0 Marrone torna a cantare dal vivo, come desiderava da\" \/>\n<meta name=\"robots\" content=\"index, follow, max-snippet:-1, max-image-preview:large, max-video-preview:-1\" \/>\n<link rel=\"canonical\" href=\"https:\/\/www.gossip.it\/news\/emma-primo-concerto-dopo-pandemia\/\" \/>\n<meta property=\"og:locale\" content=\"it_IT\" \/>\n<meta property=\"og:type\" content=\"article\" \/>\n<meta property=\"og:title\" content=\"Emma inizia il tour: primo concerto dopo la pandemia, guarda - Gossip.it | News sul Gossip e VIP\" \/>\n<meta property=\"og:description\" content=\"Emma inizia il suo tour, arriva il primo concerto dopo la pandemia. Dopo oltre un anno di attesa, la\u00a0 Marrone torna a cantare dal vivo, come desiderava da\" \/>\n<meta property=\"og:url\" content=\"https:\/\/www.gossip.it\/news\/emma-primo-concerto-dopo-pandemia\/\" \/>\n<meta property=\"og:site_name\" content=\"Gossip.it | News sul Gossip e VIP\" \/>\n<meta property=\"article:publisher\" content=\"https:\/\/www.facebook.com\/GossipIT\" \/>\n<meta property=\"article:published_time\" content=\"2021-06-03T22:00:00+00:00\" \/>\n<meta property=\"og:image\" content=\"https:\/\/files.gossip.it\/immagini_news\/2021\/06\/1622797780_emma-1.jpg\" \/>\n<meta name=\"author\" content=\"La Redazione\" \/>\n<meta name=\"twitter:card\" content=\"summary_large_image\" \/>\n<meta name=\"twitter:image\" content=\"https:\/\/files.gossip.it\/immagini_news\/2021\/06\/1622797780_emma-1.jpg\" \/>\n<meta name=\"twitter:creator\" content=\"@gossinews_it\" \/>\n<meta name=\"twitter:site\" content=\"@gossinews_it\" \/>\n<meta name=\"twitter:label1\" content=\"Scritto da\" \/>\n\t<meta name=\"twitter:data1\" content=\"Annamaria Capozzi\" \/>\n\t<meta name=\"twitter:label2\" content=\"Tempo di lettura stimato\" \/>\n\t<meta name=\"twitter:data2\" content=\"2 minuti\" \/>","yoast_head_json":{"title":"Emma inizia il tour: primo concerto dopo la pandemia, guarda - Gossip.it | News sul Gossip e VIP","description":"Emma inizia il suo tour, arriva il primo concerto dopo la pandemia. Dopo oltre un anno di attesa, la\u00a0 Marrone torna a cantare dal vivo, come desiderava da","robots":{"index":"index","follow":"follow","max-snippet":"max-snippet:-1","max-image-preview":"max-image-preview:large","max-video-preview":"max-video-preview:-1"},"canonical":"https:\/\/www.gossip.it\/news\/emma-primo-concerto-dopo-pandemia\/","og_locale":"it_IT","og_type":"article","og_title":"Emma inizia il tour: primo concerto dopo la pandemia, guarda - Gossip.it | News sul Gossip e VIP","og_description":"Emma inizia il suo tour, arriva il primo concerto dopo la pandemia. Dopo oltre un anno di attesa, la\u00a0 Marrone torna a cantare dal vivo, come desiderava da","og_url":"https:\/\/www.gossip.it\/news\/emma-primo-concerto-dopo-pandemia\/","og_site_name":"Gossip.it | News sul Gossip e VIP","article_publisher":"https:\/\/www.facebook.com\/GossipIT","article_published_time":"2021-06-03T22:00:00+00:00","og_image":[{"url":"https:\/\/files.gossip.it\/immagini_news\/2021\/06\/1622797780_emma-1.jpg"}],"author":"La Redazione","twitter_card":"summary_large_image","twitter_image":"https:\/\/files.gossip.it\/immagini_news\/2021\/06\/1622797780_emma-1.jpg","twitter_creator":"@gossinews_it","twitter_site":"@gossinews_it","twitter_misc":{"Scritto da":"Annamaria Capozzi","Tempo di lettura stimato":"2 minuti"},"schema":{"@context":"https:\/\/schema.org","@graph":[{"@type":"Article","@id":"https:\/\/www.gossip.it\/news\/emma-primo-concerto-dopo-pandemia\/#article","isPartOf":{"@id":"https:\/\/www.gossip.it\/news\/emma-primo-concerto-dopo-pandemia\/"},"author":{"name":"La Redazione","@id":"https:\/\/www.gossip.it\/#\/schema\/person\/488896f75158bff1cc83c6c39d141110"},"headline":"Emma inizia il tour: primo concerto dopo la pandemia, guarda","datePublished":"2021-06-03T22:00:00+00:00","dateModified":"2021-06-03T22:00:00+00:00","mainEntityOfPage":{"@id":"https:\/\/www.gossip.it\/news\/emma-primo-concerto-dopo-pandemia\/"},"wordCount":328,"publisher":{"@id":"https:\/\/www.gossip.it\/#organization"},"image":{"@id":"https:\/\/www.gossip.it\/news\/emma-primo-concerto-dopo-pandemia\/#primaryimage"},"thumbnailUrl":"https:\/\/files.gossip.it\/immagini_news\/2021\/06\/1622797780_emma-1.jpg","keywords":["cantante","concerto","dopo","emma","instagram","lignano sabbiadoro","pandemia","primo","pubblico","social","stories","tour"],"articleSection":["News"],"inLanguage":"it-IT"},{"@type":"WebPage","@id":"https:\/\/www.gossip.it\/news\/emma-primo-concerto-dopo-pandemia\/","url":"https:\/\/www.gossip.it\/news\/emma-primo-concerto-dopo-pandemia\/","name":"Emma inizia il tour: primo concerto dopo la pandemia, guarda - Gossip.it | News sul Gossip e VIP","isPartOf":{"@id":"https:\/\/www.gossip.it\/#website"},"primaryImageOfPage":{"@id":"https:\/\/www.gossip.it\/news\/emma-primo-concerto-dopo-pandemia\/#primaryimage"},"image":{"@id":"https:\/\/www.gossip.it\/news\/emma-primo-concerto-dopo-pandemia\/#primaryimage"},"thumbnailUrl":"https:\/\/files.gossip.it\/immagini_news\/2021\/06\/1622797780_emma-1.jpg","datePublished":"2021-06-03T22:00:00+00:00","dateModified":"2021-06-03T22:00:00+00:00","description":"Emma inizia il suo tour, arriva il primo concerto dopo la pandemia. Dopo oltre un anno di attesa, la\u00a0 Marrone torna a cantare dal vivo, come desiderava da","breadcrumb":{"@id":"https:\/\/www.gossip.it\/news\/emma-primo-concerto-dopo-pandemia\/#breadcrumb"},"inLanguage":"it-IT","potentialAction":[{"@type":"ReadAction","target":["https:\/\/www.gossip.it\/news\/emma-primo-concerto-dopo-pandemia\/"]}]},{"@type":"ImageObject","inLanguage":"it-IT","@id":"https:\/\/www.gossip.it\/news\/emma-primo-concerto-dopo-pandemia\/#primaryimage","url":"https:\/\/files.gossip.it\/immagini_news\/2021\/06\/1622797780_emma-1.jpg","contentUrl":"https:\/\/files.gossip.it\/immagini_news\/2021\/06\/1622797780_emma-1.jpg"},{"@type":"BreadcrumbList","@id":"https:\/\/www.gossip.it\/news\/emma-primo-concerto-dopo-pandemia\/#breadcrumb","itemListElement":[{"@type":"ListItem","position":1,"name":"Home","item":"https:\/\/www.gossip.it\/"},{"@type":"ListItem","position":2,"name":"Emma inizia il tour: primo concerto dopo la pandemia, guarda"}]},{"@type":"WebSite","@id":"https:\/\/www.gossip.it\/#website","url":"https:\/\/www.gossip.it\/","name":"Gossip and VIP News","description":"Quotidiano di cronaca rosa, costume e societ\u00e0","publisher":{"@id":"https:\/\/www.gossip.it\/#organization"},"alternateName":"Gossip and VIP News","potentialAction":[{"@type":"SearchAction","target":{"@type":"EntryPoint","urlTemplate":"https:\/\/www.gossip.it\/?s={search_term_string}"},"query-input":{"@type":"PropertyValueSpecification","valueRequired":true,"valueName":"search_term_string"}}],"inLanguage":"it-IT"},{"@type":"Organization","@id":"https:\/\/www.gossip.it\/#organization","name":"Gossip and VIP News","alternateName":"Gossip News","url":"https:\/\/www.gossip.it\/","logo":{"@type":"ImageObject","inLanguage":"it-IT","@id":"https:\/\/www.gossip.it\/#\/schema\/logo\/image\/","url":"https:\/\/www.gossip.it\/wp-content\/uploads\/2022\/04\/cropped-corna-alta-tiny.png","contentUrl":"https:\/\/www.gossip.it\/wp-content\/uploads\/2022\/04\/cropped-corna-alta-tiny.png","width":512,"height":512,"caption":"Gossip and VIP News"},"image":{"@id":"https:\/\/www.gossip.it\/#\/schema\/logo\/image\/"},"sameAs":["https:\/\/www.facebook.com\/GossipIT","https:\/\/x.com\/gossinews_it","https:\/\/instagram.com\/gossip_it"]},{"@type":"Person","@id":"https:\/\/www.gossip.it\/#\/schema\/person\/488896f75158bff1cc83c6c39d141110","name":"La Redazione","image":{"@type":"ImageObject","inLanguage":"it-IT","@id":"https:\/\/www.gossip.it\/#\/schema\/person\/image\/","url":"https:\/\/secure.gravatar.com\/avatar\/5a5f5c6fa3e6700e4249abdad0263a1e94e927d9e0499b1cb09c1cd29c044d80?s=96&d=mm&r=g","contentUrl":"https:\/\/secure.gravatar.com\/avatar\/5a5f5c6fa3e6700e4249abdad0263a1e94e927d9e0499b1cb09c1cd29c044d80?s=96&d=mm&r=g","caption":"La Redazione"},"sameAs":["https:\/\/www.gossip.it"]}]}},"amp_enabled":true,"_links":{"self":[{"href":"https:\/\/www.gossip.it\/api\/wp\/v2\/posts\/69836","targetHints":{"allow":["GET"]}}],"collection":[{"href":"https:\/\/www.gossip.it\/api\/wp\/v2\/posts"}],"about":[{"href":"https:\/\/www.gossip.it\/api\/wp\/v2\/types\/post"}],"author":[{"embeddable":true,"href":"https:\/\/www.gossip.it\/api\/wp\/v2\/users\/1"}],"replies":[{"embeddable":true,"href":"https:\/\/www.gossip.it\/api\/wp\/v2\/comments?post=69836"}],"version-history":[{"count":0,"href":"https:\/\/www.gossip.it\/api\/wp\/v2\/posts\/69836\/revisions"}],"wp:featuredmedia":[{"embeddable":true,"href":"https:\/\/www.gossip.it\/api\/wp\/v2\/media\/125882"}],"wp:attachment":[{"href":"https:\/\/www.gossip.it\/api\/wp\/v2\/media?parent=69836"}],"wp:term":[{"taxonomy":"category","embeddable":true,"href":"https:\/\/www.gossip.it\/api\/wp\/v2\/categories?post=69836"},{"taxonomy":"post_tag","embeddable":true,"href":"https:\/\/www.gossip.it\/api\/wp\/v2\/tags?post=69836"},{"taxonomy":"vip","embeddable":true,"href":"https:\/\/www.gossip.it\/api\/wp\/v2\/vip?post=69836"}],"curies":[{"name":"wp","href":"https:\/\/api.w.org\/{rel}","templated":true}]}}