{"id":69883,"date":"2021-06-10T00:00:00","date_gmt":"2021-06-09T22:00:00","guid":{"rendered":"https:\/\/www.gossip.it\/senza-categoria\/mario-balotelli-tenero-papa-due-figli-pia-lion-foto\/"},"modified":"2021-06-10T00:00:00","modified_gmt":"2021-06-09T22:00:00","slug":"mario-balotelli-tenero-papa-due-figli-pia-lion-foto","status":"publish","type":"post","link":"https:\/\/www.gossip.it\/news\/mario-balotelli-tenero-papa-due-figli-pia-lion-foto\/","title":{"rendered":"Mario Balotelli tenero pap\u00e0 insieme ai due figli Pia e Lion: foto"},"content":{"rendered":"<p><a href=\"\/vip\/mario-balotelli\/\">Mario Balotelli<\/a> \u00e8 un<strong> tenero pap\u00e0<\/strong> con i <strong>due figli Pia<\/strong> e <strong>Lion<\/strong>. Il calciatore condivide con i fan sul social una foto che lo immortala insieme alla maggiore avuta da <a href=\"\/vip\/raffaella-fico\/\">Raffaella Fico<\/a>, 8 anni e mezzo, e al maschietto di 3 anni nato dalla relazione con Clelia il 28 settembre 2017.<\/p>\n<figure class=\"caption\"><img decoding=\"async\" alt=\"Mario Balotelli tenero pap\u00e0 insieme ai due figli Pia e Leon: foto\" width=\"640\" height=\"804\" src=\"https:\/\/files.gossip.it\/immagini_news\/2021\/06\/1623325828_balotelli_figli.jpg\" \/><figcaption>Mario Balotelli tenero pap\u00e0 insieme ai due figli Pia e Leon: foto<\/figcaption><\/figure>\n<p><em>SuperMario<\/em> \u00e8 con loro in vacanza. Tiene <strong>Pia<\/strong> per la mano e porta <strong>Lion<\/strong> in braccio. Tutti e tre sono in costume, pronti a fare il bagno.<em> \u201cWhat\u2019s better than this?\u00ec Cosa \u00e8 meglio di questo ?\u00a0#family\u00a0#pia\u00a0#lion\u201d,<\/em> scrive.<\/p>\n<p>Non pensa al campo. La sua avventura col Monza potrebbe essere durata solo 6 mesi. Ora <strong>Mario Balotelli <\/strong>potrebbe volare lontano: ci sarebbe, secondo le ultime indiscrezioni di mercato, un interessamento di un club turco promosso in Super Lig per l\u2019attaccante. L\u2019Adana Demirspor gli avrebbe proposto un contratto biennale con l\u2019opzione per il terzo anno. Il bomber, per\u00f2, lascia che a occuparsi dei suoi affari sul campo sia il procuratore: in questi giorni \u00e8 tutto per i suoi bambini.<\/p>\n<p>Anche Raffaella Fico, single proprio come Balotelli, \u00e8 in vacanza con alcune amiche. In molti si chiedono se i due siano nella stessa location oppure no. I gossip su un riavvicinamento tra gli ex \u00e8 sempre attuale e torna periodicamente come un tormentone, il pi\u00f9 delle volte scatenato, per\u00f2, dai rapporti che Mario e la napoletana mantengono per il bene della dolcissima <strong>Pia<\/strong>, a cui il giocatore e la showgirl vogliono un gran bene.<\/p>\n<p>\u00a0<\/p>\n<p>\u00a0<\/p>\n","protected":false},"excerpt":{"rendered":"<p>Mario Balotelli \u00e8 un tenero pap\u00e0 con i due figli Pia e Lion. Il calciatore condivide con i fan sul social una foto che lo immortala insieme alla maggiore avuta da Raffaella Fico, 8 anni e mezzo, e al maschietto di 3 anni nato dalla relazione con Clelia il 28 settembre 2017. Mario Balotelli tenero [&hellip;]<\/p>\n","protected":false},"author":1,"featured_media":125929,"comment_status":"closed","ping_status":"closed","sticky":false,"template":"","format":"standard","meta":{"footnotes":""},"categories":[54],"tags":[2218,62107,2121,39163,62108,1913,8213,9894,1923,10110],"vip":[1260],"class_list":["post-69883","post","type-post","status-publish","format-standard","has-post-thumbnail","hentry","category-news","tag-calciatore","tag-due-figli","tag-instagram","tag-lion","tag-lion-balotelli","tag-papa","tag-pia","tag-pia-balotelli","tag-social","tag-tenero","vip-mario_balotelli"],"yoast_head":"<title>Mario Balotelli tenero pap\u00e0 insieme ai due figli Pia e Lion: foto - Gossip.it | News sul Gossip e VIP<\/title>\n<meta name=\"description\" content=\"Mario Balotelli \u00e8 un tenero pap\u00e0 con i due figli Pia e Lion. Il calciatore condivide con i fan sul social una foto che lo immortala insieme alla maggiore\" \/>\n<meta name=\"robots\" content=\"index, follow, max-snippet:-1, max-image-preview:large, max-video-preview:-1\" \/>\n<link rel=\"canonical\" href=\"https:\/\/www.gossip.it\/news\/mario-balotelli-tenero-papa-due-figli-pia-lion-foto\/\" \/>\n<meta property=\"og:locale\" content=\"it_IT\" \/>\n<meta property=\"og:type\" content=\"article\" \/>\n<meta property=\"og:title\" content=\"Mario Balotelli tenero pap\u00e0 insieme ai due figli Pia e Lion: foto - Gossip.it | News sul Gossip e VIP\" \/>\n<meta property=\"og:description\" content=\"Mario Balotelli \u00e8 un tenero pap\u00e0 con i due figli Pia e Lion. Il calciatore condivide con i fan sul social una foto che lo immortala insieme alla maggiore\" \/>\n<meta property=\"og:url\" content=\"https:\/\/www.gossip.it\/news\/mario-balotelli-tenero-papa-due-figli-pia-lion-foto\/\" \/>\n<meta property=\"og:site_name\" content=\"Gossip.it | News sul Gossip e VIP\" \/>\n<meta property=\"article:publisher\" content=\"https:\/\/www.facebook.com\/GossipIT\" \/>\n<meta property=\"article:published_time\" content=\"2021-06-09T22:00:00+00:00\" \/>\n<meta property=\"og:image\" content=\"https:\/\/files.gossip.it\/immagini_news\/2021\/06\/1623325828_balotelli_figli.jpg\" \/>\n<meta name=\"author\" content=\"La Redazione\" \/>\n<meta name=\"twitter:card\" content=\"summary_large_image\" \/>\n<meta name=\"twitter:image\" content=\"https:\/\/files.gossip.it\/immagini_news\/2021\/06\/1623325828_balotelli_figli.jpg\" \/>\n<meta name=\"twitter:creator\" content=\"@gossinews_it\" \/>\n<meta name=\"twitter:site\" content=\"@gossinews_it\" \/>\n<meta name=\"twitter:label1\" content=\"Scritto da\" \/>\n\t<meta name=\"twitter:data1\" content=\"Annamaria Capozzi\" \/>\n\t<meta name=\"twitter:label2\" content=\"Tempo di lettura stimato\" \/>\n\t<meta name=\"twitter:data2\" content=\"1 minuto\" \/>","yoast_head_json":{"title":"Mario Balotelli tenero pap\u00e0 insieme ai due figli Pia e Lion: foto - Gossip.it | News sul Gossip e VIP","description":"Mario Balotelli \u00e8 un tenero pap\u00e0 con i due figli Pia e Lion. Il calciatore condivide con i fan sul social una foto che lo immortala insieme alla maggiore","robots":{"index":"index","follow":"follow","max-snippet":"max-snippet:-1","max-image-preview":"max-image-preview:large","max-video-preview":"max-video-preview:-1"},"canonical":"https:\/\/www.gossip.it\/news\/mario-balotelli-tenero-papa-due-figli-pia-lion-foto\/","og_locale":"it_IT","og_type":"article","og_title":"Mario Balotelli tenero pap\u00e0 insieme ai due figli Pia e Lion: foto - Gossip.it | News sul Gossip e VIP","og_description":"Mario Balotelli \u00e8 un tenero pap\u00e0 con i due figli Pia e Lion. Il calciatore condivide con i fan sul social una foto che lo immortala insieme alla maggiore","og_url":"https:\/\/www.gossip.it\/news\/mario-balotelli-tenero-papa-due-figli-pia-lion-foto\/","og_site_name":"Gossip.it | News sul Gossip e VIP","article_publisher":"https:\/\/www.facebook.com\/GossipIT","article_published_time":"2021-06-09T22:00:00+00:00","og_image":[{"url":"https:\/\/files.gossip.it\/immagini_news\/2021\/06\/1623325828_balotelli_figli.jpg"}],"author":"La Redazione","twitter_card":"summary_large_image","twitter_image":"https:\/\/files.gossip.it\/immagini_news\/2021\/06\/1623325828_balotelli_figli.jpg","twitter_creator":"@gossinews_it","twitter_site":"@gossinews_it","twitter_misc":{"Scritto da":"Annamaria Capozzi","Tempo di lettura stimato":"1 minuto"},"schema":{"@context":"https:\/\/schema.org","@graph":[{"@type":"Article","@id":"https:\/\/www.gossip.it\/news\/mario-balotelli-tenero-papa-due-figli-pia-lion-foto\/#article","isPartOf":{"@id":"https:\/\/www.gossip.it\/news\/mario-balotelli-tenero-papa-due-figli-pia-lion-foto\/"},"author":{"name":"La Redazione","@id":"https:\/\/www.gossip.it\/#\/schema\/person\/488896f75158bff1cc83c6c39d141110"},"headline":"Mario Balotelli tenero pap\u00e0 insieme ai due figli Pia e Lion: foto","datePublished":"2021-06-09T22:00:00+00:00","dateModified":"2021-06-09T22:00:00+00:00","mainEntityOfPage":{"@id":"https:\/\/www.gossip.it\/news\/mario-balotelli-tenero-papa-due-figli-pia-lion-foto\/"},"wordCount":262,"publisher":{"@id":"https:\/\/www.gossip.it\/#organization"},"image":{"@id":"https:\/\/www.gossip.it\/news\/mario-balotelli-tenero-papa-due-figli-pia-lion-foto\/#primaryimage"},"thumbnailUrl":"https:\/\/files.gossip.it\/immagini_news\/2021\/06\/1623325828_balotelli_figli.jpg","keywords":["calciatore","due figli","instagram","lion","lion balotelli","pap\u00e0","pia","pia balotelli","social","tenero"],"articleSection":["News"],"inLanguage":"it-IT"},{"@type":"WebPage","@id":"https:\/\/www.gossip.it\/news\/mario-balotelli-tenero-papa-due-figli-pia-lion-foto\/","url":"https:\/\/www.gossip.it\/news\/mario-balotelli-tenero-papa-due-figli-pia-lion-foto\/","name":"Mario Balotelli tenero pap\u00e0 insieme ai due figli Pia e Lion: foto - Gossip.it | News sul Gossip e VIP","isPartOf":{"@id":"https:\/\/www.gossip.it\/#website"},"primaryImageOfPage":{"@id":"https:\/\/www.gossip.it\/news\/mario-balotelli-tenero-papa-due-figli-pia-lion-foto\/#primaryimage"},"image":{"@id":"https:\/\/www.gossip.it\/news\/mario-balotelli-tenero-papa-due-figli-pia-lion-foto\/#primaryimage"},"thumbnailUrl":"https:\/\/files.gossip.it\/immagini_news\/2021\/06\/1623325828_balotelli_figli.jpg","datePublished":"2021-06-09T22:00:00+00:00","dateModified":"2021-06-09T22:00:00+00:00","description":"Mario Balotelli \u00e8 un tenero pap\u00e0 con i due figli Pia e Lion. Il calciatore condivide con i fan sul social una foto che lo immortala insieme alla maggiore","breadcrumb":{"@id":"https:\/\/www.gossip.it\/news\/mario-balotelli-tenero-papa-due-figli-pia-lion-foto\/#breadcrumb"},"inLanguage":"it-IT","potentialAction":[{"@type":"ReadAction","target":["https:\/\/www.gossip.it\/news\/mario-balotelli-tenero-papa-due-figli-pia-lion-foto\/"]}]},{"@type":"ImageObject","inLanguage":"it-IT","@id":"https:\/\/www.gossip.it\/news\/mario-balotelli-tenero-papa-due-figli-pia-lion-foto\/#primaryimage","url":"https:\/\/files.gossip.it\/immagini_news\/2021\/06\/1623325828_balotelli_figli.jpg","contentUrl":"https:\/\/files.gossip.it\/immagini_news\/2021\/06\/1623325828_balotelli_figli.jpg"},{"@type":"BreadcrumbList","@id":"https:\/\/www.gossip.it\/news\/mario-balotelli-tenero-papa-due-figli-pia-lion-foto\/#breadcrumb","itemListElement":[{"@type":"ListItem","position":1,"name":"Home","item":"https:\/\/www.gossip.it\/"},{"@type":"ListItem","position":2,"name":"Mario Balotelli tenero pap\u00e0 insieme ai due figli Pia e Lion: foto"}]},{"@type":"WebSite","@id":"https:\/\/www.gossip.it\/#website","url":"https:\/\/www.gossip.it\/","name":"Gossip and VIP News","description":"Quotidiano di cronaca rosa, costume e societ\u00e0","publisher":{"@id":"https:\/\/www.gossip.it\/#organization"},"alternateName":"Gossip and VIP News","potentialAction":[{"@type":"SearchAction","target":{"@type":"EntryPoint","urlTemplate":"https:\/\/www.gossip.it\/?s={search_term_string}"},"query-input":{"@type":"PropertyValueSpecification","valueRequired":true,"valueName":"search_term_string"}}],"inLanguage":"it-IT"},{"@type":"Organization","@id":"https:\/\/www.gossip.it\/#organization","name":"Gossip and VIP News","alternateName":"Gossip News","url":"https:\/\/www.gossip.it\/","logo":{"@type":"ImageObject","inLanguage":"it-IT","@id":"https:\/\/www.gossip.it\/#\/schema\/logo\/image\/","url":"https:\/\/www.gossip.it\/wp-content\/uploads\/2022\/04\/cropped-corna-alta-tiny.png","contentUrl":"https:\/\/www.gossip.it\/wp-content\/uploads\/2022\/04\/cropped-corna-alta-tiny.png","width":512,"height":512,"caption":"Gossip and VIP News"},"image":{"@id":"https:\/\/www.gossip.it\/#\/schema\/logo\/image\/"},"sameAs":["https:\/\/www.facebook.com\/GossipIT","https:\/\/x.com\/gossinews_it","https:\/\/instagram.com\/gossip_it"]},{"@type":"Person","@id":"https:\/\/www.gossip.it\/#\/schema\/person\/488896f75158bff1cc83c6c39d141110","name":"La Redazione","image":{"@type":"ImageObject","inLanguage":"it-IT","@id":"https:\/\/www.gossip.it\/#\/schema\/person\/image\/","url":"https:\/\/secure.gravatar.com\/avatar\/5a5f5c6fa3e6700e4249abdad0263a1e94e927d9e0499b1cb09c1cd29c044d80?s=96&d=mm&r=g","contentUrl":"https:\/\/secure.gravatar.com\/avatar\/5a5f5c6fa3e6700e4249abdad0263a1e94e927d9e0499b1cb09c1cd29c044d80?s=96&d=mm&r=g","caption":"La Redazione"},"sameAs":["https:\/\/www.gossip.it"]}]}},"amp_enabled":true,"_links":{"self":[{"href":"https:\/\/www.gossip.it\/api\/wp\/v2\/posts\/69883","targetHints":{"allow":["GET"]}}],"collection":[{"href":"https:\/\/www.gossip.it\/api\/wp\/v2\/posts"}],"about":[{"href":"https:\/\/www.gossip.it\/api\/wp\/v2\/types\/post"}],"author":[{"embeddable":true,"href":"https:\/\/www.gossip.it\/api\/wp\/v2\/users\/1"}],"replies":[{"embeddable":true,"href":"https:\/\/www.gossip.it\/api\/wp\/v2\/comments?post=69883"}],"version-history":[{"count":0,"href":"https:\/\/www.gossip.it\/api\/wp\/v2\/posts\/69883\/revisions"}],"wp:featuredmedia":[{"embeddable":true,"href":"https:\/\/www.gossip.it\/api\/wp\/v2\/media\/125929"}],"wp:attachment":[{"href":"https:\/\/www.gossip.it\/api\/wp\/v2\/media?parent=69883"}],"wp:term":[{"taxonomy":"category","embeddable":true,"href":"https:\/\/www.gossip.it\/api\/wp\/v2\/categories?post=69883"},{"taxonomy":"post_tag","embeddable":true,"href":"https:\/\/www.gossip.it\/api\/wp\/v2\/tags?post=69883"},{"taxonomy":"vip","embeddable":true,"href":"https:\/\/www.gossip.it\/api\/wp\/v2\/vip?post=69883"}],"curies":[{"name":"wp","href":"https:\/\/api.w.org\/{rel}","templated":true}]}}