{"id":69910,"date":"2021-06-15T00:00:00","date_gmt":"2021-06-14T22:00:00","guid":{"rendered":"https:\/\/www.gossip.it\/senza-categoria\/carolina-marconi-inizia-chemioterapia-taglia-capelli\/"},"modified":"2021-06-15T00:00:00","modified_gmt":"2021-06-14T22:00:00","slug":"carolina-marconi-inizia-chemioterapia-taglia-capelli","status":"publish","type":"post","link":"https:\/\/www.gossip.it\/news\/carolina-marconi-inizia-chemioterapia-taglia-capelli\/","title":{"rendered":"Carolina Marconi inizia la chemioterapia e si taglia i capelli: 'Sono costretta a farlo'"},"content":{"rendered":"<p><a href=\"\/vip\/carolina-marconi\/\">Carolina Marconi<\/a> <strong>inizia<\/strong> la <strong>chemioterapia<\/strong> e cos\u00ec, poco prima di sottoporsi al trattamento per prevenire una recidiva del tumore al seno, si <strong>taglia<\/strong> i <strong>capelli<\/strong>. Comincer\u00e0 il primo ciclo domani, mercoled\u00ec 16 giugno, e sa che per i prossimi sei mesi nulla sar\u00e0 pi\u00f9 come prima, per questo motivo accorcia la lunga chioma e opta per un caschetto.<em> \u201cSono costretta a farlo\u201d, <\/em>spiega.<\/p>\n<figure class=\"caption\"><img decoding=\"async\" alt=\"Carolina Marconi inizia la chemioterapia e si taglia i capelli: 'Sono costretta a farlo'\" width=\"640\" height=\"818\" src=\"https:\/\/files.gossip.it\/immagini_news\/2021\/06\/1623756275_carolina_marconi_1.jpg\" \/><figcaption>Carolina Marconi inizia la chemioterapia e si taglia i capelli: 'Sono costretta a farlo'<\/figcaption><\/figure>\n<p><em>\u201cSorrido, ma non \u00e8 stato facile\u201d,<\/em> rivela in una diretta sul social ai tanti fan che la seguono. <em>\u201cHo\u00a0sempre adorato i miei <strong>capelli<\/strong> lisci e neri e mai avrei immaginato un giorno di doverli tagliare cos\u00ec corti. Sono stata costretta. Tra poco rimarr\u00f2 completamente senza nulla come una noce di cocco. Tutto questo passer\u00e0, i capelli ricresceranno\u201d<\/em>, sottolinea ancora.<\/p>\n<p><em>\u201cL\u2019 importante \u00e8 la salute; \u00e8 quello che mi sento dire tutti i giorni. Ma chi sta facendo il mio stesso percorso sa, che \u00e8 devastante (anche se ho il sorriso e cerco di essere positiva ). Che \u00e8 stato molto difficile e lo sar\u00e0 ancor di pi\u00f9 in questi mesi ma non smetter\u00f2 mai nella mia vita di essere felice ed entusiasta come una bambina\u201d<\/em>, continua. E conclude:\u00a0<em>\u201cMi piaccio! Certo adesso dovr\u00f2 vedere come sar\u00f2 da rasata. Alla prossima diretta. Grazie per starmi vicino, apprezzo tanto il vostro sostegno. Siete meravigliosi. Vi abbraccio\u201d.\u00a0<\/em>Accanto ha la sorella Elisabetta e le sue amiche di sempre: le danno forza e tanta positivit\u00e0.<\/p>\n<p>Carolina \u00e8 stata operata per un tumore al seno lo scorso 6 aprile. Nonostante l\u2019asportazione del cancro e la ricostruzione della mammella, poco dopo, il 4 maggio, ha scoperto che doveva fare per forza la chemio per ben 6 mesi per prevenzione. La venezuelana non potr\u00e0 pi\u00f9 prendere il sole, sar\u00e0 provata dalla cura e dovr\u00e0 trovare l\u2019energia per combattere.<\/p>\n<figure class=\"caption\"><img decoding=\"async\" alt=\"\" width=\"640\" height=\"905\" src=\"https:\/\/files.gossip.it\/immagini_news\/2021\/06\/1623756299_carolina_marconi_2.jpg\" \/><figcaption>'&rsquo;ex gieffina 43enne non si lascia abbattere dal cancro e continua a sorridere<\/figcaption><\/figure>\n<p>I <strong>capelli<\/strong> cadranno, intanto li ha accorciati. Nel lungo post in cui confessava la malattia, la Marconi aveva detto: <em>\u201cMi divertir\u00f2 a cambiare i look con le parrucche in questi mesi e se volete ci terremo compagnia cos\u00ec mi potrete dire quale preferite.\u00a0Sicuramente perder\u00f2 anche le mie ciglia ma non \u00e8 un problema ci sono sempre le ciglia finte che posso sempre incollare. Comunque io sto bene e affronter\u00f2 tutto con tranquillit\u00e0 l\u2019atteggiamento per queste situazione \u00e8 non perdere mai l\u2019entusiasmo come i bambini e il sorriso perch\u00e9 tutto si risolve e si combatte!\u201d.<\/em><\/p>\n<p>\u00a0<\/p>\n","protected":false},"excerpt":{"rendered":"<p>Carolina Marconi inizia la chemioterapia e cos\u00ec, poco prima di sottoporsi al trattamento per prevenire una recidiva del tumore al seno, si taglia i capelli. Comincer\u00e0 il primo ciclo domani, mercoled\u00ec 16 giugno, e sa che per i prossimi sei mesi nulla sar\u00e0 pi\u00f9 come prima, per questo motivo accorcia la lunga chioma e opta [&hellip;]<\/p>\n","protected":false},"author":1,"featured_media":125956,"comment_status":"closed","ping_status":"closed","sticky":false,"template":"","format":"standard","meta":{"footnotes":""},"categories":[54],"tags":[1983,2314,2588,11507,10141,2102,2106,20877,2107,17799,62081,2121,2122,6892,1967,1923,8059,2313,14269,2097],"vip":[461],"class_list":["post-69910","post","type-post","status-publish","format-standard","has-post-thumbnail","hentry","category-news","tag-attrice","tag-cancro","tag-capelli","tag-chemio","tag-chemioterapia","tag-dichiarazioni","tag-gf","tag-gf-4","tag-grande-fratello","tag-grande-fratello-4","tag-inizia","tag-instagram","tag-post","tag-prevenzione","tag-showgirl","tag-social","tag-taglia","tag-tumore","tag-tumore-al-seno","tag-tv","vip-carolina_marconi"],"yoast_head":"<title>Carolina Marconi inizia la chemioterapia e si taglia i capelli: &#039;Sono costretta a farlo&#039; - Gossip.it | News sul Gossip e VIP<\/title>\n<meta name=\"description\" content=\"Carolina Marconi inizia la chemioterapia e cos\u00ec, poco prima di sottoporsi al trattamento per prevenire una recidiva del tumore al seno, si taglia i\" \/>\n<meta name=\"robots\" content=\"index, follow, max-snippet:-1, max-image-preview:large, max-video-preview:-1\" \/>\n<link rel=\"canonical\" href=\"https:\/\/www.gossip.it\/news\/carolina-marconi-inizia-chemioterapia-taglia-capelli\/\" \/>\n<meta property=\"og:locale\" content=\"it_IT\" \/>\n<meta property=\"og:type\" content=\"article\" \/>\n<meta property=\"og:title\" content=\"Carolina Marconi inizia la chemioterapia e si taglia i capelli: &#039;Sono costretta a farlo&#039; - Gossip.it | News sul Gossip e VIP\" \/>\n<meta property=\"og:description\" content=\"Carolina Marconi inizia la chemioterapia e cos\u00ec, poco prima di sottoporsi al trattamento per prevenire una recidiva del tumore al seno, si taglia i\" \/>\n<meta property=\"og:url\" content=\"https:\/\/www.gossip.it\/news\/carolina-marconi-inizia-chemioterapia-taglia-capelli\/\" \/>\n<meta property=\"og:site_name\" content=\"Gossip.it | News sul Gossip e VIP\" \/>\n<meta property=\"article:publisher\" content=\"https:\/\/www.facebook.com\/GossipIT\" \/>\n<meta property=\"article:published_time\" content=\"2021-06-14T22:00:00+00:00\" \/>\n<meta property=\"og:image\" content=\"https:\/\/files.gossip.it\/immagini_news\/2021\/06\/1623756275_carolina_marconi_1.jpg\" \/>\n<meta name=\"author\" content=\"La Redazione\" \/>\n<meta name=\"twitter:card\" content=\"summary_large_image\" \/>\n<meta name=\"twitter:image\" content=\"https:\/\/files.gossip.it\/immagini_news\/2021\/06\/1623756275_carolina_marconi_1.jpg\" \/>\n<meta name=\"twitter:creator\" content=\"@gossinews_it\" \/>\n<meta name=\"twitter:site\" content=\"@gossinews_it\" \/>\n<meta name=\"twitter:label1\" content=\"Scritto da\" \/>\n\t<meta name=\"twitter:data1\" content=\"Annamaria Capozzi\" \/>\n\t<meta name=\"twitter:label2\" content=\"Tempo di lettura stimato\" \/>\n\t<meta name=\"twitter:data2\" content=\"2 minuti\" \/>","yoast_head_json":{"title":"Carolina Marconi inizia la chemioterapia e si taglia i capelli: 'Sono costretta a farlo' - Gossip.it | News sul Gossip e VIP","description":"Carolina Marconi inizia la chemioterapia e cos\u00ec, poco prima di sottoporsi al trattamento per prevenire una recidiva del tumore al seno, si taglia i","robots":{"index":"index","follow":"follow","max-snippet":"max-snippet:-1","max-image-preview":"max-image-preview:large","max-video-preview":"max-video-preview:-1"},"canonical":"https:\/\/www.gossip.it\/news\/carolina-marconi-inizia-chemioterapia-taglia-capelli\/","og_locale":"it_IT","og_type":"article","og_title":"Carolina Marconi inizia la chemioterapia e si taglia i capelli: 'Sono costretta a farlo' - Gossip.it | News sul Gossip e VIP","og_description":"Carolina Marconi inizia la chemioterapia e cos\u00ec, poco prima di sottoporsi al trattamento per prevenire una recidiva del tumore al seno, si taglia i","og_url":"https:\/\/www.gossip.it\/news\/carolina-marconi-inizia-chemioterapia-taglia-capelli\/","og_site_name":"Gossip.it | News sul Gossip e VIP","article_publisher":"https:\/\/www.facebook.com\/GossipIT","article_published_time":"2021-06-14T22:00:00+00:00","og_image":[{"url":"https:\/\/files.gossip.it\/immagini_news\/2021\/06\/1623756275_carolina_marconi_1.jpg"}],"author":"La Redazione","twitter_card":"summary_large_image","twitter_image":"https:\/\/files.gossip.it\/immagini_news\/2021\/06\/1623756275_carolina_marconi_1.jpg","twitter_creator":"@gossinews_it","twitter_site":"@gossinews_it","twitter_misc":{"Scritto da":"Annamaria Capozzi","Tempo di lettura stimato":"2 minuti"},"schema":{"@context":"https:\/\/schema.org","@graph":[{"@type":"Article","@id":"https:\/\/www.gossip.it\/news\/carolina-marconi-inizia-chemioterapia-taglia-capelli\/#article","isPartOf":{"@id":"https:\/\/www.gossip.it\/news\/carolina-marconi-inizia-chemioterapia-taglia-capelli\/"},"author":{"name":"La Redazione","@id":"https:\/\/www.gossip.it\/#\/schema\/person\/488896f75158bff1cc83c6c39d141110"},"headline":"Carolina Marconi inizia la chemioterapia e si taglia i capelli: 'Sono costretta a farlo'","datePublished":"2021-06-14T22:00:00+00:00","dateModified":"2021-06-14T22:00:00+00:00","mainEntityOfPage":{"@id":"https:\/\/www.gossip.it\/news\/carolina-marconi-inizia-chemioterapia-taglia-capelli\/"},"wordCount":423,"publisher":{"@id":"https:\/\/www.gossip.it\/#organization"},"image":{"@id":"https:\/\/www.gossip.it\/news\/carolina-marconi-inizia-chemioterapia-taglia-capelli\/#primaryimage"},"thumbnailUrl":"https:\/\/files.gossip.it\/immagini_news\/2021\/06\/1623756275_carolina_marconi_1.jpg","keywords":["attrice","cancro","capelli","chemio","chemioterapia","dichiarazioni","gf","gf 4","grande fratello","grande fratello 4","inizia","instagram","post","prevenzione","showgirl","social","taglia","tumore","tumore al seno","tv"],"articleSection":["News"],"inLanguage":"it-IT"},{"@type":"WebPage","@id":"https:\/\/www.gossip.it\/news\/carolina-marconi-inizia-chemioterapia-taglia-capelli\/","url":"https:\/\/www.gossip.it\/news\/carolina-marconi-inizia-chemioterapia-taglia-capelli\/","name":"Carolina Marconi inizia la chemioterapia e si taglia i capelli: 'Sono costretta a farlo' - Gossip.it | News sul Gossip e VIP","isPartOf":{"@id":"https:\/\/www.gossip.it\/#website"},"primaryImageOfPage":{"@id":"https:\/\/www.gossip.it\/news\/carolina-marconi-inizia-chemioterapia-taglia-capelli\/#primaryimage"},"image":{"@id":"https:\/\/www.gossip.it\/news\/carolina-marconi-inizia-chemioterapia-taglia-capelli\/#primaryimage"},"thumbnailUrl":"https:\/\/files.gossip.it\/immagini_news\/2021\/06\/1623756275_carolina_marconi_1.jpg","datePublished":"2021-06-14T22:00:00+00:00","dateModified":"2021-06-14T22:00:00+00:00","description":"Carolina Marconi inizia la chemioterapia e cos\u00ec, poco prima di sottoporsi al trattamento per prevenire una recidiva del tumore al seno, si taglia i","breadcrumb":{"@id":"https:\/\/www.gossip.it\/news\/carolina-marconi-inizia-chemioterapia-taglia-capelli\/#breadcrumb"},"inLanguage":"it-IT","potentialAction":[{"@type":"ReadAction","target":["https:\/\/www.gossip.it\/news\/carolina-marconi-inizia-chemioterapia-taglia-capelli\/"]}]},{"@type":"ImageObject","inLanguage":"it-IT","@id":"https:\/\/www.gossip.it\/news\/carolina-marconi-inizia-chemioterapia-taglia-capelli\/#primaryimage","url":"https:\/\/files.gossip.it\/immagini_news\/2021\/06\/1623756275_carolina_marconi_1.jpg","contentUrl":"https:\/\/files.gossip.it\/immagini_news\/2021\/06\/1623756275_carolina_marconi_1.jpg"},{"@type":"BreadcrumbList","@id":"https:\/\/www.gossip.it\/news\/carolina-marconi-inizia-chemioterapia-taglia-capelli\/#breadcrumb","itemListElement":[{"@type":"ListItem","position":1,"name":"Home","item":"https:\/\/www.gossip.it\/"},{"@type":"ListItem","position":2,"name":"Carolina Marconi inizia la chemioterapia e si taglia i capelli: 'Sono costretta a farlo'"}]},{"@type":"WebSite","@id":"https:\/\/www.gossip.it\/#website","url":"https:\/\/www.gossip.it\/","name":"Gossip and VIP News","description":"Quotidiano di cronaca rosa, costume e societ\u00e0","publisher":{"@id":"https:\/\/www.gossip.it\/#organization"},"alternateName":"Gossip and VIP News","potentialAction":[{"@type":"SearchAction","target":{"@type":"EntryPoint","urlTemplate":"https:\/\/www.gossip.it\/?s={search_term_string}"},"query-input":{"@type":"PropertyValueSpecification","valueRequired":true,"valueName":"search_term_string"}}],"inLanguage":"it-IT"},{"@type":"Organization","@id":"https:\/\/www.gossip.it\/#organization","name":"Gossip and VIP News","alternateName":"Gossip News","url":"https:\/\/www.gossip.it\/","logo":{"@type":"ImageObject","inLanguage":"it-IT","@id":"https:\/\/www.gossip.it\/#\/schema\/logo\/image\/","url":"https:\/\/www.gossip.it\/wp-content\/uploads\/2022\/04\/cropped-corna-alta-tiny.png","contentUrl":"https:\/\/www.gossip.it\/wp-content\/uploads\/2022\/04\/cropped-corna-alta-tiny.png","width":512,"height":512,"caption":"Gossip and VIP News"},"image":{"@id":"https:\/\/www.gossip.it\/#\/schema\/logo\/image\/"},"sameAs":["https:\/\/www.facebook.com\/GossipIT","https:\/\/x.com\/gossinews_it","https:\/\/instagram.com\/gossip_it"]},{"@type":"Person","@id":"https:\/\/www.gossip.it\/#\/schema\/person\/488896f75158bff1cc83c6c39d141110","name":"La Redazione","image":{"@type":"ImageObject","inLanguage":"it-IT","@id":"https:\/\/www.gossip.it\/#\/schema\/person\/image\/","url":"https:\/\/secure.gravatar.com\/avatar\/5a5f5c6fa3e6700e4249abdad0263a1e94e927d9e0499b1cb09c1cd29c044d80?s=96&d=mm&r=g","contentUrl":"https:\/\/secure.gravatar.com\/avatar\/5a5f5c6fa3e6700e4249abdad0263a1e94e927d9e0499b1cb09c1cd29c044d80?s=96&d=mm&r=g","caption":"La Redazione"},"sameAs":["https:\/\/www.gossip.it"]}]}},"amp_enabled":true,"_links":{"self":[{"href":"https:\/\/www.gossip.it\/api\/wp\/v2\/posts\/69910","targetHints":{"allow":["GET"]}}],"collection":[{"href":"https:\/\/www.gossip.it\/api\/wp\/v2\/posts"}],"about":[{"href":"https:\/\/www.gossip.it\/api\/wp\/v2\/types\/post"}],"author":[{"embeddable":true,"href":"https:\/\/www.gossip.it\/api\/wp\/v2\/users\/1"}],"replies":[{"embeddable":true,"href":"https:\/\/www.gossip.it\/api\/wp\/v2\/comments?post=69910"}],"version-history":[{"count":0,"href":"https:\/\/www.gossip.it\/api\/wp\/v2\/posts\/69910\/revisions"}],"wp:featuredmedia":[{"embeddable":true,"href":"https:\/\/www.gossip.it\/api\/wp\/v2\/media\/125956"}],"wp:attachment":[{"href":"https:\/\/www.gossip.it\/api\/wp\/v2\/media?parent=69910"}],"wp:term":[{"taxonomy":"category","embeddable":true,"href":"https:\/\/www.gossip.it\/api\/wp\/v2\/categories?post=69910"},{"taxonomy":"post_tag","embeddable":true,"href":"https:\/\/www.gossip.it\/api\/wp\/v2\/tags?post=69910"},{"taxonomy":"vip","embeddable":true,"href":"https:\/\/www.gossip.it\/api\/wp\/v2\/vip?post=69910"}],"curies":[{"name":"wp","href":"https:\/\/api.w.org\/{rel}","templated":true}]}}