{"id":69957,"date":"2021-06-22T00:00:00","date_gmt":"2021-06-21T22:00:00","guid":{"rendered":"https:\/\/www.gossip.it\/senza-categoria\/aurora-ramazzotti-momento-buio-crisi-isteriche-disturbi-alimentari\/"},"modified":"2021-06-22T00:00:00","modified_gmt":"2021-06-21T22:00:00","slug":"aurora-ramazzotti-momento-buio-crisi-isteriche-disturbi-alimentari","status":"publish","type":"post","link":"https:\/\/www.gossip.it\/news\/aurora-ramazzotti-momento-buio-crisi-isteriche-disturbi-alimentari\/","title":{"rendered":"Aurora Ramazzotti ripercorre il momento buio: 'Mi davano dello scorfano, ho avuto crisi isteriche e disturbi alimentari\u2019"},"content":{"rendered":"<p><a href=\"\/vip\/aurora-ramazzotti\/\">Aurora Ramazzotti<\/a> ripercorre senza filtri il suo <strong>momento buio.<\/strong> Oggi si piace per quella che \u00e8, ma in passato si sentiva fuori dai canoni estetici e ha sofferto moltissimo per questo.<em> \u201cMi davano dello scorfano, ho avuto <strong>crisi isteriche<\/strong> e <strong>disturbi alimentari<\/strong>\u201d,<\/em> rivela a <em>Vanity Fair<\/em> la 24enne figlia di <a href=\"\/vip\/michelle-hunziker\/\">Michelle Hunziker<\/a> ed <a href=\"\/vip\/eros-ramazzotti\/\">Eros Ramazzotti<\/a>.<\/p>\n<figure class=\"caption\"><img decoding=\"async\" alt=\"Aurora Ramazzotti ripercorre il momento buio: 'Mi davano dello scorfano, ho avuto crisi isteriche e disturbi alimentari'\" width=\"640\" height=\"794\" src=\"https:\/\/files.gossip.it\/immagini_news\/2021\/06\/1624361239_aurora_1.jpg\" \/><figcaption>Aurora Ramazzotti ripercorre il momento buio: 'Mi davano dello scorfano, ho avuto crisi isteriche e disturbi alimentari'<\/figcaption><\/figure>\n<p>E\u2019 diventata una paladina del body positivity. Aury spiega: <em>\u201cAdoro i movimenti di\u00a0body positivity\u00a0che sono nati in questi\u00a0anni proprio perch\u00e9 ammiro\u00a0le persone che sono in grado di accettarsi per quello che sono.\u00a0Ancora oggi io non posso dire di avere questa fortuna e consapevolezza cos\u00ec grande perch\u00e9 sono cresciuta circondata da tante cattiverie, persone che mi hanno detto cose bruttissime. Tutti i giorni combatto per sradicare questi condizionamenti da dentro di me, ma devo fare piccoli passi per arrivare al punto di dire chi se ne frega, l\u2019importante \u00e8 valorizzare la salute e stare bene nel proprio corpo piuttosto che vedersi perfetti\u201d.<\/em><\/p>\n<p>La Ramazzotti ha parlato dei suoi capelli bianchi, seppur giovanissima, dell\u2019acne, di cui ha sofferto. Si \u00e8 liberata dalla paura e ha preferito l\u2019autenticit\u00e0:<em> \u201cFino a poco prima ero quella che i brufoli li toglieva con Facetune. Ho\u00a0fatto di tutto per riconoscermi in un modello che ormai non \u00e8 neanche pi\u00f9 bello: ho sollevato gli zigomi, schiarito\u00a0le occhiaie, snellito la figura, mi piallavo.\u00a0Oggi, per fortuna, ci piace pi\u00f9 vedere una cosa autentica e vera. Ma non \u00e8 facile svoltare, soprattutto per chi come me \u00e8 cresciuta bersagliata da cattiverie da parte di tutti. Quel giorno ho capito che non volevo pi\u00f9 modificare nulla, al massimo la luce delle foto.\u00a0Ora non\u00a0uso neanche pi\u00f9 i filtri di luce, vado sempre pi\u00f9 verso l\u2019autenticit\u00e0\u201d.<\/em><\/p>\n<figure class=\"caption\"><img decoding=\"async\" alt=\"\" width=\"640\" height=\"798\" src=\"https:\/\/files.gossip.it\/immagini_news\/2021\/06\/1624361277_aurora_2.jpg\" \/><figcaption>La 24enne sottolinea: 'Ancora oggi mi dicono che sono un mostro, ma...'<\/figcaption><\/figure>\n<p>Aurora sta ancora imparando, ma ha conquistato follower con il suo modo di fare e l\u2019autoironia: <em>\u201cPurtroppo sono ancora vittima del sistema, e lo\u00a0ammetto senza problemi,\u00a0se qualcuno mi dice sei carina, mi fa piacere. Tutti i giorni ci provo a uscire dal\u00a0mindset\u00a0che la bellezza non\u00a0\u00e8 tutto, ma siamo in una societ\u00e0 in cui l\u2019aspetto fisico viene per tanti prima di tutto, non voglio essere schiava di questo pensiero, sto lavorando per allontanarmi, per\u00f2 continua a essere una parte di me.\u00a0E continuo a cercare un senso di riscatto verso chi, quando\u00a0stavo crescendo e ancora oggi, fa commenti spiacevoli\u201d.<\/em><\/p>\n<p>Ha lavorato su se stessa, lo sport l\u2019ha fatta rinascere. <em>\u201cMi sono curata questo male di vivere causato dalle opinioni altrui iniziando a fare sport, tantissimo sport e alimentandomi bene. Poi vedendomi meglio allo specchio le cose sono migliorate.\u00a0Soffrivo tanto perch\u00e9 le persone avevano capito quelli che potevano essere i mei punti deboli, mi dicevano che ero grassa, che avevo la cellulite\u00a0o la faccia da scorfano, che ero brutta.\u00a0Per la faccia non\u00a0puoi fare molto, ho imparato ad amarla, a toccarla, ad accarezzarla, ho capito che\u00a0la mia pelle \u00e8 la mia protezione, la mia corazza, e devo prendermene cura. Sul corpo, invece, si pu\u00f2 fare di pi\u00f9, ma ci vuole impegno.\u00a0Quando ho iniziato a vedermi meglio grazie allo sport, ho\u00a0acquisito tantissima confidence\u00a0e ho iniziato ad amarmi\u201d, <\/em>rivela Aurora.<\/p>\n<figure class=\"caption\"><img decoding=\"async\" alt=\"\" width=\"640\" height=\"810\" src=\"https:\/\/files.gossip.it\/immagini_news\/2021\/06\/1624361309_aurora_3.jpg\" \/><figcaption>Ha mostrato brufoli e capelli bianchi, diventando una paladina del body positivity<\/figcaption><\/figure>\n<p>Quando le si domanda del confronto che le ha fatto pi\u00f9 male Aurora non ha dubbi:<em> \u201cQuando abbiamo iniziato a usare i social, Facebook, eravamo tutti accanitissimi, mi fotografavano con mia madre, ero sempre sui giornali e andavo a vedere quello che scrivevano, ero una ragazzina, qualsiasi\u00a0ragazzina lo farebbe,\u00a0e le cattiverie erano inaccettabili, da l\u00ec \u00e8 nata una paranoia e la convinzione in me\u00a0che io non andassi bene. Mi coprivo, avevo <strong>crisi isteriche<\/strong>, ogni mattina mi cambiavo\u00a0mille volte, ho avuto anche <strong>disturbi alimentari\u201d<\/strong>.<\/em><\/p>\n<p><em>\u201cFortunatamente la mia famiglia \u00e8 sempre stata molto presente e\u00a0mia madre mi\u00a0ha\u00a0aiutata, ne sono uscita e ho avuto il re-bound<\/em> - prosegue la Ramazzotti - <em>E' stato difficile, ho messo peso e l\u2019unico modo per superare\u00a0\u00e8 stato iniziare ad amare il mio corpo, perch\u00e9 dovevo stare bene con\u00a0me\u00a0stessa.\u00a0Ancora oggi mi dicono che sono un mostro,\u00a0da ragazzina me lo dicevano anche a scuola. Solo quando ho\u00a0iniziato a\u00a0fare sport\u00a0la situazione \u00e8 cambiata perch\u00e9 vedermi meglio\u00a0mi\u00a0rendeva\u00a0pi\u00f9 forte nei confronti di quello che mi dicevano\u00a0gli altri e non mi colpiva pi\u00f9 nulla\u201d.\u00a0<\/em><\/p>\n<figure class=\"caption\"><img decoding=\"async\" alt=\"\" width=\"640\" height=\"801\" src=\"https:\/\/files.gossip.it\/immagini_news\/2021\/06\/1624361355_aurora_4.jpg\" \/><figcaption>L'influencer grazie allo sport ha trovato il suo equilibrio vitale e ora si piace cos\u00ec<\/figcaption><\/figure>\n<p>Aurora non si allena per moda ma per trovare il giusto equilibrio in se stessa: 4 giorni a settimana, ha anche un preparatore atletico. Si prende cura di s\u00e9, si piace sempre di pi\u00f9 e cerca sempre pi\u00f9 di riuscire ad amarsi per quello che si \u00e8, senza rincorrere modelli fittizi e irrealizzabili.<\/p>\n<p>\u00a0<\/p>\n<p>\u00a0<\/p>\n","protected":false},"excerpt":{"rendered":"<p>Aurora Ramazzotti ripercorre senza filtri il suo momento buio. Oggi si piace per quella che \u00e8, ma in passato si sentiva fuori dai canoni estetici e ha sofferto moltissimo per questo. \u201cMi davano dello scorfano, ho avuto crisi isteriche e disturbi alimentari\u201d, rivela a Vanity Fair la 24enne figlia di Michelle Hunziker ed Eros Ramazzotti. [&hellip;]<\/p>\n","protected":false},"author":1,"featured_media":126003,"comment_status":"closed","ping_status":"closed","sticky":false,"template":"","format":"standard","meta":{"footnotes":""},"categories":[54],"tags":[1939,62149,2102,2206,2198,2103,62148,2162],"vip":[],"class_list":["post-69957","post","type-post","status-publish","format-standard","has-post-thumbnail","hentry","category-news","tag-aurora-ramazzotti","tag-crisi-isteriche","tag-dichiarazioni","tag-disturbi-alimentari","tag-influencer","tag-intervista","tag-momento-buio","tag-vanity-fair"],"yoast_head":"<title>Aurora Ramazzotti ripercorre il momento buio: &#039;Mi davano dello scorfano, ho avuto crisi isteriche e disturbi alimentari\u2019 - Gossip.it | News sul Gossip e VIP<\/title>\n<meta name=\"description\" content=\"Aurora Ramazzotti ripercorre senza filtri il suo momento buio. Oggi si piace per quella che \u00e8, ma in passato si sentiva fuori dai canoni estetici e ha\" \/>\n<meta name=\"robots\" content=\"index, follow, max-snippet:-1, max-image-preview:large, max-video-preview:-1\" \/>\n<link rel=\"canonical\" href=\"https:\/\/www.gossip.it\/news\/aurora-ramazzotti-momento-buio-crisi-isteriche-disturbi-alimentari\/\" \/>\n<meta property=\"og:locale\" content=\"it_IT\" \/>\n<meta property=\"og:type\" content=\"article\" \/>\n<meta property=\"og:title\" content=\"Aurora Ramazzotti ripercorre il momento buio: &#039;Mi davano dello scorfano, ho avuto crisi isteriche e disturbi alimentari\u2019 - Gossip.it | News sul Gossip e VIP\" \/>\n<meta property=\"og:description\" content=\"Aurora Ramazzotti ripercorre senza filtri il suo momento buio. Oggi si piace per quella che \u00e8, ma in passato si sentiva fuori dai canoni estetici e ha\" \/>\n<meta property=\"og:url\" content=\"https:\/\/www.gossip.it\/news\/aurora-ramazzotti-momento-buio-crisi-isteriche-disturbi-alimentari\/\" \/>\n<meta property=\"og:site_name\" content=\"Gossip.it | News sul Gossip e VIP\" \/>\n<meta property=\"article:publisher\" content=\"https:\/\/www.facebook.com\/GossipIT\" \/>\n<meta property=\"article:published_time\" content=\"2021-06-21T22:00:00+00:00\" \/>\n<meta property=\"og:image\" content=\"https:\/\/files.gossip.it\/immagini_news\/2021\/06\/1624361239_aurora_1.jpg\" \/>\n<meta name=\"author\" content=\"La Redazione\" \/>\n<meta name=\"twitter:card\" content=\"summary_large_image\" \/>\n<meta name=\"twitter:image\" content=\"https:\/\/files.gossip.it\/immagini_news\/2021\/06\/1624361239_aurora_1.jpg\" \/>\n<meta name=\"twitter:creator\" content=\"@gossinews_it\" \/>\n<meta name=\"twitter:site\" content=\"@gossinews_it\" \/>\n<meta name=\"twitter:label1\" content=\"Scritto da\" \/>\n\t<meta name=\"twitter:data1\" content=\"Annamaria Capozzi\" \/>\n\t<meta name=\"twitter:label2\" content=\"Tempo di lettura stimato\" \/>\n\t<meta name=\"twitter:data2\" content=\"4 minuti\" \/>","yoast_head_json":{"title":"Aurora Ramazzotti ripercorre il momento buio: 'Mi davano dello scorfano, ho avuto crisi isteriche e disturbi alimentari\u2019 - Gossip.it | News sul Gossip e VIP","description":"Aurora Ramazzotti ripercorre senza filtri il suo momento buio. Oggi si piace per quella che \u00e8, ma in passato si sentiva fuori dai canoni estetici e ha","robots":{"index":"index","follow":"follow","max-snippet":"max-snippet:-1","max-image-preview":"max-image-preview:large","max-video-preview":"max-video-preview:-1"},"canonical":"https:\/\/www.gossip.it\/news\/aurora-ramazzotti-momento-buio-crisi-isteriche-disturbi-alimentari\/","og_locale":"it_IT","og_type":"article","og_title":"Aurora Ramazzotti ripercorre il momento buio: 'Mi davano dello scorfano, ho avuto crisi isteriche e disturbi alimentari\u2019 - Gossip.it | News sul Gossip e VIP","og_description":"Aurora Ramazzotti ripercorre senza filtri il suo momento buio. Oggi si piace per quella che \u00e8, ma in passato si sentiva fuori dai canoni estetici e ha","og_url":"https:\/\/www.gossip.it\/news\/aurora-ramazzotti-momento-buio-crisi-isteriche-disturbi-alimentari\/","og_site_name":"Gossip.it | News sul Gossip e VIP","article_publisher":"https:\/\/www.facebook.com\/GossipIT","article_published_time":"2021-06-21T22:00:00+00:00","og_image":[{"url":"https:\/\/files.gossip.it\/immagini_news\/2021\/06\/1624361239_aurora_1.jpg"}],"author":"La Redazione","twitter_card":"summary_large_image","twitter_image":"https:\/\/files.gossip.it\/immagini_news\/2021\/06\/1624361239_aurora_1.jpg","twitter_creator":"@gossinews_it","twitter_site":"@gossinews_it","twitter_misc":{"Scritto da":"Annamaria Capozzi","Tempo di lettura stimato":"4 minuti"},"schema":{"@context":"https:\/\/schema.org","@graph":[{"@type":"Article","@id":"https:\/\/www.gossip.it\/news\/aurora-ramazzotti-momento-buio-crisi-isteriche-disturbi-alimentari\/#article","isPartOf":{"@id":"https:\/\/www.gossip.it\/news\/aurora-ramazzotti-momento-buio-crisi-isteriche-disturbi-alimentari\/"},"author":{"name":"La Redazione","@id":"https:\/\/www.gossip.it\/#\/schema\/person\/488896f75158bff1cc83c6c39d141110"},"headline":"Aurora Ramazzotti ripercorre il momento buio: 'Mi davano dello scorfano, ho avuto crisi isteriche e disturbi alimentari\u2019","datePublished":"2021-06-21T22:00:00+00:00","dateModified":"2021-06-21T22:00:00+00:00","mainEntityOfPage":{"@id":"https:\/\/www.gossip.it\/news\/aurora-ramazzotti-momento-buio-crisi-isteriche-disturbi-alimentari\/"},"wordCount":837,"publisher":{"@id":"https:\/\/www.gossip.it\/#organization"},"image":{"@id":"https:\/\/www.gossip.it\/news\/aurora-ramazzotti-momento-buio-crisi-isteriche-disturbi-alimentari\/#primaryimage"},"thumbnailUrl":"https:\/\/files.gossip.it\/immagini_news\/2021\/06\/1624361239_aurora_1.jpg","keywords":["aurora ramazzotti","crisi isteriche","dichiarazioni","disturbi alimentari","influencer","intervista","momento buio","vanity fair"],"articleSection":["News"],"inLanguage":"it-IT"},{"@type":"WebPage","@id":"https:\/\/www.gossip.it\/news\/aurora-ramazzotti-momento-buio-crisi-isteriche-disturbi-alimentari\/","url":"https:\/\/www.gossip.it\/news\/aurora-ramazzotti-momento-buio-crisi-isteriche-disturbi-alimentari\/","name":"Aurora Ramazzotti ripercorre il momento buio: 'Mi davano dello scorfano, ho avuto crisi isteriche e disturbi alimentari\u2019 - Gossip.it | News sul Gossip e VIP","isPartOf":{"@id":"https:\/\/www.gossip.it\/#website"},"primaryImageOfPage":{"@id":"https:\/\/www.gossip.it\/news\/aurora-ramazzotti-momento-buio-crisi-isteriche-disturbi-alimentari\/#primaryimage"},"image":{"@id":"https:\/\/www.gossip.it\/news\/aurora-ramazzotti-momento-buio-crisi-isteriche-disturbi-alimentari\/#primaryimage"},"thumbnailUrl":"https:\/\/files.gossip.it\/immagini_news\/2021\/06\/1624361239_aurora_1.jpg","datePublished":"2021-06-21T22:00:00+00:00","dateModified":"2021-06-21T22:00:00+00:00","description":"Aurora Ramazzotti ripercorre senza filtri il suo momento buio. Oggi si piace per quella che \u00e8, ma in passato si sentiva fuori dai canoni estetici e ha","breadcrumb":{"@id":"https:\/\/www.gossip.it\/news\/aurora-ramazzotti-momento-buio-crisi-isteriche-disturbi-alimentari\/#breadcrumb"},"inLanguage":"it-IT","potentialAction":[{"@type":"ReadAction","target":["https:\/\/www.gossip.it\/news\/aurora-ramazzotti-momento-buio-crisi-isteriche-disturbi-alimentari\/"]}]},{"@type":"ImageObject","inLanguage":"it-IT","@id":"https:\/\/www.gossip.it\/news\/aurora-ramazzotti-momento-buio-crisi-isteriche-disturbi-alimentari\/#primaryimage","url":"https:\/\/files.gossip.it\/immagini_news\/2021\/06\/1624361239_aurora_1.jpg","contentUrl":"https:\/\/files.gossip.it\/immagini_news\/2021\/06\/1624361239_aurora_1.jpg"},{"@type":"BreadcrumbList","@id":"https:\/\/www.gossip.it\/news\/aurora-ramazzotti-momento-buio-crisi-isteriche-disturbi-alimentari\/#breadcrumb","itemListElement":[{"@type":"ListItem","position":1,"name":"Home","item":"https:\/\/www.gossip.it\/"},{"@type":"ListItem","position":2,"name":"Aurora Ramazzotti ripercorre il momento buio: 'Mi davano dello scorfano, ho avuto crisi isteriche e disturbi alimentari\u2019"}]},{"@type":"WebSite","@id":"https:\/\/www.gossip.it\/#website","url":"https:\/\/www.gossip.it\/","name":"Gossip and VIP News","description":"Quotidiano di cronaca rosa, costume e societ\u00e0","publisher":{"@id":"https:\/\/www.gossip.it\/#organization"},"alternateName":"Gossip and VIP News","potentialAction":[{"@type":"SearchAction","target":{"@type":"EntryPoint","urlTemplate":"https:\/\/www.gossip.it\/?s={search_term_string}"},"query-input":{"@type":"PropertyValueSpecification","valueRequired":true,"valueName":"search_term_string"}}],"inLanguage":"it-IT"},{"@type":"Organization","@id":"https:\/\/www.gossip.it\/#organization","name":"Gossip and VIP News","alternateName":"Gossip News","url":"https:\/\/www.gossip.it\/","logo":{"@type":"ImageObject","inLanguage":"it-IT","@id":"https:\/\/www.gossip.it\/#\/schema\/logo\/image\/","url":"https:\/\/www.gossip.it\/wp-content\/uploads\/2022\/04\/cropped-corna-alta-tiny.png","contentUrl":"https:\/\/www.gossip.it\/wp-content\/uploads\/2022\/04\/cropped-corna-alta-tiny.png","width":512,"height":512,"caption":"Gossip and VIP News"},"image":{"@id":"https:\/\/www.gossip.it\/#\/schema\/logo\/image\/"},"sameAs":["https:\/\/www.facebook.com\/GossipIT","https:\/\/x.com\/gossinews_it","https:\/\/instagram.com\/gossip_it"]},{"@type":"Person","@id":"https:\/\/www.gossip.it\/#\/schema\/person\/488896f75158bff1cc83c6c39d141110","name":"La Redazione","image":{"@type":"ImageObject","inLanguage":"it-IT","@id":"https:\/\/www.gossip.it\/#\/schema\/person\/image\/","url":"https:\/\/secure.gravatar.com\/avatar\/5a5f5c6fa3e6700e4249abdad0263a1e94e927d9e0499b1cb09c1cd29c044d80?s=96&d=mm&r=g","contentUrl":"https:\/\/secure.gravatar.com\/avatar\/5a5f5c6fa3e6700e4249abdad0263a1e94e927d9e0499b1cb09c1cd29c044d80?s=96&d=mm&r=g","caption":"La Redazione"},"sameAs":["https:\/\/www.gossip.it"]}]}},"amp_enabled":true,"_links":{"self":[{"href":"https:\/\/www.gossip.it\/api\/wp\/v2\/posts\/69957","targetHints":{"allow":["GET"]}}],"collection":[{"href":"https:\/\/www.gossip.it\/api\/wp\/v2\/posts"}],"about":[{"href":"https:\/\/www.gossip.it\/api\/wp\/v2\/types\/post"}],"author":[{"embeddable":true,"href":"https:\/\/www.gossip.it\/api\/wp\/v2\/users\/1"}],"replies":[{"embeddable":true,"href":"https:\/\/www.gossip.it\/api\/wp\/v2\/comments?post=69957"}],"version-history":[{"count":0,"href":"https:\/\/www.gossip.it\/api\/wp\/v2\/posts\/69957\/revisions"}],"wp:featuredmedia":[{"embeddable":true,"href":"https:\/\/www.gossip.it\/api\/wp\/v2\/media\/126003"}],"wp:attachment":[{"href":"https:\/\/www.gossip.it\/api\/wp\/v2\/media?parent=69957"}],"wp:term":[{"taxonomy":"category","embeddable":true,"href":"https:\/\/www.gossip.it\/api\/wp\/v2\/categories?post=69957"},{"taxonomy":"post_tag","embeddable":true,"href":"https:\/\/www.gossip.it\/api\/wp\/v2\/tags?post=69957"},{"taxonomy":"vip","embeddable":true,"href":"https:\/\/www.gossip.it\/api\/wp\/v2\/vip?post=69957"}],"curies":[{"name":"wp","href":"https:\/\/api.w.org\/{rel}","templated":true}]}}