{"id":69987,"date":"2021-06-25T00:00:00","date_gmt":"2021-06-24T22:00:00","guid":{"rendered":"https:\/\/www.gossip.it\/senza-categoria\/caterina-balivo-no-tv-impegno-quotidiano\/"},"modified":"2021-06-25T00:00:00","modified_gmt":"2021-06-24T22:00:00","slug":"caterina-balivo-no-tv-impegno-quotidiano","status":"publish","type":"post","link":"https:\/\/www.gossip.it\/news\/caterina-balivo-no-tv-impegno-quotidiano\/","title":{"rendered":"Caterina Balivo dice di 'no' alla tv: 'Per me non sar\u00e0 pi\u00f9 un impegno quotidiano'. Ecco perch\u00e9"},"content":{"rendered":"<p><a href=\"\/vip\/caterina-balivo\/\">Caterina Balivo<\/a> dice di \u2018<strong><em>no<\/em><\/strong>\u2019 alla <strong>tv<\/strong>. A <em>Il Mattino<\/em> svela: <em>\u201cPer me non sar\u00e0 pi\u00f9 un <strong>impegno<\/strong> quotidiano\"<\/em>. La popolarissima conduttrice 41enne spiega come la sua vita sia cambiata proprio grazie ai \u2018<em><strong>no<\/strong><\/em>\u2019, uno subito e uno detto con ferma convinzione, ora ha aperto un nuovo ciclo e le piace moltissimo.<\/p>\n<figure class=\"caption\"><img decoding=\"async\" alt=\"Caterina Balivo dice di 'no' alla tv: 'Per me non sar\u00e0 pi\u00f9 un impegno quotidiano'. Ecco perch\u00e9\" width=\"640\" height=\"759\" src=\"https:\/\/files.gossip.it\/immagini_news\/2021\/06\/1624622424_balivo_1.jpg\" \/><figcaption>Caterina Balivo dice di 'no' alla tv: 'Per me non sar\u00e0 pi\u00f9 un impegno quotidiano'. Ecco perch\u00e9<\/figcaption><\/figure>\n<p>Il podcast che ha lanciato si chiama<em> \u201cRicomincio dal <strong>no<\/strong>\u201d<\/em>, intervista personaggi famosi. Il titolo si ispira alla sua esistenza e non solo<em>. \u201cQuando ho scelto di prendere una pausa dalla tv ho cominciato a pensare che quando si dice un \u2018<strong>no<\/strong>\u2019 la vita pu\u00f2 cambiare in meglio e in peggio. Parlando con le mie amiche ho scoperto che tutte avevano un \u2018<strong>no<\/strong>\u2019 nella propria vita, una sorta di \u2018Sliding Doors\u2019 che condiziona tutto. E\u2019 capitato anche a me\u201d<\/em>, sottolinea Caterina<\/p>\n<p>Poi spiega: <em>\u201cDodici anni fa ho subito un\u2019ingiustizia. Vivevo a Roma, avevo anche comprato casa. Conducevo \u2018Festa Italiana\u2019 che aveva successo e qualcuno ha deciso di non affidare pi\u00f9 a me il programma. Vissi quel \u2018<strong>no<\/strong>\u2019 come una tragedia. Mi furono proposte trasmissioni meno importanti che rifiutai. Per fortuna frequentavo un ragazzo che viveva tra Roma e Londra, <a href=\"\/vip\/guido-maria brera\/\">Guido Maria Brera<\/a>, l\u2019uomo che poi \u00e8 diventato mio marito, e mi sono trasferita a Milano\u201d.<\/em><\/p>\n<figure class=\"caption\"><img decoding=\"async\" alt=\"\" width=\"640\" height=\"796\" src=\"https:\/\/files.gossip.it\/immagini_news\/2021\/06\/1624622444_balivo_2.jpg\" \/><figcaption>La conduttrice felice di trascorrere pi\u00f9 tempo col marito, Guido Maria Brera<\/figcaption><\/figure>\n<p><em>\u201cDa quel \u2018<strong>no<\/strong>' <\/em>- prosegue la Balivo - <em>si \u00e8 aperto un nuovo ciclo di carriera e di vita. Ho iniziato a lavorare anche come autrice per nuovi programmi. Ho scritto un libro. Ho avuto dei figli. Ho tratto il meglio dalla situazione pensando non a quello che avevo perso, ma a quello che avrei guadagnato\u201d.<\/em><\/p>\n<p>Il suo \u2018<em><strong>no<\/strong><\/em>\u2019 subito \u00e8 diventato un \u2018<em><strong>no<\/strong><\/em>\u2019 alla tv: <em>\u201cS\u00ec, per me non sar\u00e0 pi\u00f9 un <strong>impegno quotidiano<\/strong> come \u00e8 stato finora. Dopo 15 anni di live quotidiani e di giornate trascorse tra studio e redazione, ho deciso di fare altro. L\u2019ho capito in quest\u2019anno di pandemia. Il mondo ha rallentato e ho rallentato anche io. Ho voglia di vivere la quotidianit\u00e0 in maniera diversa. Poter fare interviste senza l\u2019ansia della tv, sognare nuovi format, mangiare a casa a pranzo, non essere per forza performante tutti i giorni e mostrare che va tutto bene anche se intorno ti crolla il mondo, stare coi miei figli\u201d.<\/em><\/p>\n<figure class=\"caption\"><img decoding=\"async\" alt=\"\" width=\"640\" height=\"782\" src=\"https:\/\/files.gossip.it\/immagini_news\/2021\/06\/1624622482_balivo_3.jpg\" \/><figcaption>Fare la mamma quasi a tempo pieno dei suoi due bambini l'appaga<\/figcaption><\/figure>\n<p><em>\u201cNon voglio imporre ai bambini una vita frenetica<\/em> - chiarisce ancora la presentatrice - <em>Se al ritorno da scuola non vogliono parlare, non voglio pi\u00f9 arrabbiarmi. Prima li obbligavo a parlare perch\u00e9 il mio tempo era limitato. Insomma con il Covid ho aperto un nuovo ciclo della mia vita che per ora mi sta piacendo\u201d.<\/em><\/p>\n<p>\u00a0<\/p>\n","protected":false},"excerpt":{"rendered":"<p>Caterina Balivo dice di \u2018no\u2019 alla tv. A Il Mattino svela: \u201cPer me non sar\u00e0 pi\u00f9 un impegno quotidiano\". La popolarissima conduttrice 41enne spiega come la sua vita sia cambiata proprio grazie ai \u2018no\u2019, uno subito e uno detto con ferma convinzione, ora ha aperto un nuovo ciclo e le piace moltissimo. Caterina Balivo dice [&hellip;]<\/p>\n","protected":false},"author":1,"featured_media":126033,"comment_status":"closed","ping_status":"closed","sticky":false,"template":"","format":"standard","meta":{"footnotes":""},"categories":[54],"tags":[1992,2102,57074,62165,2103,10635,61808,2145,2097],"vip":[466],"class_list":["post-69987","post","type-post","status-publish","format-standard","has-post-thumbnail","hentry","category-news","tag-conduttrice","tag-dichiarazioni","tag-il-mattino","tag-impegno-quotidiano","tag-intervista","tag-no","tag-podcast","tag-presentatrice","tag-tv","vip-caterina_balivo"],"yoast_head":"<title>Caterina Balivo dice di &#039;no&#039; alla tv: &#039;Per me non sar\u00e0 pi\u00f9 un impegno quotidiano&#039;. Ecco perch\u00e9 - Gossip.it | News sul Gossip e VIP<\/title>\n<meta name=\"description\" content=\"Caterina Balivo dice di \u2018no\u2019 alla tv. A Il Mattino svela: \u201cPer me non sar\u00e0 pi\u00f9 un impegno quotidiano&quot;. La popolarissima conduttrice 41enne spiega come la\" \/>\n<meta name=\"robots\" content=\"index, follow, max-snippet:-1, max-image-preview:large, max-video-preview:-1\" \/>\n<link rel=\"canonical\" href=\"https:\/\/www.gossip.it\/news\/caterina-balivo-no-tv-impegno-quotidiano\/\" \/>\n<meta property=\"og:locale\" content=\"it_IT\" \/>\n<meta property=\"og:type\" content=\"article\" \/>\n<meta property=\"og:title\" content=\"Caterina Balivo dice di &#039;no&#039; alla tv: &#039;Per me non sar\u00e0 pi\u00f9 un impegno quotidiano&#039;. Ecco perch\u00e9 - Gossip.it | News sul Gossip e VIP\" \/>\n<meta property=\"og:description\" content=\"Caterina Balivo dice di \u2018no\u2019 alla tv. A Il Mattino svela: \u201cPer me non sar\u00e0 pi\u00f9 un impegno quotidiano&quot;. La popolarissima conduttrice 41enne spiega come la\" \/>\n<meta property=\"og:url\" content=\"https:\/\/www.gossip.it\/news\/caterina-balivo-no-tv-impegno-quotidiano\/\" \/>\n<meta property=\"og:site_name\" content=\"Gossip.it | News sul Gossip e VIP\" \/>\n<meta property=\"article:publisher\" content=\"https:\/\/www.facebook.com\/GossipIT\" \/>\n<meta property=\"article:published_time\" content=\"2021-06-24T22:00:00+00:00\" \/>\n<meta property=\"og:image\" content=\"https:\/\/files.gossip.it\/immagini_news\/2021\/06\/1624622424_balivo_1.jpg\" \/>\n<meta name=\"author\" content=\"La Redazione\" \/>\n<meta name=\"twitter:card\" content=\"summary_large_image\" \/>\n<meta name=\"twitter:image\" content=\"https:\/\/files.gossip.it\/immagini_news\/2021\/06\/1624622424_balivo_1.jpg\" \/>\n<meta name=\"twitter:creator\" content=\"@gossinews_it\" \/>\n<meta name=\"twitter:site\" content=\"@gossinews_it\" \/>\n<meta name=\"twitter:label1\" content=\"Scritto da\" \/>\n\t<meta name=\"twitter:data1\" content=\"Annamaria Capozzi\" \/>\n\t<meta name=\"twitter:label2\" content=\"Tempo di lettura stimato\" \/>\n\t<meta name=\"twitter:data2\" content=\"2 minuti\" \/>","yoast_head_json":{"title":"Caterina Balivo dice di 'no' alla tv: 'Per me non sar\u00e0 pi\u00f9 un impegno quotidiano'. Ecco perch\u00e9 - Gossip.it | News sul Gossip e VIP","description":"Caterina Balivo dice di \u2018no\u2019 alla tv. A Il Mattino svela: \u201cPer me non sar\u00e0 pi\u00f9 un impegno quotidiano\". La popolarissima conduttrice 41enne spiega come la","robots":{"index":"index","follow":"follow","max-snippet":"max-snippet:-1","max-image-preview":"max-image-preview:large","max-video-preview":"max-video-preview:-1"},"canonical":"https:\/\/www.gossip.it\/news\/caterina-balivo-no-tv-impegno-quotidiano\/","og_locale":"it_IT","og_type":"article","og_title":"Caterina Balivo dice di 'no' alla tv: 'Per me non sar\u00e0 pi\u00f9 un impegno quotidiano'. Ecco perch\u00e9 - Gossip.it | News sul Gossip e VIP","og_description":"Caterina Balivo dice di \u2018no\u2019 alla tv. A Il Mattino svela: \u201cPer me non sar\u00e0 pi\u00f9 un impegno quotidiano\". La popolarissima conduttrice 41enne spiega come la","og_url":"https:\/\/www.gossip.it\/news\/caterina-balivo-no-tv-impegno-quotidiano\/","og_site_name":"Gossip.it | News sul Gossip e VIP","article_publisher":"https:\/\/www.facebook.com\/GossipIT","article_published_time":"2021-06-24T22:00:00+00:00","og_image":[{"url":"https:\/\/files.gossip.it\/immagini_news\/2021\/06\/1624622424_balivo_1.jpg"}],"author":"La Redazione","twitter_card":"summary_large_image","twitter_image":"https:\/\/files.gossip.it\/immagini_news\/2021\/06\/1624622424_balivo_1.jpg","twitter_creator":"@gossinews_it","twitter_site":"@gossinews_it","twitter_misc":{"Scritto da":"Annamaria Capozzi","Tempo di lettura stimato":"2 minuti"},"schema":{"@context":"https:\/\/schema.org","@graph":[{"@type":"Article","@id":"https:\/\/www.gossip.it\/news\/caterina-balivo-no-tv-impegno-quotidiano\/#article","isPartOf":{"@id":"https:\/\/www.gossip.it\/news\/caterina-balivo-no-tv-impegno-quotidiano\/"},"author":{"name":"La Redazione","@id":"https:\/\/www.gossip.it\/#\/schema\/person\/488896f75158bff1cc83c6c39d141110"},"headline":"Caterina Balivo dice di 'no' alla tv: 'Per me non sar\u00e0 pi\u00f9 un impegno quotidiano'. Ecco perch\u00e9","datePublished":"2021-06-24T22:00:00+00:00","dateModified":"2021-06-24T22:00:00+00:00","mainEntityOfPage":{"@id":"https:\/\/www.gossip.it\/news\/caterina-balivo-no-tv-impegno-quotidiano\/"},"wordCount":483,"publisher":{"@id":"https:\/\/www.gossip.it\/#organization"},"image":{"@id":"https:\/\/www.gossip.it\/news\/caterina-balivo-no-tv-impegno-quotidiano\/#primaryimage"},"thumbnailUrl":"https:\/\/files.gossip.it\/immagini_news\/2021\/06\/1624622424_balivo_1.jpg","keywords":["conduttrice","dichiarazioni","il mattino","impegno quotidiano","intervista","no","podcast","presentatrice","tv"],"articleSection":["News"],"inLanguage":"it-IT"},{"@type":"WebPage","@id":"https:\/\/www.gossip.it\/news\/caterina-balivo-no-tv-impegno-quotidiano\/","url":"https:\/\/www.gossip.it\/news\/caterina-balivo-no-tv-impegno-quotidiano\/","name":"Caterina Balivo dice di 'no' alla tv: 'Per me non sar\u00e0 pi\u00f9 un impegno quotidiano'. Ecco perch\u00e9 - Gossip.it | News sul Gossip e VIP","isPartOf":{"@id":"https:\/\/www.gossip.it\/#website"},"primaryImageOfPage":{"@id":"https:\/\/www.gossip.it\/news\/caterina-balivo-no-tv-impegno-quotidiano\/#primaryimage"},"image":{"@id":"https:\/\/www.gossip.it\/news\/caterina-balivo-no-tv-impegno-quotidiano\/#primaryimage"},"thumbnailUrl":"https:\/\/files.gossip.it\/immagini_news\/2021\/06\/1624622424_balivo_1.jpg","datePublished":"2021-06-24T22:00:00+00:00","dateModified":"2021-06-24T22:00:00+00:00","description":"Caterina Balivo dice di \u2018no\u2019 alla tv. A Il Mattino svela: \u201cPer me non sar\u00e0 pi\u00f9 un impegno quotidiano\". La popolarissima conduttrice 41enne spiega come la","breadcrumb":{"@id":"https:\/\/www.gossip.it\/news\/caterina-balivo-no-tv-impegno-quotidiano\/#breadcrumb"},"inLanguage":"it-IT","potentialAction":[{"@type":"ReadAction","target":["https:\/\/www.gossip.it\/news\/caterina-balivo-no-tv-impegno-quotidiano\/"]}]},{"@type":"ImageObject","inLanguage":"it-IT","@id":"https:\/\/www.gossip.it\/news\/caterina-balivo-no-tv-impegno-quotidiano\/#primaryimage","url":"https:\/\/files.gossip.it\/immagini_news\/2021\/06\/1624622424_balivo_1.jpg","contentUrl":"https:\/\/files.gossip.it\/immagini_news\/2021\/06\/1624622424_balivo_1.jpg"},{"@type":"BreadcrumbList","@id":"https:\/\/www.gossip.it\/news\/caterina-balivo-no-tv-impegno-quotidiano\/#breadcrumb","itemListElement":[{"@type":"ListItem","position":1,"name":"Home","item":"https:\/\/www.gossip.it\/"},{"@type":"ListItem","position":2,"name":"Caterina Balivo dice di 'no' alla tv: 'Per me non sar\u00e0 pi\u00f9 un impegno quotidiano'. Ecco perch\u00e9"}]},{"@type":"WebSite","@id":"https:\/\/www.gossip.it\/#website","url":"https:\/\/www.gossip.it\/","name":"Gossip and VIP News","description":"Quotidiano di cronaca rosa, costume e societ\u00e0","publisher":{"@id":"https:\/\/www.gossip.it\/#organization"},"alternateName":"Gossip and VIP News","potentialAction":[{"@type":"SearchAction","target":{"@type":"EntryPoint","urlTemplate":"https:\/\/www.gossip.it\/?s={search_term_string}"},"query-input":{"@type":"PropertyValueSpecification","valueRequired":true,"valueName":"search_term_string"}}],"inLanguage":"it-IT"},{"@type":"Organization","@id":"https:\/\/www.gossip.it\/#organization","name":"Gossip and VIP News","alternateName":"Gossip News","url":"https:\/\/www.gossip.it\/","logo":{"@type":"ImageObject","inLanguage":"it-IT","@id":"https:\/\/www.gossip.it\/#\/schema\/logo\/image\/","url":"https:\/\/www.gossip.it\/wp-content\/uploads\/2022\/04\/cropped-corna-alta-tiny.png","contentUrl":"https:\/\/www.gossip.it\/wp-content\/uploads\/2022\/04\/cropped-corna-alta-tiny.png","width":512,"height":512,"caption":"Gossip and VIP News"},"image":{"@id":"https:\/\/www.gossip.it\/#\/schema\/logo\/image\/"},"sameAs":["https:\/\/www.facebook.com\/GossipIT","https:\/\/x.com\/gossinews_it","https:\/\/instagram.com\/gossip_it"]},{"@type":"Person","@id":"https:\/\/www.gossip.it\/#\/schema\/person\/488896f75158bff1cc83c6c39d141110","name":"La Redazione","image":{"@type":"ImageObject","inLanguage":"it-IT","@id":"https:\/\/www.gossip.it\/#\/schema\/person\/image\/","url":"https:\/\/secure.gravatar.com\/avatar\/5a5f5c6fa3e6700e4249abdad0263a1e94e927d9e0499b1cb09c1cd29c044d80?s=96&d=mm&r=g","contentUrl":"https:\/\/secure.gravatar.com\/avatar\/5a5f5c6fa3e6700e4249abdad0263a1e94e927d9e0499b1cb09c1cd29c044d80?s=96&d=mm&r=g","caption":"La Redazione"},"sameAs":["https:\/\/www.gossip.it"]}]}},"amp_enabled":true,"_links":{"self":[{"href":"https:\/\/www.gossip.it\/api\/wp\/v2\/posts\/69987","targetHints":{"allow":["GET"]}}],"collection":[{"href":"https:\/\/www.gossip.it\/api\/wp\/v2\/posts"}],"about":[{"href":"https:\/\/www.gossip.it\/api\/wp\/v2\/types\/post"}],"author":[{"embeddable":true,"href":"https:\/\/www.gossip.it\/api\/wp\/v2\/users\/1"}],"replies":[{"embeddable":true,"href":"https:\/\/www.gossip.it\/api\/wp\/v2\/comments?post=69987"}],"version-history":[{"count":0,"href":"https:\/\/www.gossip.it\/api\/wp\/v2\/posts\/69987\/revisions"}],"wp:featuredmedia":[{"embeddable":true,"href":"https:\/\/www.gossip.it\/api\/wp\/v2\/media\/126033"}],"wp:attachment":[{"href":"https:\/\/www.gossip.it\/api\/wp\/v2\/media?parent=69987"}],"wp:term":[{"taxonomy":"category","embeddable":true,"href":"https:\/\/www.gossip.it\/api\/wp\/v2\/categories?post=69987"},{"taxonomy":"post_tag","embeddable":true,"href":"https:\/\/www.gossip.it\/api\/wp\/v2\/tags?post=69987"},{"taxonomy":"vip","embeddable":true,"href":"https:\/\/www.gossip.it\/api\/wp\/v2\/vip?post=69987"}],"curies":[{"name":"wp","href":"https:\/\/api.w.org\/{rel}","templated":true}]}}