{"id":70034,"date":"2021-07-05T00:00:00","date_gmt":"2021-07-04T22:00:00","guid":{"rendered":"https:\/\/www.gossip.it\/senza-categoria\/carolina-marconi-taglia-capelli-corti-prima-secondo-ciclo-chemio\/"},"modified":"2021-07-05T00:00:00","modified_gmt":"2021-07-04T22:00:00","slug":"carolina-marconi-taglia-capelli-corti-prima-secondo-ciclo-chemio","status":"publish","type":"post","link":"https:\/\/www.gossip.it\/news\/carolina-marconi-taglia-capelli-corti-prima-secondo-ciclo-chemio\/","title":{"rendered":"Carolina Marconi si taglia i capelli corti prima del secondo ciclo di chemio: 'Non crediate che non ne soffra'"},"content":{"rendered":"<p><a href=\"\/vip\/carolina-marconi\/\">Carolina Marconi<\/a> si <strong>taglia<\/strong> i <strong>capelli corti prima<\/strong> del <strong>secondo ciclo<\/strong> di <strong>chemio<\/strong>. Sul social si fa vedere con la nuova acconciatura sorridente, ma in un lungo post ammette: <em>\u201cNon crediate che non ne soffra\u201d.<\/em><\/p>\n<figure class=\"caption\"><img decoding=\"async\" alt=\"\" width=\"640\" height=\"771\" src=\"https:\/\/files.gossip.it\/immagini_news\/2021\/07\/1625474135_Carolina Marconi taglio.jpg\" \/><figcaption>Carolina Marconi si taglia i capelli corti prima del secondo ciclo di chemio: 'Non crediate che non ne soffra'<\/figcaption><\/figure>\n<p>La battaglia per evitare una recidiva del tumore al seno continua, <strong>Carolina Marconi<\/strong>, prima di iniziate la chemioterapia, aveva solo accorciato la lunga chioma, ora \u00e8 passata al corto. A fine giugno, aveva confessato: <em>\u201cFra pochi giorni avr\u00f2 il mio\u00a0secondo ciclo\u00a0di chemio rossa. Vi confesso che avevo una paura matta x gli effetti collaterali che poteva causare... dolori articolari, vomito e caduta dei <strong>capelli<\/strong>\u2026 fortunatamente in questi giorni non ho avuto tanto questi sintomi\u2026 ahim\u00e8 fino a stamattina\u2026 quando mi sono accorta che invece un po\u2019 di\u00a0ciuffi\u00a0di\u00a0<strong>capelli<\/strong>\u00a0li sto\u00a0perdendo\u2026 tra un po\u2019 mi vedrete pelatina (finch\u00e9 non cadono quasi completamente non me li raso ancora)\u201d.<\/em><\/p>\n<div class=\"video_integrato\" data-videoid=\"7919\" data-autostart=\"true\">\u00a0<\/div>\n<p>L\u2019italo-venezuelana ora ha dato il taglio netto. \u201cCiao ragazzi come state? Io bene ho finalmente tagliato i <strong>capelli<\/strong>,<strong>\u00a0<\/strong>vi piacciono? Non pensavo ma sono molto comodi, adesso quando faccio la doccia ci metto davvero poco e non un\u2019ora come facevo prima ad asciugarli. Mi vedete sempre sorridente, non crediate che non ne soffra, per una donna sono importanti i capelli, quando ti ritrovi in questa situazione chi ha vissuto questa quest\u2019esperienza mi pu\u00f2 capire, vedere cadere i tuoi <strong>capelli<\/strong> non \u00e8 di certo una cosa bella\u2026\u201d, rivela sul social.<\/p>\n<figure class=\"caption\"><img decoding=\"async\" alt=\"\" width=\"640\" height=\"691\" src=\"https:\/\/files.gossip.it\/immagini_news\/2021\/07\/1625474172_1625025486_marconi-640-1.jpeg\" \/><figcaption>Prima l'ex gieffina 43enne li aveva solo accorciati<\/figcaption><\/figure>\n<p>E prosegue:<em> \u201cPoi penso che se cadono \u00e8 perch\u00e9 allora vuol dire che la <strong>chemio<\/strong> effettivamente sta facendo il suo lavoro per un futuro pi\u00f9 tranquillo\u2026 L\u2019 importante \u00e8 stare bene, \u00e8 la salute che conta \u2026cerco di vedere il bene e dico sempre: \u2018non \u00e8 detto che tutto sia un male\u2026bisogna vederlo da un altro punto di vista\u2019. Ripeto, non \u00e8 per niente facile, ma vorrei provare a vivere le giornate pi\u00f9 \u2018dure\u2019 nella maniera pi\u00f9 serena possibile cercando comunque di renderle speciali\u201d.<\/em><\/p>\n<p><strong>Carolina Marconi <\/strong>confessa:<em> \u201cQualche volta un piantino lo faccio per sfogarmi perch\u00e9 fa bene dopo mi rialzo pi\u00f9 energica e positiva di prima perch\u00e9 nella vita vale la pena lottare sempre senza mai arrendersi\u2026la vita \u00e8 adesso\u2026godetevela\u2026\u201d.<\/em> Conclude salutando i fan: ha la sua famiglia accanto e questo le regala\u00a0 forza e la rende, nonostante il cancro, felice.<\/p>\n<p>\u00a0<\/p>\n<p>\u00a0<\/p>\n","protected":false},"excerpt":{"rendered":"<p>Carolina Marconi si taglia i capelli corti prima del secondo ciclo di chemio. Sul social si fa vedere con la nuova acconciatura sorridente, ma in un lungo post ammette: \u201cNon crediate che non ne soffra\u201d. Carolina Marconi si taglia i capelli corti prima del secondo ciclo di chemio: 'Non crediate che non ne soffra' La [&hellip;]<\/p>\n","protected":false},"author":1,"featured_media":126080,"comment_status":"closed","ping_status":"closed","sticky":false,"template":"","format":"standard","meta":{"footnotes":""},"categories":[54],"tags":[1983,2314,36840,11507,10141,2102,2106,20877,2107,17799,2121,2122,6892,62196,1967,1923,8059,2313,14269,2097],"vip":[461],"class_list":["post-70034","post","type-post","status-publish","format-standard","has-post-thumbnail","hentry","category-news","tag-attrice","tag-cancro","tag-capelli-corti","tag-chemio","tag-chemioterapia","tag-dichiarazioni","tag-gf","tag-gf-4","tag-grande-fratello","tag-grande-fratello-4","tag-instagram","tag-post","tag-prevenzione","tag-prima-secondo-ciclo-chemio","tag-showgirl","tag-social","tag-taglia","tag-tumore","tag-tumore-al-seno","tag-tv","vip-carolina_marconi"],"yoast_head":"<title>Carolina Marconi si taglia i capelli corti prima del secondo ciclo di chemio: &#039;Non crediate che non ne soffra&#039; - Gossip.it | News sul Gossip e VIP<\/title>\n<meta name=\"description\" content=\"Carolina Marconi si taglia i capelli corti prima del secondo ciclo di chemio. Sul social si fa vedere con la nuova acconciatura sorridente, ma in un lungo\" \/>\n<meta name=\"robots\" content=\"index, follow, max-snippet:-1, max-image-preview:large, max-video-preview:-1\" \/>\n<link rel=\"canonical\" href=\"https:\/\/www.gossip.it\/news\/carolina-marconi-taglia-capelli-corti-prima-secondo-ciclo-chemio\/\" \/>\n<meta property=\"og:locale\" content=\"it_IT\" \/>\n<meta property=\"og:type\" content=\"article\" \/>\n<meta property=\"og:title\" content=\"Carolina Marconi si taglia i capelli corti prima del secondo ciclo di chemio: &#039;Non crediate che non ne soffra&#039; - Gossip.it | News sul Gossip e VIP\" \/>\n<meta property=\"og:description\" content=\"Carolina Marconi si taglia i capelli corti prima del secondo ciclo di chemio. Sul social si fa vedere con la nuova acconciatura sorridente, ma in un lungo\" \/>\n<meta property=\"og:url\" content=\"https:\/\/www.gossip.it\/news\/carolina-marconi-taglia-capelli-corti-prima-secondo-ciclo-chemio\/\" \/>\n<meta property=\"og:site_name\" content=\"Gossip.it | News sul Gossip e VIP\" \/>\n<meta property=\"article:publisher\" content=\"https:\/\/www.facebook.com\/GossipIT\" \/>\n<meta property=\"article:published_time\" content=\"2021-07-04T22:00:00+00:00\" \/>\n<meta property=\"og:image\" content=\"https:\/\/files.gossip.it\/immagini_news\/2021\/07\/1625474135_Carolina%20Marconi%20taglio.jpg\" \/>\n<meta name=\"author\" content=\"La Redazione\" \/>\n<meta name=\"twitter:card\" content=\"summary_large_image\" \/>\n<meta name=\"twitter:image\" content=\"https:\/\/files.gossip.it\/immagini_news\/2021\/07\/1625474135_Carolina%20Marconi%20taglio.jpg\" \/>\n<meta name=\"twitter:creator\" content=\"@gossinews_it\" \/>\n<meta name=\"twitter:site\" content=\"@gossinews_it\" \/>\n<meta name=\"twitter:label1\" content=\"Scritto da\" \/>\n\t<meta name=\"twitter:data1\" content=\"Annamaria Capozzi\" \/>\n\t<meta name=\"twitter:label2\" content=\"Tempo di lettura stimato\" \/>\n\t<meta name=\"twitter:data2\" content=\"2 minuti\" \/>","yoast_head_json":{"title":"Carolina Marconi si taglia i capelli corti prima del secondo ciclo di chemio: 'Non crediate che non ne soffra' - Gossip.it | News sul Gossip e VIP","description":"Carolina Marconi si taglia i capelli corti prima del secondo ciclo di chemio. Sul social si fa vedere con la nuova acconciatura sorridente, ma in un lungo","robots":{"index":"index","follow":"follow","max-snippet":"max-snippet:-1","max-image-preview":"max-image-preview:large","max-video-preview":"max-video-preview:-1"},"canonical":"https:\/\/www.gossip.it\/news\/carolina-marconi-taglia-capelli-corti-prima-secondo-ciclo-chemio\/","og_locale":"it_IT","og_type":"article","og_title":"Carolina Marconi si taglia i capelli corti prima del secondo ciclo di chemio: 'Non crediate che non ne soffra' - Gossip.it | News sul Gossip e VIP","og_description":"Carolina Marconi si taglia i capelli corti prima del secondo ciclo di chemio. Sul social si fa vedere con la nuova acconciatura sorridente, ma in un lungo","og_url":"https:\/\/www.gossip.it\/news\/carolina-marconi-taglia-capelli-corti-prima-secondo-ciclo-chemio\/","og_site_name":"Gossip.it | News sul Gossip e VIP","article_publisher":"https:\/\/www.facebook.com\/GossipIT","article_published_time":"2021-07-04T22:00:00+00:00","og_image":[{"url":"https:\/\/files.gossip.it\/immagini_news\/2021\/07\/1625474135_Carolina Marconi taglio.jpg"}],"author":"La Redazione","twitter_card":"summary_large_image","twitter_image":"https:\/\/files.gossip.it\/immagini_news\/2021\/07\/1625474135_Carolina Marconi taglio.jpg","twitter_creator":"@gossinews_it","twitter_site":"@gossinews_it","twitter_misc":{"Scritto da":"Annamaria Capozzi","Tempo di lettura stimato":"2 minuti"},"schema":{"@context":"https:\/\/schema.org","@graph":[{"@type":"Article","@id":"https:\/\/www.gossip.it\/news\/carolina-marconi-taglia-capelli-corti-prima-secondo-ciclo-chemio\/#article","isPartOf":{"@id":"https:\/\/www.gossip.it\/news\/carolina-marconi-taglia-capelli-corti-prima-secondo-ciclo-chemio\/"},"author":{"name":"La Redazione","@id":"https:\/\/www.gossip.it\/#\/schema\/person\/488896f75158bff1cc83c6c39d141110"},"headline":"Carolina Marconi si taglia i capelli corti prima del secondo ciclo di chemio: 'Non crediate che non ne soffra'","datePublished":"2021-07-04T22:00:00+00:00","dateModified":"2021-07-04T22:00:00+00:00","mainEntityOfPage":{"@id":"https:\/\/www.gossip.it\/news\/carolina-marconi-taglia-capelli-corti-prima-secondo-ciclo-chemio\/"},"wordCount":422,"publisher":{"@id":"https:\/\/www.gossip.it\/#organization"},"image":{"@id":"https:\/\/www.gossip.it\/news\/carolina-marconi-taglia-capelli-corti-prima-secondo-ciclo-chemio\/#primaryimage"},"thumbnailUrl":"https:\/\/files.gossip.it\/immagini_news\/2021\/07\/1625474135_Carolina Marconi taglio.jpg","keywords":["attrice","cancro","capelli corti","chemio","chemioterapia","dichiarazioni","gf","gf 4","grande fratello","grande fratello 4","instagram","post","prevenzione","prima secondo ciclo chemio","showgirl","social","taglia","tumore","tumore al seno","tv"],"articleSection":["News"],"inLanguage":"it-IT"},{"@type":"WebPage","@id":"https:\/\/www.gossip.it\/news\/carolina-marconi-taglia-capelli-corti-prima-secondo-ciclo-chemio\/","url":"https:\/\/www.gossip.it\/news\/carolina-marconi-taglia-capelli-corti-prima-secondo-ciclo-chemio\/","name":"Carolina Marconi si taglia i capelli corti prima del secondo ciclo di chemio: 'Non crediate che non ne soffra' - Gossip.it | News sul Gossip e VIP","isPartOf":{"@id":"https:\/\/www.gossip.it\/#website"},"primaryImageOfPage":{"@id":"https:\/\/www.gossip.it\/news\/carolina-marconi-taglia-capelli-corti-prima-secondo-ciclo-chemio\/#primaryimage"},"image":{"@id":"https:\/\/www.gossip.it\/news\/carolina-marconi-taglia-capelli-corti-prima-secondo-ciclo-chemio\/#primaryimage"},"thumbnailUrl":"https:\/\/files.gossip.it\/immagini_news\/2021\/07\/1625474135_Carolina Marconi taglio.jpg","datePublished":"2021-07-04T22:00:00+00:00","dateModified":"2021-07-04T22:00:00+00:00","description":"Carolina Marconi si taglia i capelli corti prima del secondo ciclo di chemio. Sul social si fa vedere con la nuova acconciatura sorridente, ma in un lungo","breadcrumb":{"@id":"https:\/\/www.gossip.it\/news\/carolina-marconi-taglia-capelli-corti-prima-secondo-ciclo-chemio\/#breadcrumb"},"inLanguage":"it-IT","potentialAction":[{"@type":"ReadAction","target":["https:\/\/www.gossip.it\/news\/carolina-marconi-taglia-capelli-corti-prima-secondo-ciclo-chemio\/"]}]},{"@type":"ImageObject","inLanguage":"it-IT","@id":"https:\/\/www.gossip.it\/news\/carolina-marconi-taglia-capelli-corti-prima-secondo-ciclo-chemio\/#primaryimage","url":"https:\/\/files.gossip.it\/immagini_news\/2021\/07\/1625474135_Carolina Marconi taglio.jpg","contentUrl":"https:\/\/files.gossip.it\/immagini_news\/2021\/07\/1625474135_Carolina Marconi taglio.jpg"},{"@type":"BreadcrumbList","@id":"https:\/\/www.gossip.it\/news\/carolina-marconi-taglia-capelli-corti-prima-secondo-ciclo-chemio\/#breadcrumb","itemListElement":[{"@type":"ListItem","position":1,"name":"Home","item":"https:\/\/www.gossip.it\/"},{"@type":"ListItem","position":2,"name":"Carolina Marconi si taglia i capelli corti prima del secondo ciclo di chemio: 'Non crediate che non ne soffra'"}]},{"@type":"WebSite","@id":"https:\/\/www.gossip.it\/#website","url":"https:\/\/www.gossip.it\/","name":"Gossip and VIP News","description":"Quotidiano di cronaca rosa, costume e societ\u00e0","publisher":{"@id":"https:\/\/www.gossip.it\/#organization"},"alternateName":"Gossip and VIP News","potentialAction":[{"@type":"SearchAction","target":{"@type":"EntryPoint","urlTemplate":"https:\/\/www.gossip.it\/?s={search_term_string}"},"query-input":{"@type":"PropertyValueSpecification","valueRequired":true,"valueName":"search_term_string"}}],"inLanguage":"it-IT"},{"@type":"Organization","@id":"https:\/\/www.gossip.it\/#organization","name":"Gossip and VIP News","alternateName":"Gossip News","url":"https:\/\/www.gossip.it\/","logo":{"@type":"ImageObject","inLanguage":"it-IT","@id":"https:\/\/www.gossip.it\/#\/schema\/logo\/image\/","url":"https:\/\/www.gossip.it\/wp-content\/uploads\/2022\/04\/cropped-corna-alta-tiny.png","contentUrl":"https:\/\/www.gossip.it\/wp-content\/uploads\/2022\/04\/cropped-corna-alta-tiny.png","width":512,"height":512,"caption":"Gossip and VIP News"},"image":{"@id":"https:\/\/www.gossip.it\/#\/schema\/logo\/image\/"},"sameAs":["https:\/\/www.facebook.com\/GossipIT","https:\/\/x.com\/gossinews_it","https:\/\/instagram.com\/gossip_it"]},{"@type":"Person","@id":"https:\/\/www.gossip.it\/#\/schema\/person\/488896f75158bff1cc83c6c39d141110","name":"La Redazione","image":{"@type":"ImageObject","inLanguage":"it-IT","@id":"https:\/\/www.gossip.it\/#\/schema\/person\/image\/","url":"https:\/\/secure.gravatar.com\/avatar\/5a5f5c6fa3e6700e4249abdad0263a1e94e927d9e0499b1cb09c1cd29c044d80?s=96&d=mm&r=g","contentUrl":"https:\/\/secure.gravatar.com\/avatar\/5a5f5c6fa3e6700e4249abdad0263a1e94e927d9e0499b1cb09c1cd29c044d80?s=96&d=mm&r=g","caption":"La Redazione"},"sameAs":["https:\/\/www.gossip.it"]}]}},"amp_enabled":true,"_links":{"self":[{"href":"https:\/\/www.gossip.it\/api\/wp\/v2\/posts\/70034","targetHints":{"allow":["GET"]}}],"collection":[{"href":"https:\/\/www.gossip.it\/api\/wp\/v2\/posts"}],"about":[{"href":"https:\/\/www.gossip.it\/api\/wp\/v2\/types\/post"}],"author":[{"embeddable":true,"href":"https:\/\/www.gossip.it\/api\/wp\/v2\/users\/1"}],"replies":[{"embeddable":true,"href":"https:\/\/www.gossip.it\/api\/wp\/v2\/comments?post=70034"}],"version-history":[{"count":0,"href":"https:\/\/www.gossip.it\/api\/wp\/v2\/posts\/70034\/revisions"}],"wp:featuredmedia":[{"embeddable":true,"href":"https:\/\/www.gossip.it\/api\/wp\/v2\/media\/126080"}],"wp:attachment":[{"href":"https:\/\/www.gossip.it\/api\/wp\/v2\/media?parent=70034"}],"wp:term":[{"taxonomy":"category","embeddable":true,"href":"https:\/\/www.gossip.it\/api\/wp\/v2\/categories?post=70034"},{"taxonomy":"post_tag","embeddable":true,"href":"https:\/\/www.gossip.it\/api\/wp\/v2\/tags?post=70034"},{"taxonomy":"vip","embeddable":true,"href":"https:\/\/www.gossip.it\/api\/wp\/v2\/vip?post=70034"}],"curies":[{"name":"wp","href":"https:\/\/api.w.org\/{rel}","templated":true}]}}