{"id":70042,"date":"2021-07-05T00:00:00","date_gmt":"2021-07-04T22:00:00","guid":{"rendered":"https:\/\/www.gossip.it\/senza-categoria\/morta-raffaella-carra\/"},"modified":"2021-07-05T00:00:00","modified_gmt":"2021-07-04T22:00:00","slug":"morta-raffaella-carra","status":"publish","type":"post","link":"https:\/\/www.gossip.it\/news\/morta-raffaella-carra\/","title":{"rendered":"E' morta Raffaella Carr\u00e0, aveva 78 anni: il mondo dello spettacolo in lutto"},"content":{"rendered":"<p>Il mondo dello spettacolo \u00e8 in lutto: \u00e8 <strong>morta<\/strong> <a href=\"\/vip\/raffaella-carr\u00e0\/\">Raffaella Carr\u00e0<\/a>, aveva 78 anni. Ad annunciarne la scomparsa <a href=\"\/vip\/sergio-iapino\/\">Sergio Iapino<\/a>, compagno di una vita.<\/p>\n<figure class=\"caption\"><img decoding=\"async\" alt=\"E' morta Raffaella Carr\u00e0, aveva 78 anni: il mondo dello spettacolo in lutto\" width=\"640\" height=\"495\" src=\"https:\/\/files.gossip.it\/immagini_news\/2021\/07\/1625497841_Raffaella carra morta .jpg\" \/><figcaption>E' morta Raffaella Carr\u00e0, aveva 78 anni: il mondo dello spettacolo in lutto<\/figcaption><\/figure>\n<p>Era una delle pi\u00f9 grandi showgirl italiane e mondiali. <strong>Raffaella Carr\u00e0<\/strong> si \u00e8 spenta alle 16,20 di oggi, 5 luglio 2021, annientata da una malattia che da qualche tempo l\u2019aveva colpita.<em> \u201cRaffaella ci ha lasciati. E\u2019 andata in un mondo migliore, dove la sua umanit\u00e0, la sua inconfondibile risata e il suo straordinario talento risplenderanno per sempre<\/em> - ha detto Iapino all\u2019<em>Ansa<\/em> - <em>unendosi al dolore degli adorati nipoti Federica e Matteo, di Barbara, Paola e Claudia Boncompagni, degli amici di una vita e dei collaboratori pi\u00f9 stretti\u201d.<\/em><\/p>\n<p><strong>Raffaella Carr\u00e0<\/strong>, vero nome Raffaella Maria Roberta Pelloni, era nata a Bologna il 18 giugno del 1943 e aveva da pochissimo festeggiato il suo compleanno. Icona indiscussa, nella sua lunghissima carriera aveva collezionato successi in tv e non solo. La sua musica, la sua bravura nella recitazione e nella conduzione ne avevano fatto una stella.<\/p>\n<div class=\"video_integrato\" data-videoid=\"7921\" data-autostart=\"true\">\u00a0<\/div>\n<p>Una malattia, ha spiegato Iapino <em>\u201cda qualche tempo aveva attaccato quel suo corpo cos\u00ec minuto eppure cos\u00ec pieno di straripante energia. Una forza inarrestabile la sua, che l\u2019ha imposta ai vertici dello star system mondiale, una volont\u00e0 ferrea che fino all\u2019ultimo non l\u2019ha mai abbandonata, facendo si che nulla trapelasse della sua profonda sofferenza. L\u2019ennesimo gesto d\u2019amore verso il suo pubblico e verso coloro che ne hanno condiviso l\u2019affetto, affinch\u00e9 il suo personale calvario non avesse a turbare il luminoso ricordo di lei\u201d.<\/em><\/p>\n<p>Nella nota affidata all\u2019agenzia stampa il regista la descrive una <em>\u201cdonna fuori dal comune eppure dotata di spiazzante semplicit\u00e0, non aveva avuto figli ma di figli ne aveva a migliaia, come i 150mila fatti adottare a distanza grazie ad \u2018Amore\u2019, il programma che pi\u00f9 di tutti le era rimasto nel cuore\u201d.<\/em><\/p>\n<p>Non si sa ancora n\u00e9 dove e n\u00e9 quando si svolger\u00e0 il funerale. <em>\u201cNelle sue ultime disposizioni, Raffaella ha chiesto una semplice bara di legno grezzo e un\u2019urna per contenere le sue ceneri. Nell\u2019ora pi\u00f9 triste, sempre unica e inimitabile, come la sua travolgente risata. Ed \u00e8 cos\u00ec che noi tutti vogliamo ricordarla\"<\/em>, ha sapere Sergio Iapino.<\/p>\n<p>Il <em>Guardian<\/em> solo lo scorso novembre l\u2019aveva celebrata come la <em>\u201cpop star italiana che ha insegnato all\u2019Europa la gioia del sesso\u201d. \u201cSe \u00e8 cos\u00ec, sono felice. Certo le donne italiane hanno grande simpatia per me perch\u00e9 non sono una mangiauomini: si pu\u00f2 avere sex appeal insieme a dolcezza e ironia, non bisogna per forza essere Rita Hayworth\u201d<\/em>, aveva commentato Raffa intervistata da <em>Sette<\/em>, l\u2019inserto del <em>Corriere della Sera.<\/em><\/p>\n<p>\u00a0<\/p>\n<p>\u00a0<\/p>\n","protected":false},"excerpt":{"rendered":"<p>Il mondo dello spettacolo \u00e8 in lutto: \u00e8 morta Raffaella Carr\u00e0, aveva 78 anni. Ad annunciarne la scomparsa Sergio Iapino, compagno di una vita. E' morta Raffaella Carr\u00e0, aveva 78 anni: il mondo dello spettacolo in lutto Era una delle pi\u00f9 grandi showgirl italiane e mondiali. Raffaella Carr\u00e0 si \u00e8 spenta alle 16,20 di oggi, [&hellip;]<\/p>\n","protected":false},"author":1,"featured_media":126088,"comment_status":"closed","ping_status":"closed","sticky":false,"template":"","format":"standard","meta":{"footnotes":""},"categories":[54],"tags":[2119,8879,48788,1967],"vip":[1533],"class_list":["post-70042","post","type-post","status-publish","format-standard","has-post-thumbnail","hentry","category-news","tag-malattia","tag-morta","tag-sergio-iapino","tag-showgirl","vip-raffaella_carra"],"yoast_head":"<title>E&#039; morta Raffaella Carr\u00e0, aveva 78 anni: il mondo dello spettacolo in lutto - Gossip.it | News sul Gossip e VIP<\/title>\n<meta name=\"description\" content=\"Il mondo dello spettacolo \u00e8 in lutto: \u00e8 morta Raffaella Carr\u00e0, aveva 78 anni. Ad annunciarne la scomparsa Sergio Iapino, compagno di una vita.E&#039; morta\" \/>\n<meta name=\"robots\" content=\"index, follow, max-snippet:-1, max-image-preview:large, max-video-preview:-1\" \/>\n<link rel=\"canonical\" href=\"https:\/\/www.gossip.it\/news\/morta-raffaella-carra\/\" \/>\n<meta property=\"og:locale\" content=\"it_IT\" \/>\n<meta property=\"og:type\" content=\"article\" \/>\n<meta property=\"og:title\" content=\"E&#039; morta Raffaella Carr\u00e0, aveva 78 anni: il mondo dello spettacolo in lutto - Gossip.it | News sul Gossip e VIP\" \/>\n<meta property=\"og:description\" content=\"Il mondo dello spettacolo \u00e8 in lutto: \u00e8 morta Raffaella Carr\u00e0, aveva 78 anni. Ad annunciarne la scomparsa Sergio Iapino, compagno di una vita.E&#039; morta\" \/>\n<meta property=\"og:url\" content=\"https:\/\/www.gossip.it\/news\/morta-raffaella-carra\/\" \/>\n<meta property=\"og:site_name\" content=\"Gossip.it | News sul Gossip e VIP\" \/>\n<meta property=\"article:publisher\" content=\"https:\/\/www.facebook.com\/GossipIT\" \/>\n<meta property=\"article:published_time\" content=\"2021-07-04T22:00:00+00:00\" \/>\n<meta property=\"og:image\" content=\"https:\/\/files.gossip.it\/immagini_news\/2021\/07\/1625497841_Raffaella%20carra%20morta%20.jpg\" \/>\n<meta name=\"author\" content=\"La Redazione\" \/>\n<meta name=\"twitter:card\" content=\"summary_large_image\" \/>\n<meta name=\"twitter:image\" content=\"https:\/\/files.gossip.it\/immagini_news\/2021\/07\/1625497841_Raffaella%20carra%20morta%20.jpg\" \/>\n<meta name=\"twitter:creator\" content=\"@gossinews_it\" \/>\n<meta name=\"twitter:site\" content=\"@gossinews_it\" \/>\n<meta name=\"twitter:label1\" content=\"Scritto da\" \/>\n\t<meta name=\"twitter:data1\" content=\"Annamaria Capozzi\" \/>\n\t<meta name=\"twitter:label2\" content=\"Tempo di lettura stimato\" \/>\n\t<meta name=\"twitter:data2\" content=\"2 minuti\" \/>","yoast_head_json":{"title":"E' morta Raffaella Carr\u00e0, aveva 78 anni: il mondo dello spettacolo in lutto - Gossip.it | News sul Gossip e VIP","description":"Il mondo dello spettacolo \u00e8 in lutto: \u00e8 morta Raffaella Carr\u00e0, aveva 78 anni. Ad annunciarne la scomparsa Sergio Iapino, compagno di una vita.E' morta","robots":{"index":"index","follow":"follow","max-snippet":"max-snippet:-1","max-image-preview":"max-image-preview:large","max-video-preview":"max-video-preview:-1"},"canonical":"https:\/\/www.gossip.it\/news\/morta-raffaella-carra\/","og_locale":"it_IT","og_type":"article","og_title":"E' morta Raffaella Carr\u00e0, aveva 78 anni: il mondo dello spettacolo in lutto - Gossip.it | News sul Gossip e VIP","og_description":"Il mondo dello spettacolo \u00e8 in lutto: \u00e8 morta Raffaella Carr\u00e0, aveva 78 anni. Ad annunciarne la scomparsa Sergio Iapino, compagno di una vita.E' morta","og_url":"https:\/\/www.gossip.it\/news\/morta-raffaella-carra\/","og_site_name":"Gossip.it | News sul Gossip e VIP","article_publisher":"https:\/\/www.facebook.com\/GossipIT","article_published_time":"2021-07-04T22:00:00+00:00","og_image":[{"url":"https:\/\/files.gossip.it\/immagini_news\/2021\/07\/1625497841_Raffaella carra morta .jpg"}],"author":"La Redazione","twitter_card":"summary_large_image","twitter_image":"https:\/\/files.gossip.it\/immagini_news\/2021\/07\/1625497841_Raffaella carra morta .jpg","twitter_creator":"@gossinews_it","twitter_site":"@gossinews_it","twitter_misc":{"Scritto da":"Annamaria Capozzi","Tempo di lettura stimato":"2 minuti"},"schema":{"@context":"https:\/\/schema.org","@graph":[{"@type":"Article","@id":"https:\/\/www.gossip.it\/news\/morta-raffaella-carra\/#article","isPartOf":{"@id":"https:\/\/www.gossip.it\/news\/morta-raffaella-carra\/"},"author":{"name":"La Redazione","@id":"https:\/\/www.gossip.it\/#\/schema\/person\/488896f75158bff1cc83c6c39d141110"},"headline":"E' morta Raffaella Carr\u00e0, aveva 78 anni: il mondo dello spettacolo in lutto","datePublished":"2021-07-04T22:00:00+00:00","dateModified":"2021-07-04T22:00:00+00:00","mainEntityOfPage":{"@id":"https:\/\/www.gossip.it\/news\/morta-raffaella-carra\/"},"wordCount":453,"publisher":{"@id":"https:\/\/www.gossip.it\/#organization"},"image":{"@id":"https:\/\/www.gossip.it\/news\/morta-raffaella-carra\/#primaryimage"},"thumbnailUrl":"https:\/\/files.gossip.it\/immagini_news\/2021\/07\/1625497841_Raffaella carra morta .jpg","keywords":["malattia","morta","sergio iapino","showgirl"],"articleSection":["News"],"inLanguage":"it-IT"},{"@type":"WebPage","@id":"https:\/\/www.gossip.it\/news\/morta-raffaella-carra\/","url":"https:\/\/www.gossip.it\/news\/morta-raffaella-carra\/","name":"E' morta Raffaella Carr\u00e0, aveva 78 anni: il mondo dello spettacolo in lutto - Gossip.it | News sul Gossip e VIP","isPartOf":{"@id":"https:\/\/www.gossip.it\/#website"},"primaryImageOfPage":{"@id":"https:\/\/www.gossip.it\/news\/morta-raffaella-carra\/#primaryimage"},"image":{"@id":"https:\/\/www.gossip.it\/news\/morta-raffaella-carra\/#primaryimage"},"thumbnailUrl":"https:\/\/files.gossip.it\/immagini_news\/2021\/07\/1625497841_Raffaella carra morta .jpg","datePublished":"2021-07-04T22:00:00+00:00","dateModified":"2021-07-04T22:00:00+00:00","description":"Il mondo dello spettacolo \u00e8 in lutto: \u00e8 morta Raffaella Carr\u00e0, aveva 78 anni. Ad annunciarne la scomparsa Sergio Iapino, compagno di una vita.E' morta","breadcrumb":{"@id":"https:\/\/www.gossip.it\/news\/morta-raffaella-carra\/#breadcrumb"},"inLanguage":"it-IT","potentialAction":[{"@type":"ReadAction","target":["https:\/\/www.gossip.it\/news\/morta-raffaella-carra\/"]}]},{"@type":"ImageObject","inLanguage":"it-IT","@id":"https:\/\/www.gossip.it\/news\/morta-raffaella-carra\/#primaryimage","url":"https:\/\/files.gossip.it\/immagini_news\/2021\/07\/1625497841_Raffaella carra morta .jpg","contentUrl":"https:\/\/files.gossip.it\/immagini_news\/2021\/07\/1625497841_Raffaella carra morta .jpg"},{"@type":"BreadcrumbList","@id":"https:\/\/www.gossip.it\/news\/morta-raffaella-carra\/#breadcrumb","itemListElement":[{"@type":"ListItem","position":1,"name":"Home","item":"https:\/\/www.gossip.it\/"},{"@type":"ListItem","position":2,"name":"E' morta Raffaella Carr\u00e0, aveva 78 anni: il mondo dello spettacolo in lutto"}]},{"@type":"WebSite","@id":"https:\/\/www.gossip.it\/#website","url":"https:\/\/www.gossip.it\/","name":"Gossip and VIP News","description":"Quotidiano di cronaca rosa, costume e societ\u00e0","publisher":{"@id":"https:\/\/www.gossip.it\/#organization"},"alternateName":"Gossip and VIP News","potentialAction":[{"@type":"SearchAction","target":{"@type":"EntryPoint","urlTemplate":"https:\/\/www.gossip.it\/?s={search_term_string}"},"query-input":{"@type":"PropertyValueSpecification","valueRequired":true,"valueName":"search_term_string"}}],"inLanguage":"it-IT"},{"@type":"Organization","@id":"https:\/\/www.gossip.it\/#organization","name":"Gossip and VIP News","alternateName":"Gossip News","url":"https:\/\/www.gossip.it\/","logo":{"@type":"ImageObject","inLanguage":"it-IT","@id":"https:\/\/www.gossip.it\/#\/schema\/logo\/image\/","url":"https:\/\/www.gossip.it\/wp-content\/uploads\/2022\/04\/cropped-corna-alta-tiny.png","contentUrl":"https:\/\/www.gossip.it\/wp-content\/uploads\/2022\/04\/cropped-corna-alta-tiny.png","width":512,"height":512,"caption":"Gossip and VIP News"},"image":{"@id":"https:\/\/www.gossip.it\/#\/schema\/logo\/image\/"},"sameAs":["https:\/\/www.facebook.com\/GossipIT","https:\/\/x.com\/gossinews_it","https:\/\/instagram.com\/gossip_it"]},{"@type":"Person","@id":"https:\/\/www.gossip.it\/#\/schema\/person\/488896f75158bff1cc83c6c39d141110","name":"La Redazione","image":{"@type":"ImageObject","inLanguage":"it-IT","@id":"https:\/\/www.gossip.it\/#\/schema\/person\/image\/","url":"https:\/\/secure.gravatar.com\/avatar\/5a5f5c6fa3e6700e4249abdad0263a1e94e927d9e0499b1cb09c1cd29c044d80?s=96&d=mm&r=g","contentUrl":"https:\/\/secure.gravatar.com\/avatar\/5a5f5c6fa3e6700e4249abdad0263a1e94e927d9e0499b1cb09c1cd29c044d80?s=96&d=mm&r=g","caption":"La Redazione"},"sameAs":["https:\/\/www.gossip.it"]}]}},"amp_enabled":true,"_links":{"self":[{"href":"https:\/\/www.gossip.it\/api\/wp\/v2\/posts\/70042","targetHints":{"allow":["GET"]}}],"collection":[{"href":"https:\/\/www.gossip.it\/api\/wp\/v2\/posts"}],"about":[{"href":"https:\/\/www.gossip.it\/api\/wp\/v2\/types\/post"}],"author":[{"embeddable":true,"href":"https:\/\/www.gossip.it\/api\/wp\/v2\/users\/1"}],"replies":[{"embeddable":true,"href":"https:\/\/www.gossip.it\/api\/wp\/v2\/comments?post=70042"}],"version-history":[{"count":0,"href":"https:\/\/www.gossip.it\/api\/wp\/v2\/posts\/70042\/revisions"}],"wp:featuredmedia":[{"embeddable":true,"href":"https:\/\/www.gossip.it\/api\/wp\/v2\/media\/126088"}],"wp:attachment":[{"href":"https:\/\/www.gossip.it\/api\/wp\/v2\/media?parent=70042"}],"wp:term":[{"taxonomy":"category","embeddable":true,"href":"https:\/\/www.gossip.it\/api\/wp\/v2\/categories?post=70042"},{"taxonomy":"post_tag","embeddable":true,"href":"https:\/\/www.gossip.it\/api\/wp\/v2\/tags?post=70042"},{"taxonomy":"vip","embeddable":true,"href":"https:\/\/www.gossip.it\/api\/wp\/v2\/vip?post=70042"}],"curies":[{"name":"wp","href":"https:\/\/api.w.org\/{rel}","templated":true}]}}