{"id":70044,"date":"2021-07-06T00:00:00","date_gmt":"2021-07-05T22:00:00","guid":{"rendered":"https:\/\/www.gossip.it\/senza-categoria\/raffaella-carra-malattia-morte\/"},"modified":"2021-07-06T00:00:00","modified_gmt":"2021-07-05T22:00:00","slug":"raffaella-carra-malattia-morte","status":"publish","type":"post","link":"https:\/\/www.gossip.it\/news\/raffaella-carra-malattia-morte\/","title":{"rendered":"Raffaella Carr\u00e0, ecco quale malattia l'avrebbe portata alla morte"},"content":{"rendered":"<p>La notizia della <strong>morte<\/strong> di <a href=\"\/vip\/raffaella-carr\u00e0\/\">Raffaella Carr\u00e0<\/a>, scomparsa nel pomeriggio di ieri, 5 luglio, a 78 anni, lascia senza fiato. <a href=\"\/vip\/sergio-iapino\/\">Sergio Iapino<\/a>, il suo storico compagno di vita, nell\u2019annunciare il suo decesso, all\u2019<em>Ansa<\/em>, nella nota, ha detto:<em> \u201cE\u2019\u00a0morta per una <strong>malattia<\/strong> che da qualche tempo aveva attaccato quel suo corpo cos\u00ec minuto eppure cos\u00ec pieno di straripante energia\u201d<\/em>. Non ha reso noto il male che l\u2019ha colpita, sembrerebbe per\u00f2 che l\u2019iconico caschetto biondo della tv sia stata stroncata da un devastante tumore al polmone con metastasi.<\/p>\n<figure class=\"caption\"><img decoding=\"async\" alt=\"Raffaella Carr\u00e0, ecco quale malattia l'avrebbe portata alla morte\" width=\"640\" height=\"524\" src=\"https:\/\/files.gossip.it\/immagini_news\/2021\/07\/1625563379_Raffaella malattia .jpg\" \/><figcaption>Raffaella Carr\u00e0, ecco quale malattia l'avrebbe portata alla morte<\/figcaption><\/figure>\n<p><strong>Raffaella Carr\u00e0 <\/strong>era scomparsa da mesi dalla vita pubblica. Lontana dai salotti e dai riflettori, ha combattuto con grande forza. Aveva <em>\u201cuna volont\u00e0 ferrea che fino all'ultimo non l'ha mai abbandonata, facendo si che nulla trapelasse della sua profonda sofferenza. L'ennesimo gesto d'amore verso il suo pubblico e verso coloro che ne hanno condiviso l'affetto, affinch\u00e9 il suo personale calvario non avesse a turbare il luminoso ricordo di lei\u201d<\/em>, ha spiegato sempre Iapino.<\/p>\n<div class=\"video_integrato\" data-videoid=\"7921\" data-autostart=\"true\">\u00a0<\/div>\n<p>Il carcinoma ai polmoni solitamente si sviluppa dalle cellule che costituiscono bronchi, bronchioli e alveoli. Provoca anche emorragie polmonari. Questo tipo di neoplasia costituisce la prima causa di morte per gli uomini e la seconda per le donne, con 34mila decessi ogni anno.<\/p>\n<p><strong>Raffaella Carr\u00e0<\/strong> non ha lasciato che trapelasse nulla sulla <strong>malattia<\/strong> che la stava annientando. Sembra che anche i vicini di casa fossero all\u2019oscuro di tutto, pure gli amici pi\u00f9 stretti sono rimasti sconvolti dalla notizia del suo decesso. La showgirl non voleva che <em>\u201cil suo personale calvario\u201d<\/em> distruggesse <em>\u201cil luminoso ricordo di lei\u201d<\/em>, come sottolinea Iapino.<\/p>\n<p>Aveva capito, per\u00f2, che la fine era vicina. <strong>Raffaella Carr\u00e0<\/strong> ha lasciato disposizioni precise per il suo funerale. \u201c<em>Raffaella ha chiesto una semplice bara di legno grezzo e un'urna per contenere le sue ceneri. Nell'ora pi\u00f9 triste, sempre unica e inimitabile, come la sua travolgente risata. Ed \u00e8 cos\u00ec che noi tutti vogliamo ricordarla\u201d<\/em>, fa sapere il regista.<\/p>\n<p>\u00a0<\/p>\n","protected":false},"excerpt":{"rendered":"<p>La notizia della morte di Raffaella Carr\u00e0, scomparsa nel pomeriggio di ieri, 5 luglio, a 78 anni, lascia senza fiato. Sergio Iapino, il suo storico compagno di vita, nell\u2019annunciare il suo decesso, all\u2019Ansa, nella nota, ha detto: \u201cE\u2019\u00a0morta per una malattia che da qualche tempo aveva attaccato quel suo corpo cos\u00ec minuto eppure cos\u00ec pieno [&hellip;]<\/p>\n","protected":false},"author":1,"featured_media":126090,"comment_status":"closed","ping_status":"closed","sticky":false,"template":"","format":"standard","meta":{"footnotes":""},"categories":[54],"tags":[62201,2119,8879,62200,62199,48788,1967,2313],"vip":[1533],"class_list":["post-70044","post","type-post","status-publish","format-standard","has-post-thumbnail","hentry","category-news","tag-causa-morte","tag-malattia","tag-morta","tag-polmone","tag-quale","tag-sergio-iapino","tag-showgirl","tag-tumore","vip-raffaella_carra"],"yoast_head":"<title>Raffaella Carr\u00e0, ecco quale malattia l&#039;avrebbe portata alla morte - Gossip.it | News sul Gossip e VIP<\/title>\n<meta name=\"description\" content=\"La notizia della morte di Raffaella Carr\u00e0, scomparsa nel pomeriggio di ieri, 5 luglio, a 78 anni, lascia senza fiato. Sergio Iapino, il suo storico\" \/>\n<meta name=\"robots\" content=\"index, follow, max-snippet:-1, max-image-preview:large, max-video-preview:-1\" \/>\n<link rel=\"canonical\" href=\"https:\/\/www.gossip.it\/news\/raffaella-carra-malattia-morte\/\" \/>\n<meta property=\"og:locale\" content=\"it_IT\" \/>\n<meta property=\"og:type\" content=\"article\" \/>\n<meta property=\"og:title\" content=\"Raffaella Carr\u00e0, ecco quale malattia l&#039;avrebbe portata alla morte - Gossip.it | News sul Gossip e VIP\" \/>\n<meta property=\"og:description\" content=\"La notizia della morte di Raffaella Carr\u00e0, scomparsa nel pomeriggio di ieri, 5 luglio, a 78 anni, lascia senza fiato. Sergio Iapino, il suo storico\" \/>\n<meta property=\"og:url\" content=\"https:\/\/www.gossip.it\/news\/raffaella-carra-malattia-morte\/\" \/>\n<meta property=\"og:site_name\" content=\"Gossip.it | News sul Gossip e VIP\" \/>\n<meta property=\"article:publisher\" content=\"https:\/\/www.facebook.com\/GossipIT\" \/>\n<meta property=\"article:published_time\" content=\"2021-07-05T22:00:00+00:00\" \/>\n<meta property=\"og:image\" content=\"https:\/\/files.gossip.it\/immagini_news\/2021\/07\/1625563379_Raffaella%20malattia%20.jpg\" \/>\n<meta name=\"author\" content=\"La Redazione\" \/>\n<meta name=\"twitter:card\" content=\"summary_large_image\" \/>\n<meta name=\"twitter:image\" content=\"https:\/\/files.gossip.it\/immagini_news\/2021\/07\/1625563379_Raffaella%20malattia%20.jpg\" \/>\n<meta name=\"twitter:creator\" content=\"@gossinews_it\" \/>\n<meta name=\"twitter:site\" content=\"@gossinews_it\" \/>\n<meta name=\"twitter:label1\" content=\"Scritto da\" \/>\n\t<meta name=\"twitter:data1\" content=\"Annamaria Capozzi\" \/>\n\t<meta name=\"twitter:label2\" content=\"Tempo di lettura stimato\" \/>\n\t<meta name=\"twitter:data2\" content=\"2 minuti\" \/>","yoast_head_json":{"title":"Raffaella Carr\u00e0, ecco quale malattia l'avrebbe portata alla morte - Gossip.it | News sul Gossip e VIP","description":"La notizia della morte di Raffaella Carr\u00e0, scomparsa nel pomeriggio di ieri, 5 luglio, a 78 anni, lascia senza fiato. Sergio Iapino, il suo storico","robots":{"index":"index","follow":"follow","max-snippet":"max-snippet:-1","max-image-preview":"max-image-preview:large","max-video-preview":"max-video-preview:-1"},"canonical":"https:\/\/www.gossip.it\/news\/raffaella-carra-malattia-morte\/","og_locale":"it_IT","og_type":"article","og_title":"Raffaella Carr\u00e0, ecco quale malattia l'avrebbe portata alla morte - Gossip.it | News sul Gossip e VIP","og_description":"La notizia della morte di Raffaella Carr\u00e0, scomparsa nel pomeriggio di ieri, 5 luglio, a 78 anni, lascia senza fiato. Sergio Iapino, il suo storico","og_url":"https:\/\/www.gossip.it\/news\/raffaella-carra-malattia-morte\/","og_site_name":"Gossip.it | News sul Gossip e VIP","article_publisher":"https:\/\/www.facebook.com\/GossipIT","article_published_time":"2021-07-05T22:00:00+00:00","og_image":[{"url":"https:\/\/files.gossip.it\/immagini_news\/2021\/07\/1625563379_Raffaella malattia .jpg"}],"author":"La Redazione","twitter_card":"summary_large_image","twitter_image":"https:\/\/files.gossip.it\/immagini_news\/2021\/07\/1625563379_Raffaella malattia .jpg","twitter_creator":"@gossinews_it","twitter_site":"@gossinews_it","twitter_misc":{"Scritto da":"Annamaria Capozzi","Tempo di lettura stimato":"2 minuti"},"schema":{"@context":"https:\/\/schema.org","@graph":[{"@type":"Article","@id":"https:\/\/www.gossip.it\/news\/raffaella-carra-malattia-morte\/#article","isPartOf":{"@id":"https:\/\/www.gossip.it\/news\/raffaella-carra-malattia-morte\/"},"author":{"name":"La Redazione","@id":"https:\/\/www.gossip.it\/#\/schema\/person\/488896f75158bff1cc83c6c39d141110"},"headline":"Raffaella Carr\u00e0, ecco quale malattia l'avrebbe portata alla morte","datePublished":"2021-07-05T22:00:00+00:00","dateModified":"2021-07-05T22:00:00+00:00","mainEntityOfPage":{"@id":"https:\/\/www.gossip.it\/news\/raffaella-carra-malattia-morte\/"},"wordCount":346,"publisher":{"@id":"https:\/\/www.gossip.it\/#organization"},"image":{"@id":"https:\/\/www.gossip.it\/news\/raffaella-carra-malattia-morte\/#primaryimage"},"thumbnailUrl":"https:\/\/files.gossip.it\/immagini_news\/2021\/07\/1625563379_Raffaella malattia .jpg","keywords":["causa morte","malattia","morta","polmone","quale","sergio iapino","showgirl","tumore"],"articleSection":["News"],"inLanguage":"it-IT"},{"@type":"WebPage","@id":"https:\/\/www.gossip.it\/news\/raffaella-carra-malattia-morte\/","url":"https:\/\/www.gossip.it\/news\/raffaella-carra-malattia-morte\/","name":"Raffaella Carr\u00e0, ecco quale malattia l'avrebbe portata alla morte - Gossip.it | News sul Gossip e VIP","isPartOf":{"@id":"https:\/\/www.gossip.it\/#website"},"primaryImageOfPage":{"@id":"https:\/\/www.gossip.it\/news\/raffaella-carra-malattia-morte\/#primaryimage"},"image":{"@id":"https:\/\/www.gossip.it\/news\/raffaella-carra-malattia-morte\/#primaryimage"},"thumbnailUrl":"https:\/\/files.gossip.it\/immagini_news\/2021\/07\/1625563379_Raffaella malattia .jpg","datePublished":"2021-07-05T22:00:00+00:00","dateModified":"2021-07-05T22:00:00+00:00","description":"La notizia della morte di Raffaella Carr\u00e0, scomparsa nel pomeriggio di ieri, 5 luglio, a 78 anni, lascia senza fiato. Sergio Iapino, il suo storico","breadcrumb":{"@id":"https:\/\/www.gossip.it\/news\/raffaella-carra-malattia-morte\/#breadcrumb"},"inLanguage":"it-IT","potentialAction":[{"@type":"ReadAction","target":["https:\/\/www.gossip.it\/news\/raffaella-carra-malattia-morte\/"]}]},{"@type":"ImageObject","inLanguage":"it-IT","@id":"https:\/\/www.gossip.it\/news\/raffaella-carra-malattia-morte\/#primaryimage","url":"https:\/\/files.gossip.it\/immagini_news\/2021\/07\/1625563379_Raffaella malattia .jpg","contentUrl":"https:\/\/files.gossip.it\/immagini_news\/2021\/07\/1625563379_Raffaella malattia .jpg"},{"@type":"BreadcrumbList","@id":"https:\/\/www.gossip.it\/news\/raffaella-carra-malattia-morte\/#breadcrumb","itemListElement":[{"@type":"ListItem","position":1,"name":"Home","item":"https:\/\/www.gossip.it\/"},{"@type":"ListItem","position":2,"name":"Raffaella Carr\u00e0, ecco quale malattia l'avrebbe portata alla morte"}]},{"@type":"WebSite","@id":"https:\/\/www.gossip.it\/#website","url":"https:\/\/www.gossip.it\/","name":"Gossip and VIP News","description":"Quotidiano di cronaca rosa, costume e societ\u00e0","publisher":{"@id":"https:\/\/www.gossip.it\/#organization"},"alternateName":"Gossip and VIP News","potentialAction":[{"@type":"SearchAction","target":{"@type":"EntryPoint","urlTemplate":"https:\/\/www.gossip.it\/?s={search_term_string}"},"query-input":{"@type":"PropertyValueSpecification","valueRequired":true,"valueName":"search_term_string"}}],"inLanguage":"it-IT"},{"@type":"Organization","@id":"https:\/\/www.gossip.it\/#organization","name":"Gossip and VIP News","alternateName":"Gossip News","url":"https:\/\/www.gossip.it\/","logo":{"@type":"ImageObject","inLanguage":"it-IT","@id":"https:\/\/www.gossip.it\/#\/schema\/logo\/image\/","url":"https:\/\/www.gossip.it\/wp-content\/uploads\/2022\/04\/cropped-corna-alta-tiny.png","contentUrl":"https:\/\/www.gossip.it\/wp-content\/uploads\/2022\/04\/cropped-corna-alta-tiny.png","width":512,"height":512,"caption":"Gossip and VIP News"},"image":{"@id":"https:\/\/www.gossip.it\/#\/schema\/logo\/image\/"},"sameAs":["https:\/\/www.facebook.com\/GossipIT","https:\/\/x.com\/gossinews_it","https:\/\/instagram.com\/gossip_it"]},{"@type":"Person","@id":"https:\/\/www.gossip.it\/#\/schema\/person\/488896f75158bff1cc83c6c39d141110","name":"La Redazione","image":{"@type":"ImageObject","inLanguage":"it-IT","@id":"https:\/\/www.gossip.it\/#\/schema\/person\/image\/","url":"https:\/\/secure.gravatar.com\/avatar\/5a5f5c6fa3e6700e4249abdad0263a1e94e927d9e0499b1cb09c1cd29c044d80?s=96&d=mm&r=g","contentUrl":"https:\/\/secure.gravatar.com\/avatar\/5a5f5c6fa3e6700e4249abdad0263a1e94e927d9e0499b1cb09c1cd29c044d80?s=96&d=mm&r=g","caption":"La Redazione"},"sameAs":["https:\/\/www.gossip.it"]}]}},"amp_enabled":true,"_links":{"self":[{"href":"https:\/\/www.gossip.it\/api\/wp\/v2\/posts\/70044","targetHints":{"allow":["GET"]}}],"collection":[{"href":"https:\/\/www.gossip.it\/api\/wp\/v2\/posts"}],"about":[{"href":"https:\/\/www.gossip.it\/api\/wp\/v2\/types\/post"}],"author":[{"embeddable":true,"href":"https:\/\/www.gossip.it\/api\/wp\/v2\/users\/1"}],"replies":[{"embeddable":true,"href":"https:\/\/www.gossip.it\/api\/wp\/v2\/comments?post=70044"}],"version-history":[{"count":0,"href":"https:\/\/www.gossip.it\/api\/wp\/v2\/posts\/70044\/revisions"}],"wp:featuredmedia":[{"embeddable":true,"href":"https:\/\/www.gossip.it\/api\/wp\/v2\/media\/126090"}],"wp:attachment":[{"href":"https:\/\/www.gossip.it\/api\/wp\/v2\/media?parent=70044"}],"wp:term":[{"taxonomy":"category","embeddable":true,"href":"https:\/\/www.gossip.it\/api\/wp\/v2\/categories?post=70044"},{"taxonomy":"post_tag","embeddable":true,"href":"https:\/\/www.gossip.it\/api\/wp\/v2\/tags?post=70044"},{"taxonomy":"vip","embeddable":true,"href":"https:\/\/www.gossip.it\/api\/wp\/v2\/vip?post=70044"}],"curies":[{"name":"wp","href":"https:\/\/api.w.org\/{rel}","templated":true}]}}