{"id":70230,"date":"2021-08-12T00:00:00","date_gmt":"2021-08-11T22:00:00","guid":{"rendered":"https:\/\/www.gossip.it\/senza-categoria\/belen-appare-qualche-rughetta-che-bello-invecchiare-felici\/"},"modified":"2021-08-12T00:00:00","modified_gmt":"2021-08-11T22:00:00","slug":"belen-appare-qualche-rughetta-che-bello-invecchiare-felici","status":"publish","type":"post","link":"https:\/\/www.gossip.it\/news\/belen-appare-qualche-rughetta-che-bello-invecchiare-felici\/","title":{"rendered":"Belen, appare qualche rughetta: 'Che bello invecchiare felici\u2019"},"content":{"rendered":"<p><a href=\"\/vip\/belen-rodriguez\/\">Belen Rodriguez<\/a> \u00e8 contenta di stare invecchiando <em>\u201cfelice\u201d<\/em>. La showgirl nelle ultime ore ha condiviso alcuni scatti della sua vacanza ad <strong>Albarella<\/strong>, in Veneto, dove praticamente si \u00e8 trasferita da oltre un mese met\u00e0 della sua famiglia. Da giugno la 36enne di origini argentine non fa pi\u00f9 base a Milano, ma nella cittadina sull\u2019Adriatico. Un utente di Instagram ha per\u00f2 notato che negli scatti si intravede qualche <strong>rughetta<\/strong> intorno ai bellissimi occhi di Belen e ha commentato in modo molto poco gentile. A questo punto un\u2019altra follower \u00e8 intervenuta in difesa della Rodriguez, che ha voluto poi risponderle.<\/p>\n<figure class=\"caption\"><img decoding=\"async\" alt=\"Belene Rodriguez, 36 anni, posta questa foto e un'utente commenta in modo poco elegante che le si vede qualche rughetta intorno agli occhi\" width=\"640\" height=\"839\" src=\"https:\/\/files.gossip.it\/immagini_news\/2021\/08\/1628778614_belen_rodriguez_rughe.jpg\" \/><figcaption>Belene Rodriguez, 36 anni, posta questa foto e un'utente commenta in modo poco elegante che le si vede qualche rughetta intorno agli occhi<\/figcaption><\/figure>\n<p>Belen ha scritto: <em>\u201cLascia stare, \u00e8 gente <strong>frustrata<\/strong>. Come se invecchiare fosse una cosa di cui vergognarsi. <strong>Invecchiare felici <\/strong>\u00e8 la cosa pi\u00f9 nobile di questo mondo! Il problema \u00e8 la gente che diventa grande con quella testa! Mamma quello s\u00ec che mi spaventa!\u201d<\/em>.<\/p>\n<p>Insomma, per la neomamma bis (\u00e8 diventata genitore della piccola <strong>Luna Mar\u00ec<\/strong> da appena un mese) la cosa pi\u00f9 importante \u00e8 essere sereni ed evolvere con il tempo. Lei lo sta facendo.<\/p>\n<p>Intanto solo l\u2019altro giorno il compagno <a href=\"\/vip\/antonino-spinalbese\/\">Antonino Spinalbese<\/a>, che ha 10 anni meno di lei, ha rivelato di stare chiedendole di sposarlo praticamente tutti i giorni. Al momento per\u00f2 le <strong>nozze<\/strong> non sono in programma. Forse dopo l\u2019esperienza con Stefano De Martino, Belen potrebbe ritenere che mettere la fede al dito non sia poi cos\u00ec fondamentale\u2026<\/p>\n","protected":false},"excerpt":{"rendered":"<p>Belen Rodriguez \u00e8 contenta di stare invecchiando \u201cfelice\u201d. La showgirl nelle ultime ore ha condiviso alcuni scatti della sua vacanza ad Albarella, in Veneto, dove praticamente si \u00e8 trasferita da oltre un mese met\u00e0 della sua famiglia. Da giugno la 36enne di origini argentine non fa pi\u00f9 base a Milano, ma nella cittadina sull\u2019Adriatico. Un [&hellip;]<\/p>\n","protected":false},"author":1,"featured_media":126276,"comment_status":"closed","ping_status":"closed","sticky":false,"template":"","format":"standard","meta":{"footnotes":""},"categories":[54],"tags":[13374],"vip":[396],"class_list":["post-70230","post","type-post","status-publish","format-standard","has-post-thumbnail","hentry","category-news","tag-antonino-spinalbese","vip-belen_rodriguez"],"yoast_head":"<title>Belen, appare qualche rughetta: &#039;Che bello invecchiare felici\u2019 - Gossip.it | News sul Gossip e VIP<\/title>\n<meta name=\"description\" content=\"Belen Rodriguez \u00e8 contenta di stare invecchiando \u201cfelice\u201d. La showgirl nelle ultime ore ha condiviso alcuni scatti della sua vacanza ad Albarella, in\" \/>\n<meta name=\"robots\" content=\"index, follow, max-snippet:-1, max-image-preview:large, max-video-preview:-1\" \/>\n<link rel=\"canonical\" href=\"https:\/\/www.gossip.it\/news\/belen-appare-qualche-rughetta-che-bello-invecchiare-felici\/\" \/>\n<meta property=\"og:locale\" content=\"it_IT\" \/>\n<meta property=\"og:type\" content=\"article\" \/>\n<meta property=\"og:title\" content=\"Belen, appare qualche rughetta: &#039;Che bello invecchiare felici\u2019 - Gossip.it | News sul Gossip e VIP\" \/>\n<meta property=\"og:description\" content=\"Belen Rodriguez \u00e8 contenta di stare invecchiando \u201cfelice\u201d. La showgirl nelle ultime ore ha condiviso alcuni scatti della sua vacanza ad Albarella, in\" \/>\n<meta property=\"og:url\" content=\"https:\/\/www.gossip.it\/news\/belen-appare-qualche-rughetta-che-bello-invecchiare-felici\/\" \/>\n<meta property=\"og:site_name\" content=\"Gossip.it | News sul Gossip e VIP\" \/>\n<meta property=\"article:publisher\" content=\"https:\/\/www.facebook.com\/GossipIT\" \/>\n<meta property=\"article:published_time\" content=\"2021-08-11T22:00:00+00:00\" \/>\n<meta property=\"og:image\" content=\"https:\/\/files.gossip.it\/immagini_news\/2021\/08\/1628778614_belen_rodriguez_rughe.jpg\" \/>\n<meta name=\"author\" content=\"La Redazione\" \/>\n<meta name=\"twitter:card\" content=\"summary_large_image\" \/>\n<meta name=\"twitter:image\" content=\"https:\/\/files.gossip.it\/immagini_news\/2021\/08\/1628778614_belen_rodriguez_rughe.jpg\" \/>\n<meta name=\"twitter:creator\" content=\"@gossinews_it\" \/>\n<meta name=\"twitter:site\" content=\"@gossinews_it\" \/>\n<meta name=\"twitter:label1\" content=\"Scritto da\" \/>\n\t<meta name=\"twitter:data1\" content=\"la Redazione\" \/>\n\t<meta name=\"twitter:label2\" content=\"Tempo di lettura stimato\" \/>\n\t<meta name=\"twitter:data2\" content=\"1 minuto\" \/>","yoast_head_json":{"title":"Belen, appare qualche rughetta: 'Che bello invecchiare felici\u2019 - Gossip.it | News sul Gossip e VIP","description":"Belen Rodriguez \u00e8 contenta di stare invecchiando \u201cfelice\u201d. La showgirl nelle ultime ore ha condiviso alcuni scatti della sua vacanza ad Albarella, in","robots":{"index":"index","follow":"follow","max-snippet":"max-snippet:-1","max-image-preview":"max-image-preview:large","max-video-preview":"max-video-preview:-1"},"canonical":"https:\/\/www.gossip.it\/news\/belen-appare-qualche-rughetta-che-bello-invecchiare-felici\/","og_locale":"it_IT","og_type":"article","og_title":"Belen, appare qualche rughetta: 'Che bello invecchiare felici\u2019 - Gossip.it | News sul Gossip e VIP","og_description":"Belen Rodriguez \u00e8 contenta di stare invecchiando \u201cfelice\u201d. La showgirl nelle ultime ore ha condiviso alcuni scatti della sua vacanza ad Albarella, in","og_url":"https:\/\/www.gossip.it\/news\/belen-appare-qualche-rughetta-che-bello-invecchiare-felici\/","og_site_name":"Gossip.it | News sul Gossip e VIP","article_publisher":"https:\/\/www.facebook.com\/GossipIT","article_published_time":"2021-08-11T22:00:00+00:00","og_image":[{"url":"https:\/\/files.gossip.it\/immagini_news\/2021\/08\/1628778614_belen_rodriguez_rughe.jpg"}],"author":"La Redazione","twitter_card":"summary_large_image","twitter_image":"https:\/\/files.gossip.it\/immagini_news\/2021\/08\/1628778614_belen_rodriguez_rughe.jpg","twitter_creator":"@gossinews_it","twitter_site":"@gossinews_it","twitter_misc":{"Scritto da":"la Redazione","Tempo di lettura stimato":"1 minuto"},"schema":{"@context":"https:\/\/schema.org","@graph":[{"@type":"Article","@id":"https:\/\/www.gossip.it\/news\/belen-appare-qualche-rughetta-che-bello-invecchiare-felici\/#article","isPartOf":{"@id":"https:\/\/www.gossip.it\/news\/belen-appare-qualche-rughetta-che-bello-invecchiare-felici\/"},"author":{"name":"La Redazione","@id":"https:\/\/www.gossip.it\/#\/schema\/person\/488896f75158bff1cc83c6c39d141110"},"headline":"Belen, appare qualche rughetta: 'Che bello invecchiare felici\u2019","datePublished":"2021-08-11T22:00:00+00:00","dateModified":"2021-08-11T22:00:00+00:00","mainEntityOfPage":{"@id":"https:\/\/www.gossip.it\/news\/belen-appare-qualche-rughetta-che-bello-invecchiare-felici\/"},"wordCount":256,"publisher":{"@id":"https:\/\/www.gossip.it\/#organization"},"image":{"@id":"https:\/\/www.gossip.it\/news\/belen-appare-qualche-rughetta-che-bello-invecchiare-felici\/#primaryimage"},"thumbnailUrl":"https:\/\/files.gossip.it\/immagini_news\/2021\/08\/1628778614_belen_rodriguez_rughe.jpg","keywords":["antonino spinalbese"],"articleSection":["News"],"inLanguage":"it-IT"},{"@type":"WebPage","@id":"https:\/\/www.gossip.it\/news\/belen-appare-qualche-rughetta-che-bello-invecchiare-felici\/","url":"https:\/\/www.gossip.it\/news\/belen-appare-qualche-rughetta-che-bello-invecchiare-felici\/","name":"Belen, appare qualche rughetta: 'Che bello invecchiare felici\u2019 - Gossip.it | News sul Gossip e VIP","isPartOf":{"@id":"https:\/\/www.gossip.it\/#website"},"primaryImageOfPage":{"@id":"https:\/\/www.gossip.it\/news\/belen-appare-qualche-rughetta-che-bello-invecchiare-felici\/#primaryimage"},"image":{"@id":"https:\/\/www.gossip.it\/news\/belen-appare-qualche-rughetta-che-bello-invecchiare-felici\/#primaryimage"},"thumbnailUrl":"https:\/\/files.gossip.it\/immagini_news\/2021\/08\/1628778614_belen_rodriguez_rughe.jpg","datePublished":"2021-08-11T22:00:00+00:00","dateModified":"2021-08-11T22:00:00+00:00","description":"Belen Rodriguez \u00e8 contenta di stare invecchiando \u201cfelice\u201d. La showgirl nelle ultime ore ha condiviso alcuni scatti della sua vacanza ad Albarella, in","breadcrumb":{"@id":"https:\/\/www.gossip.it\/news\/belen-appare-qualche-rughetta-che-bello-invecchiare-felici\/#breadcrumb"},"inLanguage":"it-IT","potentialAction":[{"@type":"ReadAction","target":["https:\/\/www.gossip.it\/news\/belen-appare-qualche-rughetta-che-bello-invecchiare-felici\/"]}]},{"@type":"ImageObject","inLanguage":"it-IT","@id":"https:\/\/www.gossip.it\/news\/belen-appare-qualche-rughetta-che-bello-invecchiare-felici\/#primaryimage","url":"https:\/\/files.gossip.it\/immagini_news\/2021\/08\/1628778614_belen_rodriguez_rughe.jpg","contentUrl":"https:\/\/files.gossip.it\/immagini_news\/2021\/08\/1628778614_belen_rodriguez_rughe.jpg"},{"@type":"BreadcrumbList","@id":"https:\/\/www.gossip.it\/news\/belen-appare-qualche-rughetta-che-bello-invecchiare-felici\/#breadcrumb","itemListElement":[{"@type":"ListItem","position":1,"name":"Home","item":"https:\/\/www.gossip.it\/"},{"@type":"ListItem","position":2,"name":"Belen, appare qualche rughetta: 'Che bello invecchiare felici\u2019"}]},{"@type":"WebSite","@id":"https:\/\/www.gossip.it\/#website","url":"https:\/\/www.gossip.it\/","name":"Gossip and VIP News","description":"Quotidiano di cronaca rosa, costume e societ\u00e0","publisher":{"@id":"https:\/\/www.gossip.it\/#organization"},"alternateName":"Gossip and VIP News","potentialAction":[{"@type":"SearchAction","target":{"@type":"EntryPoint","urlTemplate":"https:\/\/www.gossip.it\/?s={search_term_string}"},"query-input":{"@type":"PropertyValueSpecification","valueRequired":true,"valueName":"search_term_string"}}],"inLanguage":"it-IT"},{"@type":"Organization","@id":"https:\/\/www.gossip.it\/#organization","name":"Gossip and VIP News","alternateName":"Gossip News","url":"https:\/\/www.gossip.it\/","logo":{"@type":"ImageObject","inLanguage":"it-IT","@id":"https:\/\/www.gossip.it\/#\/schema\/logo\/image\/","url":"https:\/\/www.gossip.it\/wp-content\/uploads\/2022\/04\/cropped-corna-alta-tiny.png","contentUrl":"https:\/\/www.gossip.it\/wp-content\/uploads\/2022\/04\/cropped-corna-alta-tiny.png","width":512,"height":512,"caption":"Gossip and VIP News"},"image":{"@id":"https:\/\/www.gossip.it\/#\/schema\/logo\/image\/"},"sameAs":["https:\/\/www.facebook.com\/GossipIT","https:\/\/x.com\/gossinews_it","https:\/\/instagram.com\/gossip_it"]},{"@type":"Person","@id":"https:\/\/www.gossip.it\/#\/schema\/person\/488896f75158bff1cc83c6c39d141110","name":"La Redazione","image":{"@type":"ImageObject","inLanguage":"it-IT","@id":"https:\/\/www.gossip.it\/#\/schema\/person\/image\/","url":"https:\/\/secure.gravatar.com\/avatar\/5a5f5c6fa3e6700e4249abdad0263a1e94e927d9e0499b1cb09c1cd29c044d80?s=96&d=mm&r=g","contentUrl":"https:\/\/secure.gravatar.com\/avatar\/5a5f5c6fa3e6700e4249abdad0263a1e94e927d9e0499b1cb09c1cd29c044d80?s=96&d=mm&r=g","caption":"La Redazione"},"sameAs":["https:\/\/www.gossip.it"]}]}},"amp_enabled":true,"_links":{"self":[{"href":"https:\/\/www.gossip.it\/api\/wp\/v2\/posts\/70230","targetHints":{"allow":["GET"]}}],"collection":[{"href":"https:\/\/www.gossip.it\/api\/wp\/v2\/posts"}],"about":[{"href":"https:\/\/www.gossip.it\/api\/wp\/v2\/types\/post"}],"author":[{"embeddable":true,"href":"https:\/\/www.gossip.it\/api\/wp\/v2\/users\/1"}],"replies":[{"embeddable":true,"href":"https:\/\/www.gossip.it\/api\/wp\/v2\/comments?post=70230"}],"version-history":[{"count":0,"href":"https:\/\/www.gossip.it\/api\/wp\/v2\/posts\/70230\/revisions"}],"wp:featuredmedia":[{"embeddable":true,"href":"https:\/\/www.gossip.it\/api\/wp\/v2\/media\/126276"}],"wp:attachment":[{"href":"https:\/\/www.gossip.it\/api\/wp\/v2\/media?parent=70230"}],"wp:term":[{"taxonomy":"category","embeddable":true,"href":"https:\/\/www.gossip.it\/api\/wp\/v2\/categories?post=70230"},{"taxonomy":"post_tag","embeddable":true,"href":"https:\/\/www.gossip.it\/api\/wp\/v2\/tags?post=70230"},{"taxonomy":"vip","embeddable":true,"href":"https:\/\/www.gossip.it\/api\/wp\/v2\/vip?post=70230"}],"curies":[{"name":"wp","href":"https:\/\/api.w.org\/{rel}","templated":true}]}}