{"id":70255,"date":"2021-08-23T00:00:00","date_gmt":"2021-08-22T22:00:00","guid":{"rendered":"https:\/\/www.gossip.it\/senza-categoria\/ballando-ballerina-incinta\/"},"modified":"2021-08-23T00:00:00","modified_gmt":"2021-08-22T22:00:00","slug":"ballando-ballerina-incinta","status":"publish","type":"post","link":"https:\/\/www.gossip.it\/news\/ballando-ballerina-incinta\/","title":{"rendered":"'Ballando' dopo Todaro perde un altro pezzo, una famosa ballerina \u00e8 incinta: ecco chi \u00e8"},"content":{"rendered":"<p><strong><em>Ballando con le stelle<\/em><\/strong> perde un altro pezzo dopo l\u2019addio di Raimondo Todaro, una famosa <strong>ballerina<\/strong> del talent show firmato da <a href=\"\/vip\/milly-carlucci\/\">Milly Carlucci<\/a> \u00e8 <strong>incinta<\/strong>. L\u2019annuncio arriva a sorpresa sul social, con tanto di foto col pancione esplosivo: <a href=\"\/vip\/veera-kinnunen\/\">Veera Kinnunen<\/a> aspetta il primo figlio dal fidanzato Salvatore Mingoia.<\/p>\n<figure class=\"caption\"><img decoding=\"async\" alt=\"'Ballando' dopo Todaro perde un altro pezzo, una famosa ballerina \u00e8 incinta: ecco chi \u00e8\" width=\"640\" height=\"789\" src=\"https:\/\/files.gossip.it\/immagini_news\/2021\/08\/1629715868_vera1.jpg\" \/><figcaption>'Ballando' dopo Todaro perde un altro pezzo, una famosa ballerina \u00e8 incinta: ecco chi \u00e8<\/figcaption><\/figure>\n<p><em>\u201cDifficile mantenere il segreto\u201d,<\/em> sottolinea la bella bionda, danzatrice professionista da anni nel programma di Rai Uno, che mostra il ventre arrotondato felice. Il compagno glielo bacia con amore: la coppia \u00e8 al settimo cielo.<\/p>\n<p><em>\u201cAspettandoti. E\u2019 stato difficile mantenere il segreto. Specialmente per la nonna e la zia Anastasia Kuzmina\u201d<\/em>, scrive la ballerina. E subito aggiuge: <em>\u201cQueste foto sono state fatte settimane fa, quindi sei cresciuto gi\u00e0 tanto. Finalmente possiamo condividere con voi questa nostra gioia\u201d.<\/em><\/p>\n<figure class=\"caption\"><img decoding=\"async\" alt=\"\" width=\"640\" height=\"789\" src=\"https:\/\/files.gossip.it\/immagini_news\/2021\/08\/1629715894_vera3.jpg\" \/><figcaption>Veera Kinnunen aspetta il primo figlio dal fidanzato Salvatore Mingoia<\/figcaption><\/figure>\n<p>La ballerina \u00e8 stata immediatamente sommersa dagli auguri, con tanto di commenti estasiati per la splendida notizia della cicogna in arrivo:\u00a0<a href=\"\/vip\/samanta-togni\/\">Samanta Togni<\/a>, <a href=\"\/vip\/alessandra-tripoli\/\">Alessandra Tripoli<\/a>, Tinna Hoffman, <a href=\"\/vip\/samuel-peron\/\">Samuel Peron<\/a>, <a href=\"\/vip\/raimondo-todaro\/\">Raimondo Todaro<\/a>, <a href=\"\/vip\/selvaggia-lucarell\/\">Selvaggia Lucarell<\/a>i sono stati tutti entusiasti per la sua gravidanza.<\/p>\n<figure class=\"caption\"><img decoding=\"async\" alt=\"\" width=\"640\" height=\"789\" src=\"https:\/\/files.gossip.it\/immagini_news\/2021\/08\/1629715923_vera2.jpg\" \/><figcaption>La coppia, insieme da un circa un anno, \u00e8 al settimo cielo<\/figcaption><\/figure>\n<p>Veera Kinnunen, 35 anni, e Salvatore Mingoia, 28 anni, sono una coppia da circa un anno: stanno insieme da maggio 2020. Classe 1993, il ragazzo \u00e8 uno sportivo, un judoka. La svedese di origine finlandese \u00e8 stata fidanzata per pi\u00f9 di dieci anni con il collega ballerino <a href=\"\/vip\/stefano-oradei\/\">Stefano Oradei<\/a>, nel 2019 \u00e8 arrivata la rottura a causa della passione appena nata con il calciatore argentino <em>Dani Osvaldo<\/em>, conosciuto durante <em><strong>Ballando<\/strong><\/em>, la storia, per\u00f2, \u00e8 durata solo qualche mese. Poi, grazie al nuovo amore, ecco arrivare la felicit\u00e0.<\/p>\n<p>\u00a0<\/p>\n<p>\u00a0<\/p>\n<p>\u00a0<\/p>\n","protected":false},"excerpt":{"rendered":"<p>Ballando con le stelle perde un altro pezzo dopo l\u2019addio di Raimondo Todaro, una famosa ballerina del talent show firmato da Milly Carlucci \u00e8 incinta. L\u2019annuncio arriva a sorpresa sul social, con tanto di foto col pancione esplosivo: Veera Kinnunen aspetta il primo figlio dal fidanzato Salvatore Mingoia. 'Ballando' dopo Todaro perde un altro pezzo, [&hellip;]<\/p>\n","protected":false},"author":1,"featured_media":126301,"comment_status":"closed","ping_status":"closed","sticky":false,"template":"","format":"standard","meta":{"footnotes":""},"categories":[54],"tags":[1917,5001,2440,2181,2094,2121,4812,1923,10004,10003],"vip":[],"class_list":["post-70255","post","type-post","status-publish","format-standard","has-post-thumbnail","hentry","category-news","tag-annuncio","tag-ballando","tag-ballando-con-le-stelle","tag-gravidanza","tag-incinta","tag-instagram","tag-pancione","tag-social","tag-stefano-oradei","tag-veera-kinnunen"],"yoast_head":"<title>&#039;Ballando&#039; dopo Todaro perde un altro pezzo, una famosa ballerina \u00e8 incinta: ecco chi \u00e8 - Gossip.it | News sul Gossip e VIP<\/title>\n<meta name=\"description\" content=\"Ballando con le stelle perde un altro pezzo dopo l\u2019addio di Raimondo Todaro, una famosa ballerina del talent show firmato da Milly Carlucci \u00e8 incinta.\" \/>\n<meta name=\"robots\" content=\"index, follow, max-snippet:-1, max-image-preview:large, max-video-preview:-1\" \/>\n<link rel=\"canonical\" href=\"https:\/\/www.gossip.it\/news\/ballando-ballerina-incinta\/\" \/>\n<meta property=\"og:locale\" content=\"it_IT\" \/>\n<meta property=\"og:type\" content=\"article\" \/>\n<meta property=\"og:title\" content=\"&#039;Ballando&#039; dopo Todaro perde un altro pezzo, una famosa ballerina \u00e8 incinta: ecco chi \u00e8 - Gossip.it | News sul Gossip e VIP\" \/>\n<meta property=\"og:description\" content=\"Ballando con le stelle perde un altro pezzo dopo l\u2019addio di Raimondo Todaro, una famosa ballerina del talent show firmato da Milly Carlucci \u00e8 incinta.\" \/>\n<meta property=\"og:url\" content=\"https:\/\/www.gossip.it\/news\/ballando-ballerina-incinta\/\" \/>\n<meta property=\"og:site_name\" content=\"Gossip.it | News sul Gossip e VIP\" \/>\n<meta property=\"article:publisher\" content=\"https:\/\/www.facebook.com\/GossipIT\" \/>\n<meta property=\"article:published_time\" content=\"2021-08-22T22:00:00+00:00\" \/>\n<meta property=\"og:image\" content=\"https:\/\/files.gossip.it\/immagini_news\/2021\/08\/1629715868_vera1.jpg\" \/>\n<meta name=\"author\" content=\"La Redazione\" \/>\n<meta name=\"twitter:card\" content=\"summary_large_image\" \/>\n<meta name=\"twitter:image\" content=\"https:\/\/files.gossip.it\/immagini_news\/2021\/08\/1629715868_vera1.jpg\" \/>\n<meta name=\"twitter:creator\" content=\"@gossinews_it\" \/>\n<meta name=\"twitter:site\" content=\"@gossinews_it\" \/>\n<meta name=\"twitter:label1\" content=\"Scritto da\" \/>\n\t<meta name=\"twitter:data1\" content=\"Annamaria Capozzi\" \/>\n\t<meta name=\"twitter:label2\" content=\"Tempo di lettura stimato\" \/>\n\t<meta name=\"twitter:data2\" content=\"1 minuto\" \/>","yoast_head_json":{"title":"'Ballando' dopo Todaro perde un altro pezzo, una famosa ballerina \u00e8 incinta: ecco chi \u00e8 - Gossip.it | News sul Gossip e VIP","description":"Ballando con le stelle perde un altro pezzo dopo l\u2019addio di Raimondo Todaro, una famosa ballerina del talent show firmato da Milly Carlucci \u00e8 incinta.","robots":{"index":"index","follow":"follow","max-snippet":"max-snippet:-1","max-image-preview":"max-image-preview:large","max-video-preview":"max-video-preview:-1"},"canonical":"https:\/\/www.gossip.it\/news\/ballando-ballerina-incinta\/","og_locale":"it_IT","og_type":"article","og_title":"'Ballando' dopo Todaro perde un altro pezzo, una famosa ballerina \u00e8 incinta: ecco chi \u00e8 - Gossip.it | News sul Gossip e VIP","og_description":"Ballando con le stelle perde un altro pezzo dopo l\u2019addio di Raimondo Todaro, una famosa ballerina del talent show firmato da Milly Carlucci \u00e8 incinta.","og_url":"https:\/\/www.gossip.it\/news\/ballando-ballerina-incinta\/","og_site_name":"Gossip.it | News sul Gossip e VIP","article_publisher":"https:\/\/www.facebook.com\/GossipIT","article_published_time":"2021-08-22T22:00:00+00:00","og_image":[{"url":"https:\/\/files.gossip.it\/immagini_news\/2021\/08\/1629715868_vera1.jpg"}],"author":"La Redazione","twitter_card":"summary_large_image","twitter_image":"https:\/\/files.gossip.it\/immagini_news\/2021\/08\/1629715868_vera1.jpg","twitter_creator":"@gossinews_it","twitter_site":"@gossinews_it","twitter_misc":{"Scritto da":"Annamaria Capozzi","Tempo di lettura stimato":"1 minuto"},"schema":{"@context":"https:\/\/schema.org","@graph":[{"@type":"Article","@id":"https:\/\/www.gossip.it\/news\/ballando-ballerina-incinta\/#article","isPartOf":{"@id":"https:\/\/www.gossip.it\/news\/ballando-ballerina-incinta\/"},"author":{"name":"La Redazione","@id":"https:\/\/www.gossip.it\/#\/schema\/person\/488896f75158bff1cc83c6c39d141110"},"headline":"'Ballando' dopo Todaro perde un altro pezzo, una famosa ballerina \u00e8 incinta: ecco chi \u00e8","datePublished":"2021-08-22T22:00:00+00:00","dateModified":"2021-08-22T22:00:00+00:00","mainEntityOfPage":{"@id":"https:\/\/www.gossip.it\/news\/ballando-ballerina-incinta\/"},"wordCount":290,"publisher":{"@id":"https:\/\/www.gossip.it\/#organization"},"image":{"@id":"https:\/\/www.gossip.it\/news\/ballando-ballerina-incinta\/#primaryimage"},"thumbnailUrl":"https:\/\/files.gossip.it\/immagini_news\/2021\/08\/1629715868_vera1.jpg","keywords":["annuncio","ballando","ballando con le stelle","gravidanza","incinta","instagram","pancione","social","Stefano Oradei","Veera Kinnunen"],"articleSection":["News"],"inLanguage":"it-IT"},{"@type":"WebPage","@id":"https:\/\/www.gossip.it\/news\/ballando-ballerina-incinta\/","url":"https:\/\/www.gossip.it\/news\/ballando-ballerina-incinta\/","name":"'Ballando' dopo Todaro perde un altro pezzo, una famosa ballerina \u00e8 incinta: ecco chi \u00e8 - Gossip.it | News sul Gossip e VIP","isPartOf":{"@id":"https:\/\/www.gossip.it\/#website"},"primaryImageOfPage":{"@id":"https:\/\/www.gossip.it\/news\/ballando-ballerina-incinta\/#primaryimage"},"image":{"@id":"https:\/\/www.gossip.it\/news\/ballando-ballerina-incinta\/#primaryimage"},"thumbnailUrl":"https:\/\/files.gossip.it\/immagini_news\/2021\/08\/1629715868_vera1.jpg","datePublished":"2021-08-22T22:00:00+00:00","dateModified":"2021-08-22T22:00:00+00:00","description":"Ballando con le stelle perde un altro pezzo dopo l\u2019addio di Raimondo Todaro, una famosa ballerina del talent show firmato da Milly Carlucci \u00e8 incinta.","breadcrumb":{"@id":"https:\/\/www.gossip.it\/news\/ballando-ballerina-incinta\/#breadcrumb"},"inLanguage":"it-IT","potentialAction":[{"@type":"ReadAction","target":["https:\/\/www.gossip.it\/news\/ballando-ballerina-incinta\/"]}]},{"@type":"ImageObject","inLanguage":"it-IT","@id":"https:\/\/www.gossip.it\/news\/ballando-ballerina-incinta\/#primaryimage","url":"https:\/\/files.gossip.it\/immagini_news\/2021\/08\/1629715868_vera1.jpg","contentUrl":"https:\/\/files.gossip.it\/immagini_news\/2021\/08\/1629715868_vera1.jpg"},{"@type":"BreadcrumbList","@id":"https:\/\/www.gossip.it\/news\/ballando-ballerina-incinta\/#breadcrumb","itemListElement":[{"@type":"ListItem","position":1,"name":"Home","item":"https:\/\/www.gossip.it\/"},{"@type":"ListItem","position":2,"name":"'Ballando' dopo Todaro perde un altro pezzo, una famosa ballerina \u00e8 incinta: ecco chi \u00e8"}]},{"@type":"WebSite","@id":"https:\/\/www.gossip.it\/#website","url":"https:\/\/www.gossip.it\/","name":"Gossip and VIP News","description":"Quotidiano di cronaca rosa, costume e societ\u00e0","publisher":{"@id":"https:\/\/www.gossip.it\/#organization"},"alternateName":"Gossip and VIP News","potentialAction":[{"@type":"SearchAction","target":{"@type":"EntryPoint","urlTemplate":"https:\/\/www.gossip.it\/?s={search_term_string}"},"query-input":{"@type":"PropertyValueSpecification","valueRequired":true,"valueName":"search_term_string"}}],"inLanguage":"it-IT"},{"@type":"Organization","@id":"https:\/\/www.gossip.it\/#organization","name":"Gossip and VIP News","alternateName":"Gossip News","url":"https:\/\/www.gossip.it\/","logo":{"@type":"ImageObject","inLanguage":"it-IT","@id":"https:\/\/www.gossip.it\/#\/schema\/logo\/image\/","url":"https:\/\/www.gossip.it\/wp-content\/uploads\/2022\/04\/cropped-corna-alta-tiny.png","contentUrl":"https:\/\/www.gossip.it\/wp-content\/uploads\/2022\/04\/cropped-corna-alta-tiny.png","width":512,"height":512,"caption":"Gossip and VIP News"},"image":{"@id":"https:\/\/www.gossip.it\/#\/schema\/logo\/image\/"},"sameAs":["https:\/\/www.facebook.com\/GossipIT","https:\/\/x.com\/gossinews_it","https:\/\/instagram.com\/gossip_it"]},{"@type":"Person","@id":"https:\/\/www.gossip.it\/#\/schema\/person\/488896f75158bff1cc83c6c39d141110","name":"La Redazione","image":{"@type":"ImageObject","inLanguage":"it-IT","@id":"https:\/\/www.gossip.it\/#\/schema\/person\/image\/","url":"https:\/\/secure.gravatar.com\/avatar\/5a5f5c6fa3e6700e4249abdad0263a1e94e927d9e0499b1cb09c1cd29c044d80?s=96&d=mm&r=g","contentUrl":"https:\/\/secure.gravatar.com\/avatar\/5a5f5c6fa3e6700e4249abdad0263a1e94e927d9e0499b1cb09c1cd29c044d80?s=96&d=mm&r=g","caption":"La Redazione"},"sameAs":["https:\/\/www.gossip.it"]}]}},"amp_enabled":true,"_links":{"self":[{"href":"https:\/\/www.gossip.it\/api\/wp\/v2\/posts\/70255","targetHints":{"allow":["GET"]}}],"collection":[{"href":"https:\/\/www.gossip.it\/api\/wp\/v2\/posts"}],"about":[{"href":"https:\/\/www.gossip.it\/api\/wp\/v2\/types\/post"}],"author":[{"embeddable":true,"href":"https:\/\/www.gossip.it\/api\/wp\/v2\/users\/1"}],"replies":[{"embeddable":true,"href":"https:\/\/www.gossip.it\/api\/wp\/v2\/comments?post=70255"}],"version-history":[{"count":0,"href":"https:\/\/www.gossip.it\/api\/wp\/v2\/posts\/70255\/revisions"}],"wp:featuredmedia":[{"embeddable":true,"href":"https:\/\/www.gossip.it\/api\/wp\/v2\/media\/126301"}],"wp:attachment":[{"href":"https:\/\/www.gossip.it\/api\/wp\/v2\/media?parent=70255"}],"wp:term":[{"taxonomy":"category","embeddable":true,"href":"https:\/\/www.gossip.it\/api\/wp\/v2\/categories?post=70255"},{"taxonomy":"post_tag","embeddable":true,"href":"https:\/\/www.gossip.it\/api\/wp\/v2\/tags?post=70255"},{"taxonomy":"vip","embeddable":true,"href":"https:\/\/www.gossip.it\/api\/wp\/v2\/vip?post=70255"}],"curies":[{"name":"wp","href":"https:\/\/api.w.org\/{rel}","templated":true}]}}