{"id":70313,"date":"2021-08-31T00:00:00","date_gmt":"2021-08-30T22:00:00","guid":{"rendered":"https:\/\/www.gossip.it\/senza-categoria\/serenarossi-madrina-venezia-78-foto\/"},"modified":"2021-08-31T00:00:00","modified_gmt":"2021-08-30T22:00:00","slug":"serenarossi-madrina-venezia-78-foto","status":"publish","type":"post","link":"https:\/\/www.gossip.it\/news\/serenarossi-madrina-venezia-78-foto\/","title":{"rendered":"Serena Rossi, madrina a Venezia 78, arriva al Lido: foto del look"},"content":{"rendered":"<p><a href=\"\/vip\/serena-rossi\/\">Serena Rossi<\/a> arriva al Lido. La <strong>madrina<\/strong> di <strong>Venezia 78<\/strong> domani aprir\u00e0 la nuova edizione della Mostra del Cinema, in scena fino all\u201911 settembre. E\u2019 radiosa. L\u2019attrice 36enne sorride ed euforica posa per i tanti fotografi presenti davanti all\u2019Hotel Excelsior Venice Lido Resort. In <strong>foto<\/strong> la immortalano con il suo strepitoso look super chic: la mora napoletana indossa camicia in seta e pantaloni larghi, tutto firmato <a href=\"\/vip\/giorgio-armani\/\">Giorgio Armani<\/a>. Capelli raccolti e trucco minimal.<\/p>\n<figure class=\"caption\"><img decoding=\"async\" alt=\"Serena Rossi, madrina a Venezia 78, arriva al Lido: foto del look\" width=\"640\" height=\"734\" src=\"https:\/\/files.gossip.it\/immagini_news\/2021\/08\/1630416687_serena_rossi_madrina_venezia.jpg\" \/><figcaption>Serena Rossi, madrina a Venezia 78, arriva al Lido: foto del look<\/figcaption><\/figure>\n<p><strong>Serena Rossi <\/strong>\u00e8 emozionata e onorata di essere <strong>madrina<\/strong> di <strong>Venezia 78<\/strong>. \"<em>Scrivo e riscrivo il testo da settimane<\/em> - racconta l'attrice -\u00a0<em>me lo ripeto mentre faccio la spesa o preparo la cena...\u00a0non siamo in una bolla, comincia un'avventura bellissima tra decine di film di tutto il mondo, ma questo mondo \u00e8 in fiamme e io sento di dover dire anche questo, magari uscir\u00f2 fuori dai canoni ma sento di doverlo fare\u201d.<\/em><\/p>\n<p>E aggiunge: <em>\u201cLa Mostra \u00e8 un evento culturale, ma questo palcoscenico della Sala Grande del Palazzo del Cinema offre anche l'occasione per parlare della realt\u00e0\u00a0che ci circonda e alla quale noi del cinema non siamo indifferenti solo perch\u00e9\u00a0viviamo in una bolla e tanti film ne saranno ulteriore testimonianza, affrontando temi come la violenza di genere, le guerre dimenticate, la dimensione esistenziale dei rifugiati e tanto altro\u201d.<\/em><\/p>\n<p>Poi fa sapere:<em> \u201dSar\u00f2 qui tutto il periodo della Mostra e cercher\u00f2 di non perdere un film, ne far\u00f2\u00a0scorpacciata\u201d.<\/em><\/p>\n<p>\u00a0<\/p>\n<p>\u00a0<\/p>\n","protected":false},"excerpt":{"rendered":"<p>Serena Rossi arriva al Lido. La madrina di Venezia 78 domani aprir\u00e0 la nuova edizione della Mostra del Cinema, in scena fino all\u201911 settembre. E\u2019 radiosa. L\u2019attrice 36enne sorride ed euforica posa per i tanti fotografi presenti davanti all\u2019Hotel Excelsior Venice Lido Resort. In foto la immortalano con il suo strepitoso look super chic: la [&hellip;]<\/p>\n","protected":false},"author":1,"featured_media":126359,"comment_status":"closed","ping_status":"closed","sticky":false,"template":"","format":"standard","meta":{"footnotes":""},"categories":[54],"tags":[1983,3182,3254],"vip":[1672],"class_list":["post-70313","post","type-post","status-publish","format-standard","has-post-thumbnail","hentry","category-news","tag-attrice","tag-madrina","tag-mostra-del-cinema","vip-serena_rossi"],"yoast_head":"<title>Serena Rossi, madrina a Venezia 78, arriva al Lido: foto del look - Gossip.it | News sul Gossip e VIP<\/title>\n<meta name=\"description\" content=\"Serena Rossi arriva al Lido. La madrina di Venezia 78 domani aprir\u00e0 la nuova edizione della Mostra del Cinema, in scena fino all\u201911 settembre. E\u2019 radiosa.\" \/>\n<meta name=\"robots\" content=\"index, follow, max-snippet:-1, max-image-preview:large, max-video-preview:-1\" \/>\n<link rel=\"canonical\" href=\"https:\/\/www.gossip.it\/news\/serenarossi-madrina-venezia-78-foto\/\" \/>\n<meta property=\"og:locale\" content=\"it_IT\" \/>\n<meta property=\"og:type\" content=\"article\" \/>\n<meta property=\"og:title\" content=\"Serena Rossi, madrina a Venezia 78, arriva al Lido: foto del look - Gossip.it | News sul Gossip e VIP\" \/>\n<meta property=\"og:description\" content=\"Serena Rossi arriva al Lido. La madrina di Venezia 78 domani aprir\u00e0 la nuova edizione della Mostra del Cinema, in scena fino all\u201911 settembre. E\u2019 radiosa.\" \/>\n<meta property=\"og:url\" content=\"https:\/\/www.gossip.it\/news\/serenarossi-madrina-venezia-78-foto\/\" \/>\n<meta property=\"og:site_name\" content=\"Gossip.it | News sul Gossip e VIP\" \/>\n<meta property=\"article:publisher\" content=\"https:\/\/www.facebook.com\/GossipIT\" \/>\n<meta property=\"article:published_time\" content=\"2021-08-30T22:00:00+00:00\" \/>\n<meta property=\"og:image\" content=\"https:\/\/files.gossip.it\/immagini_news\/2021\/08\/1630416687_serena_rossi_madrina_venezia.jpg\" \/>\n<meta name=\"author\" content=\"La Redazione\" \/>\n<meta name=\"twitter:card\" content=\"summary_large_image\" \/>\n<meta name=\"twitter:image\" content=\"https:\/\/files.gossip.it\/immagini_news\/2021\/08\/1630416687_serena_rossi_madrina_venezia.jpg\" \/>\n<meta name=\"twitter:creator\" content=\"@gossinews_it\" \/>\n<meta name=\"twitter:site\" content=\"@gossinews_it\" \/>\n<meta name=\"twitter:label1\" content=\"Scritto da\" \/>\n\t<meta name=\"twitter:data1\" content=\"Annamaria Capozzi\" \/>\n\t<meta name=\"twitter:label2\" content=\"Tempo di lettura stimato\" \/>\n\t<meta name=\"twitter:data2\" content=\"1 minuto\" \/>","yoast_head_json":{"title":"Serena Rossi, madrina a Venezia 78, arriva al Lido: foto del look - Gossip.it | News sul Gossip e VIP","description":"Serena Rossi arriva al Lido. La madrina di Venezia 78 domani aprir\u00e0 la nuova edizione della Mostra del Cinema, in scena fino all\u201911 settembre. E\u2019 radiosa.","robots":{"index":"index","follow":"follow","max-snippet":"max-snippet:-1","max-image-preview":"max-image-preview:large","max-video-preview":"max-video-preview:-1"},"canonical":"https:\/\/www.gossip.it\/news\/serenarossi-madrina-venezia-78-foto\/","og_locale":"it_IT","og_type":"article","og_title":"Serena Rossi, madrina a Venezia 78, arriva al Lido: foto del look - Gossip.it | News sul Gossip e VIP","og_description":"Serena Rossi arriva al Lido. La madrina di Venezia 78 domani aprir\u00e0 la nuova edizione della Mostra del Cinema, in scena fino all\u201911 settembre. E\u2019 radiosa.","og_url":"https:\/\/www.gossip.it\/news\/serenarossi-madrina-venezia-78-foto\/","og_site_name":"Gossip.it | News sul Gossip e VIP","article_publisher":"https:\/\/www.facebook.com\/GossipIT","article_published_time":"2021-08-30T22:00:00+00:00","og_image":[{"url":"https:\/\/files.gossip.it\/immagini_news\/2021\/08\/1630416687_serena_rossi_madrina_venezia.jpg"}],"author":"La Redazione","twitter_card":"summary_large_image","twitter_image":"https:\/\/files.gossip.it\/immagini_news\/2021\/08\/1630416687_serena_rossi_madrina_venezia.jpg","twitter_creator":"@gossinews_it","twitter_site":"@gossinews_it","twitter_misc":{"Scritto da":"Annamaria Capozzi","Tempo di lettura stimato":"1 minuto"},"schema":{"@context":"https:\/\/schema.org","@graph":[{"@type":"Article","@id":"https:\/\/www.gossip.it\/news\/serenarossi-madrina-venezia-78-foto\/#article","isPartOf":{"@id":"https:\/\/www.gossip.it\/news\/serenarossi-madrina-venezia-78-foto\/"},"author":{"name":"La Redazione","@id":"https:\/\/www.gossip.it\/#\/schema\/person\/488896f75158bff1cc83c6c39d141110"},"headline":"Serena Rossi, madrina a Venezia 78, arriva al Lido: foto del look","datePublished":"2021-08-30T22:00:00+00:00","dateModified":"2021-08-30T22:00:00+00:00","mainEntityOfPage":{"@id":"https:\/\/www.gossip.it\/news\/serenarossi-madrina-venezia-78-foto\/"},"wordCount":257,"publisher":{"@id":"https:\/\/www.gossip.it\/#organization"},"image":{"@id":"https:\/\/www.gossip.it\/news\/serenarossi-madrina-venezia-78-foto\/#primaryimage"},"thumbnailUrl":"https:\/\/files.gossip.it\/immagini_news\/2021\/08\/1630416687_serena_rossi_madrina_venezia.jpg","keywords":["attrice","madrina","mostra del cinema"],"articleSection":["News"],"inLanguage":"it-IT"},{"@type":"WebPage","@id":"https:\/\/www.gossip.it\/news\/serenarossi-madrina-venezia-78-foto\/","url":"https:\/\/www.gossip.it\/news\/serenarossi-madrina-venezia-78-foto\/","name":"Serena Rossi, madrina a Venezia 78, arriva al Lido: foto del look - Gossip.it | News sul Gossip e VIP","isPartOf":{"@id":"https:\/\/www.gossip.it\/#website"},"primaryImageOfPage":{"@id":"https:\/\/www.gossip.it\/news\/serenarossi-madrina-venezia-78-foto\/#primaryimage"},"image":{"@id":"https:\/\/www.gossip.it\/news\/serenarossi-madrina-venezia-78-foto\/#primaryimage"},"thumbnailUrl":"https:\/\/files.gossip.it\/immagini_news\/2021\/08\/1630416687_serena_rossi_madrina_venezia.jpg","datePublished":"2021-08-30T22:00:00+00:00","dateModified":"2021-08-30T22:00:00+00:00","description":"Serena Rossi arriva al Lido. La madrina di Venezia 78 domani aprir\u00e0 la nuova edizione della Mostra del Cinema, in scena fino all\u201911 settembre. E\u2019 radiosa.","breadcrumb":{"@id":"https:\/\/www.gossip.it\/news\/serenarossi-madrina-venezia-78-foto\/#breadcrumb"},"inLanguage":"it-IT","potentialAction":[{"@type":"ReadAction","target":["https:\/\/www.gossip.it\/news\/serenarossi-madrina-venezia-78-foto\/"]}]},{"@type":"ImageObject","inLanguage":"it-IT","@id":"https:\/\/www.gossip.it\/news\/serenarossi-madrina-venezia-78-foto\/#primaryimage","url":"https:\/\/files.gossip.it\/immagini_news\/2021\/08\/1630416687_serena_rossi_madrina_venezia.jpg","contentUrl":"https:\/\/files.gossip.it\/immagini_news\/2021\/08\/1630416687_serena_rossi_madrina_venezia.jpg"},{"@type":"BreadcrumbList","@id":"https:\/\/www.gossip.it\/news\/serenarossi-madrina-venezia-78-foto\/#breadcrumb","itemListElement":[{"@type":"ListItem","position":1,"name":"Home","item":"https:\/\/www.gossip.it\/"},{"@type":"ListItem","position":2,"name":"Serena Rossi, madrina a Venezia 78, arriva al Lido: foto del look"}]},{"@type":"WebSite","@id":"https:\/\/www.gossip.it\/#website","url":"https:\/\/www.gossip.it\/","name":"Gossip and VIP News","description":"Quotidiano di cronaca rosa, costume e societ\u00e0","publisher":{"@id":"https:\/\/www.gossip.it\/#organization"},"alternateName":"Gossip and VIP News","potentialAction":[{"@type":"SearchAction","target":{"@type":"EntryPoint","urlTemplate":"https:\/\/www.gossip.it\/?s={search_term_string}"},"query-input":{"@type":"PropertyValueSpecification","valueRequired":true,"valueName":"search_term_string"}}],"inLanguage":"it-IT"},{"@type":"Organization","@id":"https:\/\/www.gossip.it\/#organization","name":"Gossip and VIP News","alternateName":"Gossip News","url":"https:\/\/www.gossip.it\/","logo":{"@type":"ImageObject","inLanguage":"it-IT","@id":"https:\/\/www.gossip.it\/#\/schema\/logo\/image\/","url":"https:\/\/www.gossip.it\/wp-content\/uploads\/2022\/04\/cropped-corna-alta-tiny.png","contentUrl":"https:\/\/www.gossip.it\/wp-content\/uploads\/2022\/04\/cropped-corna-alta-tiny.png","width":512,"height":512,"caption":"Gossip and VIP News"},"image":{"@id":"https:\/\/www.gossip.it\/#\/schema\/logo\/image\/"},"sameAs":["https:\/\/www.facebook.com\/GossipIT","https:\/\/x.com\/gossinews_it","https:\/\/instagram.com\/gossip_it"]},{"@type":"Person","@id":"https:\/\/www.gossip.it\/#\/schema\/person\/488896f75158bff1cc83c6c39d141110","name":"La Redazione","image":{"@type":"ImageObject","inLanguage":"it-IT","@id":"https:\/\/www.gossip.it\/#\/schema\/person\/image\/","url":"https:\/\/secure.gravatar.com\/avatar\/5a5f5c6fa3e6700e4249abdad0263a1e94e927d9e0499b1cb09c1cd29c044d80?s=96&d=mm&r=g","contentUrl":"https:\/\/secure.gravatar.com\/avatar\/5a5f5c6fa3e6700e4249abdad0263a1e94e927d9e0499b1cb09c1cd29c044d80?s=96&d=mm&r=g","caption":"La Redazione"},"sameAs":["https:\/\/www.gossip.it"]}]}},"amp_enabled":true,"_links":{"self":[{"href":"https:\/\/www.gossip.it\/api\/wp\/v2\/posts\/70313","targetHints":{"allow":["GET"]}}],"collection":[{"href":"https:\/\/www.gossip.it\/api\/wp\/v2\/posts"}],"about":[{"href":"https:\/\/www.gossip.it\/api\/wp\/v2\/types\/post"}],"author":[{"embeddable":true,"href":"https:\/\/www.gossip.it\/api\/wp\/v2\/users\/1"}],"replies":[{"embeddable":true,"href":"https:\/\/www.gossip.it\/api\/wp\/v2\/comments?post=70313"}],"version-history":[{"count":0,"href":"https:\/\/www.gossip.it\/api\/wp\/v2\/posts\/70313\/revisions"}],"wp:featuredmedia":[{"embeddable":true,"href":"https:\/\/www.gossip.it\/api\/wp\/v2\/media\/126359"}],"wp:attachment":[{"href":"https:\/\/www.gossip.it\/api\/wp\/v2\/media?parent=70313"}],"wp:term":[{"taxonomy":"category","embeddable":true,"href":"https:\/\/www.gossip.it\/api\/wp\/v2\/categories?post=70313"},{"taxonomy":"post_tag","embeddable":true,"href":"https:\/\/www.gossip.it\/api\/wp\/v2\/tags?post=70313"},{"taxonomy":"vip","embeddable":true,"href":"https:\/\/www.gossip.it\/api\/wp\/v2\/vip?post=70313"}],"curies":[{"name":"wp","href":"https:\/\/api.w.org\/{rel}","templated":true}]}}