{"id":70333,"date":"2021-09-06T00:00:00","date_gmt":"2021-09-05T22:00:00","guid":{"rendered":"https:\/\/www.gossip.it\/senza-categoria\/alessia-marcuzzi-10-anni-figlia-festa-regalo-papa\/"},"modified":"2021-09-06T00:00:00","modified_gmt":"2021-09-05T22:00:00","slug":"alessia-marcuzzi-10-anni-figlia-festa-regalo-papa","status":"publish","type":"post","link":"https:\/\/www.gossip.it\/news\/alessia-marcuzzi-10-anni-figlia-festa-regalo-papa\/","title":{"rendered":"Alessia Marcuzzi, per i 10 anni della figlia festa con la famiglia allargata: il regalo prezioso del pap\u00e0"},"content":{"rendered":"<p><a href=\"\/vip\/alessia-marcuzzi\/\">Alessia Marcuzzi<\/a> per i <strong>10 anni<\/strong> della <strong>figlia<\/strong> Mia fa <strong>festa<\/strong> in montagna con la sua grande famiglia allargata. Party entusiasmante a Corvara, al suggestivo rifugio Punta Trieste. A tavola per i festeggiamenti ci sono tutti e si brinda allegri, poi la piccola spegne le candeline euforica ed emozionata scarta il prezioso <strong>regalo<\/strong> fattole dal <strong>pap\u00e0<\/strong>.<\/p>\n<figure class=\"caption\"><img decoding=\"async\" alt=\"Alessia Marcuzzi, per i 10 anni della figlia festa con la famiglia allargata: il regalo prezioso del pap\u00e0\" width=\"640\" height=\"628\" src=\"https:\/\/files.gossip.it\/immagini_news\/2021\/09\/1630917978_facchinetti_mia_compleanno_1.jpg\" \/><figcaption>Alessia Marcuzzi, per i 10 anni della figlia festa con la famiglia allargata: il regalo prezioso del pap\u00e0<\/figcaption><\/figure>\n<p>La bionda conduttrice 48enne si \u00e8 regalata un weekend divertente insieme alla famiglia allargata che la rende orgogliosa. E\u2019 andata in montagna per celebrare il compleanno di Mia, nata il 4 settembre 2011, dandosi appuntamento con l\u2019ex compagno <a href=\"\/vip\/francesco-facchinetti\/\">Francesco Facchinetti<\/a>, 41 anni, padre della bambina, nonno\u00a0<a href=\"\/vip\/roby-facchinetti\/\">Roby Facchinetti<\/a>, storico membro dei\u00a0<em>Pooh<\/em>, il fratello di Mia,\u00a0<a href=\"\/vip\/tommaso-inzaghi\/\">Tommaso Inzaghi<\/a>, avuto da Alessia con l\u2019allenatore <a href=\"\/vip\/simone-inzaghi\/\">Simone Inzaghi<\/a>, i\u00a0genitori\u00a0della Marcuzzi, Eugenio e Antonietta, i fratelli di Francesco, tra quali la sorella Alessandra, designer e influente personaggio della moda. Non potevano mancare all\u2019appello l\u2019adorato marito della presentatrice tv,\u00a0<a href=\"\/vip\/paolo-calabresi marconi\/\">Paolo Calabresi Marconi<\/a>, e <a href=\"\/vip\/wilma-helena faissol\/\">Wilma Helena Faissol<\/a>, attuale moglie dell\u2019ex Dj Francesco, con i piccoli Leone, 6 anni, e Lavinia, 5, avuti dal produttore.<\/p>\n<div class=\"video_integrato\" data-videoid=\"8018\" data-autostart=\"true\">\u00a0<\/div>\n<figure class=\"caption\"><img decoding=\"async\" alt=\"\" width=\"640\" height=\"716\" src=\"https:\/\/files.gossip.it\/immagini_news\/2021\/09\/1630917998_facchinetti_mia_compleanno_2.jpg\" \/><figcaption>Mia celebra il compleanno e riceve un dono super da Francesco Facchinetti<\/figcaption><\/figure>\n<p>Le foto dei giorni in Alta Badia Alessia le condivide via social, come pure quelle del party organizzato per la <strong>figlia<\/strong>. Anche Francesco Facchinetti e il resto degli invitati pubblicano gli scatti che li immortalano al gioiosi e spensierati in un\u2019occasione unica.<\/p>\n<p>\u00a0<\/p>\n<figure class=\"caption\"><img decoding=\"async\" alt=\"\" width=\"640\" height=\"650\" src=\"https:\/\/files.gossip.it\/immagini_news\/2021\/09\/1630918025_facchinetti_mia_compleanno_3.jpg\" \/><figcaption>Il 41enne per Mia ha scelto una bellissima Tormalina di Paraiba, tra le pietre pi\u00f9 preziose al mondo<\/figcaption><\/figure>\n<p>La reunion \u00e8 fantastica. Mia scoppia di felicit\u00e0. Indossa una coroncina, come fosse una vera principessa, si tiene stretta ai suoi fratellini. Si emoziona quando riceve dal padre un dono davvero speciale.<\/p>\n<p><em>\u201cAmore mio, auguri per questi <strong>10 ann<\/strong>i fantastic<\/em>i - le dice Francesco, leggendo le parole scritte nella lettera dedicata alla <strong>figlia<\/strong> - <em>Ci hai regalato la gioia della vita e un sogno incredibile. Questo regalo \u00e8 un regalo importante, perch\u00e9 \u00e8 una pietra introvabile, unica come te. Il suo nome \u00e8 Paraiba, si trova solo in un punto del Brasile. Il suo colore \u00e8 come quello del cielo e del mare, come quello dei tuoi occhi bellissimi. Auguri amore, ti amiamo\u201d.<\/em><\/p>\n<figure class=\"caption\"><img decoding=\"async\" alt=\"\" width=\"640\" height=\"1050\" src=\"https:\/\/files.gossip.it\/immagini_news\/2021\/09\/1630918067_facchinetti_mia_compleanno_4.jpg\" \/><figcaption>La bambina spegne le candeline emozionata e felice<\/figcaption><\/figure>\n<p>Facchinetti per Mia ha scelto una bellissima Tormalina di Paraiba, tra le pietre pi\u00f9 preziose al mondo (pu\u00f2 raggiungere in casi di estrema bellezza anche i 60mila euro a carato). L\u2019ha fatta incastonare in un ciondolo in oro bianco, arricchendola con brillanti. La bambina la porta al collo ne si lascia fotografare col gioiello che l\u2019accompagner\u00e0 per tutta la sua vita.<\/p>\n<figure class=\"caption\"><img decoding=\"async\" alt=\"\" width=\"640\" height=\"707\" src=\"https:\/\/files.gossip.it\/immagini_news\/2021\/09\/1630918096_facchinetti_mia_compleanno_5.jpg\" \/><figcaption>Sorride con accanto il fratello Leone, 6 anni, e la sorellina Liv, 5<\/figcaption><\/figure>\n<p>E\u2019 tutto meraviglioso. <strong>Alessia Marcuzzi <\/strong>sorride serena. Al momento disoccupata in televisione, la bionda, imprenditrice di successo, \u00e8 serena circondata dai suoi affetti pi\u00f9 cari: sono queste gioie a regalarle tutto ci\u00f2 di cui ha bisogno<em>.<\/em><\/p>\n<p>\u00a0<\/p>\n<p>\u00a0<\/p>\n<p>\u00a0<\/p>\n<p>\u00a0<\/p>\n","protected":false},"excerpt":{"rendered":"<p>Alessia Marcuzzi per i 10 anni della figlia Mia fa festa in montagna con la sua grande famiglia allargata. Party entusiasmante a Corvara, al suggestivo rifugio Punta Trieste. A tavola per i festeggiamenti ci sono tutti e si brinda allegri, poi la piccola spegne le candeline euforica ed emozionata scarta il prezioso regalo fattole dal [&hellip;]<\/p>\n","protected":false},"author":1,"featured_media":126379,"comment_status":"closed","ping_status":"closed","sticky":false,"template":"","format":"standard","meta":{"footnotes":""},"categories":[54],"tags":[6790,1992,1907,1905,2121,62337,6985,1912,8510,1913,2145,1923,2613,9065],"vip":[275,788],"class_list":["post-70333","post","type-post","status-publish","format-standard","has-post-thumbnail","hentry","category-news","tag-10-anni","tag-conduttrice","tag-festa","tag-figlia","tag-instagram","tag-m-regalo","tag-mia","tag-padre","tag-paolo-calabresi-marconi","tag-papa","tag-presentatrice","tag-social","tag-storie","tag-wilma-helena-faissol","vip-alessia_marcuzzi","vip-francesco_facchinetti"],"yoast_head":"<title>Alessia Marcuzzi, per i 10 anni della figlia festa con la famiglia allargata: il regalo prezioso del pap\u00e0 - Gossip.it | News sul Gossip e VIP<\/title>\n<meta name=\"description\" content=\"Alessia Marcuzzi per i 10 anni della figlia Mia fa festa in montagna con la sua grande famiglia allargata. Party entusiasmante a Corvara, al suggestivo\" \/>\n<meta name=\"robots\" content=\"index, follow, max-snippet:-1, max-image-preview:large, max-video-preview:-1\" \/>\n<link rel=\"canonical\" href=\"https:\/\/www.gossip.it\/news\/alessia-marcuzzi-10-anni-figlia-festa-regalo-papa\/\" \/>\n<meta property=\"og:locale\" content=\"it_IT\" \/>\n<meta property=\"og:type\" content=\"article\" \/>\n<meta property=\"og:title\" content=\"Alessia Marcuzzi, per i 10 anni della figlia festa con la famiglia allargata: il regalo prezioso del pap\u00e0 - Gossip.it | News sul Gossip e VIP\" \/>\n<meta property=\"og:description\" content=\"Alessia Marcuzzi per i 10 anni della figlia Mia fa festa in montagna con la sua grande famiglia allargata. Party entusiasmante a Corvara, al suggestivo\" \/>\n<meta property=\"og:url\" content=\"https:\/\/www.gossip.it\/news\/alessia-marcuzzi-10-anni-figlia-festa-regalo-papa\/\" \/>\n<meta property=\"og:site_name\" content=\"Gossip.it | News sul Gossip e VIP\" \/>\n<meta property=\"article:publisher\" content=\"https:\/\/www.facebook.com\/GossipIT\" \/>\n<meta property=\"article:published_time\" content=\"2021-09-05T22:00:00+00:00\" \/>\n<meta property=\"og:image\" content=\"https:\/\/files.gossip.it\/immagini_news\/2021\/09\/1630917978_facchinetti_mia_compleanno_1.jpg\" \/>\n<meta name=\"author\" content=\"La Redazione\" \/>\n<meta name=\"twitter:card\" content=\"summary_large_image\" \/>\n<meta name=\"twitter:image\" content=\"https:\/\/files.gossip.it\/immagini_news\/2021\/09\/1630917978_facchinetti_mia_compleanno_1.jpg\" \/>\n<meta name=\"twitter:creator\" content=\"@gossinews_it\" \/>\n<meta name=\"twitter:site\" content=\"@gossinews_it\" \/>\n<meta name=\"twitter:label1\" content=\"Scritto da\" \/>\n\t<meta name=\"twitter:data1\" content=\"Annamaria Capozzi\" \/>\n\t<meta name=\"twitter:label2\" content=\"Tempo di lettura stimato\" \/>\n\t<meta name=\"twitter:data2\" content=\"2 minuti\" \/>","yoast_head_json":{"title":"Alessia Marcuzzi, per i 10 anni della figlia festa con la famiglia allargata: il regalo prezioso del pap\u00e0 - Gossip.it | News sul Gossip e VIP","description":"Alessia Marcuzzi per i 10 anni della figlia Mia fa festa in montagna con la sua grande famiglia allargata. Party entusiasmante a Corvara, al suggestivo","robots":{"index":"index","follow":"follow","max-snippet":"max-snippet:-1","max-image-preview":"max-image-preview:large","max-video-preview":"max-video-preview:-1"},"canonical":"https:\/\/www.gossip.it\/news\/alessia-marcuzzi-10-anni-figlia-festa-regalo-papa\/","og_locale":"it_IT","og_type":"article","og_title":"Alessia Marcuzzi, per i 10 anni della figlia festa con la famiglia allargata: il regalo prezioso del pap\u00e0 - Gossip.it | News sul Gossip e VIP","og_description":"Alessia Marcuzzi per i 10 anni della figlia Mia fa festa in montagna con la sua grande famiglia allargata. Party entusiasmante a Corvara, al suggestivo","og_url":"https:\/\/www.gossip.it\/news\/alessia-marcuzzi-10-anni-figlia-festa-regalo-papa\/","og_site_name":"Gossip.it | News sul Gossip e VIP","article_publisher":"https:\/\/www.facebook.com\/GossipIT","article_published_time":"2021-09-05T22:00:00+00:00","og_image":[{"url":"https:\/\/files.gossip.it\/immagini_news\/2021\/09\/1630917978_facchinetti_mia_compleanno_1.jpg"}],"author":"La Redazione","twitter_card":"summary_large_image","twitter_image":"https:\/\/files.gossip.it\/immagini_news\/2021\/09\/1630917978_facchinetti_mia_compleanno_1.jpg","twitter_creator":"@gossinews_it","twitter_site":"@gossinews_it","twitter_misc":{"Scritto da":"Annamaria Capozzi","Tempo di lettura stimato":"2 minuti"},"schema":{"@context":"https:\/\/schema.org","@graph":[{"@type":"Article","@id":"https:\/\/www.gossip.it\/news\/alessia-marcuzzi-10-anni-figlia-festa-regalo-papa\/#article","isPartOf":{"@id":"https:\/\/www.gossip.it\/news\/alessia-marcuzzi-10-anni-figlia-festa-regalo-papa\/"},"author":{"name":"La Redazione","@id":"https:\/\/www.gossip.it\/#\/schema\/person\/488896f75158bff1cc83c6c39d141110"},"headline":"Alessia Marcuzzi, per i 10 anni della figlia festa con la famiglia allargata: il regalo prezioso del pap\u00e0","datePublished":"2021-09-05T22:00:00+00:00","dateModified":"2021-09-05T22:00:00+00:00","mainEntityOfPage":{"@id":"https:\/\/www.gossip.it\/news\/alessia-marcuzzi-10-anni-figlia-festa-regalo-papa\/"},"wordCount":505,"publisher":{"@id":"https:\/\/www.gossip.it\/#organization"},"image":{"@id":"https:\/\/www.gossip.it\/news\/alessia-marcuzzi-10-anni-figlia-festa-regalo-papa\/#primaryimage"},"thumbnailUrl":"https:\/\/files.gossip.it\/immagini_news\/2021\/09\/1630917978_facchinetti_mia_compleanno_1.jpg","keywords":["10 anni","conduttrice","festa","figlia","instagram","m regalo","mia","padre","paolo calabresi marconi","pap\u00e0","presentatrice","social","storie","Wilma Helena Faissol"],"articleSection":["News"],"inLanguage":"it-IT"},{"@type":"WebPage","@id":"https:\/\/www.gossip.it\/news\/alessia-marcuzzi-10-anni-figlia-festa-regalo-papa\/","url":"https:\/\/www.gossip.it\/news\/alessia-marcuzzi-10-anni-figlia-festa-regalo-papa\/","name":"Alessia Marcuzzi, per i 10 anni della figlia festa con la famiglia allargata: il regalo prezioso del pap\u00e0 - Gossip.it | News sul Gossip e VIP","isPartOf":{"@id":"https:\/\/www.gossip.it\/#website"},"primaryImageOfPage":{"@id":"https:\/\/www.gossip.it\/news\/alessia-marcuzzi-10-anni-figlia-festa-regalo-papa\/#primaryimage"},"image":{"@id":"https:\/\/www.gossip.it\/news\/alessia-marcuzzi-10-anni-figlia-festa-regalo-papa\/#primaryimage"},"thumbnailUrl":"https:\/\/files.gossip.it\/immagini_news\/2021\/09\/1630917978_facchinetti_mia_compleanno_1.jpg","datePublished":"2021-09-05T22:00:00+00:00","dateModified":"2021-09-05T22:00:00+00:00","description":"Alessia Marcuzzi per i 10 anni della figlia Mia fa festa in montagna con la sua grande famiglia allargata. Party entusiasmante a Corvara, al suggestivo","breadcrumb":{"@id":"https:\/\/www.gossip.it\/news\/alessia-marcuzzi-10-anni-figlia-festa-regalo-papa\/#breadcrumb"},"inLanguage":"it-IT","potentialAction":[{"@type":"ReadAction","target":["https:\/\/www.gossip.it\/news\/alessia-marcuzzi-10-anni-figlia-festa-regalo-papa\/"]}]},{"@type":"ImageObject","inLanguage":"it-IT","@id":"https:\/\/www.gossip.it\/news\/alessia-marcuzzi-10-anni-figlia-festa-regalo-papa\/#primaryimage","url":"https:\/\/files.gossip.it\/immagini_news\/2021\/09\/1630917978_facchinetti_mia_compleanno_1.jpg","contentUrl":"https:\/\/files.gossip.it\/immagini_news\/2021\/09\/1630917978_facchinetti_mia_compleanno_1.jpg"},{"@type":"BreadcrumbList","@id":"https:\/\/www.gossip.it\/news\/alessia-marcuzzi-10-anni-figlia-festa-regalo-papa\/#breadcrumb","itemListElement":[{"@type":"ListItem","position":1,"name":"Home","item":"https:\/\/www.gossip.it\/"},{"@type":"ListItem","position":2,"name":"Alessia Marcuzzi, per i 10 anni della figlia festa con la famiglia allargata: il regalo prezioso del pap\u00e0"}]},{"@type":"WebSite","@id":"https:\/\/www.gossip.it\/#website","url":"https:\/\/www.gossip.it\/","name":"Gossip and VIP News","description":"Quotidiano di cronaca rosa, costume e societ\u00e0","publisher":{"@id":"https:\/\/www.gossip.it\/#organization"},"alternateName":"Gossip and VIP News","potentialAction":[{"@type":"SearchAction","target":{"@type":"EntryPoint","urlTemplate":"https:\/\/www.gossip.it\/?s={search_term_string}"},"query-input":{"@type":"PropertyValueSpecification","valueRequired":true,"valueName":"search_term_string"}}],"inLanguage":"it-IT"},{"@type":"Organization","@id":"https:\/\/www.gossip.it\/#organization","name":"Gossip and VIP News","alternateName":"Gossip News","url":"https:\/\/www.gossip.it\/","logo":{"@type":"ImageObject","inLanguage":"it-IT","@id":"https:\/\/www.gossip.it\/#\/schema\/logo\/image\/","url":"https:\/\/www.gossip.it\/wp-content\/uploads\/2022\/04\/cropped-corna-alta-tiny.png","contentUrl":"https:\/\/www.gossip.it\/wp-content\/uploads\/2022\/04\/cropped-corna-alta-tiny.png","width":512,"height":512,"caption":"Gossip and VIP News"},"image":{"@id":"https:\/\/www.gossip.it\/#\/schema\/logo\/image\/"},"sameAs":["https:\/\/www.facebook.com\/GossipIT","https:\/\/x.com\/gossinews_it","https:\/\/instagram.com\/gossip_it"]},{"@type":"Person","@id":"https:\/\/www.gossip.it\/#\/schema\/person\/488896f75158bff1cc83c6c39d141110","name":"La Redazione","image":{"@type":"ImageObject","inLanguage":"it-IT","@id":"https:\/\/www.gossip.it\/#\/schema\/person\/image\/","url":"https:\/\/secure.gravatar.com\/avatar\/5a5f5c6fa3e6700e4249abdad0263a1e94e927d9e0499b1cb09c1cd29c044d80?s=96&d=mm&r=g","contentUrl":"https:\/\/secure.gravatar.com\/avatar\/5a5f5c6fa3e6700e4249abdad0263a1e94e927d9e0499b1cb09c1cd29c044d80?s=96&d=mm&r=g","caption":"La Redazione"},"sameAs":["https:\/\/www.gossip.it"]}]}},"amp_enabled":true,"_links":{"self":[{"href":"https:\/\/www.gossip.it\/api\/wp\/v2\/posts\/70333","targetHints":{"allow":["GET"]}}],"collection":[{"href":"https:\/\/www.gossip.it\/api\/wp\/v2\/posts"}],"about":[{"href":"https:\/\/www.gossip.it\/api\/wp\/v2\/types\/post"}],"author":[{"embeddable":true,"href":"https:\/\/www.gossip.it\/api\/wp\/v2\/users\/1"}],"replies":[{"embeddable":true,"href":"https:\/\/www.gossip.it\/api\/wp\/v2\/comments?post=70333"}],"version-history":[{"count":0,"href":"https:\/\/www.gossip.it\/api\/wp\/v2\/posts\/70333\/revisions"}],"wp:featuredmedia":[{"embeddable":true,"href":"https:\/\/www.gossip.it\/api\/wp\/v2\/media\/126379"}],"wp:attachment":[{"href":"https:\/\/www.gossip.it\/api\/wp\/v2\/media?parent=70333"}],"wp:term":[{"taxonomy":"category","embeddable":true,"href":"https:\/\/www.gossip.it\/api\/wp\/v2\/categories?post=70333"},{"taxonomy":"post_tag","embeddable":true,"href":"https:\/\/www.gossip.it\/api\/wp\/v2\/tags?post=70333"},{"taxonomy":"vip","embeddable":true,"href":"https:\/\/www.gossip.it\/api\/wp\/v2\/vip?post=70333"}],"curies":[{"name":"wp","href":"https:\/\/api.w.org\/{rel}","templated":true}]}}