{"id":70338,"date":"2021-09-06T00:00:00","date_gmt":"2021-09-05T22:00:00","guid":{"rendered":"https:\/\/www.gossip.it\/senza-categoria\/guenda-goria-intervento-endometriosi\/"},"modified":"2021-09-06T00:00:00","modified_gmt":"2021-09-05T22:00:00","slug":"guenda-goria-intervento-endometriosi","status":"publish","type":"post","link":"https:\/\/www.gossip.it\/news\/guenda-goria-intervento-endometriosi\/","title":{"rendered":"Guenda Goria ricoverata per l'intervento per endometriosi: 'Ho l'ansia'"},"content":{"rendered":"<p><a href=\"\/vip\/guenda-goria\/\">Guenda Goria<\/a> \u00e8 ricoverata al San Raffaele a Milano per sottoporsi a un<strong> intervent<\/strong>o a causa della patologia di cui soffre: l\u2019<strong>endometriosi<\/strong>. <em>\u201cHo l\u2019ansia\u201d<\/em>, fa sapere ai follower. A darle conforto c\u2019\u00e8 il fidanzato, <a href=\"\/vip\/mirko-gancitano\/\">Mirko Gancitano<\/a>, che non la lascia un istante e le fa compagnia.<\/p>\n<figure class=\"caption\"><img decoding=\"async\" alt=\"Guenda Goria ricoverata per l'intervento per endometriosi: 'Ho l'ansia'\" width=\"640\" height=\"757\" src=\"https:\/\/files.gossip.it\/immagini_news\/2021\/09\/1630927774_goria_1.jpg\" \/><figcaption>Guenda Goria ricoverata per l'intervento per endometriosi: 'Ho l'ansia'<\/figcaption><\/figure>\n<p>La figlia 32enne di <a href=\"\/vip\/maria-teresa ruta\/\">Maria Teresa Ruta<\/a> e <a href=\"\/vip\/amedeo-goria\/\">Amedeo Goria<\/a> rivela di essere in ospedale. Poco tempo fa aveva svelato che avrebbe dovuto finire sotto i ferri, ora \u00e8 arrivato il momento e la tensione sale. In un post confessa i suoi timori e parla della malattia.<\/p>\n<p><em>\u201cE\u2019 arrivato il giorno del mio ricovero. Lo aspetto da un po\u2019 di mesi ma quando mi hanno chiamata, poco prima del mio debutto teatrale, per dirmi che era arrivato il momento, ho iniziato ad avere un po\u2019 d\u2019 ansia. Non ero certa di voler condividere questo momento ma credo che parlarvi della malattia possa essere d\u2019 aiuto a tante donne. Io soffro di <strong>ENDOMETRIOSI<\/strong>\u201d<\/em>, svela.<\/p>\n<figure class=\"caption\"><img decoding=\"async\" alt=\"\" width=\"640\" height=\"803\" src=\"https:\/\/files.gossip.it\/immagini_news\/2021\/09\/1630927800_goria_2.jpg\" \/><figcaption>Il fidanzato, Mirko Gancitano, le sta accanto e non la lascia un istante<\/figcaption><\/figure>\n<p>Poi la Goria aggiunge: <em>\u201cE\u2019 una patologia che colpisce tantissime donne (1 su 10 circa) e che che troppo spesso non viene diagnosticata. Si tende a pensare che avere mestruazioni dolorose o avere difficolt\u00e0 nei rapporti, dolori intestinali, colite cronica, stanchezza siano cose normali. In realt\u00e0 non \u00e8 cos\u00ec. Tantissime donne soffrono di <strong>endometriosi<\/strong> senza saperlo. Pu\u00f2 colpire molti organi e avere compromettere gravemente la salute e per chi ne soffre, il rischio di infertilit\u00e0, \u00e8 molto alto. Avere un figlio \u00e8 davvero difficile anche se non impossibile\u201d.<\/em><\/p>\n<figure class=\"caption\"><img decoding=\"async\" alt=\"\" width=\"640\" height=\"763\" src=\"https:\/\/files.gossip.it\/immagini_news\/2021\/09\/1630927824_goria_3.jpg\" \/><figcaption>Nella stanza di ospedale ha portato con s\u00e9 alcuni oggetti che la fanno sentire pi\u00f9 tranquilla<\/figcaption><\/figure>\n<p>Guenda ha deciso per l\u2019operazione, consigliata dai medici e ora con un po\u2019 di paura attende di essere curata:\u00a0<em>\u201cL\u2019<strong>endometriosi<\/strong> \u00e8 fortemente invalidante e non c\u2019\u00e8 cura. Bisogna imparare a conviverci. A me ha insegnato a godermi i momenti pi\u00f9 belli. Quante vite possiamo vivere? Domani sar\u00e0 un po\u2019 come il primo giorno di scuola per me. Pensatemi! Vi abbraccio\u201d<\/em>. Spera che tutto vada per il meglio.<\/p>\n<p>\u00a0<\/p>\n","protected":false},"excerpt":{"rendered":"<p>Guenda Goria \u00e8 ricoverata al San Raffaele a Milano per sottoporsi a un intervento a causa della patologia di cui soffre: l\u2019endometriosi. \u201cHo l\u2019ansia\u201d, fa sapere ai follower. A darle conforto c\u2019\u00e8 il fidanzato, Mirko Gancitano, che non la lascia un istante e le fa compagnia. Guenda Goria ricoverata per l'intervento per endometriosi: 'Ho l'ansia' [&hellip;]<\/p>\n","protected":false},"author":1,"featured_media":126384,"comment_status":"closed","ping_status":"closed","sticky":false,"template":"","format":"standard","meta":{"footnotes":""},"categories":[54],"tags":[2137,2102,14049,2298,61984,2126,2121,9029,13338,14070,8466,2122,2829,14048,1923,2142],"vip":[297,924],"class_list":["post-70338","post","type-post","status-publish","format-standard","has-post-thumbnail","hentry","category-news","tag-attore","tag-dichiarazioni","tag-endometriosi","tag-fidanzato","tag-filmaker","tag-gf-vip","tag-instagram","tag-intervento","tag-maria-teresa-ruta","tag-mirko-gancitano","tag-operazione","tag-post","tag-produttore","tag-san-raffaele","tag-social","tag-stories","vip-amedeo_goria","vip-guenda_goria"],"yoast_head":"<title>Guenda Goria ricoverata per l&#039;intervento per endometriosi: &#039;Ho l&#039;ansia&#039; - Gossip.it | News sul Gossip e VIP<\/title>\n<meta name=\"description\" content=\"Guenda Goria \u00e8 ricoverata al San Raffaele a Milano per sottoporsi a un intervento a causa della patologia di cui soffre: l\u2019endometriosi. \u201cHo l\u2019ansia\u201d, fa\" \/>\n<meta name=\"robots\" content=\"index, follow, max-snippet:-1, max-image-preview:large, max-video-preview:-1\" \/>\n<link rel=\"canonical\" href=\"https:\/\/www.gossip.it\/news\/guenda-goria-intervento-endometriosi\/\" \/>\n<meta property=\"og:locale\" content=\"it_IT\" \/>\n<meta property=\"og:type\" content=\"article\" \/>\n<meta property=\"og:title\" content=\"Guenda Goria ricoverata per l&#039;intervento per endometriosi: &#039;Ho l&#039;ansia&#039; - Gossip.it | News sul Gossip e VIP\" \/>\n<meta property=\"og:description\" content=\"Guenda Goria \u00e8 ricoverata al San Raffaele a Milano per sottoporsi a un intervento a causa della patologia di cui soffre: l\u2019endometriosi. \u201cHo l\u2019ansia\u201d, fa\" \/>\n<meta property=\"og:url\" content=\"https:\/\/www.gossip.it\/news\/guenda-goria-intervento-endometriosi\/\" \/>\n<meta property=\"og:site_name\" content=\"Gossip.it | News sul Gossip e VIP\" \/>\n<meta property=\"article:publisher\" content=\"https:\/\/www.facebook.com\/GossipIT\" \/>\n<meta property=\"article:published_time\" content=\"2021-09-05T22:00:00+00:00\" \/>\n<meta property=\"og:image\" content=\"https:\/\/files.gossip.it\/immagini_news\/2021\/09\/1630927774_goria_1.jpg\" \/>\n<meta name=\"author\" content=\"La Redazione\" \/>\n<meta name=\"twitter:card\" content=\"summary_large_image\" \/>\n<meta name=\"twitter:image\" content=\"https:\/\/files.gossip.it\/immagini_news\/2021\/09\/1630927774_goria_1.jpg\" \/>\n<meta name=\"twitter:creator\" content=\"@gossinews_it\" \/>\n<meta name=\"twitter:site\" content=\"@gossinews_it\" \/>\n<meta name=\"twitter:label1\" content=\"Scritto da\" \/>\n\t<meta name=\"twitter:data1\" content=\"Annamaria Capozzi\" \/>\n\t<meta name=\"twitter:label2\" content=\"Tempo di lettura stimato\" \/>\n\t<meta name=\"twitter:data2\" content=\"2 minuti\" \/>","yoast_head_json":{"title":"Guenda Goria ricoverata per l'intervento per endometriosi: 'Ho l'ansia' - Gossip.it | News sul Gossip e VIP","description":"Guenda Goria \u00e8 ricoverata al San Raffaele a Milano per sottoporsi a un intervento a causa della patologia di cui soffre: l\u2019endometriosi. \u201cHo l\u2019ansia\u201d, fa","robots":{"index":"index","follow":"follow","max-snippet":"max-snippet:-1","max-image-preview":"max-image-preview:large","max-video-preview":"max-video-preview:-1"},"canonical":"https:\/\/www.gossip.it\/news\/guenda-goria-intervento-endometriosi\/","og_locale":"it_IT","og_type":"article","og_title":"Guenda Goria ricoverata per l'intervento per endometriosi: 'Ho l'ansia' - Gossip.it | News sul Gossip e VIP","og_description":"Guenda Goria \u00e8 ricoverata al San Raffaele a Milano per sottoporsi a un intervento a causa della patologia di cui soffre: l\u2019endometriosi. \u201cHo l\u2019ansia\u201d, fa","og_url":"https:\/\/www.gossip.it\/news\/guenda-goria-intervento-endometriosi\/","og_site_name":"Gossip.it | News sul Gossip e VIP","article_publisher":"https:\/\/www.facebook.com\/GossipIT","article_published_time":"2021-09-05T22:00:00+00:00","og_image":[{"url":"https:\/\/files.gossip.it\/immagini_news\/2021\/09\/1630927774_goria_1.jpg"}],"author":"La Redazione","twitter_card":"summary_large_image","twitter_image":"https:\/\/files.gossip.it\/immagini_news\/2021\/09\/1630927774_goria_1.jpg","twitter_creator":"@gossinews_it","twitter_site":"@gossinews_it","twitter_misc":{"Scritto da":"Annamaria Capozzi","Tempo di lettura stimato":"2 minuti"},"schema":{"@context":"https:\/\/schema.org","@graph":[{"@type":"Article","@id":"https:\/\/www.gossip.it\/news\/guenda-goria-intervento-endometriosi\/#article","isPartOf":{"@id":"https:\/\/www.gossip.it\/news\/guenda-goria-intervento-endometriosi\/"},"author":{"name":"La Redazione","@id":"https:\/\/www.gossip.it\/#\/schema\/person\/488896f75158bff1cc83c6c39d141110"},"headline":"Guenda Goria ricoverata per l'intervento per endometriosi: 'Ho l'ansia'","datePublished":"2021-09-05T22:00:00+00:00","dateModified":"2021-09-05T22:00:00+00:00","mainEntityOfPage":{"@id":"https:\/\/www.gossip.it\/news\/guenda-goria-intervento-endometriosi\/"},"wordCount":361,"publisher":{"@id":"https:\/\/www.gossip.it\/#organization"},"image":{"@id":"https:\/\/www.gossip.it\/news\/guenda-goria-intervento-endometriosi\/#primaryimage"},"thumbnailUrl":"https:\/\/files.gossip.it\/immagini_news\/2021\/09\/1630927774_goria_1.jpg","keywords":["attore","dichiarazioni","endometriosi","fidanzato","filmaker","gf vip","instagram","intervento","Maria Teresa Ruta","mirko gancitano","operazione","post","produttore","san raffaele","social","stories"],"articleSection":["News"],"inLanguage":"it-IT"},{"@type":"WebPage","@id":"https:\/\/www.gossip.it\/news\/guenda-goria-intervento-endometriosi\/","url":"https:\/\/www.gossip.it\/news\/guenda-goria-intervento-endometriosi\/","name":"Guenda Goria ricoverata per l'intervento per endometriosi: 'Ho l'ansia' - Gossip.it | News sul Gossip e VIP","isPartOf":{"@id":"https:\/\/www.gossip.it\/#website"},"primaryImageOfPage":{"@id":"https:\/\/www.gossip.it\/news\/guenda-goria-intervento-endometriosi\/#primaryimage"},"image":{"@id":"https:\/\/www.gossip.it\/news\/guenda-goria-intervento-endometriosi\/#primaryimage"},"thumbnailUrl":"https:\/\/files.gossip.it\/immagini_news\/2021\/09\/1630927774_goria_1.jpg","datePublished":"2021-09-05T22:00:00+00:00","dateModified":"2021-09-05T22:00:00+00:00","description":"Guenda Goria \u00e8 ricoverata al San Raffaele a Milano per sottoporsi a un intervento a causa della patologia di cui soffre: l\u2019endometriosi. \u201cHo l\u2019ansia\u201d, fa","breadcrumb":{"@id":"https:\/\/www.gossip.it\/news\/guenda-goria-intervento-endometriosi\/#breadcrumb"},"inLanguage":"it-IT","potentialAction":[{"@type":"ReadAction","target":["https:\/\/www.gossip.it\/news\/guenda-goria-intervento-endometriosi\/"]}]},{"@type":"ImageObject","inLanguage":"it-IT","@id":"https:\/\/www.gossip.it\/news\/guenda-goria-intervento-endometriosi\/#primaryimage","url":"https:\/\/files.gossip.it\/immagini_news\/2021\/09\/1630927774_goria_1.jpg","contentUrl":"https:\/\/files.gossip.it\/immagini_news\/2021\/09\/1630927774_goria_1.jpg"},{"@type":"BreadcrumbList","@id":"https:\/\/www.gossip.it\/news\/guenda-goria-intervento-endometriosi\/#breadcrumb","itemListElement":[{"@type":"ListItem","position":1,"name":"Home","item":"https:\/\/www.gossip.it\/"},{"@type":"ListItem","position":2,"name":"Guenda Goria ricoverata per l'intervento per endometriosi: 'Ho l'ansia'"}]},{"@type":"WebSite","@id":"https:\/\/www.gossip.it\/#website","url":"https:\/\/www.gossip.it\/","name":"Gossip and VIP News","description":"Quotidiano di cronaca rosa, costume e societ\u00e0","publisher":{"@id":"https:\/\/www.gossip.it\/#organization"},"alternateName":"Gossip and VIP News","potentialAction":[{"@type":"SearchAction","target":{"@type":"EntryPoint","urlTemplate":"https:\/\/www.gossip.it\/?s={search_term_string}"},"query-input":{"@type":"PropertyValueSpecification","valueRequired":true,"valueName":"search_term_string"}}],"inLanguage":"it-IT"},{"@type":"Organization","@id":"https:\/\/www.gossip.it\/#organization","name":"Gossip and VIP News","alternateName":"Gossip News","url":"https:\/\/www.gossip.it\/","logo":{"@type":"ImageObject","inLanguage":"it-IT","@id":"https:\/\/www.gossip.it\/#\/schema\/logo\/image\/","url":"https:\/\/www.gossip.it\/wp-content\/uploads\/2022\/04\/cropped-corna-alta-tiny.png","contentUrl":"https:\/\/www.gossip.it\/wp-content\/uploads\/2022\/04\/cropped-corna-alta-tiny.png","width":512,"height":512,"caption":"Gossip and VIP News"},"image":{"@id":"https:\/\/www.gossip.it\/#\/schema\/logo\/image\/"},"sameAs":["https:\/\/www.facebook.com\/GossipIT","https:\/\/x.com\/gossinews_it","https:\/\/instagram.com\/gossip_it"]},{"@type":"Person","@id":"https:\/\/www.gossip.it\/#\/schema\/person\/488896f75158bff1cc83c6c39d141110","name":"La Redazione","image":{"@type":"ImageObject","inLanguage":"it-IT","@id":"https:\/\/www.gossip.it\/#\/schema\/person\/image\/","url":"https:\/\/secure.gravatar.com\/avatar\/5a5f5c6fa3e6700e4249abdad0263a1e94e927d9e0499b1cb09c1cd29c044d80?s=96&d=mm&r=g","contentUrl":"https:\/\/secure.gravatar.com\/avatar\/5a5f5c6fa3e6700e4249abdad0263a1e94e927d9e0499b1cb09c1cd29c044d80?s=96&d=mm&r=g","caption":"La Redazione"},"sameAs":["https:\/\/www.gossip.it"]}]}},"amp_enabled":true,"_links":{"self":[{"href":"https:\/\/www.gossip.it\/api\/wp\/v2\/posts\/70338","targetHints":{"allow":["GET"]}}],"collection":[{"href":"https:\/\/www.gossip.it\/api\/wp\/v2\/posts"}],"about":[{"href":"https:\/\/www.gossip.it\/api\/wp\/v2\/types\/post"}],"author":[{"embeddable":true,"href":"https:\/\/www.gossip.it\/api\/wp\/v2\/users\/1"}],"replies":[{"embeddable":true,"href":"https:\/\/www.gossip.it\/api\/wp\/v2\/comments?post=70338"}],"version-history":[{"count":0,"href":"https:\/\/www.gossip.it\/api\/wp\/v2\/posts\/70338\/revisions"}],"wp:featuredmedia":[{"embeddable":true,"href":"https:\/\/www.gossip.it\/api\/wp\/v2\/media\/126384"}],"wp:attachment":[{"href":"https:\/\/www.gossip.it\/api\/wp\/v2\/media?parent=70338"}],"wp:term":[{"taxonomy":"category","embeddable":true,"href":"https:\/\/www.gossip.it\/api\/wp\/v2\/categories?post=70338"},{"taxonomy":"post_tag","embeddable":true,"href":"https:\/\/www.gossip.it\/api\/wp\/v2\/tags?post=70338"},{"taxonomy":"vip","embeddable":true,"href":"https:\/\/www.gossip.it\/api\/wp\/v2\/vip?post=70338"}],"curies":[{"name":"wp","href":"https:\/\/api.w.org\/{rel}","templated":true}]}}