{"id":70381,"date":"2021-09-13T00:00:00","date_gmt":"2021-09-12T22:00:00","guid":{"rendered":"https:\/\/www.gossip.it\/senza-categoria\/giulia-de-lellis-calvario-acne-foto-impressionanti\/"},"modified":"2021-09-13T00:00:00","modified_gmt":"2021-09-12T22:00:00","slug":"giulia-de-lellis-calvario-acne-foto-impressionanti","status":"publish","type":"post","link":"https:\/\/www.gossip.it\/news\/giulia-de-lellis-calvario-acne-foto-impressionanti\/","title":{"rendered":"Giulia De Lellis racconta il suo calvario con l'acne: foto impressionanti"},"content":{"rendered":"<p><a href=\"\/vip\/giulia-de lellis\/\">Giulia De Lellis<\/a> racconta il <strong>calvario<\/strong> affrontato per risolvere il problema con l\u2019<strong>acne<\/strong> che le ha devastato il volto nell\u2019ultimo periodo. L\u2019influencer 25enne scrive una lunga lettera alla sua pelle e accompagna le parole con<strong> foto impressionanti<\/strong> che la ritraggono col viso pieno di brufoli. Il suo \u00e8 stato un percorso faticoso, pieno di sofferenza, lo confida ai fan sul social.<\/p>\n<figure class=\"caption\"><img decoding=\"async\" alt=\"Giulia De Lellis racconta il suo calvario con l'acne: foto impressionanti\" width=\"640\" height=\"752\" src=\"https:\/\/files.gossip.it\/immagini_news\/2021\/09\/1631522991_de_lellis_acne_1.jpg\" \/><figcaption>Giulia De Lellis racconta il suo calvario con l'acne: foto impressionanti<\/figcaption><\/figure>\n<p>Ha dovuto sottoporsi a molte cure per tornare ad avere una pelle liscia e luminosa e cercare di arginare l\u2019<strong>acne<\/strong>. <strong>Giulia De Lellis<\/strong> ha trascorso un anno difficile, ora sembra essere riuscita ad avere un\u2019epidermide diversa. Il suo farmaco pi\u00f9 potente \u00e8 stato sicuramente l\u2019amore ritrovato con <a href=\"\/vip\/carlo-beretta\/\">Carlo Beretta<\/a>, che l\u2019ha supportata e le \u00e8 rimasto sempre accanto.<\/p>\n<p><em>\u201cAlla mia pelle<\/em> - scrive l\u2019ex corteggiatrice di <em>Uomini e Donne<\/em> - <em>A questa instancabile stron*a che poco pi\u00f9 di un anno fa si \u00e8 ammalata di <strong>acne<\/strong> e ne ha viste davvero di tutti i colori, bsfumature di rosso soprattutto, pruriti vari, sfoghi, farmaci da star male e quantit\u00e0 di trucco inspiegabili. Un anno fa circa \u00e8 iniziato il mio <strong>calvario<\/strong> con l\u2019<strong>acne<\/strong> e questi scatti rappresentano gli up&down che ha subito\u201d.<\/em><\/p>\n<figure class=\"caption\"><img decoding=\"async\" alt=\"\" width=\"640\" height=\"804\" src=\"https:\/\/files.gossip.it\/immagini_news\/2021\/09\/1631523017_de_lellis_acne_2.jpg\" \/><figcaption>Rivela il faticoso percorso per avere una pelle nuovamente liscia e luminosa<\/figcaption><\/figure>\n<p>Gli scatti sono naturali, la De Lellis non si nasconde pi\u00f9, paladina dello <em>skin positivity: \u201cSenza filtro, senza inganno. Perch\u00e9 ho provato ad ingannare anche me stessa ogni tanto e ho ringraziato Photoshop come nessuno mai (poco educativo lo so, ma \u00e8 la verit\u00e0). Non tutti i giorni riesco ad accettarmi cos\u00ec perch\u00e9 sono umana e fragile anche se non sembra\u2026 Ci sto lavorando da un po\u2019, lo sapete! A distanza di un anno sta tornando. \u2026Era davvero pesante in certi momenti guardarmi allo specchio. Tutt\u2019oggi lo \u00e8 quando mi sveglio male. Ma alla fine ho capito il farmaco pi\u00f9 forte, l\u2019unico che posso davvero consigliare, il migliore per me, senza effetti collaterali: l\u2019amore\u201d.<\/em><\/p>\n<figure class=\"caption\"><img decoding=\"async\" alt=\"\" width=\"640\" height=\"685\" src=\"https:\/\/files.gossip.it\/immagini_news\/2021\/09\/1631523042_de_lellis_acne_3.jpg\" \/><figcaption>L'influencer scrive una lettera, confessa la sofferenza provata: a salvarla \u00e8 stato il fidanzato<\/figcaption><\/figure>\n<p>E\u2019 stato il sentimento a salvarla, a regalarle la serenit\u00e0 necessaria per accettarsi e trovare la forza per tornare a splendere<em>. \u201cQuesti scatti non erano neanche nel mio telefono, sono foto fatte dal mio fidanzato a cui sar\u00f2 per sempre grata per essermi stato vicino in questi mesi. Grata per avermi scoperto il viso quando lo nascondevo con i capelli. Per avermi fatta struccare ogni volta che eravamo insieme perch\u00e9 consapevole che il trucco in quel momento non sarebbe stato d\u2019aiuto. Grata per avermi sempre guardata negli occhi quando tutti non ci riuscivano pi\u00f9 perch\u00e9 il mio viso faceva impressione. Per non aver mai smesso di accarezzarmi. Per avermi fatta sentire ancora bella\u2026\u201d<\/em>, svela la De Lellis.<\/p>\n<p>Poi aggiunge: <em>\u201cSono grata agli amici, la famiglia, il mio team perch\u00e9 sopportare una come me non \u00e8 facile di base, figuriamoci con l\u2019ormone girato. Sono molto grata ad alcuni di voi perch\u00e9 non mi hanno fatta sentire sola o inadatta. Molti altri, s\u00ec, ma ringrazio pure quelli perch\u00e9 mi hanno motivata a migliorare o mi ricordano che nel mondo c\u2019\u00e8 di peggio\u201d.<\/em><\/p>\n<figure class=\"caption\"><img decoding=\"async\" alt=\"\" width=\"640\" height=\"809\" src=\"https:\/\/files.gossip.it\/immagini_news\/2021\/09\/1631523071_de_lellis_acne_4.jpg\" \/><figcaption>La 25enne non si nasconde e pubblica scatti in cui si vede il volto devastato dai brufoli<\/figcaption><\/figure>\n<p><strong>Giulia De Lellis<\/strong> \u00e8 grata e infine conclude: <em>\u201cL'<strong>acne<\/strong> prima o poi guarir\u00e0 l\u2019anima Marcia no. Insomma sono grata per l\u2019amore che ricevo e che mi fa sentire bene anche quando mi rode per non avere pi\u00f9 la pelle liscia come il cu*etto di un bambino. A quanto pare l\u2019amore guarisce tutto, anche il fastidio o il male \u2026 Insieme al tempo, un buon dottore e tanta pazienza\u2026\u201d.<\/em><\/p>\n<p>\u00a0<\/p>\n","protected":false},"excerpt":{"rendered":"<p>Giulia De Lellis racconta il calvario affrontato per risolvere il problema con l\u2019acne che le ha devastato il volto nell\u2019ultimo periodo. L\u2019influencer 25enne scrive una lunga lettera alla sua pelle e accompagna le parole con foto impressionanti che la ritraggono col viso pieno di brufoli. Il suo \u00e8 stato un percorso faticoso, pieno di sofferenza, [&hellip;]<\/p>\n","protected":false},"author":1,"featured_media":126427,"comment_status":"closed","ping_status":"closed","sticky":false,"template":"","format":"standard","meta":{"footnotes":""},"categories":[54],"tags":[9301,14062,13667,2129,2118,10592,62363,2198,2121,2122,2115],"vip":[],"class_list":["post-70381","post","type-post","status-publish","format-standard","has-post-thumbnail","hentry","category-news","tag-acne","tag-calvario","tag-carlo-beretta","tag-corteggiatrice","tag-foto","tag-giulia-de-lellis","tag-impressionanti","tag-influencer","tag-instagram","tag-post","tag-uomini-e-donne"],"yoast_head":"<title>Giulia De Lellis racconta il suo calvario con l&#039;acne: foto impressionanti - Gossip.it | News sul Gossip e VIP<\/title>\n<meta name=\"description\" content=\"Giulia De Lellis racconta il calvario affrontato per risolvere il problema con l\u2019acne che le ha devastato il volto nell\u2019ultimo periodo. L\u2019influencer\" \/>\n<meta name=\"robots\" content=\"index, follow, max-snippet:-1, max-image-preview:large, max-video-preview:-1\" \/>\n<link rel=\"canonical\" href=\"https:\/\/www.gossip.it\/news\/giulia-de-lellis-calvario-acne-foto-impressionanti\/\" \/>\n<meta property=\"og:locale\" content=\"it_IT\" \/>\n<meta property=\"og:type\" content=\"article\" \/>\n<meta property=\"og:title\" content=\"Giulia De Lellis racconta il suo calvario con l&#039;acne: foto impressionanti - Gossip.it | News sul Gossip e VIP\" \/>\n<meta property=\"og:description\" content=\"Giulia De Lellis racconta il calvario affrontato per risolvere il problema con l\u2019acne che le ha devastato il volto nell\u2019ultimo periodo. L\u2019influencer\" \/>\n<meta property=\"og:url\" content=\"https:\/\/www.gossip.it\/news\/giulia-de-lellis-calvario-acne-foto-impressionanti\/\" \/>\n<meta property=\"og:site_name\" content=\"Gossip.it | News sul Gossip e VIP\" \/>\n<meta property=\"article:publisher\" content=\"https:\/\/www.facebook.com\/GossipIT\" \/>\n<meta property=\"article:published_time\" content=\"2021-09-12T22:00:00+00:00\" \/>\n<meta property=\"og:image\" content=\"https:\/\/files.gossip.it\/immagini_news\/2021\/09\/1631522991_de_lellis_acne_1.jpg\" \/>\n<meta name=\"author\" content=\"La Redazione\" \/>\n<meta name=\"twitter:card\" content=\"summary_large_image\" \/>\n<meta name=\"twitter:image\" content=\"https:\/\/files.gossip.it\/immagini_news\/2021\/09\/1631522991_de_lellis_acne_1.jpg\" \/>\n<meta name=\"twitter:creator\" content=\"@gossinews_it\" \/>\n<meta name=\"twitter:site\" content=\"@gossinews_it\" \/>\n<meta name=\"twitter:label1\" content=\"Scritto da\" \/>\n\t<meta name=\"twitter:data1\" content=\"Annamaria Capozzi\" \/>\n\t<meta name=\"twitter:label2\" content=\"Tempo di lettura stimato\" \/>\n\t<meta name=\"twitter:data2\" content=\"3 minuti\" \/>","yoast_head_json":{"title":"Giulia De Lellis racconta il suo calvario con l'acne: foto impressionanti - Gossip.it | News sul Gossip e VIP","description":"Giulia De Lellis racconta il calvario affrontato per risolvere il problema con l\u2019acne che le ha devastato il volto nell\u2019ultimo periodo. L\u2019influencer","robots":{"index":"index","follow":"follow","max-snippet":"max-snippet:-1","max-image-preview":"max-image-preview:large","max-video-preview":"max-video-preview:-1"},"canonical":"https:\/\/www.gossip.it\/news\/giulia-de-lellis-calvario-acne-foto-impressionanti\/","og_locale":"it_IT","og_type":"article","og_title":"Giulia De Lellis racconta il suo calvario con l'acne: foto impressionanti - Gossip.it | News sul Gossip e VIP","og_description":"Giulia De Lellis racconta il calvario affrontato per risolvere il problema con l\u2019acne che le ha devastato il volto nell\u2019ultimo periodo. L\u2019influencer","og_url":"https:\/\/www.gossip.it\/news\/giulia-de-lellis-calvario-acne-foto-impressionanti\/","og_site_name":"Gossip.it | News sul Gossip e VIP","article_publisher":"https:\/\/www.facebook.com\/GossipIT","article_published_time":"2021-09-12T22:00:00+00:00","og_image":[{"url":"https:\/\/files.gossip.it\/immagini_news\/2021\/09\/1631522991_de_lellis_acne_1.jpg"}],"author":"La Redazione","twitter_card":"summary_large_image","twitter_image":"https:\/\/files.gossip.it\/immagini_news\/2021\/09\/1631522991_de_lellis_acne_1.jpg","twitter_creator":"@gossinews_it","twitter_site":"@gossinews_it","twitter_misc":{"Scritto da":"Annamaria Capozzi","Tempo di lettura stimato":"3 minuti"},"schema":{"@context":"https:\/\/schema.org","@graph":[{"@type":"Article","@id":"https:\/\/www.gossip.it\/news\/giulia-de-lellis-calvario-acne-foto-impressionanti\/#article","isPartOf":{"@id":"https:\/\/www.gossip.it\/news\/giulia-de-lellis-calvario-acne-foto-impressionanti\/"},"author":{"name":"La Redazione","@id":"https:\/\/www.gossip.it\/#\/schema\/person\/488896f75158bff1cc83c6c39d141110"},"headline":"Giulia De Lellis racconta il suo calvario con l'acne: foto impressionanti","datePublished":"2021-09-12T22:00:00+00:00","dateModified":"2021-09-12T22:00:00+00:00","mainEntityOfPage":{"@id":"https:\/\/www.gossip.it\/news\/giulia-de-lellis-calvario-acne-foto-impressionanti\/"},"wordCount":632,"publisher":{"@id":"https:\/\/www.gossip.it\/#organization"},"image":{"@id":"https:\/\/www.gossip.it\/news\/giulia-de-lellis-calvario-acne-foto-impressionanti\/#primaryimage"},"thumbnailUrl":"https:\/\/files.gossip.it\/immagini_news\/2021\/09\/1631522991_de_lellis_acne_1.jpg","keywords":["acne","calvario","carlo beretta","corteggiatrice","foto","giulia de lellis","impressionanti","influencer","instagram","post","uomini e donne"],"articleSection":["News"],"inLanguage":"it-IT"},{"@type":"WebPage","@id":"https:\/\/www.gossip.it\/news\/giulia-de-lellis-calvario-acne-foto-impressionanti\/","url":"https:\/\/www.gossip.it\/news\/giulia-de-lellis-calvario-acne-foto-impressionanti\/","name":"Giulia De Lellis racconta il suo calvario con l'acne: foto impressionanti - Gossip.it | News sul Gossip e VIP","isPartOf":{"@id":"https:\/\/www.gossip.it\/#website"},"primaryImageOfPage":{"@id":"https:\/\/www.gossip.it\/news\/giulia-de-lellis-calvario-acne-foto-impressionanti\/#primaryimage"},"image":{"@id":"https:\/\/www.gossip.it\/news\/giulia-de-lellis-calvario-acne-foto-impressionanti\/#primaryimage"},"thumbnailUrl":"https:\/\/files.gossip.it\/immagini_news\/2021\/09\/1631522991_de_lellis_acne_1.jpg","datePublished":"2021-09-12T22:00:00+00:00","dateModified":"2021-09-12T22:00:00+00:00","description":"Giulia De Lellis racconta il calvario affrontato per risolvere il problema con l\u2019acne che le ha devastato il volto nell\u2019ultimo periodo. L\u2019influencer","breadcrumb":{"@id":"https:\/\/www.gossip.it\/news\/giulia-de-lellis-calvario-acne-foto-impressionanti\/#breadcrumb"},"inLanguage":"it-IT","potentialAction":[{"@type":"ReadAction","target":["https:\/\/www.gossip.it\/news\/giulia-de-lellis-calvario-acne-foto-impressionanti\/"]}]},{"@type":"ImageObject","inLanguage":"it-IT","@id":"https:\/\/www.gossip.it\/news\/giulia-de-lellis-calvario-acne-foto-impressionanti\/#primaryimage","url":"https:\/\/files.gossip.it\/immagini_news\/2021\/09\/1631522991_de_lellis_acne_1.jpg","contentUrl":"https:\/\/files.gossip.it\/immagini_news\/2021\/09\/1631522991_de_lellis_acne_1.jpg"},{"@type":"BreadcrumbList","@id":"https:\/\/www.gossip.it\/news\/giulia-de-lellis-calvario-acne-foto-impressionanti\/#breadcrumb","itemListElement":[{"@type":"ListItem","position":1,"name":"Home","item":"https:\/\/www.gossip.it\/"},{"@type":"ListItem","position":2,"name":"Giulia De Lellis racconta il suo calvario con l'acne: foto impressionanti"}]},{"@type":"WebSite","@id":"https:\/\/www.gossip.it\/#website","url":"https:\/\/www.gossip.it\/","name":"Gossip and VIP News","description":"Quotidiano di cronaca rosa, costume e societ\u00e0","publisher":{"@id":"https:\/\/www.gossip.it\/#organization"},"alternateName":"Gossip and VIP News","potentialAction":[{"@type":"SearchAction","target":{"@type":"EntryPoint","urlTemplate":"https:\/\/www.gossip.it\/?s={search_term_string}"},"query-input":{"@type":"PropertyValueSpecification","valueRequired":true,"valueName":"search_term_string"}}],"inLanguage":"it-IT"},{"@type":"Organization","@id":"https:\/\/www.gossip.it\/#organization","name":"Gossip and VIP News","alternateName":"Gossip News","url":"https:\/\/www.gossip.it\/","logo":{"@type":"ImageObject","inLanguage":"it-IT","@id":"https:\/\/www.gossip.it\/#\/schema\/logo\/image\/","url":"https:\/\/www.gossip.it\/wp-content\/uploads\/2022\/04\/cropped-corna-alta-tiny.png","contentUrl":"https:\/\/www.gossip.it\/wp-content\/uploads\/2022\/04\/cropped-corna-alta-tiny.png","width":512,"height":512,"caption":"Gossip and VIP News"},"image":{"@id":"https:\/\/www.gossip.it\/#\/schema\/logo\/image\/"},"sameAs":["https:\/\/www.facebook.com\/GossipIT","https:\/\/x.com\/gossinews_it","https:\/\/instagram.com\/gossip_it"]},{"@type":"Person","@id":"https:\/\/www.gossip.it\/#\/schema\/person\/488896f75158bff1cc83c6c39d141110","name":"La Redazione","image":{"@type":"ImageObject","inLanguage":"it-IT","@id":"https:\/\/www.gossip.it\/#\/schema\/person\/image\/","url":"https:\/\/secure.gravatar.com\/avatar\/5a5f5c6fa3e6700e4249abdad0263a1e94e927d9e0499b1cb09c1cd29c044d80?s=96&d=mm&r=g","contentUrl":"https:\/\/secure.gravatar.com\/avatar\/5a5f5c6fa3e6700e4249abdad0263a1e94e927d9e0499b1cb09c1cd29c044d80?s=96&d=mm&r=g","caption":"La Redazione"},"sameAs":["https:\/\/www.gossip.it"]}]}},"amp_enabled":true,"_links":{"self":[{"href":"https:\/\/www.gossip.it\/api\/wp\/v2\/posts\/70381","targetHints":{"allow":["GET"]}}],"collection":[{"href":"https:\/\/www.gossip.it\/api\/wp\/v2\/posts"}],"about":[{"href":"https:\/\/www.gossip.it\/api\/wp\/v2\/types\/post"}],"author":[{"embeddable":true,"href":"https:\/\/www.gossip.it\/api\/wp\/v2\/users\/1"}],"replies":[{"embeddable":true,"href":"https:\/\/www.gossip.it\/api\/wp\/v2\/comments?post=70381"}],"version-history":[{"count":0,"href":"https:\/\/www.gossip.it\/api\/wp\/v2\/posts\/70381\/revisions"}],"wp:featuredmedia":[{"embeddable":true,"href":"https:\/\/www.gossip.it\/api\/wp\/v2\/media\/126427"}],"wp:attachment":[{"href":"https:\/\/www.gossip.it\/api\/wp\/v2\/media?parent=70381"}],"wp:term":[{"taxonomy":"category","embeddable":true,"href":"https:\/\/www.gossip.it\/api\/wp\/v2\/categories?post=70381"},{"taxonomy":"post_tag","embeddable":true,"href":"https:\/\/www.gossip.it\/api\/wp\/v2\/tags?post=70381"},{"taxonomy":"vip","embeddable":true,"href":"https:\/\/www.gossip.it\/api\/wp\/v2\/vip?post=70381"}],"curies":[{"name":"wp","href":"https:\/\/api.w.org\/{rel}","templated":true}]}}