{"id":70498,"date":"2021-09-27T00:00:00","date_gmt":"2021-09-26T22:00:00","guid":{"rendered":"https:\/\/www.gossip.it\/senza-categoria\/fratelli-rodriguez-presentano-nuovo-brand-moda-milano\/"},"modified":"2021-09-27T00:00:00","modified_gmt":"2021-09-26T22:00:00","slug":"fratelli-rodriguez-presentano-nuovo-brand-moda-milano","status":"publish","type":"post","link":"https:\/\/www.gossip.it\/news\/fratelli-rodriguez-presentano-nuovo-brand-moda-milano\/","title":{"rendered":"I fratelli Rodriguez presentano il loro nuovo brand a Milano"},"content":{"rendered":"<p><a href=\"\/vip\/belen\/\">Belen<\/a>, <a href=\"\/vip\/cecilia\/\">Cecilia<\/a> e <a href=\"\/vip\/jeremias\/\">Jeremias<\/a> sono felici. I <strong>fratelli<\/strong> <a href=\"\/vip\/rodriguez\/\">Rodriguez<\/a> <strong>presentano<\/strong> il loro <strong>nuovo brand<\/strong> a <strong>Milano<\/strong>, scelgono di farlo sulla terrazza pi\u00f9 iconica della citt\u00e0, quella della Rinascente, durante la Fashion Week.<em> Hinnominate<\/em> \u00e8 un marchio di cui vanno fieri e che racconta la loro voglia di famiglia.<\/p>\n<figure class=\"caption\"><img decoding=\"async\" alt=\"I fratelli Rodriguez presentano il loro nuovo brand a Milano\" width=\"640\" height=\"1117\" src=\"https:\/\/files.gossip.it\/immagini_news\/2021\/09\/1632740723_rodriguez_1.jpg\" \/><figcaption>I fratelli Rodriguez presentano il loro nuovo brand a Milano<\/figcaption><\/figure>\n<p>La showgirl 37enne indossa un completo pantalone con giacca a doppio petto verde pastello, la sorella 31enne ha lo stesso outfit ma rosa. Toni scuri per il fratello 32enne, legatissimo alle due. Posano per i fotografi e orgogliosi mostrano le loro creazioni.<\/p>\n<p><em>\u201cFacendo televisione ho capito che quello \u00e8 un mondo che ti lega tanto, forse troppo. Per slegarmi un po' da questa realt\u00e0 ho iniziato a buttare delle basi pensando piano piano in maniera sempre pi\u00f9 seria di fare l'imprenditrice. Ho iniziato a occuparmi di progetti che sono andati benissimo e cos\u00ec, dopo aver pensato alla collezione di makeup, skincare, e di bikini Me Fui<\/em> (con la sorella Cecilia\u00a0ndr.)<em>, volevamo iniziare qualcosa anche con Jere, che ci mancava tanto\u201d<\/em>, spiega Belen a <em>Elle<\/em> quando le si domanda come sia nata l\u2019idea del marchio.<\/p>\n<figure class=\"caption\"><img decoding=\"async\" alt=\"\" width=\"640\" height=\"798\" src=\"https:\/\/files.gossip.it\/immagini_news\/2021\/09\/1632740750_rodriguez_2.jpg\" \/><figcaption>La showgirl e la sorella con un completo pantalone dai colori pastello<\/figcaption><\/figure>\n<p>Sul nome scelto dice: <em>\u201cAll'inizio \"l'innominabile\" era stato pensato perch\u00e9 non volevamo dire che il brand era nostro, perch\u00e9 non sai chi c'\u00e8 dietro a quel progetto puoi avere una visione pi\u00f9 oggettiva a riguardo\u201d. \u201cNon volevamo dire chi c'era dietro a questo brand per capire se poteva piacere lo stesso pur non mettendo la nostra firma ma ci piaceva cos\u00ec tanto che non abbiamo resistito, volevamo dirlo a tutti!\u201d<\/em>, le fa eco Chechu. Jeremias fa notare: <em>\u201cQuesta storia \u00e8 durata tre giorni e poi ci hanno scoperto\u201d.<\/em><\/p>\n<figure class=\"caption\"><img decoding=\"async\" alt=\"\" width=\"640\" height=\"866\" src=\"https:\/\/files.gossip.it\/immagini_news\/2021\/09\/1632740783_rodriguez_3.jpg\" \/><figcaption>I tre entusiasti del loro nuovo progetto<\/figcaption><\/figure>\n<p>C\u2019\u00e8 qualcosa che hanno imparato da questo progetto. \u201c<em>Quando siamo partiti con questo progetto era un momento molto particolare. Ci siamo detti \"buttiamoci\" perch\u00e9 era una cosa che volevamo fare tutti e tre ma non avevamo nessuna certezza di come sarebbe andata. La fiducia \u00e8 la cosa che personalmente questo progetto mi ha insegnato di pi\u00f9. Avere pi\u00f9 fiducia in me stessa, i noi e in tutto ci\u00f2 che facciamo\u201d<\/em>, spiega Ceci<\/p>\n<p>\u00a0<\/p>\n<figure class=\"caption\"><img decoding=\"async\" alt=\"\" width=\"640\" height=\"701\" src=\"https:\/\/files.gossip.it\/immagini_news\/2021\/09\/1632740808_rodriguez_4.jpg\" \/><figcaption>Alla Rinascente fa il suo debutto, durante la Fashion Week, Hinnominate<\/figcaption><\/figure>\n<p><em>\u201cSul mio conto non ho imparato nulla che non sappia gi\u00e0 ma te lo dico senza presunzione. Perch\u00e9 ormai so che sono una persona organizzata che pu\u00f2 portare avanti un progetto. Sicuramente per\u00f2 \u00e8 stata una conferma. Ecco, ho imparato ad essere riconfermata<\/em> - afferma pi\u00f9 sicura Belen - <em>Questa \u00e8 una cosa che temo e che al contempo ho molto a cuore. Gli anni passano per tutti e si presenta sempre il bisogno e la necessit\u00e0 di essere riconfermati perch\u00e9 altrimenti passi di moda, finisce tutto e soffri. Ed \u00e8 proprio per questo motivo che ho iniziato a fare l'imprenditrice. Quindi la cosa pi\u00f9 bella che mi ha insegnato questo progetto \u00e8 la consapevolezza che le persone si fidino ancora di me e che mi vogliano bene\u201d.<\/em><\/p>\n<p><em>\u201cPer me \u00e8 stato un cambiamento ancora pi\u00f9 grande perch\u00e9 \u00e8 il mio primo vero progetto dopo aver mollato con il mondo della moda, un ambiente che, in passato, non mi \u00e8 piaciuto per niente. Quindi per me, a differenza di Belen, \u00e8 stata una conferma, la prima. Sapere che posso farcela e che ce l'abbiamo fatta\u201d<\/em>, precisa Jeremias.<\/p>\n<p>\u00a0<\/p>\n<p>\u00a0<\/p>\n","protected":false},"excerpt":{"rendered":"<p>Belen, Cecilia e Jeremias sono felici. I fratelli Rodriguez presentano il loro nuovo brand a Milano, scelgono di farlo sulla terrazza pi\u00f9 iconica della citt\u00e0, quella della Rinascente, durante la Fashion Week. Hinnominate \u00e8 un marchio di cui vanno fieri e che racconta la loro voglia di famiglia. I fratelli Rodriguez presentano il loro nuovo [&hellip;]<\/p>\n","protected":false},"author":1,"featured_media":126544,"comment_status":"closed","ping_status":"closed","sticky":false,"template":"","format":"standard","meta":{"footnotes":""},"categories":[54],"tags":[2299,4439,11357,2102,2266,2118,3088,13777,2121,2103,8039,2241,3776,1979,9205,3099,9801,38950,4925,11393,1923],"vip":[396,474],"class_list":["post-70498","post","type-post","status-publish","format-standard","has-post-thumbnail","hentry","category-news","tag-belen","tag-brand","tag-cecilia","tag-dichiarazioni","tag-elle","tag-foto","tag-fratelli","tag-hinnominate","tag-instagram","tag-intervista","tag-jeremias","tag-jeremias-rodriguez","tag-marchio","tag-milano","tag-milano-fashion-week","tag-moda","tag-nuovo","tag-presentano","tag-rinascente","tag-rodriguez","tag-social","vip-belen_rodriguez","vip-cecilia_rodriguez"],"yoast_head":"<title>I fratelli Rodriguez presentano il loro nuovo brand a Milano - Gossip.it | News sul Gossip e VIP<\/title>\n<meta name=\"description\" content=\"Belen, Cecilia e Jeremias sono felici. I fratelli Rodriguez presentano il loro nuovo brand a Milano, scelgono di farlo sulla terrazza pi\u00f9 iconica della\" \/>\n<meta name=\"robots\" content=\"index, follow, max-snippet:-1, max-image-preview:large, max-video-preview:-1\" \/>\n<link rel=\"canonical\" href=\"https:\/\/www.gossip.it\/news\/fratelli-rodriguez-presentano-nuovo-brand-moda-milano\/\" \/>\n<meta property=\"og:locale\" content=\"it_IT\" \/>\n<meta property=\"og:type\" content=\"article\" \/>\n<meta property=\"og:title\" content=\"I fratelli Rodriguez presentano il loro nuovo brand a Milano - Gossip.it | News sul Gossip e VIP\" \/>\n<meta property=\"og:description\" content=\"Belen, Cecilia e Jeremias sono felici. I fratelli Rodriguez presentano il loro nuovo brand a Milano, scelgono di farlo sulla terrazza pi\u00f9 iconica della\" \/>\n<meta property=\"og:url\" content=\"https:\/\/www.gossip.it\/news\/fratelli-rodriguez-presentano-nuovo-brand-moda-milano\/\" \/>\n<meta property=\"og:site_name\" content=\"Gossip.it | News sul Gossip e VIP\" \/>\n<meta property=\"article:publisher\" content=\"https:\/\/www.facebook.com\/GossipIT\" \/>\n<meta property=\"article:published_time\" content=\"2021-09-26T22:00:00+00:00\" \/>\n<meta property=\"og:image\" content=\"https:\/\/files.gossip.it\/immagini_news\/2021\/09\/1632740723_rodriguez_1.jpg\" \/>\n<meta name=\"author\" content=\"La Redazione\" \/>\n<meta name=\"twitter:card\" content=\"summary_large_image\" \/>\n<meta name=\"twitter:image\" content=\"https:\/\/files.gossip.it\/immagini_news\/2021\/09\/1632740723_rodriguez_1.jpg\" \/>\n<meta name=\"twitter:creator\" content=\"@gossinews_it\" \/>\n<meta name=\"twitter:site\" content=\"@gossinews_it\" \/>\n<meta name=\"twitter:label1\" content=\"Scritto da\" \/>\n\t<meta name=\"twitter:data1\" content=\"Annamaria Capozzi\" \/>\n\t<meta name=\"twitter:label2\" content=\"Tempo di lettura stimato\" \/>\n\t<meta name=\"twitter:data2\" content=\"3 minuti\" \/>","yoast_head_json":{"title":"I fratelli Rodriguez presentano il loro nuovo brand a Milano - Gossip.it | News sul Gossip e VIP","description":"Belen, Cecilia e Jeremias sono felici. I fratelli Rodriguez presentano il loro nuovo brand a Milano, scelgono di farlo sulla terrazza pi\u00f9 iconica della","robots":{"index":"index","follow":"follow","max-snippet":"max-snippet:-1","max-image-preview":"max-image-preview:large","max-video-preview":"max-video-preview:-1"},"canonical":"https:\/\/www.gossip.it\/news\/fratelli-rodriguez-presentano-nuovo-brand-moda-milano\/","og_locale":"it_IT","og_type":"article","og_title":"I fratelli Rodriguez presentano il loro nuovo brand a Milano - Gossip.it | News sul Gossip e VIP","og_description":"Belen, Cecilia e Jeremias sono felici. I fratelli Rodriguez presentano il loro nuovo brand a Milano, scelgono di farlo sulla terrazza pi\u00f9 iconica della","og_url":"https:\/\/www.gossip.it\/news\/fratelli-rodriguez-presentano-nuovo-brand-moda-milano\/","og_site_name":"Gossip.it | News sul Gossip e VIP","article_publisher":"https:\/\/www.facebook.com\/GossipIT","article_published_time":"2021-09-26T22:00:00+00:00","og_image":[{"url":"https:\/\/files.gossip.it\/immagini_news\/2021\/09\/1632740723_rodriguez_1.jpg"}],"author":"La Redazione","twitter_card":"summary_large_image","twitter_image":"https:\/\/files.gossip.it\/immagini_news\/2021\/09\/1632740723_rodriguez_1.jpg","twitter_creator":"@gossinews_it","twitter_site":"@gossinews_it","twitter_misc":{"Scritto da":"Annamaria Capozzi","Tempo di lettura stimato":"3 minuti"},"schema":{"@context":"https:\/\/schema.org","@graph":[{"@type":"Article","@id":"https:\/\/www.gossip.it\/news\/fratelli-rodriguez-presentano-nuovo-brand-moda-milano\/#article","isPartOf":{"@id":"https:\/\/www.gossip.it\/news\/fratelli-rodriguez-presentano-nuovo-brand-moda-milano\/"},"author":{"name":"La Redazione","@id":"https:\/\/www.gossip.it\/#\/schema\/person\/488896f75158bff1cc83c6c39d141110"},"headline":"I fratelli Rodriguez presentano il loro nuovo brand a Milano","datePublished":"2021-09-26T22:00:00+00:00","dateModified":"2021-09-26T22:00:00+00:00","mainEntityOfPage":{"@id":"https:\/\/www.gossip.it\/news\/fratelli-rodriguez-presentano-nuovo-brand-moda-milano\/"},"wordCount":575,"publisher":{"@id":"https:\/\/www.gossip.it\/#organization"},"image":{"@id":"https:\/\/www.gossip.it\/news\/fratelli-rodriguez-presentano-nuovo-brand-moda-milano\/#primaryimage"},"thumbnailUrl":"https:\/\/files.gossip.it\/immagini_news\/2021\/09\/1632740723_rodriguez_1.jpg","keywords":["belen","brand","cecilia","dichiarazioni","elle","foto","fratelli","hinnominate","instagram","intervista","jeremias","jeremias rodriguez","marchio","milano","milano fashion week","moda","nuovo","presentano","rinascente","rodriguez","social"],"articleSection":["News"],"inLanguage":"it-IT"},{"@type":"WebPage","@id":"https:\/\/www.gossip.it\/news\/fratelli-rodriguez-presentano-nuovo-brand-moda-milano\/","url":"https:\/\/www.gossip.it\/news\/fratelli-rodriguez-presentano-nuovo-brand-moda-milano\/","name":"I fratelli Rodriguez presentano il loro nuovo brand a Milano - Gossip.it | News sul Gossip e VIP","isPartOf":{"@id":"https:\/\/www.gossip.it\/#website"},"primaryImageOfPage":{"@id":"https:\/\/www.gossip.it\/news\/fratelli-rodriguez-presentano-nuovo-brand-moda-milano\/#primaryimage"},"image":{"@id":"https:\/\/www.gossip.it\/news\/fratelli-rodriguez-presentano-nuovo-brand-moda-milano\/#primaryimage"},"thumbnailUrl":"https:\/\/files.gossip.it\/immagini_news\/2021\/09\/1632740723_rodriguez_1.jpg","datePublished":"2021-09-26T22:00:00+00:00","dateModified":"2021-09-26T22:00:00+00:00","description":"Belen, Cecilia e Jeremias sono felici. I fratelli Rodriguez presentano il loro nuovo brand a Milano, scelgono di farlo sulla terrazza pi\u00f9 iconica della","breadcrumb":{"@id":"https:\/\/www.gossip.it\/news\/fratelli-rodriguez-presentano-nuovo-brand-moda-milano\/#breadcrumb"},"inLanguage":"it-IT","potentialAction":[{"@type":"ReadAction","target":["https:\/\/www.gossip.it\/news\/fratelli-rodriguez-presentano-nuovo-brand-moda-milano\/"]}]},{"@type":"ImageObject","inLanguage":"it-IT","@id":"https:\/\/www.gossip.it\/news\/fratelli-rodriguez-presentano-nuovo-brand-moda-milano\/#primaryimage","url":"https:\/\/files.gossip.it\/immagini_news\/2021\/09\/1632740723_rodriguez_1.jpg","contentUrl":"https:\/\/files.gossip.it\/immagini_news\/2021\/09\/1632740723_rodriguez_1.jpg"},{"@type":"BreadcrumbList","@id":"https:\/\/www.gossip.it\/news\/fratelli-rodriguez-presentano-nuovo-brand-moda-milano\/#breadcrumb","itemListElement":[{"@type":"ListItem","position":1,"name":"Home","item":"https:\/\/www.gossip.it\/"},{"@type":"ListItem","position":2,"name":"I fratelli Rodriguez presentano il loro nuovo brand a Milano"}]},{"@type":"WebSite","@id":"https:\/\/www.gossip.it\/#website","url":"https:\/\/www.gossip.it\/","name":"Gossip and VIP News","description":"Quotidiano di cronaca rosa, costume e societ\u00e0","publisher":{"@id":"https:\/\/www.gossip.it\/#organization"},"alternateName":"Gossip and VIP News","potentialAction":[{"@type":"SearchAction","target":{"@type":"EntryPoint","urlTemplate":"https:\/\/www.gossip.it\/?s={search_term_string}"},"query-input":{"@type":"PropertyValueSpecification","valueRequired":true,"valueName":"search_term_string"}}],"inLanguage":"it-IT"},{"@type":"Organization","@id":"https:\/\/www.gossip.it\/#organization","name":"Gossip and VIP News","alternateName":"Gossip News","url":"https:\/\/www.gossip.it\/","logo":{"@type":"ImageObject","inLanguage":"it-IT","@id":"https:\/\/www.gossip.it\/#\/schema\/logo\/image\/","url":"https:\/\/www.gossip.it\/wp-content\/uploads\/2022\/04\/cropped-corna-alta-tiny.png","contentUrl":"https:\/\/www.gossip.it\/wp-content\/uploads\/2022\/04\/cropped-corna-alta-tiny.png","width":512,"height":512,"caption":"Gossip and VIP News"},"image":{"@id":"https:\/\/www.gossip.it\/#\/schema\/logo\/image\/"},"sameAs":["https:\/\/www.facebook.com\/GossipIT","https:\/\/x.com\/gossinews_it","https:\/\/instagram.com\/gossip_it"]},{"@type":"Person","@id":"https:\/\/www.gossip.it\/#\/schema\/person\/488896f75158bff1cc83c6c39d141110","name":"La Redazione","image":{"@type":"ImageObject","inLanguage":"it-IT","@id":"https:\/\/www.gossip.it\/#\/schema\/person\/image\/","url":"https:\/\/secure.gravatar.com\/avatar\/5a5f5c6fa3e6700e4249abdad0263a1e94e927d9e0499b1cb09c1cd29c044d80?s=96&d=mm&r=g","contentUrl":"https:\/\/secure.gravatar.com\/avatar\/5a5f5c6fa3e6700e4249abdad0263a1e94e927d9e0499b1cb09c1cd29c044d80?s=96&d=mm&r=g","caption":"La Redazione"},"sameAs":["https:\/\/www.gossip.it"]}]}},"amp_enabled":true,"_links":{"self":[{"href":"https:\/\/www.gossip.it\/api\/wp\/v2\/posts\/70498","targetHints":{"allow":["GET"]}}],"collection":[{"href":"https:\/\/www.gossip.it\/api\/wp\/v2\/posts"}],"about":[{"href":"https:\/\/www.gossip.it\/api\/wp\/v2\/types\/post"}],"author":[{"embeddable":true,"href":"https:\/\/www.gossip.it\/api\/wp\/v2\/users\/1"}],"replies":[{"embeddable":true,"href":"https:\/\/www.gossip.it\/api\/wp\/v2\/comments?post=70498"}],"version-history":[{"count":0,"href":"https:\/\/www.gossip.it\/api\/wp\/v2\/posts\/70498\/revisions"}],"wp:featuredmedia":[{"embeddable":true,"href":"https:\/\/www.gossip.it\/api\/wp\/v2\/media\/126544"}],"wp:attachment":[{"href":"https:\/\/www.gossip.it\/api\/wp\/v2\/media?parent=70498"}],"wp:term":[{"taxonomy":"category","embeddable":true,"href":"https:\/\/www.gossip.it\/api\/wp\/v2\/categories?post=70498"},{"taxonomy":"post_tag","embeddable":true,"href":"https:\/\/www.gossip.it\/api\/wp\/v2\/tags?post=70498"},{"taxonomy":"vip","embeddable":true,"href":"https:\/\/www.gossip.it\/api\/wp\/v2\/vip?post=70498"}],"curies":[{"name":"wp","href":"https:\/\/api.w.org\/{rel}","templated":true}]}}