{"id":70505,"date":"2021-09-28T00:00:00","date_gmt":"2021-09-27T22:00:00","guid":{"rendered":"https:\/\/www.gossip.it\/senza-categoria\/gabriel-garko-dopo-coming-out-vorrei-figlio\/"},"modified":"2021-09-28T00:00:00","modified_gmt":"2021-09-27T22:00:00","slug":"gabriel-garko-dopo-coming-out-vorrei-figlio","status":"publish","type":"post","link":"https:\/\/www.gossip.it\/news\/gabriel-garko-dopo-coming-out-vorrei-figlio\/","title":{"rendered":"Gabriel Garko dopo il coming out: 'Vorrei un figlio, ci sto pensando seriamente'"},"content":{"rendered":"<p><a href=\"\/vip\/gabriel-garko\/\">Gabriel Garko<\/a>, a un anno esatto dal coming out, si mette a nudo in una lunga intervista al <em>Fatto Quotidiano<\/em>. L\u2019attore confessa il suo grande desiderio di paternit\u00e0: <em>\u201c<strong>Vorrei<\/strong> un <strong>figlio<\/strong>, ci sto pensando seriamente\u201d.<\/em><\/p>\n<figure class=\"caption\"><img decoding=\"async\" alt=\"Gabriel Garko dopo il coming out: 'Vorrei un figlio, ci sto pensando seriamente'\" width=\"640\" height=\"672\" src=\"https:\/\/files.gossip.it\/immagini_news\/2021\/09\/1632817040_garko_1.jpg\" \/><figcaption>Gabriel Garko dopo il coming out: 'Vorrei un figlio, ci sto pensando seriamente'<\/figcaption><\/figure>\n<p>In tv, al <em>GF Vip<\/em>, Gabriel si \u00e8 spogliato della maschera che portava e gli impediva di essere se stesso liberamente. \u201c<em>Oggi mi ritrovo a 49 anni ad affrontare una rinascita totale, a respirare a pieni polmoni\u201d,<\/em> spiega al quotidiano. Ha capito di aver fatto la scelta giusta, se potesse tornare indietro lo avrebbe fatto prima.<\/p>\n<p>Non si \u00e8 sentito giudicato dopo il coming out. <em>\u201cForse \u00e8 cambiata la percezione che il pubblico aveva nei miei confronti. Ho ricevuto centinaia di messaggi di stima e di ammirazione, anche da tanti uomini. Prima ero percepito come un personaggio distante, inavvicinabile, oggi mi dicono \u2018ti stimo per il coraggio che hai avuto\u2019. Ma sogno il momento in cui non sar\u00e0 pi\u00f9 necessario fare coming out, etichettare le persone, guardare il mondo con la lente della normalit\u00e0. Normale \u00e8 una parola che detesto\u201d,<\/em> spiega l\u2019artista.<\/p>\n<figure class=\"caption\"><img decoding=\"async\" alt=\"\" width=\"640\" height=\"414\" src=\"https:\/\/files.gossip.it\/immagini_news\/2021\/09\/1632817078_garko_gf.jpg\" \/><figcaption>E' passato un anno da quando in tv, al GF Vip, si \u00e8 finalmente tolto la maschera<\/figcaption><\/figure>\n<p>Garko, dopo un periodo di 4 anni lontano dal set, in cui ha studiato psicologia e si \u00e8 preso una pausa da tutto, vuole tornare a recitare, desidera stupire il pubblico. Quando gli si chiede se la perfezione fisica sia stata un\u2019ossessione, dice: \u201c<em>Sono stato maniacale, ora meno. Ma coltivo la mia fortuna genetica che per ora mi ha evitato il crollo post 40 anni che in tanti mi avevano pronosticato. Se mi vedo fuori forma mi rialleno un po\u2019 e tutto torna a posto\u201d.<\/em><\/p>\n<p>Invecchiare non lo spaventa:<em> \u201cMi spaventa la malattia. Oggi si pu\u00f2 invecchiare bene e io mi curo, faccio le vitamine. Ma non mi sono mai ritoccato, contrariamente a ci\u00f2 che dicevano di me in tv commentatori e commentatrici dall\u2019alto delle loro labbra a canotto\u201d.<\/em><\/p>\n<figure class=\"caption\"><img decoding=\"async\" alt=\"\" width=\"640\" height=\"683\" src=\"https:\/\/files.gossip.it\/immagini_news\/2021\/09\/1632817108_garko_2.jpg\" \/><figcaption>Invecchiare a 49 anni non lo spaventa, ma niente ritocchi, come hanno insinuato<\/figcaption><\/figure>\n<p>Inevitabile parlare di sentimenti, non \u00e8 stato innamorato spesso: <em>\u201cLa prima volta da giovanissimo e la storia \u00e8 durata quattro anni. La seconda con Riccardo, con cui sono stato 12 anni. La terza spero sia questa che sto vivendo\u201d. <\/em><strong>Gabriel Garko<\/strong> per\u00f2 adesso ha un grande sogno, diventare padre:<em> \u201cSono una persona estremamente realista ma sto tanto con la testa per aria. <strong>Vorrei<\/strong> un <strong>figlio<\/strong>. Ci sto pensando seriamente\u201d.<\/em><\/p>\n<p>Da quando ha detto al mondo di essere gay, sono tanti i ragazzi che provano ad approcciarlo sui social, Gabriel per\u00f2 non si smuove: <em>\u201cDiciamo che \u00e8 caduta ogni barriera. Ma l\u2019approccio facile non mi \u00e8 mai interessato: sono molto pi\u00f9 cerebrale di quanto le persone immaginino\u201d.<\/em><\/p>\n<p>\u00a0<\/p>\n<p>\u00a0<\/p>\n","protected":false},"excerpt":{"rendered":"<p>Gabriel Garko, a un anno esatto dal coming out, si mette a nudo in una lunga intervista al Fatto Quotidiano. L\u2019attore confessa il suo grande desiderio di paternit\u00e0: \u201cVorrei un figlio, ci sto pensando seriamente\u201d. Gabriel Garko dopo il coming out: 'Vorrei un figlio, ci sto pensando seriamente' In tv, al GF Vip, Gabriel si [&hellip;]<\/p>\n","protected":false},"author":1,"featured_media":126551,"comment_status":"closed","ping_status":"closed","sticky":false,"template":"","format":"standard","meta":{"footnotes":""},"categories":[54],"tags":[2137,61914,2102,13410,1942,3140,2103,3139,62432],"vip":[810],"class_list":["post-70505","post","type-post","status-publish","format-standard","has-post-thumbnail","hentry","category-news","tag-attore","tag-cliche","tag-dichiarazioni","tag-fatto-quotidiano","tag-figlio","tag-gay","tag-intervista","tag-omosessuale","tag-vorrrei-un-figlio","vip-gabriel_garko"],"yoast_head":"<title>Gabriel Garko dopo il coming out: &#039;Vorrei un figlio, ci sto pensando seriamente&#039; - Gossip.it | News sul Gossip e VIP<\/title>\n<meta name=\"description\" content=\"Gabriel Garko, a un anno esatto dal coming out, si mette a nudo in una lunga intervista al Fatto Quotidiano. L\u2019attore confessa il suo grande desiderio di\" \/>\n<meta name=\"robots\" content=\"index, follow, max-snippet:-1, max-image-preview:large, max-video-preview:-1\" \/>\n<link rel=\"canonical\" href=\"https:\/\/www.gossip.it\/news\/gabriel-garko-dopo-coming-out-vorrei-figlio\/\" \/>\n<meta property=\"og:locale\" content=\"it_IT\" \/>\n<meta property=\"og:type\" content=\"article\" \/>\n<meta property=\"og:title\" content=\"Gabriel Garko dopo il coming out: &#039;Vorrei un figlio, ci sto pensando seriamente&#039; - Gossip.it | News sul Gossip e VIP\" \/>\n<meta property=\"og:description\" content=\"Gabriel Garko, a un anno esatto dal coming out, si mette a nudo in una lunga intervista al Fatto Quotidiano. L\u2019attore confessa il suo grande desiderio di\" \/>\n<meta property=\"og:url\" content=\"https:\/\/www.gossip.it\/news\/gabriel-garko-dopo-coming-out-vorrei-figlio\/\" \/>\n<meta property=\"og:site_name\" content=\"Gossip.it | News sul Gossip e VIP\" \/>\n<meta property=\"article:publisher\" content=\"https:\/\/www.facebook.com\/GossipIT\" \/>\n<meta property=\"article:published_time\" content=\"2021-09-27T22:00:00+00:00\" \/>\n<meta property=\"og:image\" content=\"https:\/\/files.gossip.it\/immagini_news\/2021\/09\/1632817040_garko_1.jpg\" \/>\n<meta name=\"author\" content=\"La Redazione\" \/>\n<meta name=\"twitter:card\" content=\"summary_large_image\" \/>\n<meta name=\"twitter:image\" content=\"https:\/\/files.gossip.it\/immagini_news\/2021\/09\/1632817040_garko_1.jpg\" \/>\n<meta name=\"twitter:creator\" content=\"@gossinews_it\" \/>\n<meta name=\"twitter:site\" content=\"@gossinews_it\" \/>\n<meta name=\"twitter:label1\" content=\"Scritto da\" \/>\n\t<meta name=\"twitter:data1\" content=\"Annamaria Capozzi\" \/>\n\t<meta name=\"twitter:label2\" content=\"Tempo di lettura stimato\" \/>\n\t<meta name=\"twitter:data2\" content=\"2 minuti\" \/>","yoast_head_json":{"title":"Gabriel Garko dopo il coming out: 'Vorrei un figlio, ci sto pensando seriamente' - Gossip.it | News sul Gossip e VIP","description":"Gabriel Garko, a un anno esatto dal coming out, si mette a nudo in una lunga intervista al Fatto Quotidiano. L\u2019attore confessa il suo grande desiderio di","robots":{"index":"index","follow":"follow","max-snippet":"max-snippet:-1","max-image-preview":"max-image-preview:large","max-video-preview":"max-video-preview:-1"},"canonical":"https:\/\/www.gossip.it\/news\/gabriel-garko-dopo-coming-out-vorrei-figlio\/","og_locale":"it_IT","og_type":"article","og_title":"Gabriel Garko dopo il coming out: 'Vorrei un figlio, ci sto pensando seriamente' - Gossip.it | News sul Gossip e VIP","og_description":"Gabriel Garko, a un anno esatto dal coming out, si mette a nudo in una lunga intervista al Fatto Quotidiano. L\u2019attore confessa il suo grande desiderio di","og_url":"https:\/\/www.gossip.it\/news\/gabriel-garko-dopo-coming-out-vorrei-figlio\/","og_site_name":"Gossip.it | News sul Gossip e VIP","article_publisher":"https:\/\/www.facebook.com\/GossipIT","article_published_time":"2021-09-27T22:00:00+00:00","og_image":[{"url":"https:\/\/files.gossip.it\/immagini_news\/2021\/09\/1632817040_garko_1.jpg"}],"author":"La Redazione","twitter_card":"summary_large_image","twitter_image":"https:\/\/files.gossip.it\/immagini_news\/2021\/09\/1632817040_garko_1.jpg","twitter_creator":"@gossinews_it","twitter_site":"@gossinews_it","twitter_misc":{"Scritto da":"Annamaria Capozzi","Tempo di lettura stimato":"2 minuti"},"schema":{"@context":"https:\/\/schema.org","@graph":[{"@type":"Article","@id":"https:\/\/www.gossip.it\/news\/gabriel-garko-dopo-coming-out-vorrei-figlio\/#article","isPartOf":{"@id":"https:\/\/www.gossip.it\/news\/gabriel-garko-dopo-coming-out-vorrei-figlio\/"},"author":{"name":"La Redazione","@id":"https:\/\/www.gossip.it\/#\/schema\/person\/488896f75158bff1cc83c6c39d141110"},"headline":"Gabriel Garko dopo il coming out: 'Vorrei un figlio, ci sto pensando seriamente'","datePublished":"2021-09-27T22:00:00+00:00","dateModified":"2021-09-27T22:00:00+00:00","mainEntityOfPage":{"@id":"https:\/\/www.gossip.it\/news\/gabriel-garko-dopo-coming-out-vorrei-figlio\/"},"wordCount":468,"publisher":{"@id":"https:\/\/www.gossip.it\/#organization"},"image":{"@id":"https:\/\/www.gossip.it\/news\/gabriel-garko-dopo-coming-out-vorrei-figlio\/#primaryimage"},"thumbnailUrl":"https:\/\/files.gossip.it\/immagini_news\/2021\/09\/1632817040_garko_1.jpg","keywords":["attore","clich\u00e9","dichiarazioni","fatto quotidiano","figlio","gay","intervista","omosessuale","vorrrei un figlio"],"articleSection":["News"],"inLanguage":"it-IT"},{"@type":"WebPage","@id":"https:\/\/www.gossip.it\/news\/gabriel-garko-dopo-coming-out-vorrei-figlio\/","url":"https:\/\/www.gossip.it\/news\/gabriel-garko-dopo-coming-out-vorrei-figlio\/","name":"Gabriel Garko dopo il coming out: 'Vorrei un figlio, ci sto pensando seriamente' - Gossip.it | News sul Gossip e VIP","isPartOf":{"@id":"https:\/\/www.gossip.it\/#website"},"primaryImageOfPage":{"@id":"https:\/\/www.gossip.it\/news\/gabriel-garko-dopo-coming-out-vorrei-figlio\/#primaryimage"},"image":{"@id":"https:\/\/www.gossip.it\/news\/gabriel-garko-dopo-coming-out-vorrei-figlio\/#primaryimage"},"thumbnailUrl":"https:\/\/files.gossip.it\/immagini_news\/2021\/09\/1632817040_garko_1.jpg","datePublished":"2021-09-27T22:00:00+00:00","dateModified":"2021-09-27T22:00:00+00:00","description":"Gabriel Garko, a un anno esatto dal coming out, si mette a nudo in una lunga intervista al Fatto Quotidiano. L\u2019attore confessa il suo grande desiderio di","breadcrumb":{"@id":"https:\/\/www.gossip.it\/news\/gabriel-garko-dopo-coming-out-vorrei-figlio\/#breadcrumb"},"inLanguage":"it-IT","potentialAction":[{"@type":"ReadAction","target":["https:\/\/www.gossip.it\/news\/gabriel-garko-dopo-coming-out-vorrei-figlio\/"]}]},{"@type":"ImageObject","inLanguage":"it-IT","@id":"https:\/\/www.gossip.it\/news\/gabriel-garko-dopo-coming-out-vorrei-figlio\/#primaryimage","url":"https:\/\/files.gossip.it\/immagini_news\/2021\/09\/1632817040_garko_1.jpg","contentUrl":"https:\/\/files.gossip.it\/immagini_news\/2021\/09\/1632817040_garko_1.jpg"},{"@type":"BreadcrumbList","@id":"https:\/\/www.gossip.it\/news\/gabriel-garko-dopo-coming-out-vorrei-figlio\/#breadcrumb","itemListElement":[{"@type":"ListItem","position":1,"name":"Home","item":"https:\/\/www.gossip.it\/"},{"@type":"ListItem","position":2,"name":"Gabriel Garko dopo il coming out: 'Vorrei un figlio, ci sto pensando seriamente'"}]},{"@type":"WebSite","@id":"https:\/\/www.gossip.it\/#website","url":"https:\/\/www.gossip.it\/","name":"Gossip and VIP News","description":"Quotidiano di cronaca rosa, costume e societ\u00e0","publisher":{"@id":"https:\/\/www.gossip.it\/#organization"},"alternateName":"Gossip and VIP News","potentialAction":[{"@type":"SearchAction","target":{"@type":"EntryPoint","urlTemplate":"https:\/\/www.gossip.it\/?s={search_term_string}"},"query-input":{"@type":"PropertyValueSpecification","valueRequired":true,"valueName":"search_term_string"}}],"inLanguage":"it-IT"},{"@type":"Organization","@id":"https:\/\/www.gossip.it\/#organization","name":"Gossip and VIP News","alternateName":"Gossip News","url":"https:\/\/www.gossip.it\/","logo":{"@type":"ImageObject","inLanguage":"it-IT","@id":"https:\/\/www.gossip.it\/#\/schema\/logo\/image\/","url":"https:\/\/www.gossip.it\/wp-content\/uploads\/2022\/04\/cropped-corna-alta-tiny.png","contentUrl":"https:\/\/www.gossip.it\/wp-content\/uploads\/2022\/04\/cropped-corna-alta-tiny.png","width":512,"height":512,"caption":"Gossip and VIP News"},"image":{"@id":"https:\/\/www.gossip.it\/#\/schema\/logo\/image\/"},"sameAs":["https:\/\/www.facebook.com\/GossipIT","https:\/\/x.com\/gossinews_it","https:\/\/instagram.com\/gossip_it"]},{"@type":"Person","@id":"https:\/\/www.gossip.it\/#\/schema\/person\/488896f75158bff1cc83c6c39d141110","name":"La Redazione","image":{"@type":"ImageObject","inLanguage":"it-IT","@id":"https:\/\/www.gossip.it\/#\/schema\/person\/image\/","url":"https:\/\/secure.gravatar.com\/avatar\/5a5f5c6fa3e6700e4249abdad0263a1e94e927d9e0499b1cb09c1cd29c044d80?s=96&d=mm&r=g","contentUrl":"https:\/\/secure.gravatar.com\/avatar\/5a5f5c6fa3e6700e4249abdad0263a1e94e927d9e0499b1cb09c1cd29c044d80?s=96&d=mm&r=g","caption":"La Redazione"},"sameAs":["https:\/\/www.gossip.it"]}]}},"amp_enabled":true,"_links":{"self":[{"href":"https:\/\/www.gossip.it\/api\/wp\/v2\/posts\/70505","targetHints":{"allow":["GET"]}}],"collection":[{"href":"https:\/\/www.gossip.it\/api\/wp\/v2\/posts"}],"about":[{"href":"https:\/\/www.gossip.it\/api\/wp\/v2\/types\/post"}],"author":[{"embeddable":true,"href":"https:\/\/www.gossip.it\/api\/wp\/v2\/users\/1"}],"replies":[{"embeddable":true,"href":"https:\/\/www.gossip.it\/api\/wp\/v2\/comments?post=70505"}],"version-history":[{"count":0,"href":"https:\/\/www.gossip.it\/api\/wp\/v2\/posts\/70505\/revisions"}],"wp:featuredmedia":[{"embeddable":true,"href":"https:\/\/www.gossip.it\/api\/wp\/v2\/media\/126551"}],"wp:attachment":[{"href":"https:\/\/www.gossip.it\/api\/wp\/v2\/media?parent=70505"}],"wp:term":[{"taxonomy":"category","embeddable":true,"href":"https:\/\/www.gossip.it\/api\/wp\/v2\/categories?post=70505"},{"taxonomy":"post_tag","embeddable":true,"href":"https:\/\/www.gossip.it\/api\/wp\/v2\/tags?post=70505"},{"taxonomy":"vip","embeddable":true,"href":"https:\/\/www.gossip.it\/api\/wp\/v2\/vip?post=70505"}],"curies":[{"name":"wp","href":"https:\/\/api.w.org\/{rel}","templated":true}]}}