{"id":70583,"date":"2021-10-08T00:00:00","date_gmt":"2021-10-07T22:00:00","guid":{"rendered":"https:\/\/www.gossip.it\/senza-categoria\/laura-chiatti-cambio-look-biondissima-frangia-perche\/"},"modified":"2021-10-08T00:00:00","modified_gmt":"2021-10-07T22:00:00","slug":"laura-chiatti-cambio-look-biondissima-frangia-perche","status":"publish","type":"post","link":"https:\/\/www.gossip.it\/news\/laura-chiatti-cambio-look-biondissima-frangia-perche\/","title":{"rendered":"Laura Chiatti, cambio drastico del look: biondissima e con la frangia, ecco perch\u00e9"},"content":{"rendered":"<p><a href=\"\/vip\/laura-chiatti\/\">Laura Chiatti<\/a> non ha paura delle trasformazioni, <strong>cambio<\/strong> drastico del <strong>look<\/strong> per l\u2019attrice, che adesso \u00e8 <strong>biondissima<\/strong> e con la <strong>frangia<\/strong>. Rivela il nuovo taglio di capelli sul social e spiega <strong>perch\u00e9<\/strong> ha deciso di cambiare: esigenze di copione.<\/p>\n<figure class=\"caption\"><img decoding=\"async\" alt=\"Laura Chiatti, cambio drastico del look: biondissima e con la frangia, ecco perch\u00e9\" width=\"640\" height=\"677\" src=\"https:\/\/files.gossip.it\/immagini_news\/2021\/10\/1633690387_chiatti_2.jpg\" \/><figcaption>Laura Chiatti, cambio drastico del look: biondissima e con la frangia, ecco perch\u00e9<\/figcaption><\/figure>\n<p>La bella 39enne, sposata con <a href=\"\/vip\/marco-bocci\/\">Marco Bocci<\/a> e madre di Enea e Pablo, rispettivamente 6 e 5 anni, rimane fedele al suo amatissimo long bob, un caschetto appena sopra le spalle, ma lo arricchisce con una frangia dritta a tendina. Si \u00e8 affidata alla sua parrucchiera Francesca Ciculo. E\u2019 il colore della chioma a stupire: abbandona il castano chiaro e opta per il white chocolate, la nuance \u00e8 pazzesca, il biondo \u00e8 talmente chiaro da sembrare ossigenato. <strong>Laura Chiatti <\/strong>stravolge il suo aspetto: \u00e8 pi\u00f9 sbarazzina e se possibile ancor pi\u00f9 seducente, come un\u2019intramontabile Lolita.<\/p>\n<figure class=\"caption\"><img decoding=\"async\" alt=\"\" width=\"640\" height=\"623\" src=\"https:\/\/files.gossip.it\/immagini_news\/2021\/10\/1633690427_chiatti_1.jpg\" \/><figcaption>Si \u00e8 affidata alla sua parrucchiera Francesca Ciculo<\/figcaption><\/figure>\n<p>La Chiatti non cambia seguendo i trend di stagione. Sul social svela: <em>\u201cSolo le esigenze di copione possono cambiarmi\u201d.<\/em> Lo ha fatto perch\u00e9 sta per girare il suo nuovo film.<\/p>\n<figure class=\"caption\"><img decoding=\"async\" alt=\"\" width=\"640\" height=\"793\" src=\"https:\/\/files.gossip.it\/immagini_news\/2021\/10\/1633690461_chiatti_3.jpg\" \/><figcaption>L'attrice sceglie un white chocolate per il suo long bob<\/figcaption><\/figure>\n<p>Felice in famiglia, dove non ci sono ombre di crisi come vociferato da alcuni, l\u2019artista umbra nata a Castiglione del Lago nei giorni scorsi ha mostrato un\u00a0copione\u00a0e rivelato: \u201cPronto a dirigermi, Marco Bocci?\u201d. Sar\u00e0 il marito il suo regista sul set, stavolta \u00e8 arrivata l\u2019occasione giusta per la coppia che si \u00e8 conosciuta nel 2013 ee \u00e8 andata a nozze l\u2019anno seguente, nel 2014 nella Basilica di San Pietro a Perugia.<\/p>\n<p>\u00a0<\/p>\n","protected":false},"excerpt":{"rendered":"<p>Laura Chiatti non ha paura delle trasformazioni, cambio drastico del look per l\u2019attrice, che adesso \u00e8 biondissima e con la frangia. Rivela il nuovo taglio di capelli sul social e spiega perch\u00e9 ha deciso di cambiare: esigenze di copione. Laura Chiatti, cambio drastico del look: biondissima e con la frangia, ecco perch\u00e9 La bella 39enne, [&hellip;]<\/p>\n","protected":false},"author":1,"featured_media":126629,"comment_status":"closed","ping_status":"closed","sticky":false,"template":"","format":"standard","meta":{"footnotes":""},"categories":[54],"tags":[1983,2794,11721,62468,12641,2121,1970,1998,2477,1923,3043],"vip":[1077,1201],"class_list":["post-70583","post","type-post","status-publish","format-standard","has-post-thumbnail","hentry","category-news","tag-attrice","tag-biondissima","tag-cambio","tag-esigenze-di-set","tag-frangia","tag-instagram","tag-look","tag-marito","tag-set","tag-social","tag-taglio","vip-laura_chiatti","vip-marco_bocci"],"yoast_head":"<title>Laura Chiatti, cambio drastico del look: biondissima e con la frangia, ecco perch\u00e9 - Gossip.it | News sul Gossip e VIP<\/title>\n<meta name=\"description\" content=\"Laura Chiatti non ha paura delle trasformazioni, cambio drastico del look per l\u2019attrice, che adesso \u00e8 biondissima e con la frangia. Rivela il nuovo taglio\" \/>\n<meta name=\"robots\" content=\"index, follow, max-snippet:-1, max-image-preview:large, max-video-preview:-1\" \/>\n<link rel=\"canonical\" href=\"https:\/\/www.gossip.it\/news\/laura-chiatti-cambio-look-biondissima-frangia-perche\/\" \/>\n<meta property=\"og:locale\" content=\"it_IT\" \/>\n<meta property=\"og:type\" content=\"article\" \/>\n<meta property=\"og:title\" content=\"Laura Chiatti, cambio drastico del look: biondissima e con la frangia, ecco perch\u00e9 - Gossip.it | News sul Gossip e VIP\" \/>\n<meta property=\"og:description\" content=\"Laura Chiatti non ha paura delle trasformazioni, cambio drastico del look per l\u2019attrice, che adesso \u00e8 biondissima e con la frangia. Rivela il nuovo taglio\" \/>\n<meta property=\"og:url\" content=\"https:\/\/www.gossip.it\/news\/laura-chiatti-cambio-look-biondissima-frangia-perche\/\" \/>\n<meta property=\"og:site_name\" content=\"Gossip.it | News sul Gossip e VIP\" \/>\n<meta property=\"article:publisher\" content=\"https:\/\/www.facebook.com\/GossipIT\" \/>\n<meta property=\"article:published_time\" content=\"2021-10-07T22:00:00+00:00\" \/>\n<meta property=\"og:image\" content=\"https:\/\/files.gossip.it\/immagini_news\/2021\/10\/1633690387_chiatti_2.jpg\" \/>\n<meta name=\"author\" content=\"La Redazione\" \/>\n<meta name=\"twitter:card\" content=\"summary_large_image\" \/>\n<meta name=\"twitter:image\" content=\"https:\/\/files.gossip.it\/immagini_news\/2021\/10\/1633690387_chiatti_2.jpg\" \/>\n<meta name=\"twitter:creator\" content=\"@gossinews_it\" \/>\n<meta name=\"twitter:site\" content=\"@gossinews_it\" \/>\n<meta name=\"twitter:label1\" content=\"Scritto da\" \/>\n\t<meta name=\"twitter:data1\" content=\"Annamaria Capozzi\" \/>\n\t<meta name=\"twitter:label2\" content=\"Tempo di lettura stimato\" \/>\n\t<meta name=\"twitter:data2\" content=\"1 minuto\" \/>","yoast_head_json":{"title":"Laura Chiatti, cambio drastico del look: biondissima e con la frangia, ecco perch\u00e9 - Gossip.it | News sul Gossip e VIP","description":"Laura Chiatti non ha paura delle trasformazioni, cambio drastico del look per l\u2019attrice, che adesso \u00e8 biondissima e con la frangia. Rivela il nuovo taglio","robots":{"index":"index","follow":"follow","max-snippet":"max-snippet:-1","max-image-preview":"max-image-preview:large","max-video-preview":"max-video-preview:-1"},"canonical":"https:\/\/www.gossip.it\/news\/laura-chiatti-cambio-look-biondissima-frangia-perche\/","og_locale":"it_IT","og_type":"article","og_title":"Laura Chiatti, cambio drastico del look: biondissima e con la frangia, ecco perch\u00e9 - Gossip.it | News sul Gossip e VIP","og_description":"Laura Chiatti non ha paura delle trasformazioni, cambio drastico del look per l\u2019attrice, che adesso \u00e8 biondissima e con la frangia. Rivela il nuovo taglio","og_url":"https:\/\/www.gossip.it\/news\/laura-chiatti-cambio-look-biondissima-frangia-perche\/","og_site_name":"Gossip.it | News sul Gossip e VIP","article_publisher":"https:\/\/www.facebook.com\/GossipIT","article_published_time":"2021-10-07T22:00:00+00:00","og_image":[{"url":"https:\/\/files.gossip.it\/immagini_news\/2021\/10\/1633690387_chiatti_2.jpg"}],"author":"La Redazione","twitter_card":"summary_large_image","twitter_image":"https:\/\/files.gossip.it\/immagini_news\/2021\/10\/1633690387_chiatti_2.jpg","twitter_creator":"@gossinews_it","twitter_site":"@gossinews_it","twitter_misc":{"Scritto da":"Annamaria Capozzi","Tempo di lettura stimato":"1 minuto"},"schema":{"@context":"https:\/\/schema.org","@graph":[{"@type":"Article","@id":"https:\/\/www.gossip.it\/news\/laura-chiatti-cambio-look-biondissima-frangia-perche\/#article","isPartOf":{"@id":"https:\/\/www.gossip.it\/news\/laura-chiatti-cambio-look-biondissima-frangia-perche\/"},"author":{"name":"La Redazione","@id":"https:\/\/www.gossip.it\/#\/schema\/person\/488896f75158bff1cc83c6c39d141110"},"headline":"Laura Chiatti, cambio drastico del look: biondissima e con la frangia, ecco perch\u00e9","datePublished":"2021-10-07T22:00:00+00:00","dateModified":"2021-10-07T22:00:00+00:00","mainEntityOfPage":{"@id":"https:\/\/www.gossip.it\/news\/laura-chiatti-cambio-look-biondissima-frangia-perche\/"},"wordCount":274,"publisher":{"@id":"https:\/\/www.gossip.it\/#organization"},"image":{"@id":"https:\/\/www.gossip.it\/news\/laura-chiatti-cambio-look-biondissima-frangia-perche\/#primaryimage"},"thumbnailUrl":"https:\/\/files.gossip.it\/immagini_news\/2021\/10\/1633690387_chiatti_2.jpg","keywords":["attrice","biondissima","cambio","esigenze di set","frangia","instagram","look","marito","set","social","taglio"],"articleSection":["News"],"inLanguage":"it-IT"},{"@type":"WebPage","@id":"https:\/\/www.gossip.it\/news\/laura-chiatti-cambio-look-biondissima-frangia-perche\/","url":"https:\/\/www.gossip.it\/news\/laura-chiatti-cambio-look-biondissima-frangia-perche\/","name":"Laura Chiatti, cambio drastico del look: biondissima e con la frangia, ecco perch\u00e9 - Gossip.it | News sul Gossip e VIP","isPartOf":{"@id":"https:\/\/www.gossip.it\/#website"},"primaryImageOfPage":{"@id":"https:\/\/www.gossip.it\/news\/laura-chiatti-cambio-look-biondissima-frangia-perche\/#primaryimage"},"image":{"@id":"https:\/\/www.gossip.it\/news\/laura-chiatti-cambio-look-biondissima-frangia-perche\/#primaryimage"},"thumbnailUrl":"https:\/\/files.gossip.it\/immagini_news\/2021\/10\/1633690387_chiatti_2.jpg","datePublished":"2021-10-07T22:00:00+00:00","dateModified":"2021-10-07T22:00:00+00:00","description":"Laura Chiatti non ha paura delle trasformazioni, cambio drastico del look per l\u2019attrice, che adesso \u00e8 biondissima e con la frangia. Rivela il nuovo taglio","breadcrumb":{"@id":"https:\/\/www.gossip.it\/news\/laura-chiatti-cambio-look-biondissima-frangia-perche\/#breadcrumb"},"inLanguage":"it-IT","potentialAction":[{"@type":"ReadAction","target":["https:\/\/www.gossip.it\/news\/laura-chiatti-cambio-look-biondissima-frangia-perche\/"]}]},{"@type":"ImageObject","inLanguage":"it-IT","@id":"https:\/\/www.gossip.it\/news\/laura-chiatti-cambio-look-biondissima-frangia-perche\/#primaryimage","url":"https:\/\/files.gossip.it\/immagini_news\/2021\/10\/1633690387_chiatti_2.jpg","contentUrl":"https:\/\/files.gossip.it\/immagini_news\/2021\/10\/1633690387_chiatti_2.jpg"},{"@type":"BreadcrumbList","@id":"https:\/\/www.gossip.it\/news\/laura-chiatti-cambio-look-biondissima-frangia-perche\/#breadcrumb","itemListElement":[{"@type":"ListItem","position":1,"name":"Home","item":"https:\/\/www.gossip.it\/"},{"@type":"ListItem","position":2,"name":"Laura Chiatti, cambio drastico del look: biondissima e con la frangia, ecco perch\u00e9"}]},{"@type":"WebSite","@id":"https:\/\/www.gossip.it\/#website","url":"https:\/\/www.gossip.it\/","name":"Gossip and VIP News","description":"Quotidiano di cronaca rosa, costume e societ\u00e0","publisher":{"@id":"https:\/\/www.gossip.it\/#organization"},"alternateName":"Gossip and VIP News","potentialAction":[{"@type":"SearchAction","target":{"@type":"EntryPoint","urlTemplate":"https:\/\/www.gossip.it\/?s={search_term_string}"},"query-input":{"@type":"PropertyValueSpecification","valueRequired":true,"valueName":"search_term_string"}}],"inLanguage":"it-IT"},{"@type":"Organization","@id":"https:\/\/www.gossip.it\/#organization","name":"Gossip and VIP News","alternateName":"Gossip News","url":"https:\/\/www.gossip.it\/","logo":{"@type":"ImageObject","inLanguage":"it-IT","@id":"https:\/\/www.gossip.it\/#\/schema\/logo\/image\/","url":"https:\/\/www.gossip.it\/wp-content\/uploads\/2022\/04\/cropped-corna-alta-tiny.png","contentUrl":"https:\/\/www.gossip.it\/wp-content\/uploads\/2022\/04\/cropped-corna-alta-tiny.png","width":512,"height":512,"caption":"Gossip and VIP News"},"image":{"@id":"https:\/\/www.gossip.it\/#\/schema\/logo\/image\/"},"sameAs":["https:\/\/www.facebook.com\/GossipIT","https:\/\/x.com\/gossinews_it","https:\/\/instagram.com\/gossip_it"]},{"@type":"Person","@id":"https:\/\/www.gossip.it\/#\/schema\/person\/488896f75158bff1cc83c6c39d141110","name":"La Redazione","image":{"@type":"ImageObject","inLanguage":"it-IT","@id":"https:\/\/www.gossip.it\/#\/schema\/person\/image\/","url":"https:\/\/secure.gravatar.com\/avatar\/5a5f5c6fa3e6700e4249abdad0263a1e94e927d9e0499b1cb09c1cd29c044d80?s=96&d=mm&r=g","contentUrl":"https:\/\/secure.gravatar.com\/avatar\/5a5f5c6fa3e6700e4249abdad0263a1e94e927d9e0499b1cb09c1cd29c044d80?s=96&d=mm&r=g","caption":"La Redazione"},"sameAs":["https:\/\/www.gossip.it"]}]}},"amp_enabled":true,"_links":{"self":[{"href":"https:\/\/www.gossip.it\/api\/wp\/v2\/posts\/70583","targetHints":{"allow":["GET"]}}],"collection":[{"href":"https:\/\/www.gossip.it\/api\/wp\/v2\/posts"}],"about":[{"href":"https:\/\/www.gossip.it\/api\/wp\/v2\/types\/post"}],"author":[{"embeddable":true,"href":"https:\/\/www.gossip.it\/api\/wp\/v2\/users\/1"}],"replies":[{"embeddable":true,"href":"https:\/\/www.gossip.it\/api\/wp\/v2\/comments?post=70583"}],"version-history":[{"count":0,"href":"https:\/\/www.gossip.it\/api\/wp\/v2\/posts\/70583\/revisions"}],"wp:featuredmedia":[{"embeddable":true,"href":"https:\/\/www.gossip.it\/api\/wp\/v2\/media\/126629"}],"wp:attachment":[{"href":"https:\/\/www.gossip.it\/api\/wp\/v2\/media?parent=70583"}],"wp:term":[{"taxonomy":"category","embeddable":true,"href":"https:\/\/www.gossip.it\/api\/wp\/v2\/categories?post=70583"},{"taxonomy":"post_tag","embeddable":true,"href":"https:\/\/www.gossip.it\/api\/wp\/v2\/tags?post=70583"},{"taxonomy":"vip","embeddable":true,"href":"https:\/\/www.gossip.it\/api\/wp\/v2\/vip?post=70583"}],"curies":[{"name":"wp","href":"https:\/\/api.w.org\/{rel}","templated":true}]}}