{"id":70792,"date":"2021-11-08T00:00:00","date_gmt":"2021-11-07T23:00:00","guid":{"rendered":"https:\/\/www.gossip.it\/senza-categoria\/soleil-sorge-lillo-e-greg\/"},"modified":"2021-11-08T00:00:00","modified_gmt":"2021-11-07T23:00:00","slug":"soleil-sorge-lillo-e-greg","status":"publish","type":"post","link":"https:\/\/www.gossip.it\/news\/soleil-sorge-lillo-e-greg\/","title":{"rendered":"'Soleil Sorg\u00e8 leggera e irrispettosa': ecco cos'avrebbe fatto a Lillo e Greg la gieffina vip"},"content":{"rendered":"<p><a href=\"\/vip\/soleil-sorg\u00e8\/\">Soleil Sorg\u00e8<\/a>, una delle concorrenti pi\u00f9 discusse del <em>GF Vip<\/em>, viene definita <em>\u201cleggera e irrispettosa\u201d<\/em>, da chi dice di conoscerla benissimo. Il giornalista Gabriele Parpiglia a<em> Casa Chi <\/em>racconta un inedito aneddoto che riguarda la bionda 27enne, ora nella Casa al reality: ecco cos\u2019avrebbe fatto a <a href=\"\/vip\/lillo-e greg\/\">Lillo e Greg<\/a>, l\u2019esilarante duo comico formato da Pasquale<em> \"Lillo\" <\/em>Petrolo e Claudio <em>\"Greg\"<\/em> Gregori.<\/p>\n<figure class=\"caption\"><img decoding=\"async\" alt=\"'Soleil Sorg\u00e8 leggera e irrispettosa': ecco cos'avrebbe fatto a Lillo e Greg la gieffina vip\" width=\"640\" height=\"628\" src=\"https:\/\/files.gossip.it\/immagini_news\/2021\/11\/1636378230_soleil_sorge.jpg\" \/><figcaption>'Soleil Sorg\u00e8 leggera e irrispettosa': ecco cos'avrebbe fatto a Lillo e Greg la gieffina vip<\/figcaption><\/figure>\n<p><em>\u201cDopo L\u2019Isola dei Famosi, Soleil era stata contattata da <strong>Lillo e Greg <\/strong>per la loro nuova tourn\u00e9e teatrale, erano 80 date. Il teatro \u00e8 la miglior palestra, pi\u00f9 di qualsiasi reality. Soleil accett\u00f2 e partecip\u00f2 alle prime riunioni, partecip\u00f2 alla conferenza stampa\u2026salvo poi dieci giorni prima della data zero in teatro, part\u00ec per Ibiza e spense il telefono. Non si present\u00f2 pi\u00f9\u201d<\/em>, confida il 42enne.<\/p>\n<figure class=\"caption\"><img decoding=\"async\" alt=\"\" width=\"640\" height=\"647\" src=\"https:\/\/files.gossip.it\/immagini_news\/2021\/11\/1636378255_lillo_e_greg.jpg\" \/><figcaption>I due comici l'avevano presa per il loro spettacolo teatrale, ma lei...<\/figcaption><\/figure>\n<p>E aggiunge: <em>\u201cQuesta \u00e8 stata una pessima figura che delinea anche la seriet\u00e0 delle persone: dici ci sono e poi non ci sei, dici partecipo e poi scappi. Manchi di rispetto agli artisti secondo me. Io credo che con questo aneddoto vi abbia dimostrato quanto sia leggera la ragazza. Ovviamente non posso essere smentito perch\u00e9 con l\u2019avvocato di <strong>Lillo e Greg<\/strong> ci ho dovuto parlare io. So perfettamente di non essere smentito\u201d.<\/em> E infine conclude:<em> \u201cQuesta storia non la sapeva nessuno\u201d.<\/em> Soleil sarebbe, quindi, stando alle sue parole, inaffidabile, una sulla quale fare poco conto anche professionalmente...<\/p>\n<p>\u00a0<\/p>\n","protected":false},"excerpt":{"rendered":"<p>Soleil Sorg\u00e8, una delle concorrenti pi\u00f9 discusse del GF Vip, viene definita \u201cleggera e irrispettosa\u201d, da chi dice di conoscerla benissimo. Il giornalista Gabriele Parpiglia a Casa Chi racconta un inedito aneddoto che riguarda la bionda 27enne, ora nella Casa al reality: ecco cos\u2019avrebbe fatto a Lillo e Greg, l\u2019esilarante duo comico formato da Pasquale [&hellip;]<\/p>\n","protected":false},"author":1,"featured_media":126838,"comment_status":"closed","ping_status":"closed","sticky":false,"template":"","format":"standard","meta":{"footnotes":""},"categories":[54],"tags":[2143,2129,2102,9548,2126,2127,1875,13925,1871,2097,2115],"vip":[],"class_list":["post-70792","post","type-post","status-publish","format-standard","has-post-thumbnail","hentry","category-news","tag-casa-chi","tag-corteggiatrice","tag-dichiarazioni","tag-gabriele-parpiglia","tag-gf-vip","tag-gf-vip-6","tag-grande-fratello-vip","tag-lillo-e-greg","tag-soleil-sorge","tag-tv","tag-uomini-e-donne"],"yoast_head":"<title>&#039;Soleil Sorg\u00e8 leggera e irrispettosa&#039;: ecco cos&#039;avrebbe fatto a Lillo e Greg la gieffina vip - Gossip.it | News sul Gossip e VIP<\/title>\n<meta name=\"description\" content=\"Soleil Sorg\u00e8, una delle concorrenti pi\u00f9 discusse del GF Vip, viene definita \u201cleggera e irrispettosa\u201d, da chi dice di conoscerla benissimo. Il giornalista\" \/>\n<meta name=\"robots\" content=\"index, follow, max-snippet:-1, max-image-preview:large, max-video-preview:-1\" \/>\n<link rel=\"canonical\" href=\"https:\/\/www.gossip.it\/news\/soleil-sorge-lillo-e-greg\/\" \/>\n<meta property=\"og:locale\" content=\"it_IT\" \/>\n<meta property=\"og:type\" content=\"article\" \/>\n<meta property=\"og:title\" content=\"&#039;Soleil Sorg\u00e8 leggera e irrispettosa&#039;: ecco cos&#039;avrebbe fatto a Lillo e Greg la gieffina vip - Gossip.it | News sul Gossip e VIP\" \/>\n<meta property=\"og:description\" content=\"Soleil Sorg\u00e8, una delle concorrenti pi\u00f9 discusse del GF Vip, viene definita \u201cleggera e irrispettosa\u201d, da chi dice di conoscerla benissimo. Il giornalista\" \/>\n<meta property=\"og:url\" content=\"https:\/\/www.gossip.it\/news\/soleil-sorge-lillo-e-greg\/\" \/>\n<meta property=\"og:site_name\" content=\"Gossip.it | News sul Gossip e VIP\" \/>\n<meta property=\"article:publisher\" content=\"https:\/\/www.facebook.com\/GossipIT\" \/>\n<meta property=\"article:published_time\" content=\"2021-11-07T23:00:00+00:00\" \/>\n<meta property=\"og:image\" content=\"https:\/\/files.gossip.it\/immagini_news\/2021\/11\/1636378230_soleil_sorge.jpg\" \/>\n<meta name=\"author\" content=\"La Redazione\" \/>\n<meta name=\"twitter:card\" content=\"summary_large_image\" \/>\n<meta name=\"twitter:image\" content=\"https:\/\/files.gossip.it\/immagini_news\/2021\/11\/1636378230_soleil_sorge.jpg\" \/>\n<meta name=\"twitter:creator\" content=\"@gossinews_it\" \/>\n<meta name=\"twitter:site\" content=\"@gossinews_it\" \/>\n<meta name=\"twitter:label1\" content=\"Scritto da\" \/>\n\t<meta name=\"twitter:data1\" content=\"La Redazione\" \/>\n\t<meta name=\"twitter:label2\" content=\"Tempo di lettura stimato\" \/>\n\t<meta name=\"twitter:data2\" content=\"1 minuto\" \/>","yoast_head_json":{"title":"'Soleil Sorg\u00e8 leggera e irrispettosa': ecco cos'avrebbe fatto a Lillo e Greg la gieffina vip - Gossip.it | News sul Gossip e VIP","description":"Soleil Sorg\u00e8, una delle concorrenti pi\u00f9 discusse del GF Vip, viene definita \u201cleggera e irrispettosa\u201d, da chi dice di conoscerla benissimo. Il giornalista","robots":{"index":"index","follow":"follow","max-snippet":"max-snippet:-1","max-image-preview":"max-image-preview:large","max-video-preview":"max-video-preview:-1"},"canonical":"https:\/\/www.gossip.it\/news\/soleil-sorge-lillo-e-greg\/","og_locale":"it_IT","og_type":"article","og_title":"'Soleil Sorg\u00e8 leggera e irrispettosa': ecco cos'avrebbe fatto a Lillo e Greg la gieffina vip - Gossip.it | News sul Gossip e VIP","og_description":"Soleil Sorg\u00e8, una delle concorrenti pi\u00f9 discusse del GF Vip, viene definita \u201cleggera e irrispettosa\u201d, da chi dice di conoscerla benissimo. Il giornalista","og_url":"https:\/\/www.gossip.it\/news\/soleil-sorge-lillo-e-greg\/","og_site_name":"Gossip.it | News sul Gossip e VIP","article_publisher":"https:\/\/www.facebook.com\/GossipIT","article_published_time":"2021-11-07T23:00:00+00:00","og_image":[{"url":"https:\/\/files.gossip.it\/immagini_news\/2021\/11\/1636378230_soleil_sorge.jpg"}],"author":"La Redazione","twitter_card":"summary_large_image","twitter_image":"https:\/\/files.gossip.it\/immagini_news\/2021\/11\/1636378230_soleil_sorge.jpg","twitter_creator":"@gossinews_it","twitter_site":"@gossinews_it","twitter_misc":{"Scritto da":"La Redazione","Tempo di lettura stimato":"1 minuto"},"schema":{"@context":"https:\/\/schema.org","@graph":[{"@type":"Article","@id":"https:\/\/www.gossip.it\/news\/soleil-sorge-lillo-e-greg\/#article","isPartOf":{"@id":"https:\/\/www.gossip.it\/news\/soleil-sorge-lillo-e-greg\/"},"author":{"name":"La Redazione","@id":"https:\/\/www.gossip.it\/#\/schema\/person\/488896f75158bff1cc83c6c39d141110"},"headline":"'Soleil Sorg\u00e8 leggera e irrispettosa': ecco cos'avrebbe fatto a Lillo e Greg la gieffina vip","datePublished":"2021-11-07T23:00:00+00:00","dateModified":"2021-11-07T23:00:00+00:00","mainEntityOfPage":{"@id":"https:\/\/www.gossip.it\/news\/soleil-sorge-lillo-e-greg\/"},"wordCount":271,"publisher":{"@id":"https:\/\/www.gossip.it\/#organization"},"image":{"@id":"https:\/\/www.gossip.it\/news\/soleil-sorge-lillo-e-greg\/#primaryimage"},"thumbnailUrl":"https:\/\/files.gossip.it\/immagini_news\/2021\/11\/1636378230_soleil_sorge.jpg","keywords":["casa chi","corteggiatrice","dichiarazioni","gabriele parpiglia","gf vip","gf vip 6","grande fratello vip","lillo e greg","soleil sorge","tv","uomini e donne"],"articleSection":["News"],"inLanguage":"it-IT"},{"@type":"WebPage","@id":"https:\/\/www.gossip.it\/news\/soleil-sorge-lillo-e-greg\/","url":"https:\/\/www.gossip.it\/news\/soleil-sorge-lillo-e-greg\/","name":"'Soleil Sorg\u00e8 leggera e irrispettosa': ecco cos'avrebbe fatto a Lillo e Greg la gieffina vip - Gossip.it | News sul Gossip e VIP","isPartOf":{"@id":"https:\/\/www.gossip.it\/#website"},"primaryImageOfPage":{"@id":"https:\/\/www.gossip.it\/news\/soleil-sorge-lillo-e-greg\/#primaryimage"},"image":{"@id":"https:\/\/www.gossip.it\/news\/soleil-sorge-lillo-e-greg\/#primaryimage"},"thumbnailUrl":"https:\/\/files.gossip.it\/immagini_news\/2021\/11\/1636378230_soleil_sorge.jpg","datePublished":"2021-11-07T23:00:00+00:00","dateModified":"2021-11-07T23:00:00+00:00","description":"Soleil Sorg\u00e8, una delle concorrenti pi\u00f9 discusse del GF Vip, viene definita \u201cleggera e irrispettosa\u201d, da chi dice di conoscerla benissimo. Il giornalista","breadcrumb":{"@id":"https:\/\/www.gossip.it\/news\/soleil-sorge-lillo-e-greg\/#breadcrumb"},"inLanguage":"it-IT","potentialAction":[{"@type":"ReadAction","target":["https:\/\/www.gossip.it\/news\/soleil-sorge-lillo-e-greg\/"]}]},{"@type":"ImageObject","inLanguage":"it-IT","@id":"https:\/\/www.gossip.it\/news\/soleil-sorge-lillo-e-greg\/#primaryimage","url":"https:\/\/files.gossip.it\/immagini_news\/2021\/11\/1636378230_soleil_sorge.jpg","contentUrl":"https:\/\/files.gossip.it\/immagini_news\/2021\/11\/1636378230_soleil_sorge.jpg"},{"@type":"BreadcrumbList","@id":"https:\/\/www.gossip.it\/news\/soleil-sorge-lillo-e-greg\/#breadcrumb","itemListElement":[{"@type":"ListItem","position":1,"name":"Home","item":"https:\/\/www.gossip.it\/"},{"@type":"ListItem","position":2,"name":"'Soleil Sorg\u00e8 leggera e irrispettosa': ecco cos'avrebbe fatto a Lillo e Greg la gieffina vip"}]},{"@type":"WebSite","@id":"https:\/\/www.gossip.it\/#website","url":"https:\/\/www.gossip.it\/","name":"Gossip and VIP News","description":"Quotidiano di cronaca rosa, costume e societ\u00e0","publisher":{"@id":"https:\/\/www.gossip.it\/#organization"},"alternateName":"Gossip and VIP News","potentialAction":[{"@type":"SearchAction","target":{"@type":"EntryPoint","urlTemplate":"https:\/\/www.gossip.it\/?s={search_term_string}"},"query-input":{"@type":"PropertyValueSpecification","valueRequired":true,"valueName":"search_term_string"}}],"inLanguage":"it-IT"},{"@type":"Organization","@id":"https:\/\/www.gossip.it\/#organization","name":"Gossip and VIP News","alternateName":"Gossip News","url":"https:\/\/www.gossip.it\/","logo":{"@type":"ImageObject","inLanguage":"it-IT","@id":"https:\/\/www.gossip.it\/#\/schema\/logo\/image\/","url":"https:\/\/www.gossip.it\/wp-content\/uploads\/2022\/04\/cropped-corna-alta-tiny.png","contentUrl":"https:\/\/www.gossip.it\/wp-content\/uploads\/2022\/04\/cropped-corna-alta-tiny.png","width":512,"height":512,"caption":"Gossip and VIP News"},"image":{"@id":"https:\/\/www.gossip.it\/#\/schema\/logo\/image\/"},"sameAs":["https:\/\/www.facebook.com\/GossipIT","https:\/\/x.com\/gossinews_it","https:\/\/instagram.com\/gossip_it"]},{"@type":"Person","@id":"https:\/\/www.gossip.it\/#\/schema\/person\/488896f75158bff1cc83c6c39d141110","name":"La Redazione","image":{"@type":"ImageObject","inLanguage":"it-IT","@id":"https:\/\/www.gossip.it\/#\/schema\/person\/image\/","url":"https:\/\/secure.gravatar.com\/avatar\/5a5f5c6fa3e6700e4249abdad0263a1e94e927d9e0499b1cb09c1cd29c044d80?s=96&d=mm&r=g","contentUrl":"https:\/\/secure.gravatar.com\/avatar\/5a5f5c6fa3e6700e4249abdad0263a1e94e927d9e0499b1cb09c1cd29c044d80?s=96&d=mm&r=g","caption":"La Redazione"},"sameAs":["https:\/\/www.gossip.it"]}]}},"amp_enabled":true,"_links":{"self":[{"href":"https:\/\/www.gossip.it\/api\/wp\/v2\/posts\/70792","targetHints":{"allow":["GET"]}}],"collection":[{"href":"https:\/\/www.gossip.it\/api\/wp\/v2\/posts"}],"about":[{"href":"https:\/\/www.gossip.it\/api\/wp\/v2\/types\/post"}],"author":[{"embeddable":true,"href":"https:\/\/www.gossip.it\/api\/wp\/v2\/users\/1"}],"replies":[{"embeddable":true,"href":"https:\/\/www.gossip.it\/api\/wp\/v2\/comments?post=70792"}],"version-history":[{"count":0,"href":"https:\/\/www.gossip.it\/api\/wp\/v2\/posts\/70792\/revisions"}],"wp:featuredmedia":[{"embeddable":true,"href":"https:\/\/www.gossip.it\/api\/wp\/v2\/media\/126838"}],"wp:attachment":[{"href":"https:\/\/www.gossip.it\/api\/wp\/v2\/media?parent=70792"}],"wp:term":[{"taxonomy":"category","embeddable":true,"href":"https:\/\/www.gossip.it\/api\/wp\/v2\/categories?post=70792"},{"taxonomy":"post_tag","embeddable":true,"href":"https:\/\/www.gossip.it\/api\/wp\/v2\/tags?post=70792"},{"taxonomy":"vip","embeddable":true,"href":"https:\/\/www.gossip.it\/api\/wp\/v2\/vip?post=70792"}],"curies":[{"name":"wp","href":"https:\/\/api.w.org\/{rel}","templated":true}]}}