{"id":70833,"date":"2021-11-15T00:00:00","date_gmt":"2021-11-14T23:00:00","guid":{"rendered":"https:\/\/www.gossip.it\/senza-categoria\/alessio-boni-papa-bis-nome-secondo-figlio\/"},"modified":"2021-11-15T00:00:00","modified_gmt":"2021-11-14T23:00:00","slug":"alessio-boni-papa-bis-nome-secondo-figlio","status":"publish","type":"post","link":"https:\/\/www.gossip.it\/news\/alessio-boni-papa-bis-nome-secondo-figlio\/","title":{"rendered":"Alessio Boni \u00e8 diventato pap\u00e0 bis: il nome del secondo figlio"},"content":{"rendered":"<p><a href=\"\/vip\/alessio-boni\/\">Alessio Boni<\/a> \u00e8 diventato <strong>pap\u00e0 bis<\/strong>, la compagna dell\u2019attore, <a href=\"\/vip\/nina-verdelli\/\">Nina Verdelli<\/a>, via social, annuncia l'arrivo della cicogna: il neonato \u00e8 venuto al mondo un anno e mezzo dopo il primogenito Lorenzo, nato il 20 marzo 2020. La bella 37enne rivela anche il <strong>nome<\/strong> del <strong>secondo figlio<\/strong>, Riccardo.<\/p>\n<figure class=\"caption\"><img decoding=\"async\" alt=\"Alessio Boni \u00e8 diventato pap\u00e0 bis: il nome del secondo figlio\" width=\"640\" height=\"473\" src=\"https:\/\/files.gossip.it\/immagini_news\/2021\/11\/1636969867_boni_1.jpg\" \/><figcaption>Alessio Boni \u00e8 diventato pap\u00e0 bis: il nome del secondo figlio<\/figcaption><\/figure>\n<p>Il 55enne \u00e8 legato a Nina da cinque anni. Al momento non sono in programma le nozze. \u201c<em>Non credo che il nostro amore abbia bisogno di questo\u2026 E\u2019 un amore talmente forte, pieno, vivo, che non ha bisogno di niente. E' pi\u00f9 potente di qualsiasi contratto. Anche Nina non ne ha necessit\u00e0, la pensa come me. Se me lo chiedesse, se a lei facesse piacere,\u00a0la sposerei\u201d<\/em>, ha rivelato recentemente <strong>Alessio Boni<\/strong>.<\/p>\n<div class=\"video_integrato\" data-videoid=\"8183\" data-autostart=\"true\">\u00a0<\/div>\n<figure class=\"caption\"><img decoding=\"async\" alt=\"\" width=\"640\" height=\"660\" src=\"https:\/\/files.gossip.it\/immagini_news\/2021\/11\/1636969891_boni_2.jpg\" \/><figcaption>L'attore 55enne e la compagna 37enne, Nina Verdelli, gioved\u00ec 11 novembre hanno accolto tra le loro braccia Riccardo<\/figcaption><\/figure>\n<p>I due non sentono il desiderio di avere la fede all\u2019anulare, gli basta il sentimento che li unisce e che li ha spinti ad allargare ulteriormente la famiglia.<\/p>\n<figure class=\"caption\"><img decoding=\"async\" alt=\"\" width=\"640\" height=\"681\" src=\"https:\/\/files.gossip.it\/immagini_news\/2021\/11\/1636969935_boni_3.jpg\" \/><figcaption>La giornalista aveva annunciato la nuova gravidanza lo scorso luglio sul social. I due sono gi\u00e0 genitori di Lorenzo, nato il 20 marzo 2020<\/figcaption><\/figure>\n<p>Riccardo \u00e8 nato gioved\u00ec scorso, 11 novembre. La scelta del nome, classico ed elegante, \u00e8 stata condivisa da entrambi. La Verdelli, giornalista, figlia di Carlo Verdelli e Cipriana Dall\u2019Orto, entrambi nomi di spicco del mondo dell'informazione italiana, aveva svelato la seconda gravidanza lo scorso luglio, pubblicando una foto in bikini in cui scopriva per la prima volta il pancione.<\/p>\n<p>\u00a0<\/p>\n","protected":false},"excerpt":{"rendered":"<p>Alessio Boni \u00e8 diventato pap\u00e0 bis, la compagna dell\u2019attore, Nina Verdelli, via social, annuncia l'arrivo della cicogna: il neonato \u00e8 venuto al mondo un anno e mezzo dopo il primogenito Lorenzo, nato il 20 marzo 2020. La bella 37enne rivela anche il nome del secondo figlio, Riccardo. Alessio Boni \u00e8 diventato pap\u00e0 bis: il nome [&hellip;]<\/p>\n","protected":false},"author":1,"featured_media":126879,"comment_status":"closed","ping_status":"closed","sticky":false,"template":"","format":"standard","meta":{"footnotes":""},"categories":[54],"tags":[1917,2137,3606,3803,2118,2168,2181,2094,2159,14176,2100,4812,1913,2187,9524,10816,1923],"vip":[281],"class_list":["post-70833","post","type-post","status-publish","format-standard","has-post-thumbnail","hentry","category-news","tag-annuncio","tag-attore","tag-bis","tag-compagna","tag-foto","tag-giornalista","tag-gravidanza","tag-incinta","tag-nato","tag-nina-verdelli","tag-nome","tag-pancione","tag-papa","tag-parto","tag-riccardo","tag-secondo-figlio","tag-social","vip-alessio_boni"],"yoast_head":"<title>Alessio Boni \u00e8 diventato pap\u00e0 bis: il nome del secondo figlio - Gossip.it | News sul Gossip e VIP<\/title>\n<meta name=\"description\" content=\"Alessio Boni \u00e8 diventato pap\u00e0 bis, la compagna dell\u2019attore, Nina Verdelli, via social, annuncia l&#039;arrivo della cicogna: il neonato \u00e8 venuto al mondo un\" \/>\n<meta name=\"robots\" content=\"index, follow, max-snippet:-1, max-image-preview:large, max-video-preview:-1\" \/>\n<link rel=\"canonical\" href=\"https:\/\/www.gossip.it\/news\/alessio-boni-papa-bis-nome-secondo-figlio\/\" \/>\n<meta property=\"og:locale\" content=\"it_IT\" \/>\n<meta property=\"og:type\" content=\"article\" \/>\n<meta property=\"og:title\" content=\"Alessio Boni \u00e8 diventato pap\u00e0 bis: il nome del secondo figlio - Gossip.it | News sul Gossip e VIP\" \/>\n<meta property=\"og:description\" content=\"Alessio Boni \u00e8 diventato pap\u00e0 bis, la compagna dell\u2019attore, Nina Verdelli, via social, annuncia l&#039;arrivo della cicogna: il neonato \u00e8 venuto al mondo un\" \/>\n<meta property=\"og:url\" content=\"https:\/\/www.gossip.it\/news\/alessio-boni-papa-bis-nome-secondo-figlio\/\" \/>\n<meta property=\"og:site_name\" content=\"Gossip.it | News sul Gossip e VIP\" \/>\n<meta property=\"article:publisher\" content=\"https:\/\/www.facebook.com\/GossipIT\" \/>\n<meta property=\"article:published_time\" content=\"2021-11-14T23:00:00+00:00\" \/>\n<meta property=\"og:image\" content=\"https:\/\/files.gossip.it\/immagini_news\/2021\/11\/1636969867_boni_1.jpg\" \/>\n<meta name=\"author\" content=\"La Redazione\" \/>\n<meta name=\"twitter:card\" content=\"summary_large_image\" \/>\n<meta name=\"twitter:image\" content=\"https:\/\/files.gossip.it\/immagini_news\/2021\/11\/1636969867_boni_1.jpg\" \/>\n<meta name=\"twitter:creator\" content=\"@gossinews_it\" \/>\n<meta name=\"twitter:site\" content=\"@gossinews_it\" \/>\n<meta name=\"twitter:label1\" content=\"Scritto da\" \/>\n\t<meta name=\"twitter:data1\" content=\"Annamaria Capozzi\" \/>\n\t<meta name=\"twitter:label2\" content=\"Tempo di lettura stimato\" \/>\n\t<meta name=\"twitter:data2\" content=\"1 minuto\" \/>","yoast_head_json":{"title":"Alessio Boni \u00e8 diventato pap\u00e0 bis: il nome del secondo figlio - Gossip.it | News sul Gossip e VIP","description":"Alessio Boni \u00e8 diventato pap\u00e0 bis, la compagna dell\u2019attore, Nina Verdelli, via social, annuncia l'arrivo della cicogna: il neonato \u00e8 venuto al mondo un","robots":{"index":"index","follow":"follow","max-snippet":"max-snippet:-1","max-image-preview":"max-image-preview:large","max-video-preview":"max-video-preview:-1"},"canonical":"https:\/\/www.gossip.it\/news\/alessio-boni-papa-bis-nome-secondo-figlio\/","og_locale":"it_IT","og_type":"article","og_title":"Alessio Boni \u00e8 diventato pap\u00e0 bis: il nome del secondo figlio - Gossip.it | News sul Gossip e VIP","og_description":"Alessio Boni \u00e8 diventato pap\u00e0 bis, la compagna dell\u2019attore, Nina Verdelli, via social, annuncia l'arrivo della cicogna: il neonato \u00e8 venuto al mondo un","og_url":"https:\/\/www.gossip.it\/news\/alessio-boni-papa-bis-nome-secondo-figlio\/","og_site_name":"Gossip.it | News sul Gossip e VIP","article_publisher":"https:\/\/www.facebook.com\/GossipIT","article_published_time":"2021-11-14T23:00:00+00:00","og_image":[{"url":"https:\/\/files.gossip.it\/immagini_news\/2021\/11\/1636969867_boni_1.jpg"}],"author":"La Redazione","twitter_card":"summary_large_image","twitter_image":"https:\/\/files.gossip.it\/immagini_news\/2021\/11\/1636969867_boni_1.jpg","twitter_creator":"@gossinews_it","twitter_site":"@gossinews_it","twitter_misc":{"Scritto da":"Annamaria Capozzi","Tempo di lettura stimato":"1 minuto"},"schema":{"@context":"https:\/\/schema.org","@graph":[{"@type":"Article","@id":"https:\/\/www.gossip.it\/news\/alessio-boni-papa-bis-nome-secondo-figlio\/#article","isPartOf":{"@id":"https:\/\/www.gossip.it\/news\/alessio-boni-papa-bis-nome-secondo-figlio\/"},"author":{"name":"La Redazione","@id":"https:\/\/www.gossip.it\/#\/schema\/person\/488896f75158bff1cc83c6c39d141110"},"headline":"Alessio Boni \u00e8 diventato pap\u00e0 bis: il nome del secondo figlio","datePublished":"2021-11-14T23:00:00+00:00","dateModified":"2021-11-14T23:00:00+00:00","mainEntityOfPage":{"@id":"https:\/\/www.gossip.it\/news\/alessio-boni-papa-bis-nome-secondo-figlio\/"},"wordCount":263,"publisher":{"@id":"https:\/\/www.gossip.it\/#organization"},"image":{"@id":"https:\/\/www.gossip.it\/news\/alessio-boni-papa-bis-nome-secondo-figlio\/#primaryimage"},"thumbnailUrl":"https:\/\/files.gossip.it\/immagini_news\/2021\/11\/1636969867_boni_1.jpg","keywords":["annuncio","attore","bis","compagna","foto","giornalista","gravidanza","incinta","nato","nina verdelli","nome","pancione","pap\u00e0","parto","riccardo","secondo figlio","social"],"articleSection":["News"],"inLanguage":"it-IT"},{"@type":"WebPage","@id":"https:\/\/www.gossip.it\/news\/alessio-boni-papa-bis-nome-secondo-figlio\/","url":"https:\/\/www.gossip.it\/news\/alessio-boni-papa-bis-nome-secondo-figlio\/","name":"Alessio Boni \u00e8 diventato pap\u00e0 bis: il nome del secondo figlio - Gossip.it | News sul Gossip e VIP","isPartOf":{"@id":"https:\/\/www.gossip.it\/#website"},"primaryImageOfPage":{"@id":"https:\/\/www.gossip.it\/news\/alessio-boni-papa-bis-nome-secondo-figlio\/#primaryimage"},"image":{"@id":"https:\/\/www.gossip.it\/news\/alessio-boni-papa-bis-nome-secondo-figlio\/#primaryimage"},"thumbnailUrl":"https:\/\/files.gossip.it\/immagini_news\/2021\/11\/1636969867_boni_1.jpg","datePublished":"2021-11-14T23:00:00+00:00","dateModified":"2021-11-14T23:00:00+00:00","description":"Alessio Boni \u00e8 diventato pap\u00e0 bis, la compagna dell\u2019attore, Nina Verdelli, via social, annuncia l'arrivo della cicogna: il neonato \u00e8 venuto al mondo un","breadcrumb":{"@id":"https:\/\/www.gossip.it\/news\/alessio-boni-papa-bis-nome-secondo-figlio\/#breadcrumb"},"inLanguage":"it-IT","potentialAction":[{"@type":"ReadAction","target":["https:\/\/www.gossip.it\/news\/alessio-boni-papa-bis-nome-secondo-figlio\/"]}]},{"@type":"ImageObject","inLanguage":"it-IT","@id":"https:\/\/www.gossip.it\/news\/alessio-boni-papa-bis-nome-secondo-figlio\/#primaryimage","url":"https:\/\/files.gossip.it\/immagini_news\/2021\/11\/1636969867_boni_1.jpg","contentUrl":"https:\/\/files.gossip.it\/immagini_news\/2021\/11\/1636969867_boni_1.jpg"},{"@type":"BreadcrumbList","@id":"https:\/\/www.gossip.it\/news\/alessio-boni-papa-bis-nome-secondo-figlio\/#breadcrumb","itemListElement":[{"@type":"ListItem","position":1,"name":"Home","item":"https:\/\/www.gossip.it\/"},{"@type":"ListItem","position":2,"name":"Alessio Boni \u00e8 diventato pap\u00e0 bis: il nome del secondo figlio"}]},{"@type":"WebSite","@id":"https:\/\/www.gossip.it\/#website","url":"https:\/\/www.gossip.it\/","name":"Gossip and VIP News","description":"Quotidiano di cronaca rosa, costume e societ\u00e0","publisher":{"@id":"https:\/\/www.gossip.it\/#organization"},"alternateName":"Gossip and VIP News","potentialAction":[{"@type":"SearchAction","target":{"@type":"EntryPoint","urlTemplate":"https:\/\/www.gossip.it\/?s={search_term_string}"},"query-input":{"@type":"PropertyValueSpecification","valueRequired":true,"valueName":"search_term_string"}}],"inLanguage":"it-IT"},{"@type":"Organization","@id":"https:\/\/www.gossip.it\/#organization","name":"Gossip and VIP News","alternateName":"Gossip News","url":"https:\/\/www.gossip.it\/","logo":{"@type":"ImageObject","inLanguage":"it-IT","@id":"https:\/\/www.gossip.it\/#\/schema\/logo\/image\/","url":"https:\/\/www.gossip.it\/wp-content\/uploads\/2022\/04\/cropped-corna-alta-tiny.png","contentUrl":"https:\/\/www.gossip.it\/wp-content\/uploads\/2022\/04\/cropped-corna-alta-tiny.png","width":512,"height":512,"caption":"Gossip and VIP News"},"image":{"@id":"https:\/\/www.gossip.it\/#\/schema\/logo\/image\/"},"sameAs":["https:\/\/www.facebook.com\/GossipIT","https:\/\/x.com\/gossinews_it","https:\/\/instagram.com\/gossip_it"]},{"@type":"Person","@id":"https:\/\/www.gossip.it\/#\/schema\/person\/488896f75158bff1cc83c6c39d141110","name":"La Redazione","image":{"@type":"ImageObject","inLanguage":"it-IT","@id":"https:\/\/www.gossip.it\/#\/schema\/person\/image\/","url":"https:\/\/secure.gravatar.com\/avatar\/5a5f5c6fa3e6700e4249abdad0263a1e94e927d9e0499b1cb09c1cd29c044d80?s=96&d=mm&r=g","contentUrl":"https:\/\/secure.gravatar.com\/avatar\/5a5f5c6fa3e6700e4249abdad0263a1e94e927d9e0499b1cb09c1cd29c044d80?s=96&d=mm&r=g","caption":"La Redazione"},"sameAs":["https:\/\/www.gossip.it"]}]}},"amp_enabled":true,"_links":{"self":[{"href":"https:\/\/www.gossip.it\/api\/wp\/v2\/posts\/70833","targetHints":{"allow":["GET"]}}],"collection":[{"href":"https:\/\/www.gossip.it\/api\/wp\/v2\/posts"}],"about":[{"href":"https:\/\/www.gossip.it\/api\/wp\/v2\/types\/post"}],"author":[{"embeddable":true,"href":"https:\/\/www.gossip.it\/api\/wp\/v2\/users\/1"}],"replies":[{"embeddable":true,"href":"https:\/\/www.gossip.it\/api\/wp\/v2\/comments?post=70833"}],"version-history":[{"count":0,"href":"https:\/\/www.gossip.it\/api\/wp\/v2\/posts\/70833\/revisions"}],"wp:featuredmedia":[{"embeddable":true,"href":"https:\/\/www.gossip.it\/api\/wp\/v2\/media\/126879"}],"wp:attachment":[{"href":"https:\/\/www.gossip.it\/api\/wp\/v2\/media?parent=70833"}],"wp:term":[{"taxonomy":"category","embeddable":true,"href":"https:\/\/www.gossip.it\/api\/wp\/v2\/categories?post=70833"},{"taxonomy":"post_tag","embeddable":true,"href":"https:\/\/www.gossip.it\/api\/wp\/v2\/tags?post=70833"},{"taxonomy":"vip","embeddable":true,"href":"https:\/\/www.gossip.it\/api\/wp\/v2\/vip?post=70833"}],"curies":[{"name":"wp","href":"https:\/\/api.w.org\/{rel}","templated":true}]}}