{"id":70897,"date":"2021-11-23T00:00:00","date_gmt":"2021-11-22T23:00:00","guid":{"rendered":"https:\/\/www.gossip.it\/senza-categoria\/federico-fashion-style-sono-etero-figlia-fecondazione-assistita\/"},"modified":"2021-11-23T00:00:00","modified_gmt":"2021-11-22T23:00:00","slug":"federico-fashion-style-sono-etero-figlia-fecondazione-assistita","status":"publish","type":"post","link":"https:\/\/www.gossip.it\/news\/federico-fashion-style-sono-etero-figlia-fecondazione-assistita\/","title":{"rendered":"Federico Fashion Style insiste: 'Sono etero'. Ma per avere la figlia \u00e8 ricorso alla fecondazione assistita: ecco perch\u00e9"},"content":{"rendered":"<p><a href=\"\/vip\/federico-fashion style\/\">Federico Fashion Style<\/a> insiste. Il parrucchiere delle star, ospite di <a href=\"\/vip\/serena-bortone\/\">Serena Bortone<\/a> a <em>Oggi \u00e8 un altro giorno<\/em>, chiarisce ancora una volta sul suo orientamento sessuale. <em>\u201cSono <strong>etero<\/strong>, non ho nulla da nascondere\u201d<\/em>, sottolinea, facendo riferimento a <a href=\"\/vip\/selvaggia-lucarelli\/\">Selvaggia Lucarelli<\/a> che a <em>Ballando con le stelle<\/em> continua a rimarcare la sua mancanza di sintonia con la maestra di danza <a href=\"\/vip\/anastasia-kuzmina\/\">Anastasia Kuzmina<\/a>. Quando la giornalista gli sottolinea per\u00f2 di essere ricorso alla <strong>fecondazione assistita<\/strong> per avere una <strong>figlia<\/strong>, Sophie Maelle, nata nel 2017 dalla compagna Letizia Porcu, <a href=\"\/vip\/federico-lauri\/\">Federico Lauri<\/a> spiega: <em>\u201cE\u2019 solo perch\u00e9 ho avuto dei problemi miei\u201d.<\/em><\/p>\n<figure class=\"caption\"><img decoding=\"async\" alt=\"Federico Fashion Style insiste: 'Sono etero'. Ma per avere la figlia \u00e8 ricorso alla fecondazione assistita: ecco perch\u00e9\" width=\"640\" height=\"355\" src=\"https:\/\/files.gossip.it\/immagini_news\/2021\/11\/1637665308_ffs_1.jpg\" \/><figcaption>Federico Fashion Style insiste: 'Sono etero'. Ma per avere la figlia \u00e8 ricorso alla fecondazione assistita: ecco perch\u00e9<\/figcaption><\/figure>\n<p><em>\u201cLe\u00a0paillettes\u00a0ho iniziato a metterle quando avevo tredici anni. Il mio motto \u00e8 \u2018quando passi ti devono guardare\u2019\u201d<\/em>, confessa <strong>Federico Fashion Style<\/strong>. In collegamento i genitori dell\u2019hair stylist raccontano:\u00a0<em>\u201cFederico gi\u00e0 da piccolo amava essere abbastanza eccentrico nei modi, ha una dote artistica nell\u2019esprimersi. All\u2019asilo amava abbellire le altre bambine. Purtroppo, a Ballando \u00e8 stato abbastanza attaccato dalla giuria e ha creato una barriera che sta pian pianino disciogliendo\u201d.<\/em><\/p>\n<figure class=\"caption\"><img decoding=\"async\" alt=\"\" width=\"640\" height=\"754\" src=\"https:\/\/files.gossip.it\/immagini_news\/2021\/11\/1637665329_ffs_2.jpg\" \/><figcaption>Il parrucchiere delle star \u00e8 padre di Sophie Maelle, nata nel 2017<\/figcaption><\/figure>\n<p><em>\u201cQuando sei cos\u00ec particolare, sei soggetto a dei giudizi, di cui a me per\u00f2 non \u00e8 mai fregato nulla. Per me \u00e8 normalit\u00e0 vestirmi cos\u00ec. Quando vengo giudicato dai giudici di Ballando con le Stelle per il mio essere, non lo accetto\u201d, <\/em>precisa ancora il parrucchiere.<\/p>\n<figure class=\"caption\"><img decoding=\"async\" alt=\"\" width=\"640\" height=\"508\" src=\"https:\/\/files.gossip.it\/immagini_news\/2021\/11\/1637665364_ffs_3.jpg\" \/><figcaption>Il 32enne ha avuto la bimba da Letizia Porcu, sua storica compagna<\/figcaption><\/figure>\n<p>Il 32enne sulla Lucarelli dice: \u201c<em>Continua sempre a dire che non va bene la coppia con Anastasia Kuzmina\u201d.<\/em> E conclude: <em>\u201cMa io sono eterosessuale, non ho nulla da nascondere. Ho avuto una <strong>figlia<\/strong> con la\u00a0<strong>fecondazione assistita<\/strong>, ma solo perch\u00e9 ho avuto dei problemi miei. E\u2019 semplicemente legato ad un problema di salute, non ad altre cose\u201d.<\/em><\/p>\n<p>\u00a0<\/p>\n<p>\u00a0<\/p>\n","protected":false},"excerpt":{"rendered":"<p>Federico Fashion Style insiste. Il parrucchiere delle star, ospite di Serena Bortone a Oggi \u00e8 un altro giorno, chiarisce ancora una volta sul suo orientamento sessuale. \u201cSono etero, non ho nulla da nascondere\u201d, sottolinea, facendo riferimento a Selvaggia Lucarelli che a Ballando con le stelle continua a rimarcare la sua mancanza di sintonia con la [&hellip;]<\/p>\n","protected":false},"author":1,"featured_media":126943,"comment_status":"closed","ping_status":"closed","sticky":false,"template":"","format":"standard","meta":{"footnotes":""},"categories":[54],"tags":[5001,2440,2228,2102,28772,48998,37240,2132,12529,1905,8284,14244,6213,7632,61204,3595,5940,2097],"vip":[1364],"class_list":["post-70897","post","type-post","status-publish","format-standard","has-post-thumbnail","hentry","category-news","tag-ballando","tag-ballando-con-le-stelle","tag-cast","tag-dichiarazioni","tag-etero","tag-eterosessuale","tag-fecondazione-assistita","tag-federico-fashion-style","tag-federico-lauri","tag-figlia","tag-hair-stylist","tag-oggi-e-un-altro-giorno","tag-parrucchiere","tag-rai-uno","tag-serena-bortone","tag-talent-show","tag-talent","tag-tv","vip-milly_carlucci"],"yoast_head":"<title>Federico Fashion Style insiste: &#039;Sono etero&#039;. Ma per avere la figlia \u00e8 ricorso alla fecondazione assistita: ecco perch\u00e9 - Gossip.it | News sul Gossip e VIP<\/title>\n<meta name=\"description\" content=\"Federico Fashion Style insiste. Il parrucchiere delle star, ospite di Serena Bortone a Oggi \u00e8 un altro giorno, chiarisce ancora una volta sul suo\" \/>\n<meta name=\"robots\" content=\"index, follow, max-snippet:-1, max-image-preview:large, max-video-preview:-1\" \/>\n<link rel=\"canonical\" href=\"https:\/\/www.gossip.it\/news\/federico-fashion-style-sono-etero-figlia-fecondazione-assistita\/\" \/>\n<meta property=\"og:locale\" content=\"it_IT\" \/>\n<meta property=\"og:type\" content=\"article\" \/>\n<meta property=\"og:title\" content=\"Federico Fashion Style insiste: &#039;Sono etero&#039;. Ma per avere la figlia \u00e8 ricorso alla fecondazione assistita: ecco perch\u00e9 - Gossip.it | News sul Gossip e VIP\" \/>\n<meta property=\"og:description\" content=\"Federico Fashion Style insiste. Il parrucchiere delle star, ospite di Serena Bortone a Oggi \u00e8 un altro giorno, chiarisce ancora una volta sul suo\" \/>\n<meta property=\"og:url\" content=\"https:\/\/www.gossip.it\/news\/federico-fashion-style-sono-etero-figlia-fecondazione-assistita\/\" \/>\n<meta property=\"og:site_name\" content=\"Gossip.it | News sul Gossip e VIP\" \/>\n<meta property=\"article:publisher\" content=\"https:\/\/www.facebook.com\/GossipIT\" \/>\n<meta property=\"article:published_time\" content=\"2021-11-22T23:00:00+00:00\" \/>\n<meta property=\"og:image\" content=\"https:\/\/files.gossip.it\/immagini_news\/2021\/11\/1637665308_ffs_1.jpg\" \/>\n<meta name=\"author\" content=\"La Redazione\" \/>\n<meta name=\"twitter:card\" content=\"summary_large_image\" \/>\n<meta name=\"twitter:image\" content=\"https:\/\/files.gossip.it\/immagini_news\/2021\/11\/1637665308_ffs_1.jpg\" \/>\n<meta name=\"twitter:creator\" content=\"@gossinews_it\" \/>\n<meta name=\"twitter:site\" content=\"@gossinews_it\" \/>\n<meta name=\"twitter:label1\" content=\"Scritto da\" \/>\n\t<meta name=\"twitter:data1\" content=\"Annamaria Capozzi\" \/>\n\t<meta name=\"twitter:label2\" content=\"Tempo di lettura stimato\" \/>\n\t<meta name=\"twitter:data2\" content=\"2 minuti\" \/>","yoast_head_json":{"title":"Federico Fashion Style insiste: 'Sono etero'. Ma per avere la figlia \u00e8 ricorso alla fecondazione assistita: ecco perch\u00e9 - Gossip.it | News sul Gossip e VIP","description":"Federico Fashion Style insiste. Il parrucchiere delle star, ospite di Serena Bortone a Oggi \u00e8 un altro giorno, chiarisce ancora una volta sul suo","robots":{"index":"index","follow":"follow","max-snippet":"max-snippet:-1","max-image-preview":"max-image-preview:large","max-video-preview":"max-video-preview:-1"},"canonical":"https:\/\/www.gossip.it\/news\/federico-fashion-style-sono-etero-figlia-fecondazione-assistita\/","og_locale":"it_IT","og_type":"article","og_title":"Federico Fashion Style insiste: 'Sono etero'. Ma per avere la figlia \u00e8 ricorso alla fecondazione assistita: ecco perch\u00e9 - Gossip.it | News sul Gossip e VIP","og_description":"Federico Fashion Style insiste. Il parrucchiere delle star, ospite di Serena Bortone a Oggi \u00e8 un altro giorno, chiarisce ancora una volta sul suo","og_url":"https:\/\/www.gossip.it\/news\/federico-fashion-style-sono-etero-figlia-fecondazione-assistita\/","og_site_name":"Gossip.it | News sul Gossip e VIP","article_publisher":"https:\/\/www.facebook.com\/GossipIT","article_published_time":"2021-11-22T23:00:00+00:00","og_image":[{"url":"https:\/\/files.gossip.it\/immagini_news\/2021\/11\/1637665308_ffs_1.jpg"}],"author":"La Redazione","twitter_card":"summary_large_image","twitter_image":"https:\/\/files.gossip.it\/immagini_news\/2021\/11\/1637665308_ffs_1.jpg","twitter_creator":"@gossinews_it","twitter_site":"@gossinews_it","twitter_misc":{"Scritto da":"Annamaria Capozzi","Tempo di lettura stimato":"2 minuti"},"schema":{"@context":"https:\/\/schema.org","@graph":[{"@type":"Article","@id":"https:\/\/www.gossip.it\/news\/federico-fashion-style-sono-etero-figlia-fecondazione-assistita\/#article","isPartOf":{"@id":"https:\/\/www.gossip.it\/news\/federico-fashion-style-sono-etero-figlia-fecondazione-assistita\/"},"author":{"name":"La Redazione","@id":"https:\/\/www.gossip.it\/#\/schema\/person\/488896f75158bff1cc83c6c39d141110"},"headline":"Federico Fashion Style insiste: 'Sono etero'. Ma per avere la figlia \u00e8 ricorso alla fecondazione assistita: ecco perch\u00e9","datePublished":"2021-11-22T23:00:00+00:00","dateModified":"2021-11-22T23:00:00+00:00","mainEntityOfPage":{"@id":"https:\/\/www.gossip.it\/news\/federico-fashion-style-sono-etero-figlia-fecondazione-assistita\/"},"wordCount":322,"publisher":{"@id":"https:\/\/www.gossip.it\/#organization"},"image":{"@id":"https:\/\/www.gossip.it\/news\/federico-fashion-style-sono-etero-figlia-fecondazione-assistita\/#primaryimage"},"thumbnailUrl":"https:\/\/files.gossip.it\/immagini_news\/2021\/11\/1637665308_ffs_1.jpg","keywords":["ballando","ballando con le stelle","cast","dichiarazioni","etero","eterosessuale","fecondazione assistita","federico fashion style","federico lauri","figlia","hair stylist","oggi \u00e8 un altro giorno","parrucchiere","rai uno","serena bortone","talent show","talent+","tv"],"articleSection":["News"],"inLanguage":"it-IT"},{"@type":"WebPage","@id":"https:\/\/www.gossip.it\/news\/federico-fashion-style-sono-etero-figlia-fecondazione-assistita\/","url":"https:\/\/www.gossip.it\/news\/federico-fashion-style-sono-etero-figlia-fecondazione-assistita\/","name":"Federico Fashion Style insiste: 'Sono etero'. Ma per avere la figlia \u00e8 ricorso alla fecondazione assistita: ecco perch\u00e9 - Gossip.it | News sul Gossip e VIP","isPartOf":{"@id":"https:\/\/www.gossip.it\/#website"},"primaryImageOfPage":{"@id":"https:\/\/www.gossip.it\/news\/federico-fashion-style-sono-etero-figlia-fecondazione-assistita\/#primaryimage"},"image":{"@id":"https:\/\/www.gossip.it\/news\/federico-fashion-style-sono-etero-figlia-fecondazione-assistita\/#primaryimage"},"thumbnailUrl":"https:\/\/files.gossip.it\/immagini_news\/2021\/11\/1637665308_ffs_1.jpg","datePublished":"2021-11-22T23:00:00+00:00","dateModified":"2021-11-22T23:00:00+00:00","description":"Federico Fashion Style insiste. Il parrucchiere delle star, ospite di Serena Bortone a Oggi \u00e8 un altro giorno, chiarisce ancora una volta sul suo","breadcrumb":{"@id":"https:\/\/www.gossip.it\/news\/federico-fashion-style-sono-etero-figlia-fecondazione-assistita\/#breadcrumb"},"inLanguage":"it-IT","potentialAction":[{"@type":"ReadAction","target":["https:\/\/www.gossip.it\/news\/federico-fashion-style-sono-etero-figlia-fecondazione-assistita\/"]}]},{"@type":"ImageObject","inLanguage":"it-IT","@id":"https:\/\/www.gossip.it\/news\/federico-fashion-style-sono-etero-figlia-fecondazione-assistita\/#primaryimage","url":"https:\/\/files.gossip.it\/immagini_news\/2021\/11\/1637665308_ffs_1.jpg","contentUrl":"https:\/\/files.gossip.it\/immagini_news\/2021\/11\/1637665308_ffs_1.jpg"},{"@type":"BreadcrumbList","@id":"https:\/\/www.gossip.it\/news\/federico-fashion-style-sono-etero-figlia-fecondazione-assistita\/#breadcrumb","itemListElement":[{"@type":"ListItem","position":1,"name":"Home","item":"https:\/\/www.gossip.it\/"},{"@type":"ListItem","position":2,"name":"Federico Fashion Style insiste: 'Sono etero'. Ma per avere la figlia \u00e8 ricorso alla fecondazione assistita: ecco perch\u00e9"}]},{"@type":"WebSite","@id":"https:\/\/www.gossip.it\/#website","url":"https:\/\/www.gossip.it\/","name":"Gossip and VIP News","description":"Quotidiano di cronaca rosa, costume e societ\u00e0","publisher":{"@id":"https:\/\/www.gossip.it\/#organization"},"alternateName":"Gossip and VIP News","potentialAction":[{"@type":"SearchAction","target":{"@type":"EntryPoint","urlTemplate":"https:\/\/www.gossip.it\/?s={search_term_string}"},"query-input":{"@type":"PropertyValueSpecification","valueRequired":true,"valueName":"search_term_string"}}],"inLanguage":"it-IT"},{"@type":"Organization","@id":"https:\/\/www.gossip.it\/#organization","name":"Gossip and VIP News","alternateName":"Gossip News","url":"https:\/\/www.gossip.it\/","logo":{"@type":"ImageObject","inLanguage":"it-IT","@id":"https:\/\/www.gossip.it\/#\/schema\/logo\/image\/","url":"https:\/\/www.gossip.it\/wp-content\/uploads\/2022\/04\/cropped-corna-alta-tiny.png","contentUrl":"https:\/\/www.gossip.it\/wp-content\/uploads\/2022\/04\/cropped-corna-alta-tiny.png","width":512,"height":512,"caption":"Gossip and VIP News"},"image":{"@id":"https:\/\/www.gossip.it\/#\/schema\/logo\/image\/"},"sameAs":["https:\/\/www.facebook.com\/GossipIT","https:\/\/x.com\/gossinews_it","https:\/\/instagram.com\/gossip_it"]},{"@type":"Person","@id":"https:\/\/www.gossip.it\/#\/schema\/person\/488896f75158bff1cc83c6c39d141110","name":"La Redazione","image":{"@type":"ImageObject","inLanguage":"it-IT","@id":"https:\/\/www.gossip.it\/#\/schema\/person\/image\/","url":"https:\/\/secure.gravatar.com\/avatar\/5a5f5c6fa3e6700e4249abdad0263a1e94e927d9e0499b1cb09c1cd29c044d80?s=96&d=mm&r=g","contentUrl":"https:\/\/secure.gravatar.com\/avatar\/5a5f5c6fa3e6700e4249abdad0263a1e94e927d9e0499b1cb09c1cd29c044d80?s=96&d=mm&r=g","caption":"La Redazione"},"sameAs":["https:\/\/www.gossip.it"]}]}},"amp_enabled":true,"_links":{"self":[{"href":"https:\/\/www.gossip.it\/api\/wp\/v2\/posts\/70897","targetHints":{"allow":["GET"]}}],"collection":[{"href":"https:\/\/www.gossip.it\/api\/wp\/v2\/posts"}],"about":[{"href":"https:\/\/www.gossip.it\/api\/wp\/v2\/types\/post"}],"author":[{"embeddable":true,"href":"https:\/\/www.gossip.it\/api\/wp\/v2\/users\/1"}],"replies":[{"embeddable":true,"href":"https:\/\/www.gossip.it\/api\/wp\/v2\/comments?post=70897"}],"version-history":[{"count":0,"href":"https:\/\/www.gossip.it\/api\/wp\/v2\/posts\/70897\/revisions"}],"wp:featuredmedia":[{"embeddable":true,"href":"https:\/\/www.gossip.it\/api\/wp\/v2\/media\/126943"}],"wp:attachment":[{"href":"https:\/\/www.gossip.it\/api\/wp\/v2\/media?parent=70897"}],"wp:term":[{"taxonomy":"category","embeddable":true,"href":"https:\/\/www.gossip.it\/api\/wp\/v2\/categories?post=70897"},{"taxonomy":"post_tag","embeddable":true,"href":"https:\/\/www.gossip.it\/api\/wp\/v2\/tags?post=70897"},{"taxonomy":"vip","embeddable":true,"href":"https:\/\/www.gossip.it\/api\/wp\/v2\/vip?post=70897"}],"curies":[{"name":"wp","href":"https:\/\/api.w.org\/{rel}","templated":true}]}}