{"id":71096,"date":"2021-12-22T00:00:00","date_gmt":"2021-12-21T23:00:00","guid":{"rendered":"https:\/\/www.gossip.it\/senza-categoria\/belen-monta-culla-figlia\/"},"modified":"2021-12-22T00:00:00","modified_gmt":"2021-12-21T23:00:00","slug":"belen-monta-culla-figlia","status":"publish","type":"post","link":"https:\/\/www.gossip.it\/news\/belen-monta-culla-figlia\/","title":{"rendered":"Belen monta anche la culla della figlia da sola: Antonino sempre pi\u00f9 distante dalla showgirl"},"content":{"rendered":"<p><a href=\"\/vip\/belen\/\">Belen<\/a> <strong>monta<\/strong> anche la <strong>culla<\/strong> della <strong>figlia<\/strong> <a href=\"\/vip\/luna-mar\u00ec\/\">Luna Mar\u00ec<\/a> da sola. La 37enne, seduta in terra, si d\u00e0 da fare fino a lavoro finito. La bimba nata il 12 luglio scorso poco dopo ci dorme serena, la mamma la immortala cos\u00ec in uno scatto tenerissimo. <a href=\"\/vip\/antonino-spinalbese\/\">Antonino Spinalbese<\/a> pare sempre pi\u00f9 distante dalla showgirl, \u00e8 scomparso dalla vita dell\u2019argentina, l\u2019amore che li univa sembra essere evaporato.<\/p>\n<figure class=\"caption\"><img decoding=\"async\" alt=\"Belen monta anche la culla della figlia da sola: Antonino sempre pi\u00f9 distante dalla showgirl\" width=\"640\" height=\"1098\" src=\"https:\/\/files.gossip.it\/immagini_news\/2021\/12\/1640172734_belen_2.jpg\" \/><figcaption>Belen monta anche la culla della figlia da sola: Antonino sempre pi\u00f9 distante dalla showgirl<\/figcaption><\/figure>\n<p>La <a href=\"\/vip\/rodriguez\/\">Rodriguez<\/a> esce con l\u2019amica <a href=\"\/vip\/patrizia-griffini\/\">Patrizia Griffini<\/a>, la <em>petineuse<\/em> del Grande Fratello, per gli ultimi regali di Natale. Compra tante cose: doni, accessori per la casa, compresi asciugamani e lenzuola. Acquista anche la <strong>culla<\/strong> per la sua secondogenita. Una volta tornata a casa, per montarla, fa da s\u00e9.<\/p>\n<figure class=\"caption\"><img decoding=\"async\" alt=\"\" width=\"640\" height=\"1101\" src=\"https:\/\/files.gossip.it\/immagini_news\/2021\/12\/1640172753_belen_1.jpg\" \/><figcaption>L'argentina esce con l'amica a comprarla e poi a casa fa da s\u00e9<\/figcaption><\/figure>\n<p><em>\u201cSei pazzesca, sai fare tutto!\u201d<\/em>, le sottolinea la Griffini. E aggiunge: <em>\u201cMonti il lettino di Luna, sei una donna da sposare!\u201d<\/em>. <strong>Belen<\/strong> ridendo replica: <em>\u201cNo! Ho gi\u00e0 dato\u2026\u201d<\/em>. Le due, in grande confidenza, ironizzano. Vite dopo vite, la Rodriguez realizza il suo piccolo capolavoro.<\/p>\n<figure class=\"caption\"><img decoding=\"async\" alt=\"\" width=\"640\" height=\"992\" src=\"https:\/\/files.gossip.it\/immagini_news\/2021\/12\/1640172790_belen_3.jpg\" \/><figcaption>Del 26enne a casa neppure l'ombra<\/figcaption><\/figure>\n<figure class=\"caption\"><img decoding=\"async\" alt=\"\" width=\"640\" height=\"999\" src=\"https:\/\/files.gossip.it\/immagini_news\/2021\/12\/1640173183_belen_4.jpg\" \/><figcaption>A lavoro finito la bimba dorme serena nel suo nuovo lettino<\/figcaption><\/figure>\n<p>Non una parola sull\u2019ex hair stylist 26enne a cui si era legata un anno e mezzo fa. Col primo freddo anche la love story si \u00e8 congelata. Per molti \u00e8 un addio definitivo dovuto a divergenze caratteriali. Eppure <strong>Belen<\/strong> stavolta, anche in tv, aveva detto che sarebbe stato <em>\u201cper sempre\u201d.<\/em><\/p>\n<p>\u00a0<\/p>\n<p>\u00a0<\/p>\n","protected":false},"excerpt":{"rendered":"<p>Belen monta anche la culla della figlia Luna Mar\u00ec da sola. La 37enne, seduta in terra, si d\u00e0 da fare fino a lavoro finito. La bimba nata il 12 luglio scorso poco dopo ci dorme serena, la mamma la immortala cos\u00ec in uno scatto tenerissimo. Antonino Spinalbese pare sempre pi\u00f9 distante dalla showgirl, \u00e8 scomparso [&hellip;]<\/p>\n","protected":false},"author":1,"featured_media":127142,"comment_status":"closed","ping_status":"closed","sticky":false,"template":"","format":"standard","meta":{"footnotes":""},"categories":[54],"tags":[13374,2299,10162,1905,2121,13754,62801,8705,1967,1923,2142],"vip":[396],"class_list":["post-71096","post","type-post","status-publish","format-standard","has-post-thumbnail","hentry","category-news","tag-antonino-spinalbese","tag-belen","tag-culla","tag-figlia","tag-instagram","tag-luna-mari","tag-monta","tag-patrizia-griffini","tag-showgirl","tag-social","tag-stories","vip-belen_rodriguez"],"yoast_head":"<title>Belen monta anche la culla della figlia da sola: Antonino sempre pi\u00f9 distante dalla showgirl - Gossip.it | News sul Gossip e VIP<\/title>\n<meta name=\"description\" content=\"Belen monta anche la culla della figlia Luna Mar\u00ec da sola. La 37enne, seduta in terra, si d\u00e0 da fare fino a lavoro finito. La bimba nata il 12 luglio\" \/>\n<meta name=\"robots\" content=\"index, follow, max-snippet:-1, max-image-preview:large, max-video-preview:-1\" \/>\n<link rel=\"canonical\" href=\"https:\/\/www.gossip.it\/news\/belen-monta-culla-figlia\/\" \/>\n<meta property=\"og:locale\" content=\"it_IT\" \/>\n<meta property=\"og:type\" content=\"article\" \/>\n<meta property=\"og:title\" content=\"Belen monta anche la culla della figlia da sola: Antonino sempre pi\u00f9 distante dalla showgirl - Gossip.it | News sul Gossip e VIP\" \/>\n<meta property=\"og:description\" content=\"Belen monta anche la culla della figlia Luna Mar\u00ec da sola. La 37enne, seduta in terra, si d\u00e0 da fare fino a lavoro finito. La bimba nata il 12 luglio\" \/>\n<meta property=\"og:url\" content=\"https:\/\/www.gossip.it\/news\/belen-monta-culla-figlia\/\" \/>\n<meta property=\"og:site_name\" content=\"Gossip.it | News sul Gossip e VIP\" \/>\n<meta property=\"article:publisher\" content=\"https:\/\/www.facebook.com\/GossipIT\" \/>\n<meta property=\"article:published_time\" content=\"2021-12-21T23:00:00+00:00\" \/>\n<meta property=\"og:image\" content=\"https:\/\/files.gossip.it\/immagini_news\/2021\/12\/1640172734_belen_2.jpg\" \/>\n<meta name=\"author\" content=\"La Redazione\" \/>\n<meta name=\"twitter:card\" content=\"summary_large_image\" \/>\n<meta name=\"twitter:image\" content=\"https:\/\/files.gossip.it\/immagini_news\/2021\/12\/1640172734_belen_2.jpg\" \/>\n<meta name=\"twitter:creator\" content=\"@gossinews_it\" \/>\n<meta name=\"twitter:site\" content=\"@gossinews_it\" \/>\n<meta name=\"twitter:label1\" content=\"Scritto da\" \/>\n\t<meta name=\"twitter:data1\" content=\"Annamaria Capozzi\" \/>\n\t<meta name=\"twitter:label2\" content=\"Tempo di lettura stimato\" \/>\n\t<meta name=\"twitter:data2\" content=\"1 minuto\" \/>","yoast_head_json":{"title":"Belen monta anche la culla della figlia da sola: Antonino sempre pi\u00f9 distante dalla showgirl - Gossip.it | News sul Gossip e VIP","description":"Belen monta anche la culla della figlia Luna Mar\u00ec da sola. La 37enne, seduta in terra, si d\u00e0 da fare fino a lavoro finito. La bimba nata il 12 luglio","robots":{"index":"index","follow":"follow","max-snippet":"max-snippet:-1","max-image-preview":"max-image-preview:large","max-video-preview":"max-video-preview:-1"},"canonical":"https:\/\/www.gossip.it\/news\/belen-monta-culla-figlia\/","og_locale":"it_IT","og_type":"article","og_title":"Belen monta anche la culla della figlia da sola: Antonino sempre pi\u00f9 distante dalla showgirl - Gossip.it | News sul Gossip e VIP","og_description":"Belen monta anche la culla della figlia Luna Mar\u00ec da sola. La 37enne, seduta in terra, si d\u00e0 da fare fino a lavoro finito. La bimba nata il 12 luglio","og_url":"https:\/\/www.gossip.it\/news\/belen-monta-culla-figlia\/","og_site_name":"Gossip.it | News sul Gossip e VIP","article_publisher":"https:\/\/www.facebook.com\/GossipIT","article_published_time":"2021-12-21T23:00:00+00:00","og_image":[{"url":"https:\/\/files.gossip.it\/immagini_news\/2021\/12\/1640172734_belen_2.jpg"}],"author":"La Redazione","twitter_card":"summary_large_image","twitter_image":"https:\/\/files.gossip.it\/immagini_news\/2021\/12\/1640172734_belen_2.jpg","twitter_creator":"@gossinews_it","twitter_site":"@gossinews_it","twitter_misc":{"Scritto da":"Annamaria Capozzi","Tempo di lettura stimato":"1 minuto"},"schema":{"@context":"https:\/\/schema.org","@graph":[{"@type":"Article","@id":"https:\/\/www.gossip.it\/news\/belen-monta-culla-figlia\/#article","isPartOf":{"@id":"https:\/\/www.gossip.it\/news\/belen-monta-culla-figlia\/"},"author":{"name":"La Redazione","@id":"https:\/\/www.gossip.it\/#\/schema\/person\/488896f75158bff1cc83c6c39d141110"},"headline":"Belen monta anche la culla della figlia da sola: Antonino sempre pi\u00f9 distante dalla showgirl","datePublished":"2021-12-21T23:00:00+00:00","dateModified":"2021-12-21T23:00:00+00:00","mainEntityOfPage":{"@id":"https:\/\/www.gossip.it\/news\/belen-monta-culla-figlia\/"},"wordCount":270,"publisher":{"@id":"https:\/\/www.gossip.it\/#organization"},"image":{"@id":"https:\/\/www.gossip.it\/news\/belen-monta-culla-figlia\/#primaryimage"},"thumbnailUrl":"https:\/\/files.gossip.it\/immagini_news\/2021\/12\/1640172734_belen_2.jpg","keywords":["antonino spinalbese","belen","culla","figlia","instagram","luna mar\u00ec","monta","patrizia griffini","showgirl","social","stories"],"articleSection":["News"],"inLanguage":"it-IT"},{"@type":"WebPage","@id":"https:\/\/www.gossip.it\/news\/belen-monta-culla-figlia\/","url":"https:\/\/www.gossip.it\/news\/belen-monta-culla-figlia\/","name":"Belen monta anche la culla della figlia da sola: Antonino sempre pi\u00f9 distante dalla showgirl - Gossip.it | News sul Gossip e VIP","isPartOf":{"@id":"https:\/\/www.gossip.it\/#website"},"primaryImageOfPage":{"@id":"https:\/\/www.gossip.it\/news\/belen-monta-culla-figlia\/#primaryimage"},"image":{"@id":"https:\/\/www.gossip.it\/news\/belen-monta-culla-figlia\/#primaryimage"},"thumbnailUrl":"https:\/\/files.gossip.it\/immagini_news\/2021\/12\/1640172734_belen_2.jpg","datePublished":"2021-12-21T23:00:00+00:00","dateModified":"2021-12-21T23:00:00+00:00","description":"Belen monta anche la culla della figlia Luna Mar\u00ec da sola. La 37enne, seduta in terra, si d\u00e0 da fare fino a lavoro finito. La bimba nata il 12 luglio","breadcrumb":{"@id":"https:\/\/www.gossip.it\/news\/belen-monta-culla-figlia\/#breadcrumb"},"inLanguage":"it-IT","potentialAction":[{"@type":"ReadAction","target":["https:\/\/www.gossip.it\/news\/belen-monta-culla-figlia\/"]}]},{"@type":"ImageObject","inLanguage":"it-IT","@id":"https:\/\/www.gossip.it\/news\/belen-monta-culla-figlia\/#primaryimage","url":"https:\/\/files.gossip.it\/immagini_news\/2021\/12\/1640172734_belen_2.jpg","contentUrl":"https:\/\/files.gossip.it\/immagini_news\/2021\/12\/1640172734_belen_2.jpg"},{"@type":"BreadcrumbList","@id":"https:\/\/www.gossip.it\/news\/belen-monta-culla-figlia\/#breadcrumb","itemListElement":[{"@type":"ListItem","position":1,"name":"Home","item":"https:\/\/www.gossip.it\/"},{"@type":"ListItem","position":2,"name":"Belen monta anche la culla della figlia da sola: Antonino sempre pi\u00f9 distante dalla showgirl"}]},{"@type":"WebSite","@id":"https:\/\/www.gossip.it\/#website","url":"https:\/\/www.gossip.it\/","name":"Gossip and VIP News","description":"Quotidiano di cronaca rosa, costume e societ\u00e0","publisher":{"@id":"https:\/\/www.gossip.it\/#organization"},"alternateName":"Gossip and VIP News","potentialAction":[{"@type":"SearchAction","target":{"@type":"EntryPoint","urlTemplate":"https:\/\/www.gossip.it\/?s={search_term_string}"},"query-input":{"@type":"PropertyValueSpecification","valueRequired":true,"valueName":"search_term_string"}}],"inLanguage":"it-IT"},{"@type":"Organization","@id":"https:\/\/www.gossip.it\/#organization","name":"Gossip and VIP News","alternateName":"Gossip News","url":"https:\/\/www.gossip.it\/","logo":{"@type":"ImageObject","inLanguage":"it-IT","@id":"https:\/\/www.gossip.it\/#\/schema\/logo\/image\/","url":"https:\/\/www.gossip.it\/wp-content\/uploads\/2022\/04\/cropped-corna-alta-tiny.png","contentUrl":"https:\/\/www.gossip.it\/wp-content\/uploads\/2022\/04\/cropped-corna-alta-tiny.png","width":512,"height":512,"caption":"Gossip and VIP News"},"image":{"@id":"https:\/\/www.gossip.it\/#\/schema\/logo\/image\/"},"sameAs":["https:\/\/www.facebook.com\/GossipIT","https:\/\/x.com\/gossinews_it","https:\/\/instagram.com\/gossip_it"]},{"@type":"Person","@id":"https:\/\/www.gossip.it\/#\/schema\/person\/488896f75158bff1cc83c6c39d141110","name":"La Redazione","image":{"@type":"ImageObject","inLanguage":"it-IT","@id":"https:\/\/www.gossip.it\/#\/schema\/person\/image\/","url":"https:\/\/secure.gravatar.com\/avatar\/5a5f5c6fa3e6700e4249abdad0263a1e94e927d9e0499b1cb09c1cd29c044d80?s=96&d=mm&r=g","contentUrl":"https:\/\/secure.gravatar.com\/avatar\/5a5f5c6fa3e6700e4249abdad0263a1e94e927d9e0499b1cb09c1cd29c044d80?s=96&d=mm&r=g","caption":"La Redazione"},"sameAs":["https:\/\/www.gossip.it"]}]}},"amp_enabled":true,"_links":{"self":[{"href":"https:\/\/www.gossip.it\/api\/wp\/v2\/posts\/71096","targetHints":{"allow":["GET"]}}],"collection":[{"href":"https:\/\/www.gossip.it\/api\/wp\/v2\/posts"}],"about":[{"href":"https:\/\/www.gossip.it\/api\/wp\/v2\/types\/post"}],"author":[{"embeddable":true,"href":"https:\/\/www.gossip.it\/api\/wp\/v2\/users\/1"}],"replies":[{"embeddable":true,"href":"https:\/\/www.gossip.it\/api\/wp\/v2\/comments?post=71096"}],"version-history":[{"count":0,"href":"https:\/\/www.gossip.it\/api\/wp\/v2\/posts\/71096\/revisions"}],"wp:featuredmedia":[{"embeddable":true,"href":"https:\/\/www.gossip.it\/api\/wp\/v2\/media\/127142"}],"wp:attachment":[{"href":"https:\/\/www.gossip.it\/api\/wp\/v2\/media?parent=71096"}],"wp:term":[{"taxonomy":"category","embeddable":true,"href":"https:\/\/www.gossip.it\/api\/wp\/v2\/categories?post=71096"},{"taxonomy":"post_tag","embeddable":true,"href":"https:\/\/www.gossip.it\/api\/wp\/v2\/tags?post=71096"},{"taxonomy":"vip","embeddable":true,"href":"https:\/\/www.gossip.it\/api\/wp\/v2\/vip?post=71096"}],"curies":[{"name":"wp","href":"https:\/\/api.w.org\/{rel}","templated":true}]}}