{"id":71098,"date":"2021-12-22T00:00:00","date_gmt":"2021-12-21T23:00:00","guid":{"rendered":"https:\/\/www.gossip.it\/senza-categoria\/aurora-ramazzotti-perche-non-amo-natale\/"},"modified":"2021-12-22T00:00:00","modified_gmt":"2021-12-21T23:00:00","slug":"aurora-ramazzotti-perche-non-amo-natale","status":"publish","type":"post","link":"https:\/\/www.gossip.it\/news\/aurora-ramazzotti-perche-non-amo-natale\/","title":{"rendered":"Aurora Ramazzotti confessa: 'Ecco perch\u00e9 non amo il Natale'"},"content":{"rendered":"<p><a href=\"\/vip\/aurora-ramazzotti\/\">Aurora Ramazzotti<\/a> confessa perch\u00e9 non le piace il <strong>Natale<\/strong>.<em> \u201c<strong>Non<\/strong> lo <strong>amo<\/strong>\u201d <\/em>dice nel talk che conduce, <em>Blue Chats<\/em>, un programma ideato da lei stessa\u00a0in collaborazione con <em>Freeda<\/em>. E\u2019 uno spazio in cui si parla di salute mentale giovanile. Insieme alla psicologa e psicoterapeuta Valeria Locati nella seconda puntata Aury si confronta con altre ragazze e ammette di soffrire di <em>\u201cHoliday Blues\u201d<\/em>, il senso di tristezza e malinconia che molte persone provano durante le feste.<\/p>\n<figure class=\"caption\"><img decoding=\"async\" alt=\"Aurora Ramazzotti confessa: 'Ecco perch\u00e9 non amo il Natale'\" width=\"640\" height=\"360\" src=\"https:\/\/files.gossip.it\/immagini_news\/2021\/12\/1640175277_aurora_1.jpg\" \/><figcaption>Aurora Ramazzotti confessa: 'Ecco perch\u00e9 non amo il Natale'<\/figcaption><\/figure>\n<p>La 25enne rivela per la prima volta non non essere un\u2019amante delle festivit\u00e0. Il giorno dopo ai follower che le chiedono il motivo per cui si senta cos\u00ec, nelle sue<em> IG Stories<\/em> chiarisce meglio. Non ha sempre avuto questa malinconia legata al <strong>Natale<\/strong>. <em>\u201cL\u2019ho sviluppata in adolescenza, quando ho perso gli equilibri su cui barcollavano in bilico le mie certezze\u201d<\/em>, precisa Aury.<\/p>\n<figure class=\"caption\"><img decoding=\"async\" alt=\"\" width=\"640\" height=\"353\" src=\"https:\/\/files.gossip.it\/immagini_news\/2021\/12\/1640175295_aurora_2.jpg\" \/><figcaption>La 25enne conduce un talk tutto suo in cui affronta tematiche legate alla salute mentale giovanile<\/figcaption><\/figure>\n<p>E aggiunge:<em> \u201cInizialmente la colpa la do alle mie aspettative. Avevo aspettative idilliache dovute alla perduta spensieratezza e gioia dell\u2019infanzia che non riuscivo mai a incontrare, perch\u00e9, appunto, la bambina che era in me sembrava sempre pi\u00f9 lontana. Piano, piano la sensazione \u00e8 diventata una tassa fissa, come una folata di vento che arriva puntuale ogni anno alla prima lucina appesa in alto. Ma non sono sempre riuscita a capirmi\u201d.<\/em><\/p>\n<figure class=\"caption\"><img decoding=\"async\" alt=\"\" width=\"640\" height=\"345\" src=\"https:\/\/files.gossip.it\/immagini_news\/2021\/12\/1640175317_aurora_3.jpg\" \/><figcaption>Anche lei soffre di 'Holiday Blues', il senso di tristezza e malinconia che alcuni provano durante le feste<\/figcaption><\/figure>\n<p>La figlia di <a href=\"\/vip\/michelle-hunziker\/\">Michelle Hunziker<\/a> ed <a href=\"\/vip\/eros-ramazzotti\/\">Eros Ramazzotti<\/a>, poi, conclude: <em>\u201cSolo di recente ho avuto modo di capire perch\u00e9 mi sentissi cos\u00ec, parlando con persone che condividevano lo stesso malessere e che a loro volta provavano conforto nella consapevolezza di non essere sole. Oggi per me si \u00e8 tutto intensificato perch\u00e8 so quanta gente soffre e quanto pu\u00f2 far male sentirsi sbagliati perch\u00e9 qualcuno ha deciso che ci si debba sentire in un determinato modo\u201d.<\/em><\/p>\n<p>\u00a0<\/p>\n","protected":false},"excerpt":{"rendered":"<p>Aurora Ramazzotti confessa perch\u00e9 non le piace il Natale. \u201cNon lo amo\u201d dice nel talk che conduce, Blue Chats, un programma ideato da lei stessa\u00a0in collaborazione con Freeda. E\u2019 uno spazio in cui si parla di salute mentale giovanile. Insieme alla psicologa e psicoterapeuta Valeria Locati nella seconda puntata Aury si confronta con altre ragazze [&hellip;]<\/p>\n","protected":false},"author":1,"featured_media":127144,"comment_status":"closed","ping_status":"closed","sticky":false,"template":"","format":"standard","meta":{"footnotes":""},"categories":[54],"tags":[1939,1992,2102,3885,62803,2465,62802,4735,4428],"vip":[],"class_list":["post-71098","post","type-post","status-publish","format-standard","has-post-thumbnail","hentry","category-news","tag-aurora-ramazzotti","tag-conduttrice","tag-dichiarazioni","tag-festivita","tag-holidays-blues","tag-natale","tag-non-amo","tag-perche","tag-talk-show"],"yoast_head":"<title>Aurora Ramazzotti confessa: &#039;Ecco perch\u00e9 non amo il Natale&#039; - Gossip.it | News sul Gossip e VIP<\/title>\n<meta name=\"description\" content=\"Aurora Ramazzotti confessa perch\u00e9 non le piace il Natale. \u201cNon lo amo\u201d dice nel talk che conduce, Blue Chats, un programma ideato da lei stessa\u00a0in\" \/>\n<meta name=\"robots\" content=\"index, follow, max-snippet:-1, max-image-preview:large, max-video-preview:-1\" \/>\n<link rel=\"canonical\" href=\"https:\/\/www.gossip.it\/news\/aurora-ramazzotti-perche-non-amo-natale\/\" \/>\n<meta property=\"og:locale\" content=\"it_IT\" \/>\n<meta property=\"og:type\" content=\"article\" \/>\n<meta property=\"og:title\" content=\"Aurora Ramazzotti confessa: &#039;Ecco perch\u00e9 non amo il Natale&#039; - Gossip.it | News sul Gossip e VIP\" \/>\n<meta property=\"og:description\" content=\"Aurora Ramazzotti confessa perch\u00e9 non le piace il Natale. \u201cNon lo amo\u201d dice nel talk che conduce, Blue Chats, un programma ideato da lei stessa\u00a0in\" \/>\n<meta property=\"og:url\" content=\"https:\/\/www.gossip.it\/news\/aurora-ramazzotti-perche-non-amo-natale\/\" \/>\n<meta property=\"og:site_name\" content=\"Gossip.it | News sul Gossip e VIP\" \/>\n<meta property=\"article:publisher\" content=\"https:\/\/www.facebook.com\/GossipIT\" \/>\n<meta property=\"article:published_time\" content=\"2021-12-21T23:00:00+00:00\" \/>\n<meta property=\"og:image\" content=\"https:\/\/files.gossip.it\/immagini_news\/2021\/12\/1640175277_aurora_1.jpg\" \/>\n<meta name=\"author\" content=\"La Redazione\" \/>\n<meta name=\"twitter:card\" content=\"summary_large_image\" \/>\n<meta name=\"twitter:image\" content=\"https:\/\/files.gossip.it\/immagini_news\/2021\/12\/1640175277_aurora_1.jpg\" \/>\n<meta name=\"twitter:creator\" content=\"@gossinews_it\" \/>\n<meta name=\"twitter:site\" content=\"@gossinews_it\" \/>\n<meta name=\"twitter:label1\" content=\"Scritto da\" \/>\n\t<meta name=\"twitter:data1\" content=\"Annamaria Capozzi\" \/>\n\t<meta name=\"twitter:label2\" content=\"Tempo di lettura stimato\" \/>\n\t<meta name=\"twitter:data2\" content=\"2 minuti\" \/>","yoast_head_json":{"title":"Aurora Ramazzotti confessa: 'Ecco perch\u00e9 non amo il Natale' - Gossip.it | News sul Gossip e VIP","description":"Aurora Ramazzotti confessa perch\u00e9 non le piace il Natale. \u201cNon lo amo\u201d dice nel talk che conduce, Blue Chats, un programma ideato da lei stessa\u00a0in","robots":{"index":"index","follow":"follow","max-snippet":"max-snippet:-1","max-image-preview":"max-image-preview:large","max-video-preview":"max-video-preview:-1"},"canonical":"https:\/\/www.gossip.it\/news\/aurora-ramazzotti-perche-non-amo-natale\/","og_locale":"it_IT","og_type":"article","og_title":"Aurora Ramazzotti confessa: 'Ecco perch\u00e9 non amo il Natale' - Gossip.it | News sul Gossip e VIP","og_description":"Aurora Ramazzotti confessa perch\u00e9 non le piace il Natale. \u201cNon lo amo\u201d dice nel talk che conduce, Blue Chats, un programma ideato da lei stessa\u00a0in","og_url":"https:\/\/www.gossip.it\/news\/aurora-ramazzotti-perche-non-amo-natale\/","og_site_name":"Gossip.it | News sul Gossip e VIP","article_publisher":"https:\/\/www.facebook.com\/GossipIT","article_published_time":"2021-12-21T23:00:00+00:00","og_image":[{"url":"https:\/\/files.gossip.it\/immagini_news\/2021\/12\/1640175277_aurora_1.jpg"}],"author":"La Redazione","twitter_card":"summary_large_image","twitter_image":"https:\/\/files.gossip.it\/immagini_news\/2021\/12\/1640175277_aurora_1.jpg","twitter_creator":"@gossinews_it","twitter_site":"@gossinews_it","twitter_misc":{"Scritto da":"Annamaria Capozzi","Tempo di lettura stimato":"2 minuti"},"schema":{"@context":"https:\/\/schema.org","@graph":[{"@type":"Article","@id":"https:\/\/www.gossip.it\/news\/aurora-ramazzotti-perche-non-amo-natale\/#article","isPartOf":{"@id":"https:\/\/www.gossip.it\/news\/aurora-ramazzotti-perche-non-amo-natale\/"},"author":{"name":"La Redazione","@id":"https:\/\/www.gossip.it\/#\/schema\/person\/488896f75158bff1cc83c6c39d141110"},"headline":"Aurora Ramazzotti confessa: 'Ecco perch\u00e9 non amo il Natale'","datePublished":"2021-12-21T23:00:00+00:00","dateModified":"2021-12-21T23:00:00+00:00","mainEntityOfPage":{"@id":"https:\/\/www.gossip.it\/news\/aurora-ramazzotti-perche-non-amo-natale\/"},"wordCount":336,"publisher":{"@id":"https:\/\/www.gossip.it\/#organization"},"image":{"@id":"https:\/\/www.gossip.it\/news\/aurora-ramazzotti-perche-non-amo-natale\/#primaryimage"},"thumbnailUrl":"https:\/\/files.gossip.it\/immagini_news\/2021\/12\/1640175277_aurora_1.jpg","keywords":["aurora ramazzotti","conduttrice","dichiarazioni","festivit\u00e0","holidays blues","natale","non amo","perch\u00e8","talk show"],"articleSection":["News"],"inLanguage":"it-IT"},{"@type":"WebPage","@id":"https:\/\/www.gossip.it\/news\/aurora-ramazzotti-perche-non-amo-natale\/","url":"https:\/\/www.gossip.it\/news\/aurora-ramazzotti-perche-non-amo-natale\/","name":"Aurora Ramazzotti confessa: 'Ecco perch\u00e9 non amo il Natale' - Gossip.it | News sul Gossip e VIP","isPartOf":{"@id":"https:\/\/www.gossip.it\/#website"},"primaryImageOfPage":{"@id":"https:\/\/www.gossip.it\/news\/aurora-ramazzotti-perche-non-amo-natale\/#primaryimage"},"image":{"@id":"https:\/\/www.gossip.it\/news\/aurora-ramazzotti-perche-non-amo-natale\/#primaryimage"},"thumbnailUrl":"https:\/\/files.gossip.it\/immagini_news\/2021\/12\/1640175277_aurora_1.jpg","datePublished":"2021-12-21T23:00:00+00:00","dateModified":"2021-12-21T23:00:00+00:00","description":"Aurora Ramazzotti confessa perch\u00e9 non le piace il Natale. \u201cNon lo amo\u201d dice nel talk che conduce, Blue Chats, un programma ideato da lei stessa\u00a0in","breadcrumb":{"@id":"https:\/\/www.gossip.it\/news\/aurora-ramazzotti-perche-non-amo-natale\/#breadcrumb"},"inLanguage":"it-IT","potentialAction":[{"@type":"ReadAction","target":["https:\/\/www.gossip.it\/news\/aurora-ramazzotti-perche-non-amo-natale\/"]}]},{"@type":"ImageObject","inLanguage":"it-IT","@id":"https:\/\/www.gossip.it\/news\/aurora-ramazzotti-perche-non-amo-natale\/#primaryimage","url":"https:\/\/files.gossip.it\/immagini_news\/2021\/12\/1640175277_aurora_1.jpg","contentUrl":"https:\/\/files.gossip.it\/immagini_news\/2021\/12\/1640175277_aurora_1.jpg"},{"@type":"BreadcrumbList","@id":"https:\/\/www.gossip.it\/news\/aurora-ramazzotti-perche-non-amo-natale\/#breadcrumb","itemListElement":[{"@type":"ListItem","position":1,"name":"Home","item":"https:\/\/www.gossip.it\/"},{"@type":"ListItem","position":2,"name":"Aurora Ramazzotti confessa: 'Ecco perch\u00e9 non amo il Natale'"}]},{"@type":"WebSite","@id":"https:\/\/www.gossip.it\/#website","url":"https:\/\/www.gossip.it\/","name":"Gossip and VIP News","description":"Quotidiano di cronaca rosa, costume e societ\u00e0","publisher":{"@id":"https:\/\/www.gossip.it\/#organization"},"alternateName":"Gossip and VIP News","potentialAction":[{"@type":"SearchAction","target":{"@type":"EntryPoint","urlTemplate":"https:\/\/www.gossip.it\/?s={search_term_string}"},"query-input":{"@type":"PropertyValueSpecification","valueRequired":true,"valueName":"search_term_string"}}],"inLanguage":"it-IT"},{"@type":"Organization","@id":"https:\/\/www.gossip.it\/#organization","name":"Gossip and VIP News","alternateName":"Gossip News","url":"https:\/\/www.gossip.it\/","logo":{"@type":"ImageObject","inLanguage":"it-IT","@id":"https:\/\/www.gossip.it\/#\/schema\/logo\/image\/","url":"https:\/\/www.gossip.it\/wp-content\/uploads\/2022\/04\/cropped-corna-alta-tiny.png","contentUrl":"https:\/\/www.gossip.it\/wp-content\/uploads\/2022\/04\/cropped-corna-alta-tiny.png","width":512,"height":512,"caption":"Gossip and VIP News"},"image":{"@id":"https:\/\/www.gossip.it\/#\/schema\/logo\/image\/"},"sameAs":["https:\/\/www.facebook.com\/GossipIT","https:\/\/x.com\/gossinews_it","https:\/\/instagram.com\/gossip_it"]},{"@type":"Person","@id":"https:\/\/www.gossip.it\/#\/schema\/person\/488896f75158bff1cc83c6c39d141110","name":"La Redazione","image":{"@type":"ImageObject","inLanguage":"it-IT","@id":"https:\/\/www.gossip.it\/#\/schema\/person\/image\/","url":"https:\/\/secure.gravatar.com\/avatar\/5a5f5c6fa3e6700e4249abdad0263a1e94e927d9e0499b1cb09c1cd29c044d80?s=96&d=mm&r=g","contentUrl":"https:\/\/secure.gravatar.com\/avatar\/5a5f5c6fa3e6700e4249abdad0263a1e94e927d9e0499b1cb09c1cd29c044d80?s=96&d=mm&r=g","caption":"La Redazione"},"sameAs":["https:\/\/www.gossip.it"]}]}},"amp_enabled":true,"_links":{"self":[{"href":"https:\/\/www.gossip.it\/api\/wp\/v2\/posts\/71098","targetHints":{"allow":["GET"]}}],"collection":[{"href":"https:\/\/www.gossip.it\/api\/wp\/v2\/posts"}],"about":[{"href":"https:\/\/www.gossip.it\/api\/wp\/v2\/types\/post"}],"author":[{"embeddable":true,"href":"https:\/\/www.gossip.it\/api\/wp\/v2\/users\/1"}],"replies":[{"embeddable":true,"href":"https:\/\/www.gossip.it\/api\/wp\/v2\/comments?post=71098"}],"version-history":[{"count":0,"href":"https:\/\/www.gossip.it\/api\/wp\/v2\/posts\/71098\/revisions"}],"wp:featuredmedia":[{"embeddable":true,"href":"https:\/\/www.gossip.it\/api\/wp\/v2\/media\/127144"}],"wp:attachment":[{"href":"https:\/\/www.gossip.it\/api\/wp\/v2\/media?parent=71098"}],"wp:term":[{"taxonomy":"category","embeddable":true,"href":"https:\/\/www.gossip.it\/api\/wp\/v2\/categories?post=71098"},{"taxonomy":"post_tag","embeddable":true,"href":"https:\/\/www.gossip.it\/api\/wp\/v2\/tags?post=71098"},{"taxonomy":"vip","embeddable":true,"href":"https:\/\/www.gossip.it\/api\/wp\/v2\/vip?post=71098"}],"curies":[{"name":"wp","href":"https:\/\/api.w.org\/{rel}","templated":true}]}}