{"id":71181,"date":"2022-01-11T00:00:00","date_gmt":"2022-01-10T23:00:00","guid":{"rendered":"https:\/\/www.gossip.it\/senza-categoria\/paola-turani-mostra-chili-piu-dopo-parto-prima-stavo-digiuno\/"},"modified":"2022-01-11T00:00:00","modified_gmt":"2022-01-10T23:00:00","slug":"paola-turani-mostra-chili-piu-dopo-parto-prima-stavo-digiuno","status":"publish","type":"post","link":"https:\/\/www.gossip.it\/news\/paola-turani-mostra-chili-piu-dopo-parto-prima-stavo-digiuno\/","title":{"rendered":"Paola Turani mostra i chili in pi\u00f9 dopo il parto: 'Prima stavo a digiuno, ora\u2026\u2019"},"content":{"rendered":"<p><a href=\"\/vip\/paola-turani\/\">Paola Turani<\/a> ha voluto mandare un messaggio di \u201cbody positivity\u201d dall\u2019alto dei suoi <strong>2 milioni<\/strong> di follower su Instagram. L\u2019influencer lo scorso ottobre ha dato alla luce il suo primogenito e dopo aver preso una ventina di chili in <strong>gravidanza<\/strong> ha visto il suo <strong>corpo <\/strong>cambiare in maniera radicale. Adesso per\u00f2 sta affrontando questa nuova realt\u00e0 e la vita da mamma in un modo diverso dal passato. Ecco il suo messaggio.<\/p>\n<figure class=\"caption\"><img decoding=\"async\" alt=\"Paola Turani, 34 anni, prima della gravidanza (a sinistra) e dopo il parto (a destra)\" width=\"640\" height=\"643\" src=\"https:\/\/files.gossip.it\/immagini_news\/2022\/01\/1641893907_paola_turani_prima_dopo.jpg\" \/><figcaption>Paola Turani, 34 anni, prima della gravidanza (a sinistra) e dopo il parto (a destra)<\/figcaption><\/figure>\n<p><em>\u201cQuesta mattina mi \u00e8 capitato di riguardare delle vecchie foto\u2026 quanto mi sembra lontana quella Paola dalla Paola di adesso! E poi l\u2019altro giorno scatto una foto di come sono ora, <strong>tre mesi post parto<\/strong>. Come si sente questa Paola? Pi\u00f9 che bene. Completa. Ancora pi\u00f9 felice. Anche se il suo corpo \u00e8 cambiato, anche se ha 5 kg in pi\u00f9 e non sa se ritorner\u00e0 come prima. Ma volete mettere il dono di stringere tra le braccia vostro <strong>figlio<\/strong>? Non c\u2019\u00e8 kg, non c\u2019\u00e8<strong> pancia<\/strong> o <strong>cellulite<\/strong> che tenga\u201d<\/em>, ha scritto la 34enne vicino ad un <strong>confronto fotografico<\/strong> che la rappresenta prima e dopo la gravidanza.<\/p>\n<p><em>\u201cIn questi mesi il pensiero delle mie nuove forme o dei kg \u00e8 passato ancora di pi\u00f9 in secondo piano, la priorit\u00e0 e il mio primo pensiero \u00e8 sempre stato <strong>Enea<\/strong>. \u2018Scontato\u2019 direte? Beh, non \u00e8 detto. Non \u00e8 facile vedere il tuo corpo che cambia durante la gravidanza (avevo messo <strong>20kg<\/strong> totali) e non \u00e8 facile guardarti allo specchio nei mesi successivi al parto. Pu\u00f2 essere difficile accettare questo cambiamento tra sbalzi ormonali, una poppata e l\u2019altra e la stanchezza dopo le nottate sveglie\u201d<\/em>, ha aggiunto.<\/p>\n<p><em>\u201cSe pensiamo a come e cosa ha creato per 9 mesi questa incredibile e perfetta macchina credo sia giusto rispettarla, volerle bene, farle prendere tutto il tempo di cui ha bisogno senza stressarla. Come si sente ora questa Paola? Una gnocca comunque, anche<strong> senza addominali<\/strong> scolpiti e con la <strong>ritenzione <\/strong>sulle cosce. E forse mi riconosco di pi\u00f9 ora, meno spigolosa rispetto a poco tempo fa\u201d<\/em>, ha continuato.<\/p>\n<p><em>\u201cQuanto mi ci vorr\u00e0 prima che i miei vecchi jeans si richiudano? Boh! Ritorner\u00f2 alla mia taglia? Non lo so. Ma va bene cos\u00ec. Gennaio \u00e8 tempo di nuovi propositi. Ricomincer\u00f2 a prendermi cura del mio corpo senza ossessioni, a muovermi facendo sport come ho sempre fatto, per me stessa, per stare bene mentalmente e fisicamente, soprattutto per rafforzare i muscoli della schiena (a pezzi) e per rassodare. Non per dimagrire. Che se ripenso a tutti gli anni in cui stavo a <strong>digiuno<\/strong> per entrare in un vestito taglia 38 la parola \u2018dimagrire\u2019 mi fa ancora paura. Benvenuta a questa nuova Paola pi\u00f9 matura e consapevole! Benvenute nuove dolci forme\u201d<\/em>, ha quindi concluso.<\/p>\n<p>Tra i commenti sotto il post \u00e8 spuntato anche quello di <a href=\"\/vip\/clizia-incorvaia\/\">Clizia Incorvaia<\/a>, a sua volta incinta del suo secondo figlio (il primo con il compagno Paolo Ciavarro). La siciliana ha scritto:<em> \u201cSono d\u2019accordo, bravissima Paola, \u00e8 un <strong>bellissimo messaggio <\/strong>che dai a noi donne!\u201d<\/em>.<\/p>\n<p>\u00a0<\/p>\n","protected":false},"excerpt":{"rendered":"<p>Paola Turani ha voluto mandare un messaggio di \u201cbody positivity\u201d dall\u2019alto dei suoi 2 milioni di follower su Instagram. L\u2019influencer lo scorso ottobre ha dato alla luce il suo primogenito e dopo aver preso una ventina di chili in gravidanza ha visto il suo corpo cambiare in maniera radicale. Adesso per\u00f2 sta affrontando questa nuova [&hellip;]<\/p>\n","protected":false},"author":1,"featured_media":127227,"comment_status":"closed","ping_status":"closed","sticky":false,"template":"","format":"standard","meta":{"footnotes":""},"categories":[54],"tags":[59740],"vip":[],"class_list":["post-71181","post","type-post","status-publish","format-standard","has-post-thumbnail","hentry","category-news","tag-paola-turani"],"yoast_head":"<title>Paola Turani mostra i chili in pi\u00f9 dopo il parto: &#039;Prima stavo a digiuno, ora\u2026\u2019 - Gossip.it | News sul Gossip e VIP<\/title>\n<meta name=\"description\" content=\"Paola Turani ha voluto mandare un messaggio di \u201cbody positivity\u201d dall\u2019alto dei suoi 2 milioni di follower su Instagram. L\u2019influencer lo scorso ottobre ha\" \/>\n<meta name=\"robots\" content=\"index, follow, max-snippet:-1, max-image-preview:large, max-video-preview:-1\" \/>\n<link rel=\"canonical\" href=\"https:\/\/www.gossip.it\/news\/paola-turani-mostra-chili-piu-dopo-parto-prima-stavo-digiuno\/\" \/>\n<meta property=\"og:locale\" content=\"it_IT\" \/>\n<meta property=\"og:type\" content=\"article\" \/>\n<meta property=\"og:title\" content=\"Paola Turani mostra i chili in pi\u00f9 dopo il parto: &#039;Prima stavo a digiuno, ora\u2026\u2019 - Gossip.it | News sul Gossip e VIP\" \/>\n<meta property=\"og:description\" content=\"Paola Turani ha voluto mandare un messaggio di \u201cbody positivity\u201d dall\u2019alto dei suoi 2 milioni di follower su Instagram. L\u2019influencer lo scorso ottobre ha\" \/>\n<meta property=\"og:url\" content=\"https:\/\/www.gossip.it\/news\/paola-turani-mostra-chili-piu-dopo-parto-prima-stavo-digiuno\/\" \/>\n<meta property=\"og:site_name\" content=\"Gossip.it | News sul Gossip e VIP\" \/>\n<meta property=\"article:publisher\" content=\"https:\/\/www.facebook.com\/GossipIT\" \/>\n<meta property=\"article:published_time\" content=\"2022-01-10T23:00:00+00:00\" \/>\n<meta property=\"og:image\" content=\"https:\/\/files.gossip.it\/immagini_news\/2022\/01\/1641893907_paola_turani_prima_dopo.jpg\" \/>\n<meta name=\"author\" content=\"La Redazione\" \/>\n<meta name=\"twitter:card\" content=\"summary_large_image\" \/>\n<meta name=\"twitter:image\" content=\"https:\/\/files.gossip.it\/immagini_news\/2022\/01\/1641893907_paola_turani_prima_dopo.jpg\" \/>\n<meta name=\"twitter:creator\" content=\"@gossinews_it\" \/>\n<meta name=\"twitter:site\" content=\"@gossinews_it\" \/>\n<meta name=\"twitter:label1\" content=\"Scritto da\" \/>\n\t<meta name=\"twitter:data1\" content=\"la Redazione\" \/>\n\t<meta name=\"twitter:label2\" content=\"Tempo di lettura stimato\" \/>\n\t<meta name=\"twitter:data2\" content=\"2 minuti\" \/>","yoast_head_json":{"title":"Paola Turani mostra i chili in pi\u00f9 dopo il parto: 'Prima stavo a digiuno, ora\u2026\u2019 - Gossip.it | News sul Gossip e VIP","description":"Paola Turani ha voluto mandare un messaggio di \u201cbody positivity\u201d dall\u2019alto dei suoi 2 milioni di follower su Instagram. L\u2019influencer lo scorso ottobre ha","robots":{"index":"index","follow":"follow","max-snippet":"max-snippet:-1","max-image-preview":"max-image-preview:large","max-video-preview":"max-video-preview:-1"},"canonical":"https:\/\/www.gossip.it\/news\/paola-turani-mostra-chili-piu-dopo-parto-prima-stavo-digiuno\/","og_locale":"it_IT","og_type":"article","og_title":"Paola Turani mostra i chili in pi\u00f9 dopo il parto: 'Prima stavo a digiuno, ora\u2026\u2019 - Gossip.it | News sul Gossip e VIP","og_description":"Paola Turani ha voluto mandare un messaggio di \u201cbody positivity\u201d dall\u2019alto dei suoi 2 milioni di follower su Instagram. L\u2019influencer lo scorso ottobre ha","og_url":"https:\/\/www.gossip.it\/news\/paola-turani-mostra-chili-piu-dopo-parto-prima-stavo-digiuno\/","og_site_name":"Gossip.it | News sul Gossip e VIP","article_publisher":"https:\/\/www.facebook.com\/GossipIT","article_published_time":"2022-01-10T23:00:00+00:00","og_image":[{"url":"https:\/\/files.gossip.it\/immagini_news\/2022\/01\/1641893907_paola_turani_prima_dopo.jpg"}],"author":"La Redazione","twitter_card":"summary_large_image","twitter_image":"https:\/\/files.gossip.it\/immagini_news\/2022\/01\/1641893907_paola_turani_prima_dopo.jpg","twitter_creator":"@gossinews_it","twitter_site":"@gossinews_it","twitter_misc":{"Scritto da":"la Redazione","Tempo di lettura stimato":"2 minuti"},"schema":{"@context":"https:\/\/schema.org","@graph":[{"@type":"Article","@id":"https:\/\/www.gossip.it\/news\/paola-turani-mostra-chili-piu-dopo-parto-prima-stavo-digiuno\/#article","isPartOf":{"@id":"https:\/\/www.gossip.it\/news\/paola-turani-mostra-chili-piu-dopo-parto-prima-stavo-digiuno\/"},"author":{"name":"La Redazione","@id":"https:\/\/www.gossip.it\/#\/schema\/person\/488896f75158bff1cc83c6c39d141110"},"headline":"Paola Turani mostra i chili in pi\u00f9 dopo il parto: 'Prima stavo a digiuno, ora\u2026\u2019","datePublished":"2022-01-10T23:00:00+00:00","dateModified":"2022-01-10T23:00:00+00:00","mainEntityOfPage":{"@id":"https:\/\/www.gossip.it\/news\/paola-turani-mostra-chili-piu-dopo-parto-prima-stavo-digiuno\/"},"wordCount":511,"publisher":{"@id":"https:\/\/www.gossip.it\/#organization"},"image":{"@id":"https:\/\/www.gossip.it\/news\/paola-turani-mostra-chili-piu-dopo-parto-prima-stavo-digiuno\/#primaryimage"},"thumbnailUrl":"https:\/\/files.gossip.it\/immagini_news\/2022\/01\/1641893907_paola_turani_prima_dopo.jpg","keywords":["paola turani"],"articleSection":["News"],"inLanguage":"it-IT"},{"@type":"WebPage","@id":"https:\/\/www.gossip.it\/news\/paola-turani-mostra-chili-piu-dopo-parto-prima-stavo-digiuno\/","url":"https:\/\/www.gossip.it\/news\/paola-turani-mostra-chili-piu-dopo-parto-prima-stavo-digiuno\/","name":"Paola Turani mostra i chili in pi\u00f9 dopo il parto: 'Prima stavo a digiuno, ora\u2026\u2019 - Gossip.it | News sul Gossip e VIP","isPartOf":{"@id":"https:\/\/www.gossip.it\/#website"},"primaryImageOfPage":{"@id":"https:\/\/www.gossip.it\/news\/paola-turani-mostra-chili-piu-dopo-parto-prima-stavo-digiuno\/#primaryimage"},"image":{"@id":"https:\/\/www.gossip.it\/news\/paola-turani-mostra-chili-piu-dopo-parto-prima-stavo-digiuno\/#primaryimage"},"thumbnailUrl":"https:\/\/files.gossip.it\/immagini_news\/2022\/01\/1641893907_paola_turani_prima_dopo.jpg","datePublished":"2022-01-10T23:00:00+00:00","dateModified":"2022-01-10T23:00:00+00:00","description":"Paola Turani ha voluto mandare un messaggio di \u201cbody positivity\u201d dall\u2019alto dei suoi 2 milioni di follower su Instagram. L\u2019influencer lo scorso ottobre ha","breadcrumb":{"@id":"https:\/\/www.gossip.it\/news\/paola-turani-mostra-chili-piu-dopo-parto-prima-stavo-digiuno\/#breadcrumb"},"inLanguage":"it-IT","potentialAction":[{"@type":"ReadAction","target":["https:\/\/www.gossip.it\/news\/paola-turani-mostra-chili-piu-dopo-parto-prima-stavo-digiuno\/"]}]},{"@type":"ImageObject","inLanguage":"it-IT","@id":"https:\/\/www.gossip.it\/news\/paola-turani-mostra-chili-piu-dopo-parto-prima-stavo-digiuno\/#primaryimage","url":"https:\/\/files.gossip.it\/immagini_news\/2022\/01\/1641893907_paola_turani_prima_dopo.jpg","contentUrl":"https:\/\/files.gossip.it\/immagini_news\/2022\/01\/1641893907_paola_turani_prima_dopo.jpg"},{"@type":"BreadcrumbList","@id":"https:\/\/www.gossip.it\/news\/paola-turani-mostra-chili-piu-dopo-parto-prima-stavo-digiuno\/#breadcrumb","itemListElement":[{"@type":"ListItem","position":1,"name":"Home","item":"https:\/\/www.gossip.it\/"},{"@type":"ListItem","position":2,"name":"Paola Turani mostra i chili in pi\u00f9 dopo il parto: 'Prima stavo a digiuno, ora\u2026\u2019"}]},{"@type":"WebSite","@id":"https:\/\/www.gossip.it\/#website","url":"https:\/\/www.gossip.it\/","name":"Gossip and VIP News","description":"Quotidiano di cronaca rosa, costume e societ\u00e0","publisher":{"@id":"https:\/\/www.gossip.it\/#organization"},"alternateName":"Gossip and VIP News","potentialAction":[{"@type":"SearchAction","target":{"@type":"EntryPoint","urlTemplate":"https:\/\/www.gossip.it\/?s={search_term_string}"},"query-input":{"@type":"PropertyValueSpecification","valueRequired":true,"valueName":"search_term_string"}}],"inLanguage":"it-IT"},{"@type":"Organization","@id":"https:\/\/www.gossip.it\/#organization","name":"Gossip and VIP News","alternateName":"Gossip News","url":"https:\/\/www.gossip.it\/","logo":{"@type":"ImageObject","inLanguage":"it-IT","@id":"https:\/\/www.gossip.it\/#\/schema\/logo\/image\/","url":"https:\/\/www.gossip.it\/wp-content\/uploads\/2022\/04\/cropped-corna-alta-tiny.png","contentUrl":"https:\/\/www.gossip.it\/wp-content\/uploads\/2022\/04\/cropped-corna-alta-tiny.png","width":512,"height":512,"caption":"Gossip and VIP News"},"image":{"@id":"https:\/\/www.gossip.it\/#\/schema\/logo\/image\/"},"sameAs":["https:\/\/www.facebook.com\/GossipIT","https:\/\/x.com\/gossinews_it","https:\/\/instagram.com\/gossip_it"]},{"@type":"Person","@id":"https:\/\/www.gossip.it\/#\/schema\/person\/488896f75158bff1cc83c6c39d141110","name":"La Redazione","image":{"@type":"ImageObject","inLanguage":"it-IT","@id":"https:\/\/www.gossip.it\/#\/schema\/person\/image\/","url":"https:\/\/secure.gravatar.com\/avatar\/5a5f5c6fa3e6700e4249abdad0263a1e94e927d9e0499b1cb09c1cd29c044d80?s=96&d=mm&r=g","contentUrl":"https:\/\/secure.gravatar.com\/avatar\/5a5f5c6fa3e6700e4249abdad0263a1e94e927d9e0499b1cb09c1cd29c044d80?s=96&d=mm&r=g","caption":"La Redazione"},"sameAs":["https:\/\/www.gossip.it"]}]}},"amp_enabled":true,"_links":{"self":[{"href":"https:\/\/www.gossip.it\/api\/wp\/v2\/posts\/71181","targetHints":{"allow":["GET"]}}],"collection":[{"href":"https:\/\/www.gossip.it\/api\/wp\/v2\/posts"}],"about":[{"href":"https:\/\/www.gossip.it\/api\/wp\/v2\/types\/post"}],"author":[{"embeddable":true,"href":"https:\/\/www.gossip.it\/api\/wp\/v2\/users\/1"}],"replies":[{"embeddable":true,"href":"https:\/\/www.gossip.it\/api\/wp\/v2\/comments?post=71181"}],"version-history":[{"count":0,"href":"https:\/\/www.gossip.it\/api\/wp\/v2\/posts\/71181\/revisions"}],"wp:featuredmedia":[{"embeddable":true,"href":"https:\/\/www.gossip.it\/api\/wp\/v2\/media\/127227"}],"wp:attachment":[{"href":"https:\/\/www.gossip.it\/api\/wp\/v2\/media?parent=71181"}],"wp:term":[{"taxonomy":"category","embeddable":true,"href":"https:\/\/www.gossip.it\/api\/wp\/v2\/categories?post=71181"},{"taxonomy":"post_tag","embeddable":true,"href":"https:\/\/www.gossip.it\/api\/wp\/v2\/tags?post=71181"},{"taxonomy":"vip","embeddable":true,"href":"https:\/\/www.gossip.it\/api\/wp\/v2\/vip?post=71181"}],"curies":[{"name":"wp","href":"https:\/\/api.w.org\/{rel}","templated":true}]}}