{"id":71212,"date":"2022-01-14T00:00:00","date_gmt":"2022-01-13T23:00:00","guid":{"rendered":"https:\/\/www.gossip.it\/senza-categoria\/giovanna-civitillo-risponde-critiche-danza-polemica\/"},"modified":"2022-01-14T00:00:00","modified_gmt":"2022-01-13T23:00:00","slug":"giovanna-civitillo-risponde-critiche-danza-polemica","status":"publish","type":"post","link":"https:\/\/www.gossip.it\/news\/giovanna-civitillo-risponde-critiche-danza-polemica\/","title":{"rendered":"Giovanna Civitillo risponde alle critiche: 'Amadeus non mi ha mai chiesto di lasciare la danza'. Ma la polemica continua perch\u00e9..."},"content":{"rendered":"<p><a href=\"\/vip\/giovanna-civitillo\/\">Giovanna Civitillo<\/a> <strong>risponde<\/strong> alle <strong>critiche<\/strong> e chiarisce: <em>\u201c<a href=\"\/vip\/amadeus\/\">Amadeus<\/a> non mi ha mai chiesto di lasciare la <strong>danza<\/strong>\u201d. <\/em>Ma la <strong>polemica<\/strong> che ha travolto la 44enne continua, tutto a causa delle affermazioni della moglie del presentatore a <em>Domenica In.<\/em><\/p>\n<figure class=\"caption\"><img decoding=\"async\" alt=\"Giovanna Civitillo risponde alle critiche: 'Amadeus non mi ha mai chiesto di lasciare la danza'. Ma la polemica continua perch\u00e9...\" width=\"640\" height=\"640\" src=\"https:\/\/files.gossip.it\/immagini_news\/2022\/01\/1642161965_civitillo_1.jpg\" \/><figcaption>Giovanna Civitillo risponde alle critiche: 'Amadeus non mi ha mai chiesto di lasciare la danza'. Ma la polemica continua perch\u00e9...<\/figcaption><\/figure>\n<p>Giovanna in tv, a <a href=\"\/vip\/mara-venier\/\">Mara Venier<\/a>, ha detto: <em>\u201cDopo aver incontrato Amadeus, la mia carriera televisiva \u00e8 finita. All'epoca facevo parte dei corpi di ballo di pi\u00f9 reti televisive, da Mediaset a Rai\u201d. <\/em>E ha aggiunto:<em> \u201cMa non rimpiango nulla, perch\u00e9 il mio sogno era mettere su una bella famiglia e l'ho fatto. Amadeus e mio figlio Jos\u00e8, ormai tredicenne, sono il senso della mia vita\u201d.<\/em>\u00a0Poi ha sottolineato: <em>\u201cTutto questo mi \u00e8 costato un po' di dolore. Io quando vado a teatro, al momento degli applausi piango\u201d.<\/em><\/p>\n<figure class=\"caption\"><img decoding=\"async\" alt=\"\" width=\"640\" height=\"511\" src=\"https:\/\/files.gossip.it\/immagini_news\/2022\/01\/1642162019_civitillo_2.jpg\" \/><figcaption>La moglie del conduttore, travolta, replica e cerca di fare chiarezza sulle sue affermazioni<\/figcaption><\/figure>\n<p>La Civitillo ha fatto anche sapere: <em>\u201cSe penso di ricominciare? Mi piacerebbe ora che Jos\u00e8 \u00e8 cresciuto. Non mi permette pi\u00f9\u00a0ballare\u00a0ma posso fare altro\u201d, <\/em>parlando del figlio quasi 13enne. La bufera \u00e8 stata inevitabile. Sul social molti si sono accaniti contro la mora: <em>\u201c2022 e ancora dobbiamo sentire sulla tv pubblica di figli maschi gelosi della madri che ne limitano sogni e carriere\u201d.<\/em><\/p>\n<figure class=\"caption\"><img decoding=\"async\" alt=\"\" width=\"640\" height=\"650\" src=\"https:\/\/files.gossip.it\/immagini_news\/2022\/01\/1642161991_civitillo_3.jpg\" \/><figcaption>A Domenica In la 44enne aveva detto che anche il figlio Jos\u00e8 non voleva pi\u00f9 che ballasse<\/figcaption><\/figure>\n<p>L\u2019ex regina della<em> \u2018scossa\u2019 <\/em>de<em> L\u2019Eredit\u00e0 <\/em>cerca di metterci una pezza. \u201c<em>Qualcuno ha frainteso le mie parole a Domenica In o forse non mi sono spiegata bene. Nessuno mi ha chiesto di lasciare la <strong>danza<\/strong>, tantomeno Amadeus che mi ha sempre sostenuta! (quando \u00e8 nato mio figlio avevo gi\u00e0 smesso di ballare). Dopo aver realizzato il mio sogno di ballerina, sono semplicemente cambiate le mie priorit\u00e0. Ho scelto di dedicarmi ad altro, per godermi quanto di bello mi stava accadendo nel privato. Felice, determinata e senza nessun rimpianto\u201d, <\/em>scrive in un post sul profilo condiviso con Amadeus su <em>Instagram<\/em>. E conclude: \u201c<em>Si pu\u00f2 essere moglie, mamma, e donna in carriera \u00a0si pu\u00f2 essere moglie, mamma, e donna in carriera, ma soprattutto si deve essere liberi di scegliere!\u201d.<\/em><\/p>\n<figure class=\"caption\"><img decoding=\"async\" alt=\"\" width=\"640\" height=\"959\" src=\"https:\/\/files.gossip.it\/immagini_news\/2022\/01\/1642162040_civitillo_4.jpg\" \/><figcaption>In un post sul social la mora precisa, ma l'attaccano ancora<\/figcaption><\/figure>\n<p>I commenti negativi per\u00f2 non si fermano. Qualcuno precisa: <em>\u201cHa detto: \u2018Mio figlio non mi permette di ballare\u2019. Parole esatte. Riascoltate l\u2019intervista\u201d.<\/em> E ancora: \u201c<em>Lei non riprende perch\u00e9 lui non glielo permette: ma stiamo scherzando?\u201d; \u201cNon bisogna farsi condizionare dai figli, perch\u00e9 se non balli \u00e8 perch\u00e9 non vuole tuo figlio\u201d.<\/em><\/p>\n<p>\u00a0<\/p>\n<p>\u00a0<\/p>\n","protected":false},"excerpt":{"rendered":"<p>Giovanna Civitillo risponde alle critiche e chiarisce: \u201cAmadeus non mi ha mai chiesto di lasciare la danza\u201d. Ma la polemica che ha travolto la 44enne continua, tutto a causa delle affermazioni della moglie del presentatore a Domenica In. Giovanna Civitillo risponde alle critiche: 'Amadeus non mi ha mai chiesto di lasciare la danza'. Ma la [&hellip;]<\/p>\n","protected":false},"author":1,"featured_media":127258,"comment_status":"closed","ping_status":"closed","sticky":false,"template":"","format":"standard","meta":{"footnotes":""},"categories":[54],"tags":[14067,1992,3296,2503,2102,4135,3980,2637,1942,10368,2175,2179,2145,7632,11888,2582,14293,2097],"vip":[292,880,1195],"class_list":["post-71212","post","type-post","status-publish","format-standard","has-post-thumbnail","hentry","category-news","tag-ballare","tag-conduttrice","tag-critiche","tag-danza","tag-dichiarazioni","tag-domenica-in","tag-festival","tag-festival-di-sanremo","tag-figlio","tag-jose","tag-moglie","tag-polemica","tag-presentatrice","tag-rai-uno","tag-risponde","tag-sanremo","tag-sanremo-2022","tag-tv","vip-amadeus","vip-giovanna_civitillo","vip-mara_venier"],"yoast_head":"<title>Giovanna Civitillo risponde alle critiche: &#039;Amadeus non mi ha mai chiesto di lasciare la danza&#039;. Ma la polemica continua perch\u00e9... - Gossip.it | News sul Gossip e VIP<\/title>\n<meta name=\"description\" content=\"Giovanna Civitillo risponde alle critiche e chiarisce: \u201cAmadeus non mi ha mai chiesto di lasciare la danza\u201d. Ma la polemica che ha travolto la 44enne\" \/>\n<meta name=\"robots\" content=\"index, follow, max-snippet:-1, max-image-preview:large, max-video-preview:-1\" \/>\n<link rel=\"canonical\" href=\"https:\/\/www.gossip.it\/news\/giovanna-civitillo-risponde-critiche-danza-polemica\/\" \/>\n<meta property=\"og:locale\" content=\"it_IT\" \/>\n<meta property=\"og:type\" content=\"article\" \/>\n<meta property=\"og:title\" content=\"Giovanna Civitillo risponde alle critiche: &#039;Amadeus non mi ha mai chiesto di lasciare la danza&#039;. Ma la polemica continua perch\u00e9... - Gossip.it | News sul Gossip e VIP\" \/>\n<meta property=\"og:description\" content=\"Giovanna Civitillo risponde alle critiche e chiarisce: \u201cAmadeus non mi ha mai chiesto di lasciare la danza\u201d. Ma la polemica che ha travolto la 44enne\" \/>\n<meta property=\"og:url\" content=\"https:\/\/www.gossip.it\/news\/giovanna-civitillo-risponde-critiche-danza-polemica\/\" \/>\n<meta property=\"og:site_name\" content=\"Gossip.it | News sul Gossip e VIP\" \/>\n<meta property=\"article:publisher\" content=\"https:\/\/www.facebook.com\/GossipIT\" \/>\n<meta property=\"article:published_time\" content=\"2022-01-13T23:00:00+00:00\" \/>\n<meta property=\"og:image\" content=\"https:\/\/files.gossip.it\/immagini_news\/2022\/01\/1642161965_civitillo_1.jpg\" \/>\n<meta name=\"author\" content=\"La Redazione\" \/>\n<meta name=\"twitter:card\" content=\"summary_large_image\" \/>\n<meta name=\"twitter:image\" content=\"https:\/\/files.gossip.it\/immagini_news\/2022\/01\/1642161965_civitillo_1.jpg\" \/>\n<meta name=\"twitter:creator\" content=\"@gossinews_it\" \/>\n<meta name=\"twitter:site\" content=\"@gossinews_it\" \/>\n<meta name=\"twitter:label1\" content=\"Scritto da\" \/>\n\t<meta name=\"twitter:data1\" content=\"Annamaria Capozzi\" \/>\n\t<meta name=\"twitter:label2\" content=\"Tempo di lettura stimato\" \/>\n\t<meta name=\"twitter:data2\" content=\"2 minuti\" \/>","yoast_head_json":{"title":"Giovanna Civitillo risponde alle critiche: 'Amadeus non mi ha mai chiesto di lasciare la danza'. Ma la polemica continua perch\u00e9... - Gossip.it | News sul Gossip e VIP","description":"Giovanna Civitillo risponde alle critiche e chiarisce: \u201cAmadeus non mi ha mai chiesto di lasciare la danza\u201d. Ma la polemica che ha travolto la 44enne","robots":{"index":"index","follow":"follow","max-snippet":"max-snippet:-1","max-image-preview":"max-image-preview:large","max-video-preview":"max-video-preview:-1"},"canonical":"https:\/\/www.gossip.it\/news\/giovanna-civitillo-risponde-critiche-danza-polemica\/","og_locale":"it_IT","og_type":"article","og_title":"Giovanna Civitillo risponde alle critiche: 'Amadeus non mi ha mai chiesto di lasciare la danza'. Ma la polemica continua perch\u00e9... - Gossip.it | News sul Gossip e VIP","og_description":"Giovanna Civitillo risponde alle critiche e chiarisce: \u201cAmadeus non mi ha mai chiesto di lasciare la danza\u201d. Ma la polemica che ha travolto la 44enne","og_url":"https:\/\/www.gossip.it\/news\/giovanna-civitillo-risponde-critiche-danza-polemica\/","og_site_name":"Gossip.it | News sul Gossip e VIP","article_publisher":"https:\/\/www.facebook.com\/GossipIT","article_published_time":"2022-01-13T23:00:00+00:00","og_image":[{"url":"https:\/\/files.gossip.it\/immagini_news\/2022\/01\/1642161965_civitillo_1.jpg"}],"author":"La Redazione","twitter_card":"summary_large_image","twitter_image":"https:\/\/files.gossip.it\/immagini_news\/2022\/01\/1642161965_civitillo_1.jpg","twitter_creator":"@gossinews_it","twitter_site":"@gossinews_it","twitter_misc":{"Scritto da":"Annamaria Capozzi","Tempo di lettura stimato":"2 minuti"},"schema":{"@context":"https:\/\/schema.org","@graph":[{"@type":"Article","@id":"https:\/\/www.gossip.it\/news\/giovanna-civitillo-risponde-critiche-danza-polemica\/#article","isPartOf":{"@id":"https:\/\/www.gossip.it\/news\/giovanna-civitillo-risponde-critiche-danza-polemica\/"},"author":{"name":"La Redazione","@id":"https:\/\/www.gossip.it\/#\/schema\/person\/488896f75158bff1cc83c6c39d141110"},"headline":"Giovanna Civitillo risponde alle critiche: 'Amadeus non mi ha mai chiesto di lasciare la danza'. Ma la polemica continua perch\u00e9...","datePublished":"2022-01-13T23:00:00+00:00","dateModified":"2022-01-13T23:00:00+00:00","mainEntityOfPage":{"@id":"https:\/\/www.gossip.it\/news\/giovanna-civitillo-risponde-critiche-danza-polemica\/"},"wordCount":450,"publisher":{"@id":"https:\/\/www.gossip.it\/#organization"},"image":{"@id":"https:\/\/www.gossip.it\/news\/giovanna-civitillo-risponde-critiche-danza-polemica\/#primaryimage"},"thumbnailUrl":"https:\/\/files.gossip.it\/immagini_news\/2022\/01\/1642161965_civitillo_1.jpg","keywords":["ballare","conduttrice","critiche","danza","dichiarazioni","domenica in","festival","festival di sanremo","figlio","jos\u00e8","moglie","polemica","presentatrice","rai uno","risponde","sanremo","sanremo 2022","tv"],"articleSection":["News"],"inLanguage":"it-IT"},{"@type":"WebPage","@id":"https:\/\/www.gossip.it\/news\/giovanna-civitillo-risponde-critiche-danza-polemica\/","url":"https:\/\/www.gossip.it\/news\/giovanna-civitillo-risponde-critiche-danza-polemica\/","name":"Giovanna Civitillo risponde alle critiche: 'Amadeus non mi ha mai chiesto di lasciare la danza'. Ma la polemica continua perch\u00e9... - Gossip.it | News sul Gossip e VIP","isPartOf":{"@id":"https:\/\/www.gossip.it\/#website"},"primaryImageOfPage":{"@id":"https:\/\/www.gossip.it\/news\/giovanna-civitillo-risponde-critiche-danza-polemica\/#primaryimage"},"image":{"@id":"https:\/\/www.gossip.it\/news\/giovanna-civitillo-risponde-critiche-danza-polemica\/#primaryimage"},"thumbnailUrl":"https:\/\/files.gossip.it\/immagini_news\/2022\/01\/1642161965_civitillo_1.jpg","datePublished":"2022-01-13T23:00:00+00:00","dateModified":"2022-01-13T23:00:00+00:00","description":"Giovanna Civitillo risponde alle critiche e chiarisce: \u201cAmadeus non mi ha mai chiesto di lasciare la danza\u201d. Ma la polemica che ha travolto la 44enne","breadcrumb":{"@id":"https:\/\/www.gossip.it\/news\/giovanna-civitillo-risponde-critiche-danza-polemica\/#breadcrumb"},"inLanguage":"it-IT","potentialAction":[{"@type":"ReadAction","target":["https:\/\/www.gossip.it\/news\/giovanna-civitillo-risponde-critiche-danza-polemica\/"]}]},{"@type":"ImageObject","inLanguage":"it-IT","@id":"https:\/\/www.gossip.it\/news\/giovanna-civitillo-risponde-critiche-danza-polemica\/#primaryimage","url":"https:\/\/files.gossip.it\/immagini_news\/2022\/01\/1642161965_civitillo_1.jpg","contentUrl":"https:\/\/files.gossip.it\/immagini_news\/2022\/01\/1642161965_civitillo_1.jpg"},{"@type":"BreadcrumbList","@id":"https:\/\/www.gossip.it\/news\/giovanna-civitillo-risponde-critiche-danza-polemica\/#breadcrumb","itemListElement":[{"@type":"ListItem","position":1,"name":"Home","item":"https:\/\/www.gossip.it\/"},{"@type":"ListItem","position":2,"name":"Giovanna Civitillo risponde alle critiche: 'Amadeus non mi ha mai chiesto di lasciare la danza'. Ma la polemica continua perch\u00e9..."}]},{"@type":"WebSite","@id":"https:\/\/www.gossip.it\/#website","url":"https:\/\/www.gossip.it\/","name":"Gossip and VIP News","description":"Quotidiano di cronaca rosa, costume e societ\u00e0","publisher":{"@id":"https:\/\/www.gossip.it\/#organization"},"alternateName":"Gossip and VIP News","potentialAction":[{"@type":"SearchAction","target":{"@type":"EntryPoint","urlTemplate":"https:\/\/www.gossip.it\/?s={search_term_string}"},"query-input":{"@type":"PropertyValueSpecification","valueRequired":true,"valueName":"search_term_string"}}],"inLanguage":"it-IT"},{"@type":"Organization","@id":"https:\/\/www.gossip.it\/#organization","name":"Gossip and VIP News","alternateName":"Gossip News","url":"https:\/\/www.gossip.it\/","logo":{"@type":"ImageObject","inLanguage":"it-IT","@id":"https:\/\/www.gossip.it\/#\/schema\/logo\/image\/","url":"https:\/\/www.gossip.it\/wp-content\/uploads\/2022\/04\/cropped-corna-alta-tiny.png","contentUrl":"https:\/\/www.gossip.it\/wp-content\/uploads\/2022\/04\/cropped-corna-alta-tiny.png","width":512,"height":512,"caption":"Gossip and VIP News"},"image":{"@id":"https:\/\/www.gossip.it\/#\/schema\/logo\/image\/"},"sameAs":["https:\/\/www.facebook.com\/GossipIT","https:\/\/x.com\/gossinews_it","https:\/\/instagram.com\/gossip_it"]},{"@type":"Person","@id":"https:\/\/www.gossip.it\/#\/schema\/person\/488896f75158bff1cc83c6c39d141110","name":"La Redazione","image":{"@type":"ImageObject","inLanguage":"it-IT","@id":"https:\/\/www.gossip.it\/#\/schema\/person\/image\/","url":"https:\/\/secure.gravatar.com\/avatar\/5a5f5c6fa3e6700e4249abdad0263a1e94e927d9e0499b1cb09c1cd29c044d80?s=96&d=mm&r=g","contentUrl":"https:\/\/secure.gravatar.com\/avatar\/5a5f5c6fa3e6700e4249abdad0263a1e94e927d9e0499b1cb09c1cd29c044d80?s=96&d=mm&r=g","caption":"La Redazione"},"sameAs":["https:\/\/www.gossip.it"]}]}},"amp_enabled":true,"_links":{"self":[{"href":"https:\/\/www.gossip.it\/api\/wp\/v2\/posts\/71212","targetHints":{"allow":["GET"]}}],"collection":[{"href":"https:\/\/www.gossip.it\/api\/wp\/v2\/posts"}],"about":[{"href":"https:\/\/www.gossip.it\/api\/wp\/v2\/types\/post"}],"author":[{"embeddable":true,"href":"https:\/\/www.gossip.it\/api\/wp\/v2\/users\/1"}],"replies":[{"embeddable":true,"href":"https:\/\/www.gossip.it\/api\/wp\/v2\/comments?post=71212"}],"version-history":[{"count":0,"href":"https:\/\/www.gossip.it\/api\/wp\/v2\/posts\/71212\/revisions"}],"wp:featuredmedia":[{"embeddable":true,"href":"https:\/\/www.gossip.it\/api\/wp\/v2\/media\/127258"}],"wp:attachment":[{"href":"https:\/\/www.gossip.it\/api\/wp\/v2\/media?parent=71212"}],"wp:term":[{"taxonomy":"category","embeddable":true,"href":"https:\/\/www.gossip.it\/api\/wp\/v2\/categories?post=71212"},{"taxonomy":"post_tag","embeddable":true,"href":"https:\/\/www.gossip.it\/api\/wp\/v2\/tags?post=71212"},{"taxonomy":"vip","embeddable":true,"href":"https:\/\/www.gossip.it\/api\/wp\/v2\/vip?post=71212"}],"curies":[{"name":"wp","href":"https:\/\/api.w.org\/{rel}","templated":true}]}}