{"id":71247,"date":"2022-01-20T00:00:00","date_gmt":"2022-01-19T23:00:00","guid":{"rendered":"https:\/\/www.gossip.it\/senza-categoria\/loredana-lecciso-conferma-trattativa-isola-dei-famosi\/"},"modified":"2022-01-20T00:00:00","modified_gmt":"2022-01-19T23:00:00","slug":"loredana-lecciso-conferma-trattativa-isola-dei-famosi","status":"publish","type":"post","link":"https:\/\/www.gossip.it\/news\/loredana-lecciso-conferma-trattativa-isola-dei-famosi\/","title":{"rendered":"Loredana Lecciso conferma trattativa per l'Isola dei Famosi e fa il nome di un altro possibile concorrente"},"content":{"rendered":"<p><a href=\"\/vip\/loredana-lecciso\/\">Loredana Lecciso<\/a> <strong>conferma<\/strong> la <strong>trattativa<\/strong> per l\u2019<em><strong>Isola dei Famosi<\/strong><\/em> e fa il nome di un altro possibile concorrente pronto a naufragare insieme a lei. La compagna di <a href=\"\/vip\/al-bano\/\">Al Bano<\/a> 49enne dovrebbe partire per il reality insieme alla figlia <a href=\"\/vip\/jasmine-carrisi\/\">Jasmine Carrisi<\/a>, 20 anni.<\/p>\n<figure class=\"caption\"><img decoding=\"async\" alt=\"Loredana Lecciso conferma trattativa per l'Isola dei Famosi e fa il nome di un altro possibile concorrente\" width=\"640\" height=\"708\" src=\"https:\/\/files.gossip.it\/immagini_news\/2022\/01\/1642677256_lecciso_2.jpg\" \/><figcaption>Loredana Lecciso conferma trattativa per l'Isola dei Famosi e fa il nome di un altro possibile concorrente<\/figcaption><\/figure>\n<p>La bionda pugliese non ha ancora accettato, ma il contratto le \u00e8 stato offerto dalla produzione del reality show, che partir\u00e0 la prossima primavera condotto ancora una volta da <a href=\"\/vip\/ilary-blasi\/\">Ilary Blasi<\/a>, su un piatto d\u2019argento.<em> \u201cL\u2019<strong>Isola dei Famosi?<\/strong> Me l\u2019hanno chiesto ma l\u2019ho gi\u00e0 fatta, mi \u00e8 piaciuta. A dire il vero, non ho ancora detto di no, per\u00f2 credo che questa sar\u00e0 la mia risposta. In pi\u00f9, questa esperienza non andrebbe fatta con un figlio. Vorrei che Jasmine la facesse da sola\u201d<\/em>, fa fatto sapere Loredana a <em>Oggi.<\/em><\/p>\n<p>Per rendere pi\u00f9 accattivante l\u2019<em><strong>Isola<\/strong><\/em> sembra si stia cercando di convincere alcuni vip a partecipare con i figli. <a href=\"\/vip\/carmen-di pietro\/\">Carmen Di Pietro<\/a> e <a href=\"\/vip\/ilona-staller\/\">Ilona Staller<\/a>\u00a0dovrebbero naufragare accompagnate dai loro primogeniti, Alessandro Iannoni e Ludwig Maximilian Koons, cos\u00ec come anche la Lecciso dovrebbe dire di s\u00ec insieme a Jasmine.<\/p>\n<figure class=\"caption\"><img decoding=\"async\" alt=\"\" width=\"640\" height=\"594\" src=\"https:\/\/files.gossip.it\/immagini_news\/2022\/01\/1642677280_lecciso_1.jpg\" \/><figcaption>La 49enne, compagna di Al bano, potrebbe volare in Honduras con la figlia Jasmine Carrisi, 20 anni<\/figcaption><\/figure>\n<p>Per <strong>Loredana Lecciso<\/strong>, qualora accettasse, sarebbe la seconda volta in Honduras: \u00e8 gi\u00e0 stata concorrente nel 2010, l\u2019edizione poi vinta da <a href=\"\/vip\/daniele-battaglia\/\">Daniele Battaglia<\/a>. <a href=\"\/vip\/anche-albano carrisi\/\">Anche Albano Carrisi<\/a> \u00e8 stato un naufrago nel 2005, come pure Romina Jr.. Tra i famosi contattati per lo show anche <a href=\"\/vip\/alvise-rigo\/\">Alvise Rigo<\/a>, l\u2019ex rugbysta tra i protagonisti dell\u2019ultima edizione di <em>Ballando con le stelle.<\/em><\/p>\n<p>\u00a0<\/p>\n<p>\u00a0<\/p>\n","protected":false},"excerpt":{"rendered":"<p>Loredana Lecciso conferma la trattativa per l\u2019Isola dei Famosi e fa il nome di un altro possibile concorrente pronto a naufragare insieme a lei. La compagna di Al Bano 49enne dovrebbe partire per il reality insieme alla figlia Jasmine Carrisi, 20 anni. Loredana Lecciso conferma trattativa per l'Isola dei Famosi e fa il nome di [&hellip;]<\/p>\n","protected":false},"author":1,"featured_media":127293,"comment_status":"closed","ping_status":"closed","sticky":false,"template":"","format":"standard","meta":{"footnotes":""},"categories":[54],"tags":[2254,2098,1886,10900,2095,11827,1934,2128,62881,2097],"vip":[952,1121],"class_list":["post-71247","post","type-post","status-publish","format-standard","has-post-thumbnail","hentry","category-news","tag-al-bano","tag-canale-5","tag-concorrente","tag-conferma","tag-isola-dei-famosi","tag-jasmine-carrisi","tag-reality","tag-reality-show","tag-trattativa","tag-tv","vip-ilary_blasi","vip-loredana_lecciso"],"yoast_head":"<title>Loredana Lecciso conferma trattativa per l&#039;Isola dei Famosi e fa il nome di un altro possibile concorrente - Gossip.it | News sul Gossip e VIP<\/title>\n<meta name=\"description\" content=\"Loredana Lecciso conferma la trattativa per l\u2019Isola dei Famosi e fa il nome di un altro possibile concorrente pronto a naufragare insieme a lei. La\" \/>\n<meta name=\"robots\" content=\"index, follow, max-snippet:-1, max-image-preview:large, max-video-preview:-1\" \/>\n<link rel=\"canonical\" href=\"https:\/\/www.gossip.it\/news\/loredana-lecciso-conferma-trattativa-isola-dei-famosi\/\" \/>\n<meta property=\"og:locale\" content=\"it_IT\" \/>\n<meta property=\"og:type\" content=\"article\" \/>\n<meta property=\"og:title\" content=\"Loredana Lecciso conferma trattativa per l&#039;Isola dei Famosi e fa il nome di un altro possibile concorrente - Gossip.it | News sul Gossip e VIP\" \/>\n<meta property=\"og:description\" content=\"Loredana Lecciso conferma la trattativa per l\u2019Isola dei Famosi e fa il nome di un altro possibile concorrente pronto a naufragare insieme a lei. La\" \/>\n<meta property=\"og:url\" content=\"https:\/\/www.gossip.it\/news\/loredana-lecciso-conferma-trattativa-isola-dei-famosi\/\" \/>\n<meta property=\"og:site_name\" content=\"Gossip.it | News sul Gossip e VIP\" \/>\n<meta property=\"article:publisher\" content=\"https:\/\/www.facebook.com\/GossipIT\" \/>\n<meta property=\"article:published_time\" content=\"2022-01-19T23:00:00+00:00\" \/>\n<meta property=\"og:image\" content=\"https:\/\/files.gossip.it\/immagini_news\/2022\/01\/1642677256_lecciso_2.jpg\" \/>\n<meta name=\"author\" content=\"La Redazione\" \/>\n<meta name=\"twitter:card\" content=\"summary_large_image\" \/>\n<meta name=\"twitter:image\" content=\"https:\/\/files.gossip.it\/immagini_news\/2022\/01\/1642677256_lecciso_2.jpg\" \/>\n<meta name=\"twitter:creator\" content=\"@gossinews_it\" \/>\n<meta name=\"twitter:site\" content=\"@gossinews_it\" \/>\n<meta name=\"twitter:label1\" content=\"Scritto da\" \/>\n\t<meta name=\"twitter:data1\" content=\"Annamaria Capozzi\" \/>\n\t<meta name=\"twitter:label2\" content=\"Tempo di lettura stimato\" \/>\n\t<meta name=\"twitter:data2\" content=\"1 minuto\" \/>","yoast_head_json":{"title":"Loredana Lecciso conferma trattativa per l'Isola dei Famosi e fa il nome di un altro possibile concorrente - Gossip.it | News sul Gossip e VIP","description":"Loredana Lecciso conferma la trattativa per l\u2019Isola dei Famosi e fa il nome di un altro possibile concorrente pronto a naufragare insieme a lei. La","robots":{"index":"index","follow":"follow","max-snippet":"max-snippet:-1","max-image-preview":"max-image-preview:large","max-video-preview":"max-video-preview:-1"},"canonical":"https:\/\/www.gossip.it\/news\/loredana-lecciso-conferma-trattativa-isola-dei-famosi\/","og_locale":"it_IT","og_type":"article","og_title":"Loredana Lecciso conferma trattativa per l'Isola dei Famosi e fa il nome di un altro possibile concorrente - Gossip.it | News sul Gossip e VIP","og_description":"Loredana Lecciso conferma la trattativa per l\u2019Isola dei Famosi e fa il nome di un altro possibile concorrente pronto a naufragare insieme a lei. La","og_url":"https:\/\/www.gossip.it\/news\/loredana-lecciso-conferma-trattativa-isola-dei-famosi\/","og_site_name":"Gossip.it | News sul Gossip e VIP","article_publisher":"https:\/\/www.facebook.com\/GossipIT","article_published_time":"2022-01-19T23:00:00+00:00","og_image":[{"url":"https:\/\/files.gossip.it\/immagini_news\/2022\/01\/1642677256_lecciso_2.jpg"}],"author":"La Redazione","twitter_card":"summary_large_image","twitter_image":"https:\/\/files.gossip.it\/immagini_news\/2022\/01\/1642677256_lecciso_2.jpg","twitter_creator":"@gossinews_it","twitter_site":"@gossinews_it","twitter_misc":{"Scritto da":"Annamaria Capozzi","Tempo di lettura stimato":"1 minuto"},"schema":{"@context":"https:\/\/schema.org","@graph":[{"@type":"Article","@id":"https:\/\/www.gossip.it\/news\/loredana-lecciso-conferma-trattativa-isola-dei-famosi\/#article","isPartOf":{"@id":"https:\/\/www.gossip.it\/news\/loredana-lecciso-conferma-trattativa-isola-dei-famosi\/"},"author":{"name":"La Redazione","@id":"https:\/\/www.gossip.it\/#\/schema\/person\/488896f75158bff1cc83c6c39d141110"},"headline":"Loredana Lecciso conferma trattativa per l'Isola dei Famosi e fa il nome di un altro possibile concorrente","datePublished":"2022-01-19T23:00:00+00:00","dateModified":"2022-01-19T23:00:00+00:00","mainEntityOfPage":{"@id":"https:\/\/www.gossip.it\/news\/loredana-lecciso-conferma-trattativa-isola-dei-famosi\/"},"wordCount":291,"publisher":{"@id":"https:\/\/www.gossip.it\/#organization"},"image":{"@id":"https:\/\/www.gossip.it\/news\/loredana-lecciso-conferma-trattativa-isola-dei-famosi\/#primaryimage"},"thumbnailUrl":"https:\/\/files.gossip.it\/immagini_news\/2022\/01\/1642677256_lecciso_2.jpg","keywords":["al bano","canale 5","concorrente","conferma","isola dei famosi","jasmine carrisi","reality","reality show","trattativa","tv"],"articleSection":["News"],"inLanguage":"it-IT"},{"@type":"WebPage","@id":"https:\/\/www.gossip.it\/news\/loredana-lecciso-conferma-trattativa-isola-dei-famosi\/","url":"https:\/\/www.gossip.it\/news\/loredana-lecciso-conferma-trattativa-isola-dei-famosi\/","name":"Loredana Lecciso conferma trattativa per l'Isola dei Famosi e fa il nome di un altro possibile concorrente - Gossip.it | News sul Gossip e VIP","isPartOf":{"@id":"https:\/\/www.gossip.it\/#website"},"primaryImageOfPage":{"@id":"https:\/\/www.gossip.it\/news\/loredana-lecciso-conferma-trattativa-isola-dei-famosi\/#primaryimage"},"image":{"@id":"https:\/\/www.gossip.it\/news\/loredana-lecciso-conferma-trattativa-isola-dei-famosi\/#primaryimage"},"thumbnailUrl":"https:\/\/files.gossip.it\/immagini_news\/2022\/01\/1642677256_lecciso_2.jpg","datePublished":"2022-01-19T23:00:00+00:00","dateModified":"2022-01-19T23:00:00+00:00","description":"Loredana Lecciso conferma la trattativa per l\u2019Isola dei Famosi e fa il nome di un altro possibile concorrente pronto a naufragare insieme a lei. La","breadcrumb":{"@id":"https:\/\/www.gossip.it\/news\/loredana-lecciso-conferma-trattativa-isola-dei-famosi\/#breadcrumb"},"inLanguage":"it-IT","potentialAction":[{"@type":"ReadAction","target":["https:\/\/www.gossip.it\/news\/loredana-lecciso-conferma-trattativa-isola-dei-famosi\/"]}]},{"@type":"ImageObject","inLanguage":"it-IT","@id":"https:\/\/www.gossip.it\/news\/loredana-lecciso-conferma-trattativa-isola-dei-famosi\/#primaryimage","url":"https:\/\/files.gossip.it\/immagini_news\/2022\/01\/1642677256_lecciso_2.jpg","contentUrl":"https:\/\/files.gossip.it\/immagini_news\/2022\/01\/1642677256_lecciso_2.jpg"},{"@type":"BreadcrumbList","@id":"https:\/\/www.gossip.it\/news\/loredana-lecciso-conferma-trattativa-isola-dei-famosi\/#breadcrumb","itemListElement":[{"@type":"ListItem","position":1,"name":"Home","item":"https:\/\/www.gossip.it\/"},{"@type":"ListItem","position":2,"name":"Loredana Lecciso conferma trattativa per l'Isola dei Famosi e fa il nome di un altro possibile concorrente"}]},{"@type":"WebSite","@id":"https:\/\/www.gossip.it\/#website","url":"https:\/\/www.gossip.it\/","name":"Gossip and VIP News","description":"Quotidiano di cronaca rosa, costume e societ\u00e0","publisher":{"@id":"https:\/\/www.gossip.it\/#organization"},"alternateName":"Gossip and VIP News","potentialAction":[{"@type":"SearchAction","target":{"@type":"EntryPoint","urlTemplate":"https:\/\/www.gossip.it\/?s={search_term_string}"},"query-input":{"@type":"PropertyValueSpecification","valueRequired":true,"valueName":"search_term_string"}}],"inLanguage":"it-IT"},{"@type":"Organization","@id":"https:\/\/www.gossip.it\/#organization","name":"Gossip and VIP News","alternateName":"Gossip News","url":"https:\/\/www.gossip.it\/","logo":{"@type":"ImageObject","inLanguage":"it-IT","@id":"https:\/\/www.gossip.it\/#\/schema\/logo\/image\/","url":"https:\/\/www.gossip.it\/wp-content\/uploads\/2022\/04\/cropped-corna-alta-tiny.png","contentUrl":"https:\/\/www.gossip.it\/wp-content\/uploads\/2022\/04\/cropped-corna-alta-tiny.png","width":512,"height":512,"caption":"Gossip and VIP News"},"image":{"@id":"https:\/\/www.gossip.it\/#\/schema\/logo\/image\/"},"sameAs":["https:\/\/www.facebook.com\/GossipIT","https:\/\/x.com\/gossinews_it","https:\/\/instagram.com\/gossip_it"]},{"@type":"Person","@id":"https:\/\/www.gossip.it\/#\/schema\/person\/488896f75158bff1cc83c6c39d141110","name":"La Redazione","image":{"@type":"ImageObject","inLanguage":"it-IT","@id":"https:\/\/www.gossip.it\/#\/schema\/person\/image\/","url":"https:\/\/secure.gravatar.com\/avatar\/5a5f5c6fa3e6700e4249abdad0263a1e94e927d9e0499b1cb09c1cd29c044d80?s=96&d=mm&r=g","contentUrl":"https:\/\/secure.gravatar.com\/avatar\/5a5f5c6fa3e6700e4249abdad0263a1e94e927d9e0499b1cb09c1cd29c044d80?s=96&d=mm&r=g","caption":"La Redazione"},"sameAs":["https:\/\/www.gossip.it"]}]}},"amp_enabled":true,"_links":{"self":[{"href":"https:\/\/www.gossip.it\/api\/wp\/v2\/posts\/71247","targetHints":{"allow":["GET"]}}],"collection":[{"href":"https:\/\/www.gossip.it\/api\/wp\/v2\/posts"}],"about":[{"href":"https:\/\/www.gossip.it\/api\/wp\/v2\/types\/post"}],"author":[{"embeddable":true,"href":"https:\/\/www.gossip.it\/api\/wp\/v2\/users\/1"}],"replies":[{"embeddable":true,"href":"https:\/\/www.gossip.it\/api\/wp\/v2\/comments?post=71247"}],"version-history":[{"count":0,"href":"https:\/\/www.gossip.it\/api\/wp\/v2\/posts\/71247\/revisions"}],"wp:featuredmedia":[{"embeddable":true,"href":"https:\/\/www.gossip.it\/api\/wp\/v2\/media\/127293"}],"wp:attachment":[{"href":"https:\/\/www.gossip.it\/api\/wp\/v2\/media?parent=71247"}],"wp:term":[{"taxonomy":"category","embeddable":true,"href":"https:\/\/www.gossip.it\/api\/wp\/v2\/categories?post=71247"},{"taxonomy":"post_tag","embeddable":true,"href":"https:\/\/www.gossip.it\/api\/wp\/v2\/tags?post=71247"},{"taxonomy":"vip","embeddable":true,"href":"https:\/\/www.gossip.it\/api\/wp\/v2\/vip?post=71247"}],"curies":[{"name":"wp","href":"https:\/\/api.w.org\/{rel}","templated":true}]}}