{"id":71439,"date":"2022-02-18T00:00:00","date_gmt":"2022-02-17T23:00:00","guid":{"rendered":"https:\/\/www.gossip.it\/senza-categoria\/belen-verita-seconda-reunion-stefano\/"},"modified":"2022-02-18T00:00:00","modified_gmt":"2022-02-17T23:00:00","slug":"belen-verita-seconda-reunion-stefano","status":"publish","type":"post","link":"https:\/\/www.gossip.it\/news\/belen-verita-seconda-reunion-stefano\/","title":{"rendered":"Belen, la verit\u00e0 sulla seconda reunion con Stefano: 'Usciamo a cena, ha le chiavi di casa mia, ma non gli piace che se ne parli'"},"content":{"rendered":"<p><a href=\"\/vip\/belen\/\">Belen<\/a> si sbottona un po\u2019 di pi\u00f9 sul privato. Finalmente dice la <strong>verit\u00e0<\/strong> sulla <strong>seconda reunion<\/strong> con <a href=\"\/vip\/stefano-de martino\/\">Stefano De Martino<\/a>, il suo ex marito da cui ha avuto il primogenito <a href=\"\/vip\/santiago\/\">Santiago<\/a>, 8 anni. A <em>Gente<\/em> la showgirl argentina 37enne confessa: <em>\u201cUsciamo a cena, lui ha le chiavi di casa mia, ma\u2026\u201d.<\/em><\/p>\n<figure class=\"caption\"><img decoding=\"async\" alt=\"Belen, la verit\u00e0 sulla seconda reunion con Stefano: 'Usciamo a cena, ha le chiavi di casa mia, ma non gli piace che se ne parli'\" width=\"640\" height=\"1075\" src=\"https:\/\/files.gossip.it\/immagini_news\/2022\/02\/1645182954_belen_stefano_1.jpg\" \/><figcaption>Belen, la verit\u00e0 sulla seconda reunion con Stefano: 'Usciamo a cena, ha le chiavi di casa mia, ma non gli piace che se ne parli'<\/figcaption><\/figure>\n<p><strong>Stefano De Martino<\/strong> \u00e8 nuovamente molto, molto vicino alla <a href=\"\/vip\/rodriguez\/\">Rodriguez<\/a>, la nuova conduttrice de <em>Le Iene<\/em> non lo nasconde, al contrario del conduttore 32enne che nei giorni scorsi aveva minimizzato spiegando che con l\u2019ex moglie i rapporti erano ottimi ma soprattutto per il bene del figlio.<\/p>\n<p><strong>Belen<\/strong> quando le si chiede di come realmente stiano le cose con l\u2019ex ballerino di <em>Amici<\/em>, rivela: <em>\u201cUsciamo a cena, lui ha le chiavi di casa mia. E' qualcosa in evoluzione, ma a Stefano non piace che se ne parli\u201d<\/em>. Il napoletano stavolta vuole andarci molto cauto: tutto deve avvenire, almeno al momento<em> \u2018dietro le quinte\u2019<\/em>, anche se ormai per i due \u00e8 diventato quasi impossibile nascondersi, perennemente pizzicati dai paparazzi.<\/p>\n<figure class=\"caption\"><img decoding=\"async\" alt=\"\" width=\"640\" height=\"987\" src=\"https:\/\/files.gossip.it\/immagini_news\/2022\/02\/1645182975_belen_stefano_2.jpg\" \/><figcaption>La showgirl 37enne si sbottona sul rapporto col conduttore 32enne<\/figcaption><\/figure>\n<p>Gli affari d cuore sono importanti, <strong>Belen<\/strong> per\u00f2 oggi sta bene soprattutto con se stessa, senza un uomo: <em>\u201cCi sono arrivata sbattendoci pi\u00f9 volte la testa. Ho sempre creduto che la vera felicit\u00e0 fosse nello stare in coppia. E quando \u00e8 successo, l\u2019ultima volta, ci ho creduto ancora\u201d<\/em>. Parla della relazione finita con <a href=\"\/vip\/spinalbese\/\">Spinalbese<\/a>, il 26enne padre di <a href=\"\/vip\/luna-mar\u00ec\/\">Luna Mar\u00ec<\/a>, nata lo scorso 12 luglio.<\/p>\n<p><em>\u201cCon Antonino, ci conoscevamo poco ma io ero molto presa altrimenti non avrei mai fatto un figlio con lui<\/em> - chiarisce la showgirl - <em>Il fatto \u00e8 che le favole che ci hanno raccontato da bambine ci hanno rovinate: l\u2019attesa del principe azzurro diventa l\u2019unico motivo di vita. Senza di lui, non significhiamo nulla, e poi quando lui se ne va, che cosa ci rimane? Io sono fortunata e fiera di poter contare su di me, sulla mia indipendenza economica. Non cerco pi\u00f9 un uomo che mi completi, la mia completezza sono io. A Luna Mar\u00ec racconter\u00f2 la favola di Cenerentola rivisitata, magari con lei che si apre un\u2019impresa sua di pulizie. E le dir\u00f2 che non esiste il principe azzurro, n\u00e9 la principessa delle favole. Nessuno \u00e8 perfetto\u201d.<\/em><\/p>\n<figure class=\"caption\"><img decoding=\"async\" alt=\"\" width=\"640\" height=\"768\" src=\"https:\/\/files.gossip.it\/immagini_news\/2022\/02\/1645183036_1645003607_belen_3.jpeg\" \/><figcaption>La Rodriguez parla anche dell'addio con Antonino Spinalbese, padre di Luna Mar\u00ec<\/figcaption><\/figure>\n<p><a href=\"\/vip\/belen-rodriguez\/\">Belen Rodriguez<\/a>, nonostante il lavoro in tv, riesce perfettamente a gestire la sua routine quotidiana con i bambini: <em>\u201cI miei genitori mi aiutano molto. E poi ho preso Marlene, una tata di origine africana, mamma di quattro figli. Se registro fino a tardi, lei resta anche a dormire. Cos\u00ec non devo correre e posso concedermi anche io di svegliarmi un po\u2019 pi\u00f9 tardi la mattina dopo. Poi, i pap\u00e0 dei bambini sono molto presenti\u201d.<\/em><\/p>\n<p>\u00a0<\/p>\n<p>\u00a0<\/p>\n<p>\u00a0<\/p>\n","protected":false},"excerpt":{"rendered":"<p>Belen si sbottona un po\u2019 di pi\u00f9 sul privato. Finalmente dice la verit\u00e0 sulla seconda reunion con Stefano De Martino, il suo ex marito da cui ha avuto il primogenito Santiago, 8 anni. A Gente la showgirl argentina 37enne confessa: \u201cUsciamo a cena, lui ha le chiavi di casa mia, ma\u2026\u201d. Belen, la verit\u00e0 sulla [&hellip;]<\/p>\n","protected":false},"author":1,"featured_media":127485,"comment_status":"closed","ping_status":"closed","sticky":false,"template":"","format":"standard","meta":{"footnotes":""},"categories":[54],"tags":[13374,2299,2176,1992,2102,2000,3333,1928,2301,1949,11039,1967,7311,2097],"vip":[396,1731],"class_list":["post-71439","post","type-post","status-publish","format-standard","has-post-thumbnail","hentry","category-news","tag-antonino-spinalbese","tag-belen","tag-conduttore","tag-conduttrice","tag-dichiarazioni","tag-figli","tag-gente","tag-le-iene","tag-reunion","tag-ritorno-di-fiamma","tag-seconda","tag-showgirl","tag-stefano","tag-tv","vip-belen_rodriguez","vip-stefano_de_martino"],"yoast_head":"<title>Belen, la verit\u00e0 sulla seconda reunion con Stefano: &#039;Usciamo a cena, ha le chiavi di casa mia, ma non gli piace che se ne parli&#039; - Gossip.it | News sul Gossip e VIP<\/title>\n<meta name=\"description\" content=\"Belen si sbottona un po\u2019 di pi\u00f9 sul privato. Finalmente dice la verit\u00e0 sulla seconda reunion con Stefano De Martino, il suo ex marito da cui ha avuto il\" \/>\n<meta name=\"robots\" content=\"index, follow, max-snippet:-1, max-image-preview:large, max-video-preview:-1\" \/>\n<link rel=\"canonical\" href=\"https:\/\/www.gossip.it\/news\/belen-verita-seconda-reunion-stefano\/\" \/>\n<meta property=\"og:locale\" content=\"it_IT\" \/>\n<meta property=\"og:type\" content=\"article\" \/>\n<meta property=\"og:title\" content=\"Belen, la verit\u00e0 sulla seconda reunion con Stefano: &#039;Usciamo a cena, ha le chiavi di casa mia, ma non gli piace che se ne parli&#039; - Gossip.it | News sul Gossip e VIP\" \/>\n<meta property=\"og:description\" content=\"Belen si sbottona un po\u2019 di pi\u00f9 sul privato. Finalmente dice la verit\u00e0 sulla seconda reunion con Stefano De Martino, il suo ex marito da cui ha avuto il\" \/>\n<meta property=\"og:url\" content=\"https:\/\/www.gossip.it\/news\/belen-verita-seconda-reunion-stefano\/\" \/>\n<meta property=\"og:site_name\" content=\"Gossip.it | News sul Gossip e VIP\" \/>\n<meta property=\"article:publisher\" content=\"https:\/\/www.facebook.com\/GossipIT\" \/>\n<meta property=\"article:published_time\" content=\"2022-02-17T23:00:00+00:00\" \/>\n<meta property=\"og:image\" content=\"https:\/\/files.gossip.it\/immagini_news\/2022\/02\/1645182954_belen_stefano_1.jpg\" \/>\n<meta name=\"author\" content=\"La Redazione\" \/>\n<meta name=\"twitter:card\" content=\"summary_large_image\" \/>\n<meta name=\"twitter:image\" content=\"https:\/\/files.gossip.it\/immagini_news\/2022\/02\/1645182954_belen_stefano_1.jpg\" \/>\n<meta name=\"twitter:creator\" content=\"@gossinews_it\" \/>\n<meta name=\"twitter:site\" content=\"@gossinews_it\" \/>\n<meta name=\"twitter:label1\" content=\"Scritto da\" \/>\n\t<meta name=\"twitter:data1\" content=\"Annamaria Capozzi\" \/>\n\t<meta name=\"twitter:label2\" content=\"Tempo di lettura stimato\" \/>\n\t<meta name=\"twitter:data2\" content=\"2 minuti\" \/>","yoast_head_json":{"title":"Belen, la verit\u00e0 sulla seconda reunion con Stefano: 'Usciamo a cena, ha le chiavi di casa mia, ma non gli piace che se ne parli' - Gossip.it | News sul Gossip e VIP","description":"Belen si sbottona un po\u2019 di pi\u00f9 sul privato. Finalmente dice la verit\u00e0 sulla seconda reunion con Stefano De Martino, il suo ex marito da cui ha avuto il","robots":{"index":"index","follow":"follow","max-snippet":"max-snippet:-1","max-image-preview":"max-image-preview:large","max-video-preview":"max-video-preview:-1"},"canonical":"https:\/\/www.gossip.it\/news\/belen-verita-seconda-reunion-stefano\/","og_locale":"it_IT","og_type":"article","og_title":"Belen, la verit\u00e0 sulla seconda reunion con Stefano: 'Usciamo a cena, ha le chiavi di casa mia, ma non gli piace che se ne parli' - Gossip.it | News sul Gossip e VIP","og_description":"Belen si sbottona un po\u2019 di pi\u00f9 sul privato. Finalmente dice la verit\u00e0 sulla seconda reunion con Stefano De Martino, il suo ex marito da cui ha avuto il","og_url":"https:\/\/www.gossip.it\/news\/belen-verita-seconda-reunion-stefano\/","og_site_name":"Gossip.it | News sul Gossip e VIP","article_publisher":"https:\/\/www.facebook.com\/GossipIT","article_published_time":"2022-02-17T23:00:00+00:00","og_image":[{"url":"https:\/\/files.gossip.it\/immagini_news\/2022\/02\/1645182954_belen_stefano_1.jpg"}],"author":"La Redazione","twitter_card":"summary_large_image","twitter_image":"https:\/\/files.gossip.it\/immagini_news\/2022\/02\/1645182954_belen_stefano_1.jpg","twitter_creator":"@gossinews_it","twitter_site":"@gossinews_it","twitter_misc":{"Scritto da":"Annamaria Capozzi","Tempo di lettura stimato":"2 minuti"},"schema":{"@context":"https:\/\/schema.org","@graph":[{"@type":"Article","@id":"https:\/\/www.gossip.it\/news\/belen-verita-seconda-reunion-stefano\/#article","isPartOf":{"@id":"https:\/\/www.gossip.it\/news\/belen-verita-seconda-reunion-stefano\/"},"author":{"name":"La Redazione","@id":"https:\/\/www.gossip.it\/#\/schema\/person\/488896f75158bff1cc83c6c39d141110"},"headline":"Belen, la verit\u00e0 sulla seconda reunion con Stefano: 'Usciamo a cena, ha le chiavi di casa mia, ma non gli piace che se ne parli'","datePublished":"2022-02-17T23:00:00+00:00","dateModified":"2022-02-17T23:00:00+00:00","mainEntityOfPage":{"@id":"https:\/\/www.gossip.it\/news\/belen-verita-seconda-reunion-stefano\/"},"wordCount":508,"publisher":{"@id":"https:\/\/www.gossip.it\/#organization"},"image":{"@id":"https:\/\/www.gossip.it\/news\/belen-verita-seconda-reunion-stefano\/#primaryimage"},"thumbnailUrl":"https:\/\/files.gossip.it\/immagini_news\/2022\/02\/1645182954_belen_stefano_1.jpg","keywords":["antonino spinalbese","belen","conduttore","conduttrice","dichiarazioni","figli","gente","le iene","reunion","ritorno di fiamma","seconda","showgirl","stefano","tv"],"articleSection":["News"],"inLanguage":"it-IT"},{"@type":"WebPage","@id":"https:\/\/www.gossip.it\/news\/belen-verita-seconda-reunion-stefano\/","url":"https:\/\/www.gossip.it\/news\/belen-verita-seconda-reunion-stefano\/","name":"Belen, la verit\u00e0 sulla seconda reunion con Stefano: 'Usciamo a cena, ha le chiavi di casa mia, ma non gli piace che se ne parli' - Gossip.it | News sul Gossip e VIP","isPartOf":{"@id":"https:\/\/www.gossip.it\/#website"},"primaryImageOfPage":{"@id":"https:\/\/www.gossip.it\/news\/belen-verita-seconda-reunion-stefano\/#primaryimage"},"image":{"@id":"https:\/\/www.gossip.it\/news\/belen-verita-seconda-reunion-stefano\/#primaryimage"},"thumbnailUrl":"https:\/\/files.gossip.it\/immagini_news\/2022\/02\/1645182954_belen_stefano_1.jpg","datePublished":"2022-02-17T23:00:00+00:00","dateModified":"2022-02-17T23:00:00+00:00","description":"Belen si sbottona un po\u2019 di pi\u00f9 sul privato. Finalmente dice la verit\u00e0 sulla seconda reunion con Stefano De Martino, il suo ex marito da cui ha avuto il","breadcrumb":{"@id":"https:\/\/www.gossip.it\/news\/belen-verita-seconda-reunion-stefano\/#breadcrumb"},"inLanguage":"it-IT","potentialAction":[{"@type":"ReadAction","target":["https:\/\/www.gossip.it\/news\/belen-verita-seconda-reunion-stefano\/"]}]},{"@type":"ImageObject","inLanguage":"it-IT","@id":"https:\/\/www.gossip.it\/news\/belen-verita-seconda-reunion-stefano\/#primaryimage","url":"https:\/\/files.gossip.it\/immagini_news\/2022\/02\/1645182954_belen_stefano_1.jpg","contentUrl":"https:\/\/files.gossip.it\/immagini_news\/2022\/02\/1645182954_belen_stefano_1.jpg"},{"@type":"BreadcrumbList","@id":"https:\/\/www.gossip.it\/news\/belen-verita-seconda-reunion-stefano\/#breadcrumb","itemListElement":[{"@type":"ListItem","position":1,"name":"Home","item":"https:\/\/www.gossip.it\/"},{"@type":"ListItem","position":2,"name":"Belen, la verit\u00e0 sulla seconda reunion con Stefano: 'Usciamo a cena, ha le chiavi di casa mia, ma non gli piace che se ne parli'"}]},{"@type":"WebSite","@id":"https:\/\/www.gossip.it\/#website","url":"https:\/\/www.gossip.it\/","name":"Gossip and VIP News","description":"Quotidiano di cronaca rosa, costume e societ\u00e0","publisher":{"@id":"https:\/\/www.gossip.it\/#organization"},"alternateName":"Gossip and VIP News","potentialAction":[{"@type":"SearchAction","target":{"@type":"EntryPoint","urlTemplate":"https:\/\/www.gossip.it\/?s={search_term_string}"},"query-input":{"@type":"PropertyValueSpecification","valueRequired":true,"valueName":"search_term_string"}}],"inLanguage":"it-IT"},{"@type":"Organization","@id":"https:\/\/www.gossip.it\/#organization","name":"Gossip and VIP News","alternateName":"Gossip News","url":"https:\/\/www.gossip.it\/","logo":{"@type":"ImageObject","inLanguage":"it-IT","@id":"https:\/\/www.gossip.it\/#\/schema\/logo\/image\/","url":"https:\/\/www.gossip.it\/wp-content\/uploads\/2022\/04\/cropped-corna-alta-tiny.png","contentUrl":"https:\/\/www.gossip.it\/wp-content\/uploads\/2022\/04\/cropped-corna-alta-tiny.png","width":512,"height":512,"caption":"Gossip and VIP News"},"image":{"@id":"https:\/\/www.gossip.it\/#\/schema\/logo\/image\/"},"sameAs":["https:\/\/www.facebook.com\/GossipIT","https:\/\/x.com\/gossinews_it","https:\/\/instagram.com\/gossip_it"]},{"@type":"Person","@id":"https:\/\/www.gossip.it\/#\/schema\/person\/488896f75158bff1cc83c6c39d141110","name":"La Redazione","image":{"@type":"ImageObject","inLanguage":"it-IT","@id":"https:\/\/www.gossip.it\/#\/schema\/person\/image\/","url":"https:\/\/secure.gravatar.com\/avatar\/5a5f5c6fa3e6700e4249abdad0263a1e94e927d9e0499b1cb09c1cd29c044d80?s=96&d=mm&r=g","contentUrl":"https:\/\/secure.gravatar.com\/avatar\/5a5f5c6fa3e6700e4249abdad0263a1e94e927d9e0499b1cb09c1cd29c044d80?s=96&d=mm&r=g","caption":"La Redazione"},"sameAs":["https:\/\/www.gossip.it"]}]}},"amp_enabled":true,"_links":{"self":[{"href":"https:\/\/www.gossip.it\/api\/wp\/v2\/posts\/71439","targetHints":{"allow":["GET"]}}],"collection":[{"href":"https:\/\/www.gossip.it\/api\/wp\/v2\/posts"}],"about":[{"href":"https:\/\/www.gossip.it\/api\/wp\/v2\/types\/post"}],"author":[{"embeddable":true,"href":"https:\/\/www.gossip.it\/api\/wp\/v2\/users\/1"}],"replies":[{"embeddable":true,"href":"https:\/\/www.gossip.it\/api\/wp\/v2\/comments?post=71439"}],"version-history":[{"count":0,"href":"https:\/\/www.gossip.it\/api\/wp\/v2\/posts\/71439\/revisions"}],"wp:featuredmedia":[{"embeddable":true,"href":"https:\/\/www.gossip.it\/api\/wp\/v2\/media\/127485"}],"wp:attachment":[{"href":"https:\/\/www.gossip.it\/api\/wp\/v2\/media?parent=71439"}],"wp:term":[{"taxonomy":"category","embeddable":true,"href":"https:\/\/www.gossip.it\/api\/wp\/v2\/categories?post=71439"},{"taxonomy":"post_tag","embeddable":true,"href":"https:\/\/www.gossip.it\/api\/wp\/v2\/tags?post=71439"},{"taxonomy":"vip","embeddable":true,"href":"https:\/\/www.gossip.it\/api\/wp\/v2\/vip?post=71439"}],"curies":[{"name":"wp","href":"https:\/\/api.w.org\/{rel}","templated":true}]}}