{"id":71513,"date":"2022-03-03T00:00:00","date_gmt":"2022-03-02T23:00:00","guid":{"rendered":"https:\/\/www.gossip.it\/senza-categoria\/federico-fashion-style-giurato-la-pupa-e-il-secchione-show\/"},"modified":"2022-03-03T00:00:00","modified_gmt":"2022-03-02T23:00:00","slug":"federico-fashion-style-giurato-la-pupa-e-il-secchione-show","status":"publish","type":"post","link":"https:\/\/www.gossip.it\/news\/federico-fashion-style-giurato-la-pupa-e-il-secchione-show\/","title":{"rendered":"Federico Fashion Style sempre pi\u00f9 star tv: scelto da Barbara d'Urso come giurato de 'La Pupa e il Secchione Show'"},"content":{"rendered":"<p><a href=\"\/vip\/federico-fashion style\/\">Federico Fashion Style<\/a> conquista la prima serata grazie a <a href=\"\/vip\/barbara-d\u2019urso\/\">Barbara D\u2019Urso<\/a>. La conduttrice lo ha scelto come <strong>giurato<\/strong> del<em> \u2018suo\u2019 <strong>La Pupa e il Secchione Show<\/strong><\/em>. Il programma, trasformato rispetto al passato, sar\u00e0 un mix tra reality, storie e puro divertimento e prender\u00e0 il via il prossimo marted\u00ec 15 marzo su Italia 1. <a href=\"\/vip\/carmelita\/\">Carmelita<\/a> \u00e8 pronta e nel nuovo promo, mandato in onda per la prima volta a <em>Pomeriggio <\/em>5, svela alcuni nomi del cast. Il parrucchiere delle vip 32enne \u00e8 ormai annunciato come una vera e propria star della tv.<\/p>\n<figure class=\"caption\"><img decoding=\"async\" alt=\"Federico Fashion Style sempre pi\u00f9 star tv: scelto da Barbara d'Urso come giurato de 'La Pupa e il Secchione Show'\" width=\"640\" height=\"290\" src=\"https:\/\/files.gossip.it\/immagini_news\/2022\/03\/1646299134_pupa_e_secchione_1.jpg\" \/><figcaption>Federico Fashion Style sempre pi\u00f9 star tv: scelto da Barbara d'Urso come giurato de 'La Pupa e il Secchione Show'<\/figcaption><\/figure>\n<p>L\u2019hair stylist, reduce da <em>Ballando con le stelle<\/em> da concorrente, tornato in tv con la nuova edizione de <em>Il Salone delle Meraviglie<\/em>, su Real Time, diventa un volto Mediaset grazie a Barbara: al pubblico piace, cos\u00ec la 64enne lo assolda per il programma che riporta anche lei in<em> prime time<\/em>, anche se su una rete<em> \u2018minore\u2019 <\/em>rispetto a Canale 5.<\/p>\n<figure class=\"caption\"><img decoding=\"async\" alt=\"\" width=\"640\" height=\"300\" src=\"https:\/\/files.gossip.it\/immagini_news\/2022\/03\/1646299156_pupa_e_secchione_2.jpg\" \/><figcaption>La conduttrice 64enne svela alcuni nomi del cast del programma nel nuovo promo<\/figcaption><\/figure>\n<figure class=\"caption\"><img decoding=\"async\" alt=\"\" width=\"640\" height=\"297\" src=\"https:\/\/files.gossip.it\/immagini_news\/2022\/03\/1646299191_pupa_e_secchione_3.jpg\" \/><figcaption>In giuria anche Antonella Elia<\/figcaption><\/figure>\n<p>La D\u2019Urso fa le cose in grande per <strong><em>La Pupa e il Secchione Show<\/em><\/strong>. <em>\u201cCi saranno Pupe e Pupi\u00a0 e Secchione e Secchioni. Concorrenti conosciuti e non che vivranno in una villa da sogno\u201d<\/em>, annuncia Barbara nel promo in cui appare elegantissima con un abito da sera nero con la gonna vaporosa, stile principessa.<\/p>\n<figure class=\"caption\"><img decoding=\"async\" alt=\"\" width=\"640\" height=\"300\" src=\"https:\/\/files.gossip.it\/immagini_news\/2022\/03\/1646299222_pupa_e_secchione_4.jpg\" \/><figcaption>Tra le Pupe ci sar\u00e0 Paola Caruso<\/figcaption><\/figure>\n<figure class=\"caption\"><img decoding=\"async\" alt=\"\" width=\"640\" height=\"297\" src=\"https:\/\/files.gossip.it\/immagini_news\/2022\/03\/1646299251_pupa_e_secchione_5.jpg\" \/><figcaption>Pure Flavia Vento sar\u00e0 una delle Pupe<\/figcaption><\/figure>\n<p>Le immagini svelano alcuni dei famosi scelti: la showgirl <a href=\"\/vip\/flavia-vento\/\">Flavia Vento<\/a>, Nicol\u00f2 Scalfi, ex campione di <em>Caduta Libera<\/em>, <a href=\"\/vip\/francesco-chiofalo\/\">Francesco Chiofalo<\/a>, ex concorrente e poi tentatore di <em>Temptation Island<\/em>, <em>Aristide Malnati<\/em>, egittologo ed ex concorrente dell\u2019<em>Isola dei Famosi<\/em>, e <a href=\"\/vip\/paola-caruso\/\">Paola Caruso<\/a>, ex <em>Bonas<\/em> di <em>Avanti un altro<\/em> ed ex naufraga, anche lei, dell\u2019<em>Isola<\/em>.<\/p>\n<figure class=\"caption\"><img decoding=\"async\" alt=\"\" width=\"640\" height=\"303\" src=\"https:\/\/files.gossip.it\/immagini_news\/2022\/03\/1646299291_pupa_e_secchione_6.jpg\" \/><figcaption>Uno dei Pupi sar\u00e0 Francesco Chiofalo<\/figcaption><\/figure>\n<p><em>\u201cE poi ci sar\u00e0 una giuria agguerritissima\u201d<\/em>, prosegue la presentatrice e mostra i volti di <a href=\"\/vip\/antonella-elia\/\">Antonella Elia<\/a> e Federico Fashion Style. <em>\u201cSar\u00e0 un mix tra reality, storie e puro divertimento\u201d<\/em>, continua la D\u2019Urso, che promette anche molte altre sorprese sul cast, una riguardante il terzo giurato.<\/p>\n<figure class=\"caption\"><img decoding=\"async\" alt=\"\" width=\"640\" height=\"297\" src=\"https:\/\/files.gossip.it\/immagini_news\/2022\/03\/1646299329_pupa_e_secchione_7.jpg\" \/><figcaption>Tra i Secchioni l'egittologo Aristide Malnati<\/figcaption><\/figure>\n<figure class=\"caption\"><img decoding=\"async\" alt=\"\" width=\"640\" height=\"298\" src=\"https:\/\/files.gossip.it\/immagini_news\/2022\/03\/1646299365_pupa_e_secchione_8.jpg\" \/><figcaption>Sar\u00e0 un Secchione anche l'ex campione di 'Caduta libera' Nicol\u00f2 Scalfi<\/figcaption><\/figure>\n<p><em>\u201cSar\u00e0 una sorpresa anche per noi che dobbiamo ancora capire delle cose\u2026\u201d<\/em>, sottolinea misteriosa Barbara.<\/p>\n<p>\u00a0<\/p>\n<p>\u00a0<\/p>\n","protected":false},"excerpt":{"rendered":"<p>Federico Fashion Style conquista la prima serata grazie a Barbara D\u2019Urso. La conduttrice lo ha scelto come giurato del \u2018suo\u2019 La Pupa e il Secchione Show. Il programma, trasformato rispetto al passato, sar\u00e0 un mix tra reality, storie e puro divertimento e prender\u00e0 il via il prossimo marted\u00ec 15 marzo su Italia 1. Carmelita \u00e8 [&hellip;]<\/p>\n","protected":false},"author":1,"featured_media":127559,"comment_status":"closed","ping_status":"closed","sticky":false,"template":"","format":"standard","meta":{"footnotes":""},"categories":[54],"tags":[10233,2228,63025,11714,2131,2130,63026,1934,2281,2097,214],"vip":[347,383,761,1453],"class_list":["post-71513","post","type-post","status-publish","format-standard","has-post-thumbnail","hentry","category-news","tag-aristide-malnati","tag-cast","tag-federico-fashion-style-gurato","tag-francesco-chiofalo","tag-italia-1","tag-la-pupa-e-il-secchione-show","tag-nicolo-scalfi","tag-reality","tag-televisione","tag-tv","tag-vip","vip-antonella_elia","vip-barbara_durso","vip-flavia_vento","vip-paola_caruso"],"yoast_head":"<title>Federico Fashion Style sempre pi\u00f9 star tv: scelto da Barbara d&#039;Urso come giurato de &#039;La Pupa e il Secchione Show&#039; - Gossip.it | News sul Gossip e VIP<\/title>\n<meta name=\"description\" content=\"Federico Fashion Style conquista la prima serata grazie a Barbara D\u2019Urso. La conduttrice lo ha scelto come giurato del \u2018suo\u2019 La Pupa e il Secchione Show.\" \/>\n<meta name=\"robots\" content=\"index, follow, max-snippet:-1, max-image-preview:large, max-video-preview:-1\" \/>\n<link rel=\"canonical\" href=\"https:\/\/www.gossip.it\/news\/federico-fashion-style-giurato-la-pupa-e-il-secchione-show\/\" \/>\n<meta property=\"og:locale\" content=\"it_IT\" \/>\n<meta property=\"og:type\" content=\"article\" \/>\n<meta property=\"og:title\" content=\"Federico Fashion Style sempre pi\u00f9 star tv: scelto da Barbara d&#039;Urso come giurato de &#039;La Pupa e il Secchione Show&#039; - Gossip.it | News sul Gossip e VIP\" \/>\n<meta property=\"og:description\" content=\"Federico Fashion Style conquista la prima serata grazie a Barbara D\u2019Urso. La conduttrice lo ha scelto come giurato del \u2018suo\u2019 La Pupa e il Secchione Show.\" \/>\n<meta property=\"og:url\" content=\"https:\/\/www.gossip.it\/news\/federico-fashion-style-giurato-la-pupa-e-il-secchione-show\/\" \/>\n<meta property=\"og:site_name\" content=\"Gossip.it | News sul Gossip e VIP\" \/>\n<meta property=\"article:publisher\" content=\"https:\/\/www.facebook.com\/GossipIT\" \/>\n<meta property=\"article:published_time\" content=\"2022-03-02T23:00:00+00:00\" \/>\n<meta property=\"og:image\" content=\"https:\/\/files.gossip.it\/immagini_news\/2022\/03\/1646299134_pupa_e_secchione_1.jpg\" \/>\n<meta name=\"author\" content=\"La Redazione\" \/>\n<meta name=\"twitter:card\" content=\"summary_large_image\" \/>\n<meta name=\"twitter:image\" content=\"https:\/\/files.gossip.it\/immagini_news\/2022\/03\/1646299134_pupa_e_secchione_1.jpg\" \/>\n<meta name=\"twitter:creator\" content=\"@gossinews_it\" \/>\n<meta name=\"twitter:site\" content=\"@gossinews_it\" \/>\n<meta name=\"twitter:label1\" content=\"Scritto da\" \/>\n\t<meta name=\"twitter:data1\" content=\"Annamaria Capozzi\" \/>\n\t<meta name=\"twitter:label2\" content=\"Tempo di lettura stimato\" \/>\n\t<meta name=\"twitter:data2\" content=\"2 minuti\" \/>","yoast_head_json":{"title":"Federico Fashion Style sempre pi\u00f9 star tv: scelto da Barbara d'Urso come giurato de 'La Pupa e il Secchione Show' - Gossip.it | News sul Gossip e VIP","description":"Federico Fashion Style conquista la prima serata grazie a Barbara D\u2019Urso. La conduttrice lo ha scelto come giurato del \u2018suo\u2019 La Pupa e il Secchione Show.","robots":{"index":"index","follow":"follow","max-snippet":"max-snippet:-1","max-image-preview":"max-image-preview:large","max-video-preview":"max-video-preview:-1"},"canonical":"https:\/\/www.gossip.it\/news\/federico-fashion-style-giurato-la-pupa-e-il-secchione-show\/","og_locale":"it_IT","og_type":"article","og_title":"Federico Fashion Style sempre pi\u00f9 star tv: scelto da Barbara d'Urso come giurato de 'La Pupa e il Secchione Show' - Gossip.it | News sul Gossip e VIP","og_description":"Federico Fashion Style conquista la prima serata grazie a Barbara D\u2019Urso. La conduttrice lo ha scelto come giurato del \u2018suo\u2019 La Pupa e il Secchione Show.","og_url":"https:\/\/www.gossip.it\/news\/federico-fashion-style-giurato-la-pupa-e-il-secchione-show\/","og_site_name":"Gossip.it | News sul Gossip e VIP","article_publisher":"https:\/\/www.facebook.com\/GossipIT","article_published_time":"2022-03-02T23:00:00+00:00","og_image":[{"url":"https:\/\/files.gossip.it\/immagini_news\/2022\/03\/1646299134_pupa_e_secchione_1.jpg"}],"author":"La Redazione","twitter_card":"summary_large_image","twitter_image":"https:\/\/files.gossip.it\/immagini_news\/2022\/03\/1646299134_pupa_e_secchione_1.jpg","twitter_creator":"@gossinews_it","twitter_site":"@gossinews_it","twitter_misc":{"Scritto da":"Annamaria Capozzi","Tempo di lettura stimato":"2 minuti"},"schema":{"@context":"https:\/\/schema.org","@graph":[{"@type":"Article","@id":"https:\/\/www.gossip.it\/news\/federico-fashion-style-giurato-la-pupa-e-il-secchione-show\/#article","isPartOf":{"@id":"https:\/\/www.gossip.it\/news\/federico-fashion-style-giurato-la-pupa-e-il-secchione-show\/"},"author":{"name":"La Redazione","@id":"https:\/\/www.gossip.it\/#\/schema\/person\/488896f75158bff1cc83c6c39d141110"},"headline":"Federico Fashion Style sempre pi\u00f9 star tv: scelto da Barbara d'Urso come giurato de 'La Pupa e il Secchione Show'","datePublished":"2022-03-02T23:00:00+00:00","dateModified":"2022-03-02T23:00:00+00:00","mainEntityOfPage":{"@id":"https:\/\/www.gossip.it\/news\/federico-fashion-style-giurato-la-pupa-e-il-secchione-show\/"},"wordCount":417,"publisher":{"@id":"https:\/\/www.gossip.it\/#organization"},"image":{"@id":"https:\/\/www.gossip.it\/news\/federico-fashion-style-giurato-la-pupa-e-il-secchione-show\/#primaryimage"},"thumbnailUrl":"https:\/\/files.gossip.it\/immagini_news\/2022\/03\/1646299134_pupa_e_secchione_1.jpg","keywords":["aristide malnati","cast","federico fashion style gurato","francesco chiofalo","italia 1","la pupa e il secchione show","nicol\u00f2 scalfi","reality","televisione","tv","Vip"],"articleSection":["News"],"inLanguage":"it-IT"},{"@type":"WebPage","@id":"https:\/\/www.gossip.it\/news\/federico-fashion-style-giurato-la-pupa-e-il-secchione-show\/","url":"https:\/\/www.gossip.it\/news\/federico-fashion-style-giurato-la-pupa-e-il-secchione-show\/","name":"Federico Fashion Style sempre pi\u00f9 star tv: scelto da Barbara d'Urso come giurato de 'La Pupa e il Secchione Show' - Gossip.it | News sul Gossip e VIP","isPartOf":{"@id":"https:\/\/www.gossip.it\/#website"},"primaryImageOfPage":{"@id":"https:\/\/www.gossip.it\/news\/federico-fashion-style-giurato-la-pupa-e-il-secchione-show\/#primaryimage"},"image":{"@id":"https:\/\/www.gossip.it\/news\/federico-fashion-style-giurato-la-pupa-e-il-secchione-show\/#primaryimage"},"thumbnailUrl":"https:\/\/files.gossip.it\/immagini_news\/2022\/03\/1646299134_pupa_e_secchione_1.jpg","datePublished":"2022-03-02T23:00:00+00:00","dateModified":"2022-03-02T23:00:00+00:00","description":"Federico Fashion Style conquista la prima serata grazie a Barbara D\u2019Urso. La conduttrice lo ha scelto come giurato del \u2018suo\u2019 La Pupa e il Secchione Show.","breadcrumb":{"@id":"https:\/\/www.gossip.it\/news\/federico-fashion-style-giurato-la-pupa-e-il-secchione-show\/#breadcrumb"},"inLanguage":"it-IT","potentialAction":[{"@type":"ReadAction","target":["https:\/\/www.gossip.it\/news\/federico-fashion-style-giurato-la-pupa-e-il-secchione-show\/"]}]},{"@type":"ImageObject","inLanguage":"it-IT","@id":"https:\/\/www.gossip.it\/news\/federico-fashion-style-giurato-la-pupa-e-il-secchione-show\/#primaryimage","url":"https:\/\/files.gossip.it\/immagini_news\/2022\/03\/1646299134_pupa_e_secchione_1.jpg","contentUrl":"https:\/\/files.gossip.it\/immagini_news\/2022\/03\/1646299134_pupa_e_secchione_1.jpg"},{"@type":"BreadcrumbList","@id":"https:\/\/www.gossip.it\/news\/federico-fashion-style-giurato-la-pupa-e-il-secchione-show\/#breadcrumb","itemListElement":[{"@type":"ListItem","position":1,"name":"Home","item":"https:\/\/www.gossip.it\/"},{"@type":"ListItem","position":2,"name":"Federico Fashion Style sempre pi\u00f9 star tv: scelto da Barbara d'Urso come giurato de 'La Pupa e il Secchione Show'"}]},{"@type":"WebSite","@id":"https:\/\/www.gossip.it\/#website","url":"https:\/\/www.gossip.it\/","name":"Gossip and VIP News","description":"Quotidiano di cronaca rosa, costume e societ\u00e0","publisher":{"@id":"https:\/\/www.gossip.it\/#organization"},"alternateName":"Gossip and VIP News","potentialAction":[{"@type":"SearchAction","target":{"@type":"EntryPoint","urlTemplate":"https:\/\/www.gossip.it\/?s={search_term_string}"},"query-input":{"@type":"PropertyValueSpecification","valueRequired":true,"valueName":"search_term_string"}}],"inLanguage":"it-IT"},{"@type":"Organization","@id":"https:\/\/www.gossip.it\/#organization","name":"Gossip and VIP News","alternateName":"Gossip News","url":"https:\/\/www.gossip.it\/","logo":{"@type":"ImageObject","inLanguage":"it-IT","@id":"https:\/\/www.gossip.it\/#\/schema\/logo\/image\/","url":"https:\/\/www.gossip.it\/wp-content\/uploads\/2022\/04\/cropped-corna-alta-tiny.png","contentUrl":"https:\/\/www.gossip.it\/wp-content\/uploads\/2022\/04\/cropped-corna-alta-tiny.png","width":512,"height":512,"caption":"Gossip and VIP News"},"image":{"@id":"https:\/\/www.gossip.it\/#\/schema\/logo\/image\/"},"sameAs":["https:\/\/www.facebook.com\/GossipIT","https:\/\/x.com\/gossinews_it","https:\/\/instagram.com\/gossip_it"]},{"@type":"Person","@id":"https:\/\/www.gossip.it\/#\/schema\/person\/488896f75158bff1cc83c6c39d141110","name":"La Redazione","image":{"@type":"ImageObject","inLanguage":"it-IT","@id":"https:\/\/www.gossip.it\/#\/schema\/person\/image\/","url":"https:\/\/secure.gravatar.com\/avatar\/5a5f5c6fa3e6700e4249abdad0263a1e94e927d9e0499b1cb09c1cd29c044d80?s=96&d=mm&r=g","contentUrl":"https:\/\/secure.gravatar.com\/avatar\/5a5f5c6fa3e6700e4249abdad0263a1e94e927d9e0499b1cb09c1cd29c044d80?s=96&d=mm&r=g","caption":"La Redazione"},"sameAs":["https:\/\/www.gossip.it"]}]}},"amp_enabled":true,"_links":{"self":[{"href":"https:\/\/www.gossip.it\/api\/wp\/v2\/posts\/71513","targetHints":{"allow":["GET"]}}],"collection":[{"href":"https:\/\/www.gossip.it\/api\/wp\/v2\/posts"}],"about":[{"href":"https:\/\/www.gossip.it\/api\/wp\/v2\/types\/post"}],"author":[{"embeddable":true,"href":"https:\/\/www.gossip.it\/api\/wp\/v2\/users\/1"}],"replies":[{"embeddable":true,"href":"https:\/\/www.gossip.it\/api\/wp\/v2\/comments?post=71513"}],"version-history":[{"count":0,"href":"https:\/\/www.gossip.it\/api\/wp\/v2\/posts\/71513\/revisions"}],"wp:featuredmedia":[{"embeddable":true,"href":"https:\/\/www.gossip.it\/api\/wp\/v2\/media\/127559"}],"wp:attachment":[{"href":"https:\/\/www.gossip.it\/api\/wp\/v2\/media?parent=71513"}],"wp:term":[{"taxonomy":"category","embeddable":true,"href":"https:\/\/www.gossip.it\/api\/wp\/v2\/categories?post=71513"},{"taxonomy":"post_tag","embeddable":true,"href":"https:\/\/www.gossip.it\/api\/wp\/v2\/tags?post=71513"},{"taxonomy":"vip","embeddable":true,"href":"https:\/\/www.gossip.it\/api\/wp\/v2\/vip?post=71513"}],"curies":[{"name":"wp","href":"https:\/\/api.w.org\/{rel}","templated":true}]}}